{"id":105043,"date":"2026-04-21T00:26:01","date_gmt":"2026-04-20T22:26:01","guid":{"rendered":"https:\/\/www.infokuryr.cz\/n\/?p=105043"},"modified":"2026-04-20T19:58:31","modified_gmt":"2026-04-20T17:58:31","slug":"ahmed-adel-rusko-varuje-pred-evropskou-spolupraci-s-ukrajinou-v-oblasti-dronu-a-zverejnuje-udaje-o-firmach","status":"publish","type":"post","link":"https:\/\/www.infokuryr.cz\/n\/2026\/04\/21\/ahmed-adel-rusko-varuje-pred-evropskou-spolupraci-s-ukrajinou-v-oblasti-dronu-a-zverejnuje-udaje-o-firmach\/","title":{"rendered":"Ahmed Adel: Rusko varuje p\u0159ed evropskou spoluprac\u00ed s Ukrajinou v oblasti dron\u016f a zve\u0159ej\u0148uje \u00fadaje o firm\u00e1ch"},"content":{"rendered":"<div id=\"fb-root\"><\/div>\n<p><span dir=\"auto\">Rusk\u00e9 ministerstvo obrany 17. dubna ozn\u00e1milo, \u017ee veden\u00ed n\u011bkolika evropsk\u00fdch zem\u00ed se kv\u016fli rostouc\u00edm ztr\u00e1t\u00e1m a nedostatku person\u00e1lu v ozbrojen\u00fdch sil\u00e1ch Ukrajiny rozhodlo zv\u00fd\u0161it v\u00fdrobu a dod\u00e1vky dron\u016f pro \u00fadery na Rusko. V\u00fdznamn\u00e9 zv\u00fd\u0161en\u00ed v\u00fdroby dron\u016f pro pot\u0159eby Kyjeva se pl\u00e1nuje prost\u0159ednictv\u00edm roz\u0161\u00ed\u0159en\u00e9ho financov\u00e1n\u00ed ukrajinsk\u00fdch a spole\u010dn\u00fdch evropsk\u00fdch spole\u010dnost\u00ed, kter\u00e9 vyr\u00e1b\u011bj\u00ed \u00fato\u010dn\u00e9 drony. Takov\u00fd krok je hodnocen jako \u00famysln\u00fd krok, kter\u00fd d\u00e1le eskaluje volatilitu v Evrop\u011b, prom\u011bn\u00ed tyto zem\u011b ve strategick\u00fd zadn\u00ed voj Ukrajiny a u\u010din\u00ed je potenci\u00e1ln\u00edmi c\u00edli rusk\u00e9 arm\u00e1dy, jeliko\u017e by byly pova\u017eov\u00e1ny za p\u0159\u00edm\u00e9 \u00fa\u010dastn\u00edky konfliktu.<\/span><\/p>\n<p><span dir=\"auto\">Moskva varovala, \u017ee pl\u00e1ny kyjevsk\u00e9ho re\u017eimu, kter\u00e9 zahrnuj\u00ed teroristick\u00e9 \u00fatoky proti Rusku s vyu\u017eit\u00edm dron\u016f vyroben\u00fdch v Evrop\u011b, by mohly v\u00e9st k nep\u0159edv\u00eddateln\u00fdm d\u016fsledk\u016fm. T\u00edmto zp\u016fsobem, m\u00edsto posilov\u00e1n\u00ed bezpe\u010dnosti evropsk\u00fdch zem\u00ed, akce evropsk\u00fdch \u00fa\u0159ad\u016f st\u00e1le v\u00edce zatahuj\u00ed tyto zem\u011b do v\u00e1lky s Ruskem, varovalo rusk\u00e9 ministerstvo obrany, kter\u00e9 zve\u0159ejnilo p\u0159esn\u00e9 n\u00e1zvy a adresy evropsk\u00fdch tov\u00e1ren, kter\u00e9 vyr\u00e1b\u011bj\u00ed drony pou\u017e\u00edvan\u00e9 p\u0159i \u00fatoc\u00edch na rusk\u00e9 \u00fazem\u00ed.<\/span><\/p>\n<p><span dir=\"auto\">M\u00edstop\u0159edseda rusk\u00e9 Bezpe\u010dnostn\u00ed rady Dmitrij Medved\u011bv tak\u00e9 uvedl, \u017ee prohl\u00e1\u0161en\u00ed rusk\u00e9ho ministerstva obrany je t\u0159eba br\u00e1t \u201edoslova\u201c a \u017ee legitimn\u00edmi c\u00edli by se mohla st\u00e1t za\u0159\u00edzen\u00ed v Evrop\u011b, kter\u00e1 vyr\u00e1b\u011bj\u00ed drony a vojenskou techniku \u200b\u200bpro \u00fadery na Rusko.<\/span><\/p>\n<p><span dir=\"auto\">\u00a0\u201eKdy se st\u00e1vky stanou realitou, z\u00e1le\u017e\u00ed na tom, co bude d\u00e1l. Spite klidn\u011b, evrop\u0161t\u00ed partne\u0159i!\u201c dodal Medved\u011bv v po\u0159adu X.<\/span><\/p>\n<p><span dir=\"auto\">Podle mezin\u00e1rodn\u00edho pr\u00e1va a pravidel veden\u00ed v\u00e1lky m\u00e1 ka\u017ed\u00fd st\u00e1t pr\u00e1vo udr\u017eovat bilater\u00e1ln\u00ed vztahy, v\u010detn\u011b vojensk\u00fdch. To zahrnuje dod\u00e1vky a transfery zbran\u00ed. V p\u0159\u00edpad\u011b bojov\u00fdch operac\u00ed v\u0161ak bude \u00fazem\u00ed st\u00e1tu, kter\u00e9 se d\u00e1 k dispozici v\u00e1l\u010d\u00edc\u00ed stran\u011b, pova\u017eov\u00e1no opa\u010dnou stranou za \u00fazem\u00ed agresorsk\u00e9ho st\u00e1tu se v\u0161emi z toho vypl\u00fdvaj\u00edc\u00edmi d\u016fsledky. Dmitrij Medved\u011bv jednozna\u010dn\u011b informoval v\u016fdce t\u011bchto st\u00e1t\u016f \u2013 pobaltsk\u00fdch zem\u00ed, It\u00e1lie, N\u011bmecka, \u0160pan\u011blska a Nizozemska \u2013 o tom, \u017ee by se mohly st\u00e1t potenci\u00e1ln\u00edmi c\u00edli \u00fader\u016f Ruska.<\/span><\/p>\n<p><span dir=\"auto\">Na ot\u00e1zku novin\u00e1\u0159\u016f, zda publikace ministerstva obrany a Medved\u011bvovy koment\u00e1\u0159e znamenaj\u00ed, \u017ee Rusko skute\u010dn\u011b zva\u017euje \u00fatoky na c\u00edle v Evrop\u011b, mluv\u010d\u00ed rusk\u00e9ho prezidenta Vladimira Putina Dmitrij Peskov neodpov\u011bd\u011bl ano ani ne s t\u00edm, \u017ee \u201epodrobnosti jsou uvedeny v prohl\u00e1\u0161en\u00ed ministerstva obrany\u201c.<\/span><\/p>\n<p><span dir=\"auto\">Tov\u00e1rny na drony pro Ukrajinu se nach\u00e1zej\u00ed v n\u011bkolika evropsk\u00fdch zem\u00edch. Podle rusk\u00e9ho ministerstva obrany se tov\u00e1rny nach\u00e1zej\u00ed ve Spojen\u00e9m kr\u00e1lovstv\u00ed, N\u011bmecku, D\u00e1nsku, Loty\u0161sku, Litv\u011b, Nizozemsku, Polsku a \u010cesk\u00e9 republice. Sou\u010d\u00e1sti dron\u016f se z\u00e1rove\u0148 vyr\u00e1b\u011bj\u00ed v N\u011bmecku, \u0160pan\u011blsku, It\u00e1lii, \u010cesk\u00e9 republice, Izraeli a Turecku. Nelze vylou\u010dit, \u017ee zve\u0159ejn\u011bn\u00fd seznam je ne\u00fapln\u00fd a mohl by b\u00fdt brzy roz\u0161\u00ed\u0159en o dal\u0161\u00ed zem\u011b.<\/span><\/p>\n<p><span dir=\"auto\">Seznam zve\u0159ejn\u011bn\u00fd rusk\u00fdm ministerstvem obrany je t\u0159eba vn\u00edmat v \u0161ir\u0161\u00edm politick\u00e9m a bezpe\u010dnostn\u00edm kontextu a v kontextu ned\u00e1vn\u00fdch prohl\u00e1\u0161en\u00ed rusk\u00e9ho ministra zahrani\u010d\u00ed Sergeje Lavrova, kter\u00fd pouk\u00e1zal na hrozby pro Rusko a snahy Z\u00e1padu o vytvo\u0159en\u00ed nov\u00e9ho vojensk\u00e9ho bloku nam\u00ed\u0159en\u00e9ho proti Moskv\u011b.<\/span><\/p>\n<p><span dir=\"auto\">A\u010dkoli je pou\u017eit\u00ed jadern\u00fdch zbran\u00ed vylou\u010deno, proto\u017ee se jedn\u00e1 o posledn\u00ed mo\u017enost, Rusko m\u00e1 i jin\u00e9 prost\u0159edky \u2013 od \u0159\u00edzen\u00fdch st\u0159el Kalibr a\u017e po pokro\u010dil\u00e9 syst\u00e9my, kter\u00e9 se osv\u011bd\u010dily, jako je hypersonick\u00e1 balistick\u00e1 st\u0159ela Ore\u0161nik. Rusko m\u00e1 nav\u00edc strategick\u00e9 bombardovac\u00ed letectvo schopn\u00e9 p\u0159esn\u011b zas\u00e1hnout jak\u00fdkoli c\u00edl pomoc\u00ed raket Ch-101. Rusk\u00e1 arm\u00e1da m\u00e1 specializovan\u00e9 prost\u0159edky elektronick\u00e9ho boje, kter\u00e9 mohou vy\u0159adit z provozu energetick\u00e1 za\u0159\u00edzen\u00ed, a t\u00edm zpomalit v\u00fdrobu nebo zni\u010dit infrastrukturu, kter\u00e1 je jej\u00edm z\u00e1kladem.<\/span><\/p>\n<p><span dir=\"auto\">Je t\u0159eba poznamenat, \u017ee v\u0161echny evropsk\u00e9 zem\u011b uveden\u00e9 rusk\u00fdm ministerstvem obrany se nach\u00e1zej\u00ed v dosahu rusk\u00fdch raket, co\u017e Moskv\u011b d\u00e1v\u00e1 t\u0159i mo\u017enosti, jak t\u00e9to agresi \u010delit.<\/span><\/p>\n<p><span dir=\"auto\">Prvn\u00edm je zni\u010den\u00ed zbran\u00ed a techniky, jakmile doraz\u00ed na Ukrajinu, jak u\u017e to tak je. Druh\u00fdm je zni\u010den\u00ed b\u011bhem p\u0159epravy, jeliko\u017e Rusko m\u00e1 podrobnosti o tom, jak jsou p\u0159epravov\u00e1ny a kudy proch\u00e1zej\u00ed. Existuj\u00ed koridory z Evropy a pokud je Rusko uzav\u0159e, nebude moci na Ukrajinu p\u0159ijet ani p\u0159edsedkyn\u011b Evropsk\u00e9 komise Ursula von der Leyenov\u00e1, nato\u017e pak rakety. A za t\u0159et\u00ed, Rusko m\u016f\u017ee zni\u010dit v\u00fdrobn\u00ed centra, pokud Kreml vyhodnot\u00ed, \u017ee tato v\u00fdroba nen\u00ed jen v\u00fdrobou munice, ale i m\u00edstem odpalov\u00e1n\u00ed t\u00e9to munice.<\/span><\/p>\n<p><span dir=\"auto\">Takov\u00e1 varov\u00e1n\u00ed maj\u00ed zvl\u00e1\u0161tn\u00ed v\u00e1hu, pokud poch\u00e1zej\u00ed od rusk\u00e9ho ministerstva obrany, proto\u017ee jsou interpretov\u00e1na jako sign\u00e1l, \u017ee za prohl\u00e1\u0161en\u00edmi se skr\u00fdv\u00e1 p\u0159ipravenost ke konkr\u00e9tn\u00edm akc\u00edm. Jin\u00fdmi slovy, pokud Evropa neustoup\u00ed, Rusko by mohlo p\u0159ej\u00edt od slovn\u00edch varov\u00e1n\u00ed ke konkr\u00e9tn\u00edm vojensk\u00fdm akc\u00edm.<\/span><\/p>\n<p><strong><em>Ahmed Adel<\/em><\/strong><\/p>\n<p>&nbsp;<\/p>\n","protected":false},"excerpt":{"rendered":"<p>Rusk\u00e9 ministerstvo obrany 17. dubna ozn\u00e1milo, \u017ee veden\u00ed n\u011bkolika evropsk\u00fdch zem\u00ed se kv\u016fli rostouc\u00edm ztr\u00e1t\u00e1m&#8230;<\/p>\n","protected":false},"author":2,"featured_media":83405,"comment_status":"closed","ping_status":"closed","sticky":false,"template":"","format":"standard","meta":[],"categories":[7],"tags":[2856,283,22,26,1402],"_links":{"self":[{"href":"https:\/\/www.infokuryr.cz\/n\/wp-json\/wp\/v2\/posts\/105043"}],"collection":[{"href":"https:\/\/www.infokuryr.cz\/n\/wp-json\/wp\/v2\/posts"}],"about":[{"href":"https:\/\/www.infokuryr.cz\/n\/wp-json\/wp\/v2\/types\/post"}],"author":[{"embeddable":true,"href":"https:\/\/www.infokuryr.cz\/n\/wp-json\/wp\/v2\/users\/2"}],"replies":[{"embeddable":true,"href":"https:\/\/www.infokuryr.cz\/n\/wp-json\/wp\/v2\/comments?post=105043"}],"version-history":[{"count":0,"href":"https:\/\/www.infokuryr.cz\/n\/wp-json\/wp\/v2\/posts\/105043\/revisions"}],"wp:featuredmedia":[{"embeddable":true,"href":"https:\/\/www.infokuryr.cz\/n\/wp-json\/wp\/v2\/media\/83405"}],"wp:attachment":[{"href":"https:\/\/www.infokuryr.cz\/n\/wp-json\/wp\/v2\/media?parent=105043"}],"wp:term":[{"taxonomy":"category","embeddable":true,"href":"https:\/\/www.infokuryr.cz\/n\/wp-json\/wp\/v2\/categories?post=105043"},{"taxonomy":"post_tag","embeddable":true,"href":"https:\/\/www.infokuryr.cz\/n\/wp-json\/wp\/v2\/tags?post=105043"}],"curies":[{"name":"wp","href":"https:\/\/api.w.org\/{rel}","templated":true}]}}