{"id":105038,"date":"2026-04-21T00:19:09","date_gmt":"2026-04-20T22:19:09","guid":{"rendered":"https:\/\/www.infokuryr.cz\/n\/?p=105038"},"modified":"2026-04-20T12:40:51","modified_gmt":"2026-04-20T10:40:51","slug":"jiri-paroubek-nechutna-nedelni-slovni-pyrotechnika-a-neobjektivita-ct","status":"publish","type":"post","link":"https:\/\/www.infokuryr.cz\/n\/2026\/04\/21\/jiri-paroubek-nechutna-nedelni-slovni-pyrotechnika-a-neobjektivita-ct\/","title":{"rendered":"Ji\u0159\u00ed Paroubek: Nechutn\u00e1 ned\u011bln\u00ed slovn\u00ed pyrotechnika a neobjektivita \u010cT"},"content":{"rendered":"<div id=\"fb-root\"><\/div>\n<p><strong>Nevid\u011bl jsem z dne\u0161n\u00edho vys\u00edl\u00e1n\u00ed \u010cT mnoho, ale to, co jsem vid\u011bl, mn\u011b \u00fapln\u011b sta\u010dilo. P\u0159edev\u0161\u00edm to bylo naprosto nechutn\u00e9 vystoupen\u00ed moder\u00e1tora \u0158ezn\u00ed\u010dka, kter\u00fd je skute\u010dn\u00fdm alter ego V. Moravce v po n\u011bm zd\u011bd\u011bn\u00e9m diskuzn\u00edm po\u0159adu \u010cT. V mnoha sm\u011brech se mn\u011b \u0158ezn\u00ed\u010dek ale zd\u00e1 je\u0161t\u011b perfidn\u011bj\u0161\u00ed a nechutn\u011bj\u0161\u00ed ne\u017eli Moravec. Neobjektivnost s jakou se pustil do m\u00edstop\u0159edsedy hnut\u00ed ANO a poslance Radka Vondr\u00e1\u010dka kv\u016fli v\u00e1le\u010dn\u00fdm v\u00fddaj\u016fm st\u00e1tu, je opravdu mimo jakoukoliv kritiku a dobr\u00e9 mravy. Ur\u00e1\u017eet a poni\u017eovat nejvy\u0161\u0161\u00ed p\u0159edstavitele nejv\u011bt\u0161\u00ed vl\u00e1dn\u00ed strany a podsouvat hnut\u00ed ANO, \u017ee nechce plnit spojeneck\u00e9 z\u00e1vazky v\u016f\u010di NATO, je nem\u00edstn\u00e9. Ty konec konc\u016f maj\u00ed b\u00fdt republikou napln\u011bny v pln\u00e9m rozsahu a\u017e do roku 2035. Tato sprostota byla nesl\u00fdchan\u00e1. Je to p\u0159\u00edklad nekorektn\u00edho jedn\u00e1n\u00ed par excellence.<\/strong><\/p>\n<p style=\"font-weight: 400;\">Druh\u00fd p\u0159\u00edpad, kter\u00fd jsem v ned\u011bli vid\u011bl v \u010cT24, bylo vyj\u00e1d\u0159en\u00ed b\u00fdval\u00e9ho m\u00edstop\u0159edsedy nejzkorumpovan\u011bj\u0161\u00ed politick\u00e9 strany v zemi, Ob\u010dansk\u00e9 demokratick\u00e9 aliance, \u00fadajn\u011b politologa a filozofa Daniela Kroupy. Ten se pustil do Andreje Babi\u0161e a vl\u00e1dy, proto\u017ee vl\u00e1da odm\u00edt\u00e1 poskytnout na v\u00fdlet politick\u00e9ho charakteru na Tchaj-wan p\u0159edsedovi sen\u00e1tu Vystr\u010dilovi, kter\u00fd chce\u00a0 naru\u0161it korektnost budouc\u00edch vztah\u016f Babi\u0161ovy vl\u00e1dy s \u010c\u00ednskou lidovou republikou, letadlo ze st\u00e1tn\u00ed letky. Kroupa se patrn\u011b domn\u00edv\u00e1, \u017ee politika vedouc\u00edch \u00fastavn\u00edch \u010dinitel\u016f st\u00e1tu m\u016f\u017ee b\u00fdt jeden velk\u00fd holubn\u00edk. Jeden vysok\u00fd \u00fastavn\u00ed \u010dinitel \u010ceska m\u016f\u017ee v zahrani\u010d\u00ed \u0159\u00edkat to a druh\u00fd bude \u0159\u00edkat ve stejn\u00e9 v\u011bci n\u011bco \u00fapln\u011b jin\u00e9ho. Ale za chaos, kter\u00fd by v zahrani\u010d\u00ed d\u00edky tomuto disonantn\u00edmu p\u0159\u00edstupu vznikl, by nutn\u011b odpov\u00eddala vl\u00e1da.<\/p>\n<p style=\"font-weight: 400;\">A vl\u00e1da se rozhodla pro pragmatick\u00e9 vztahy s \u010c\u00ednskou lidovou republikou. A j\u00e1 to velmi oce\u0148uji. \u010c\u00edna je druh\u00fd nejv\u011bt\u0161\u00ed obchodn\u00ed partner \u010cesk\u00e9 republiky. Krom\u011b toho, levn\u00e9 a kvalitn\u00ed \u010d\u00ednsk\u00e9 zbo\u017e\u00ed je v \u010dase stagnuj\u00edc\u00ed \u017eivotn\u00ed \u00farovn\u011b \u010desk\u00fdch ob\u010dan\u016f v posledn\u00edch letech (a v letech 2022 a 2023 dokonce p\u0159i poklesu \u017eivotn\u00ed \u00farovn\u011b) nezbytn\u00e9, aby toto zbo\u017e\u00ed p\u0159ich\u00e1zelo do \u010ceska i nad\u00e1le. Kdyby nebyla popt\u00e1vka po \u010d\u00ednsk\u00e9m zbo\u017e\u00ed, nebyla by ani nab\u00eddka. A ta nab\u00eddka kvalitn\u00edho a levn\u00e9ho \u010d\u00ednsk\u00e9ho zbo\u017e\u00ed by nesporn\u011b byla vyu\u017eita (a je vyu\u017e\u00edv\u00e1na) v jin\u00fdch evropsk\u00fdch zem\u00edch. Krom\u011b toho je dobr\u00e9 hledat jistoty, v dne\u0161n\u00edch nejist\u00fdch, turbulentn\u00edch \u010dasech, kdy v \u010dele nejv\u011bt\u0161\u00ed velmoci Z\u00e1padu stoj\u00ed prezident zjevn\u011b psychicky labiln\u00ed. A obklopen\u00fd pouze p\u0159ikyvova\u010di, kte\u0159\u00ed jej nedok\u00e1\u017e\u00ed v jeho riskantn\u00edch rozhodnut\u00edch, maj\u00edc\u00edch dalekos\u00e1hl\u00e9 d\u016fsledky pro sv\u011bt, korigovat. Vztahy s \u010c\u00ednou m\u016f\u017eou b\u00fdt stabiliza\u010dn\u00edm\u00a0\u00a0faktorem pro hospod\u00e1\u0159stv\u00ed cel\u00e9 Evropsk\u00e9 unie i pro \u010ceskou republiku. Vl\u00e1da m\u00e1 pravdu, pokud \u00fasty sv\u00e9ho m\u00edstop\u0159edsedy Havl\u00ed\u010dka v dne\u0161n\u00edm po\u0159adu CNN Prima News sd\u011blil, \u017ee \u010cesko by p\u0159i\u0161lo nerealizac\u00ed obchodn\u00edch vztah\u016f s \u010c\u00ednskou lidovou republikou o obchodn\u00ed p\u0159\u00edle\u017eitosti pro \u010desk\u00e9 podnikatele v rozsahu des\u00edtek miliard korun.<\/p>\n<p style=\"font-weight: 400;\">Zd\u00e1 se, \u017ee \u010cesk\u00e1 televize a skupina militantn\u00edch redaktor\u016f, kter\u00e1 j\u00ed po dlouh\u00e1 l\u00e9ta ovl\u00e1d\u00e1, nedok\u00e1\u017ee vyd\u00fdchat rozhodnut\u00ed vl\u00e1dn\u00ed koalice o zm\u011bn\u011b financov\u00e1n\u00ed ve\u0159ejnopr\u00e1vn\u00edch m\u00e9di\u00ed. Lid\u00e9, jako jsou \u0158ezn\u00ed\u010dek a Kroupa, jeden intern\u00ed redaktor a druh\u00fd extern\u00ed spolupracovn\u00edk vl\u00e1dnouc\u00ed skupiny v \u010cesk\u00e9 televizi, nejsou schopni objektivn\u00edho pohledu na \u010dinnost vl\u00e1dy a vl\u00e1dn\u00ed koalice.\u00a0\u00a0Jsou odtr\u017een\u00ed od reality a sna\u017e\u00ed se de facto roze\u0161tv\u00e1vat spole\u010dnost, co\u017e jim jde opravdu velmi dob\u0159e. To je ale tak jedin\u00e9, co jim jde dob\u0159e.<\/p>\n<p><a href=\"https:\/\/vasevec.info\/domaci-politika\/nechutna-nedelni-slovni-pyrotechnika-neobjektivita-ct\">Ji\u0159\u00ed Paroubek<\/a><\/p>\n<p><img decoding=\"async\" loading=\"lazy\" class=\"alignnone size-medium wp-image-2342\" src=\"http:\/\/www.infokuryr.cz\/n\/wp-content\/uploads\/2021\/06\/paroubek-300x208.jpg\" alt=\"\" width=\"300\" height=\"208\" srcset=\"https:\/\/www.infokuryr.cz\/n\/wp-content\/uploads\/2021\/06\/paroubek-300x208.jpg 300w, https:\/\/www.infokuryr.cz\/n\/wp-content\/uploads\/2021\/06\/paroubek.jpg 318w\" sizes=\"(max-width: 300px) 100vw, 300px\" \/><\/p>\n<p>&nbsp;<\/p>\n","protected":false},"excerpt":{"rendered":"<p>Nevid\u011bl jsem z dne\u0161n\u00edho vys\u00edl\u00e1n\u00ed \u010cT mnoho, ale to, co jsem vid\u011bl, mn\u011b \u00fapln\u011b sta\u010dilo&#8230;.<\/p>\n","protected":false},"author":2,"featured_media":99387,"comment_status":"closed","ping_status":"closed","sticky":false,"template":"","format":"standard","meta":[],"categories":[6],"tags":[47,1357,1503,39],"_links":{"self":[{"href":"https:\/\/www.infokuryr.cz\/n\/wp-json\/wp\/v2\/posts\/105038"}],"collection":[{"href":"https:\/\/www.infokuryr.cz\/n\/wp-json\/wp\/v2\/posts"}],"about":[{"href":"https:\/\/www.infokuryr.cz\/n\/wp-json\/wp\/v2\/types\/post"}],"author":[{"embeddable":true,"href":"https:\/\/www.infokuryr.cz\/n\/wp-json\/wp\/v2\/users\/2"}],"replies":[{"embeddable":true,"href":"https:\/\/www.infokuryr.cz\/n\/wp-json\/wp\/v2\/comments?post=105038"}],"version-history":[{"count":0,"href":"https:\/\/www.infokuryr.cz\/n\/wp-json\/wp\/v2\/posts\/105038\/revisions"}],"wp:featuredmedia":[{"embeddable":true,"href":"https:\/\/www.infokuryr.cz\/n\/wp-json\/wp\/v2\/media\/99387"}],"wp:attachment":[{"href":"https:\/\/www.infokuryr.cz\/n\/wp-json\/wp\/v2\/media?parent=105038"}],"wp:term":[{"taxonomy":"category","embeddable":true,"href":"https:\/\/www.infokuryr.cz\/n\/wp-json\/wp\/v2\/categories?post=105038"},{"taxonomy":"post_tag","embeddable":true,"href":"https:\/\/www.infokuryr.cz\/n\/wp-json\/wp\/v2\/tags?post=105038"}],"curies":[{"name":"wp","href":"https:\/\/api.w.org\/{rel}","templated":true}]}}