{"id":10503,"date":"2022-05-12T01:01:49","date_gmt":"2022-05-11T23:01:49","guid":{"rendered":"http:\/\/www.infokuryr.cz\/n\/?p=10503"},"modified":"2022-05-11T11:54:55","modified_gmt":"2022-05-11T09:54:55","slug":"nove-ministerstvo-pravdy-rizene-loutkami-george-sorose","status":"publish","type":"post","link":"https:\/\/www.infokuryr.cz\/n\/2022\/05\/12\/nove-ministerstvo-pravdy-rizene-loutkami-george-sorose\/","title":{"rendered":"Nov\u00e9 Ministerstvo pravdy \u0159\u00edzen\u00e9 loutkami George Sorose"},"content":{"rendered":"<div id=\"fb-root\"><\/div>\n<div class=\"elementor-element elementor-element-1fb4c2c elementor-widget elementor-widget-theme-post-content\" data-id=\"1fb4c2c\" data-element_type=\"widget\" data-widget_type=\"theme-post-content.default\">\n<div class=\"elementor-widget-container\">\n<p><span>Americk\u00e1 vl\u00e1da vytvo\u0159ila skute\u010dn\u00e9 \u201eministerstvo pravdy\u201c.\u00a0Nina Jankowicz m\u00e1 na starosti toto \u201eministerstvo\u201c, kter\u00e9 se ofici\u00e1ln\u011b naz\u00fdv\u00e1 \u201eDisinformation Governance Board\u201c.\u00a0Jankowicz se specializuje na \u201edezinformace\u201c.\u00a0Ano, opravdu.<\/span><\/p>\n<p><span>Jennifer Daskal byla jmenov\u00e1na spolup\u0159edsedkyn\u00ed V\u00fdboru pro kontrolu dezinformac\u00ed.\u00a0M\u00e1 \u00fazk\u00e9 vazby na miliard\u00e1\u0159e George Sorose.\u00a0Daskal je spojen se Sorosovou nadac\u00ed Open Society Foundations (OSF) a pracoval pro Human Rights Watch, kter\u00e1 od miliard\u00e1\u0159e v letech 2000 a\u017e 2014 z\u00edskala celkem 32 milion\u016f dolar\u016f.<\/span><\/p>\n<p><span>Daskal byl tak\u00e9 redaktorem blogu Just Security financovan\u00e9ho Sorosem, kter\u00fd v letech 2017 a\u017e 2019 obdr\u017eel od OSF neuv\u011b\u0159iteln\u00fdch 675 000 dolar\u016f.<\/span><\/p>\n<p><span>Americk\u00fd ministr pro vnit\u0159n\u00ed bezpe\u010dnost Alejandro Mayorkas minul\u00fd t\u00fdden prozradil, \u017ee Daskal je zapojen do Rady pro kontrolu dezinformac\u00ed.<\/span><\/p>\n<p><span>Soros je p\u0159edn\u00edm zast\u00e1ncem cenzury na soci\u00e1ln\u00edch s\u00edt\u00edch.\u00a0Kdy\u017e Musk ozn\u00e1mil, \u017ee obnov\u00ed svobodu slova na Twitteru, skupiny napojen\u00e9 na miliard\u00e1\u0159e vyzvaly inzerenty, aby s platformou neobchodovali.<\/span><\/p>\n<p><span>Jankowicz d\u0159\u00edve nepravdiv\u011b tvrdila, \u017ee p\u0159\u00edb\u011bh o notebooku Huntera Bidena je \u201erusk\u00e1 dezinformace\u201c. Dokonce \u0159ekla, \u017ee zpr\u00e1va Sen\u00e1tu o Hunterov\u011b pod\u00edlu v ukrajinsk\u00e9 energetick\u00e9 spole\u010dnosti Burisma je \u201edezinformace\u201c.<\/span><\/p>\n<div class=\"twitter-tweet twitter-tweet-rendered\"><iframe id=\"twitter-widget-0\" class=\"\" title=\"Twitter Tweet\" src=\"https:\/\/platform.twitter.com\/embed\/Tweet.html?creatorScreenName=uncutnewsCH&amp;dnt=false&amp;embedId=twitter-widget-0&amp;features=eyJ0ZndfZXhwZXJpbWVudHNfY29va2llX2V4cGlyYXRpb24iOnsiYnVja2V0IjoxMjA5NjAwLCJ2ZXJzaW9uIjpudWxsfSwidGZ3X3R3ZWV0X3Jlc3VsdF9taWdyYXRpb25fMTM5NzkiOnsiYnVja2V0IjoiY29udHJvbCIsInZlcnNpb24iOjF9fQ%3D%3D&amp;frame=false&amp;hideCard=false&amp;hideThread=false&amp;id=1522769455050330117&amp;lang=cs&amp;origin=https%3A%2F%2Funcutnews.ch%2Fneues-wahrheitsministerium-unter-der-leitung-von-george-soros-marionetten%2F&amp;sessionId=5f5b02e23ce705a605fca6db1c01751934fec195&amp;theme=light&amp;widgetsVersion=c8fe9736dd6fb%3A1649830956492&amp;width=550px\" frameborder=\"0\" scrolling=\"no\" allowfullscreen=\"allowfullscreen\" data-tweet-id=\"1522769455050330117\" data-mce-fragment=\"1\"><\/iframe><\/div>\n<p><span>M\u016f\u017ee to b\u00fdt je\u0161t\u011b \u0161\u00edlen\u011bj\u0161\u00ed: Robert Califf, \u0159editel americk\u00e9ho \u00da\u0159adu pro kontrolu potravin a l\u00e9\u010div, prohl\u00e1sil, \u017ee dezinformace jsou \u201ehlavn\u00ed p\u0159\u00ed\u010dinou smrti\u201c ve Spojen\u00fdch st\u00e1tech.<\/span><\/p>\n<div class=\"twitter-tweet twitter-tweet-rendered\"><iframe id=\"twitter-widget-1\" class=\"\" title=\"Twitter Tweet\" src=\"https:\/\/platform.twitter.com\/embed\/Tweet.html?creatorScreenName=uncutnewsCH&amp;dnt=false&amp;embedId=twitter-widget-1&amp;features=eyJ0ZndfZXhwZXJpbWVudHNfY29va2llX2V4cGlyYXRpb24iOnsiYnVja2V0IjoxMjA5NjAwLCJ2ZXJzaW9uIjpudWxsfSwidGZ3X3R3ZWV0X3Jlc3VsdF9taWdyYXRpb25fMTM5NzkiOnsiYnVja2V0IjoiY29udHJvbCIsInZlcnNpb24iOjF9fQ%3D%3D&amp;frame=false&amp;hideCard=false&amp;hideThread=false&amp;id=1523648617449279488&amp;lang=cs&amp;origin=https%3A%2F%2Funcutnews.ch%2Fneues-wahrheitsministerium-unter-der-leitung-von-george-soros-marionetten%2F&amp;sessionId=5f5b02e23ce705a605fca6db1c01751934fec195&amp;theme=light&amp;widgetsVersion=c8fe9736dd6fb%3A1649830956492&amp;width=550px\" frameborder=\"0\" scrolling=\"no\" allowfullscreen=\"allowfullscreen\" data-tweet-id=\"1523648617449279488\" data-mce-fragment=\"1\"><\/iframe><\/div>\n<\/div>\n<\/div>\n<div class=\"elementor-element elementor-element-8c57238 quelle dc-has-condition dc-condition-empty elementor-widget elementor-widget-heading\" data-id=\"8c57238\" data-element_type=\"widget\" data-widget_type=\"heading.default\">\n<div class=\"elementor-widget-container\">\n<h3 class=\"elementor-heading-title elementor-size-default\"><span style=\"font-size: 8pt;\"><a href=\"https:\/\/www.infowars.com\/posts\/george-soros-operative-appointed-as-bidens-ministry-of-truth-co-chair\/\" target=\"_blank\" rel=\"nofollow noopener\">ZDROJ\u00a0<\/a><\/span><\/h3>\n<\/div>\n<\/div>\n","protected":false},"excerpt":{"rendered":"<p>Americk\u00e1 vl\u00e1da vytvo\u0159ila skute\u010dn\u00e9 \u201eministerstvo pravdy\u201c.\u00a0Nina Jankowicz m\u00e1 na starosti toto \u201eministerstvo\u201c, kter\u00e9 se ofici\u00e1ln\u011b&#8230;<\/p>\n","protected":false},"author":2,"featured_media":10504,"comment_status":"closed","ping_status":"closed","sticky":false,"template":"","format":"standard","meta":[],"categories":[7],"tags":[28,1534,37],"_links":{"self":[{"href":"https:\/\/www.infokuryr.cz\/n\/wp-json\/wp\/v2\/posts\/10503"}],"collection":[{"href":"https:\/\/www.infokuryr.cz\/n\/wp-json\/wp\/v2\/posts"}],"about":[{"href":"https:\/\/www.infokuryr.cz\/n\/wp-json\/wp\/v2\/types\/post"}],"author":[{"embeddable":true,"href":"https:\/\/www.infokuryr.cz\/n\/wp-json\/wp\/v2\/users\/2"}],"replies":[{"embeddable":true,"href":"https:\/\/www.infokuryr.cz\/n\/wp-json\/wp\/v2\/comments?post=10503"}],"version-history":[{"count":0,"href":"https:\/\/www.infokuryr.cz\/n\/wp-json\/wp\/v2\/posts\/10503\/revisions"}],"wp:featuredmedia":[{"embeddable":true,"href":"https:\/\/www.infokuryr.cz\/n\/wp-json\/wp\/v2\/media\/10504"}],"wp:attachment":[{"href":"https:\/\/www.infokuryr.cz\/n\/wp-json\/wp\/v2\/media?parent=10503"}],"wp:term":[{"taxonomy":"category","embeddable":true,"href":"https:\/\/www.infokuryr.cz\/n\/wp-json\/wp\/v2\/categories?post=10503"},{"taxonomy":"post_tag","embeddable":true,"href":"https:\/\/www.infokuryr.cz\/n\/wp-json\/wp\/v2\/tags?post=10503"}],"curies":[{"name":"wp","href":"https:\/\/api.w.org\/{rel}","templated":true}]}}