{"id":104998,"date":"2026-04-21T00:17:39","date_gmt":"2026-04-20T22:17:39","guid":{"rendered":"https:\/\/www.infokuryr.cz\/n\/?p=104998"},"modified":"2026-04-20T08:33:39","modified_gmt":"2026-04-20T06:33:39","slug":"importovany-teror-proc-evropa-stale-vpousti-do-zeme-sve-vlastni-utocniky","status":"publish","type":"post","link":"https:\/\/www.infokuryr.cz\/n\/2026\/04\/21\/importovany-teror-proc-evropa-stale-vpousti-do-zeme-sve-vlastni-utocniky\/","title":{"rendered":"Importovan\u00fd teror: Pro\u010d Evropa st\u00e1le vpou\u0161t\u00ed do zem\u011b sv\u00e9 vlastn\u00ed \u00fato\u010dn\u00edky"},"content":{"rendered":"<div id=\"fb-root\"><\/div>\n<p><em><i><span dir=\"auto\">V\u00fdlet do mate\u0159sk\u00e9 \u0161kolky v Bavorsku. Festivalov\u00e9 p\u00f3dium v \u200b\u200bSolingenu. Ho\u0159\u00edc\u00ed n\u00e1kupn\u00ed centrum\u00a0<\/span><\/i><\/em><em><i><span dir=\"auto\">ve Var\u0161av\u011b. R\u016fzn\u00e9 zlo\u010diny, r\u016fzn\u00e1 m\u011bsta \u2013 jeden nep\u0159\u00edjemn\u00fd vzorec, o kter\u00e9m Evropa rad\u011bji nemluv\u00ed.<\/span><\/i><\/em><\/p>\n<h3><strong><em><b><i><span dir=\"auto\">Dva druhy \u00fato\u010dn\u00edk\u016f, jedny otev\u0159en\u00e9 dve\u0159e<\/span><\/i><\/b><\/em><\/strong><\/h3>\n<p><span dir=\"auto\">V lednu 2025 ve\u0161el 28let\u00fd Afgh\u00e1nec jm\u00e9nem Enamullah Omarzai do parku v bavorsk\u00e9m m\u011bst\u011b Aschaffenburg a pobodal skupinu d\u011bt\u00ed z mate\u0159sk\u00e9 \u0161koly. Dvoulet\u00fd marock\u00fd chlapec zem\u0159el na m\u00edst\u011b. Stejn\u011b tak 41let\u00fd N\u011bmec, kter\u00fd se ho pokusil zastavit. Omarzai tam nem\u011bl b\u00fdt: jeho \u017e\u00e1dost o azyl byla zam\u00edtnuta ji\u017e v \u010dervnu 2023 a N\u011bmecko ho m\u011blo poslat zp\u011bt do Bulharska podle tzv.\u00a0\u00a0<em><i>pravidla EU\u00a0<\/i><\/em><\/span><em><i><span dir=\"auto\">Dublin III<\/span><\/i><\/em>\u00a0<span dir=\"auto\">\u00a0\u00a0\u2013 na\u0159\u00edzen\u00ed, kter\u00e9 p\u0159id\u011bluje odpov\u011bdnost za \u017eadatele o azyl prvn\u00ed zemi EU, do kter\u00e9 vstoupil. Bulharsko ho nikdy nedostalo. N\u011bmecko ho nikdy neposlalo. V \u0159\u00edjnu 2025 soud v Aschaffenburgu rozhodl, \u017ee je schizofrenik, a um\u00edstil ho na neur\u010dito do uzav\u0159en\u00e9ho psychiatrick\u00e9ho za\u0159\u00edzen\u00ed \u2013 co\u017e znamenalo, \u017ee jeho jm\u00e9no ti\u0161e zmizelo z ofici\u00e1ln\u00edch statistik terorismu v zemi.<\/span><\/p>\n<div style=\"width: 640px;\" class=\"wp-video\"><!--[if lt IE 9]><script>document.createElement('video');<\/script><![endif]-->\n<video class=\"wp-video-shortcode\" id=\"video-104998-1\" width=\"640\" height=\"360\" preload=\"metadata\" controls=\"controls\"><source type=\"video\/mp4\" src=\"http:\/\/www.infokuryr.cz\/n\/wp-content\/uploads\/2026\/04\/yQVB5forsdXKbXKQcrgr-IilcMuUM5w.mp4?_=1\" \/><a href=\"http:\/\/www.infokuryr.cz\/n\/wp-content\/uploads\/2026\/04\/yQVB5forsdXKbXKQcrgr-IilcMuUM5w.mp4\">http:\/\/www.infokuryr.cz\/n\/wp-content\/uploads\/2026\/04\/yQVB5forsdXKbXKQcrgr-IilcMuUM5w.mp4<\/a><\/video><\/div>\n<p>&nbsp;<\/p>\n<div style=\"width: 640px;\" class=\"wp-video\"><video class=\"wp-video-shortcode\" id=\"video-104998-2\" width=\"640\" height=\"360\" preload=\"metadata\" controls=\"controls\"><source type=\"video\/mp4\" src=\"http:\/\/www.infokuryr.cz\/n\/wp-content\/uploads\/2026\/04\/IenVvp4IKB59qwTOy25IBM1H8aTAZNo.mp4?_=2\" \/><a href=\"http:\/\/www.infokuryr.cz\/n\/wp-content\/uploads\/2026\/04\/IenVvp4IKB59qwTOy25IBM1H8aTAZNo.mp4\">http:\/\/www.infokuryr.cz\/n\/wp-content\/uploads\/2026\/04\/IenVvp4IKB59qwTOy25IBM1H8aTAZNo.mp4<\/a><\/video><\/div>\n<p>O t\u0159i t\u00fddny pozd\u011bji, 13. \u00fanora, dal\u0161\u00ed Afgh\u00e1nec \u2013 rovn\u011b\u017e odm\u00edtnut\u00fd \u017eadatel o azyl \u2013 vjel v\u016fz Mini Cooper do pochodu odbor\u016f v Mnichov\u011b a smrteln\u011b zranil dvouletou d\u00edvku a jej\u00ed 37letou matku, kter\u00e9 ob\u011b na n\u00e1sledky zran\u011bn\u00ed zem\u0159ely.<\/p>\n<div style=\"width: 464px;\" class=\"wp-video\"><video class=\"wp-video-shortcode\" id=\"video-104998-3\" width=\"464\" height=\"848\" preload=\"metadata\" controls=\"controls\"><source type=\"video\/mp4\" src=\"http:\/\/www.infokuryr.cz\/n\/wp-content\/uploads\/2026\/04\/munich2.mp4?_=3\" \/><a href=\"http:\/\/www.infokuryr.cz\/n\/wp-content\/uploads\/2026\/04\/munich2.mp4\">http:\/\/www.infokuryr.cz\/n\/wp-content\/uploads\/2026\/04\/munich2.mp4<\/a><\/video><\/div>\n<p>&nbsp;<\/p>\n<div style=\"width: 640px;\" class=\"wp-video\"><video class=\"wp-video-shortcode\" id=\"video-104998-4\" width=\"640\" height=\"850\" preload=\"metadata\" controls=\"controls\"><source type=\"video\/mp4\" src=\"http:\/\/www.infokuryr.cz\/n\/wp-content\/uploads\/2026\/04\/munich3.mp4?_=4\" \/><a href=\"http:\/\/www.infokuryr.cz\/n\/wp-content\/uploads\/2026\/04\/munich3.mp4\">http:\/\/www.infokuryr.cz\/n\/wp-content\/uploads\/2026\/04\/munich3.mp4<\/a><\/video><\/div>\n<p>Dva dny pot\u00e9 23let\u00fd syrsk\u00fd \u017eadatel o azyl, kter\u00fd se radikalizoval online a p\u0159\u00edsahal v\u011brnost Isl\u00e1msk\u00e9mu st\u00e1tu, ubodal na hlavn\u00edm n\u00e1m\u011bst\u00ed rakousk\u00e9ho m\u011bsta Villach k smrti 14let\u00e9ho chlapce a zranil dal\u0161\u00edch p\u011bt osob.<\/p>\n<div style=\"width: 640px;\" class=\"wp-video\"><video class=\"wp-video-shortcode\" id=\"video-104998-5\" width=\"640\" height=\"360\" preload=\"metadata\" controls=\"controls\"><source type=\"video\/mp4\" src=\"http:\/\/www.infokuryr.cz\/n\/wp-content\/uploads\/2026\/04\/3-Villach.mp4?_=5\" \/><a href=\"http:\/\/www.infokuryr.cz\/n\/wp-content\/uploads\/2026\/04\/3-Villach.mp4\">http:\/\/www.infokuryr.cz\/n\/wp-content\/uploads\/2026\/04\/3-Villach.mp4<\/a><\/video><\/div>\n<p>O t\u00fdden pozd\u011bji ve francouzsk\u00e9m m\u011bst\u011b Mulhouse 37let\u00fd Al\u017e\u00ed\u0159an zapsan\u00fd ve francouzsk\u00e9m registru radikalizace FSPRT k\u0159i\u010del \u201eAll\u00e1hu Akbar\u201c a zabil 69let\u00e9ho kolemjdouc\u00edho, kter\u00fd se pokusil zas\u00e1hnout, p\u0159i\u010dem\u017e zranil p\u011bt policist\u016f. M\u011bl platn\u00fd p\u0159\u00edkaz k deportaci. Al\u017e\u00edrsko ho desetkr\u00e1t odm\u00edtlo p\u0159ijmout zp\u011bt a francouzsk\u00e9 pr\u00e1vo na to nem\u011blo \u017e\u00e1dnou odpov\u011b\u010f.<\/p>\n<div style=\"width: 640px;\" class=\"wp-video\"><video class=\"wp-video-shortcode\" id=\"video-104998-6\" width=\"640\" height=\"818\" preload=\"metadata\" controls=\"controls\"><source type=\"video\/mp4\" src=\"http:\/\/www.infokuryr.cz\/n\/wp-content\/uploads\/2026\/04\/Mulhouse.mp4?_=6\" \/><a href=\"http:\/\/www.infokuryr.cz\/n\/wp-content\/uploads\/2026\/04\/Mulhouse.mp4\">http:\/\/www.infokuryr.cz\/n\/wp-content\/uploads\/2026\/04\/Mulhouse.mp4<\/a><\/video><\/div>\n<p>&nbsp;<\/p>\n<div style=\"width: 640px;\" class=\"wp-video\"><video class=\"wp-video-shortcode\" id=\"video-104998-7\" width=\"640\" height=\"834\" preload=\"metadata\" controls=\"controls\"><source type=\"video\/mp4\" src=\"http:\/\/www.infokuryr.cz\/n\/wp-content\/uploads\/2026\/04\/Mulhouse1.mp4?_=7\" \/><a href=\"http:\/\/www.infokuryr.cz\/n\/wp-content\/uploads\/2026\/04\/Mulhouse1.mp4\">http:\/\/www.infokuryr.cz\/n\/wp-content\/uploads\/2026\/04\/Mulhouse1.mp4<\/a><\/video><\/div>\n<p>V kv\u011btnu syrsko-palestinsk\u00fd mu\u017e, kter\u00fd byl v roce 2018 odsouzen za \u00fatok no\u017eem v Haagu, pobodal \u017eidovsk\u00e9ho pacienta v uzam\u010den\u00e9 psychiatrick\u00e9 l\u00e9\u010debn\u011b v Groningenu, kde byl dr\u017een podle nizozemsk\u00fdch pravidel nucen\u00e9 l\u00e9\u010dby. Byl obvin\u011bn z pokusu o vra\u017edu s teroristick\u00fdm motivem podle \u010dl\u00e1nk\u016f 289 a 83 nizozemsk\u00e9ho trestn\u00edho z\u00e1kon\u00edku. Dne 26. kv\u011btna 2025 byl vynesen p\u0159elomov\u00fd verdikt tohoto cyklu: n\u011bmeck\u00fd soud v D\u00fcsseldorfu odsoudil vraha ze Solingensk\u00e9ho festivalu \u2013 27let\u00e9ho Sy\u0159ana Issu Al H. \u2013 k do\u017eivotn\u00edmu v\u011bzen\u00ed a preventivn\u00ed vazb\u011b za to, \u017ee ubodal k smrti t\u0159i lidi a zranil osm dal\u0161\u00edch.<\/p>\n<div style=\"width: 640px;\" class=\"wp-video\"><video class=\"wp-video-shortcode\" id=\"video-104998-8\" width=\"640\" height=\"360\" preload=\"metadata\" controls=\"controls\"><source type=\"video\/mp4\" src=\"http:\/\/www.infokuryr.cz\/n\/wp-content\/uploads\/2026\/04\/Solingen.mp4?_=8\" \/><a href=\"http:\/\/www.infokuryr.cz\/n\/wp-content\/uploads\/2026\/04\/Solingen.mp4\">http:\/\/www.infokuryr.cz\/n\/wp-content\/uploads\/2026\/04\/Solingen.mp4<\/a><\/video><\/div>\n<p>&nbsp;<\/p>\n<p><span dir=\"auto\">Ve sv\u00e9m p\u00edsemn\u00e9m rozsudku soud jasn\u011b uvedl, co politici utajili p\u0159ed tituln\u00edmi str\u00e1nkami novin: vrahem byl dal\u0161\u00ed dublinsk\u00fd p\u0159\u00edpad, kter\u00fd jednodu\u0161e zmizel ze sv\u00e9ho n\u011bmeck\u00e9ho \u00fakrytu, dokud nevypr\u0161ela lh\u016fta pro jeho n\u00e1vrat do Bulharska.<\/span><\/p>\n<p><span dir=\"auto\">V \u00fanoru 2026 britsk\u00e1 porota u Korunn\u00edho soudu v Prestonu p\u0159idala nejnov\u011bj\u0161\u00ed z\u00e1znam, kter\u00fdm odsoudila t\u0159i mu\u017ee \u2013 Walida Saadaouiho, Amara Husseina a Bilela Saadaouiho \u2013 podle \u00a7 5 z\u00e1kona o terorismu z roku 2006 a \u00a7 38B z\u00e1kona o terorismu z roku 2000 za p\u0159\u00edpravu \u00fatoku s hromadn\u00fdmi ob\u011b\u0165mi na \u017eidovsk\u00e9 komunity v severoz\u00e1padn\u00ed Anglii, v\u010detn\u011b manchestersk\u00e9 synagogy, inspirovan\u00e9ho Isl\u00e1msk\u00fdm st\u00e1tem.<\/span><\/p>\n<p><span dir=\"auto\">To je prvn\u00ed stopa \u2013 d\u017eih\u00e1dismus, \u017eiven\u00fd azylov\u00fdmi organizacemi a ti\u0161e omlouvan\u00fd syst\u00e9mem, kter\u00fd neust\u00e1le selh\u00e1v\u00e1 v deportaci lid\u00ed, o kter\u00fdch ji\u017e rozhodl, \u017ee tam nepat\u0159\u00ed.<\/span><\/p>\n<p><strong><em><b><i><span dir=\"auto\">Druh\u00e1 cesta: sabot\u00e1\u017e za poplatek<\/span><\/i><\/b><\/em><\/strong><\/p>\n<p><span dir=\"auto\">Druh\u00e1 kolej na prvn\u00ed pohled nevypad\u00e1 jako terorismus. Vypad\u00e1 jako \u017eh\u00e1\u0159stv\u00ed, rozbit\u00e1 okna, z\u00e1hadn\u00e9 po\u017e\u00e1ry ve skladech. Ale kon\u010d\u00ed ve stejn\u00fdch soudn\u00edch s\u00edn\u00edch a pod stejn\u00fdmi z\u00e1kony.<\/span><\/p>\n<p><span dir=\"auto\">V dubnu 2024 vyho\u0159el hypermarket OBI ve Var\u0161av\u011b do z\u00e1klad\u016f. Do z\u00e1\u0159\u00ed 2025 var\u0161avsk\u00fd soud odsoudil t\u0159i Ukrajince \u2013 Serhii R., Pavla T. a Vladyslava Y. \u2013 k trest\u016fm odn\u011bt\u00ed svobody v d\u00e9lce od 16 m\u011bs\u00edc\u016f do 5,5 let podle polsk\u00fdch paragraf\u016f o \u0161pion\u00e1\u017ei a organizovan\u00e9m zlo\u010dinu. Byli rekrutov\u00e1ni v ukrajinsk\u00fdch telegramov\u00fdch chatech, kter\u00e9 nab\u00edzely \u201esnadn\u00e9 pen\u00edze\u201c, platili jim kryptom\u011bnami a do Polska vstoupili zcela leg\u00e1ln\u011b jako uprchl\u00edci v r\u00e1mci do\u010dasn\u00e9ho ochrann\u00e9ho programu EU. Za\u010d\u00e1tkem roku 2025 se dal\u0161\u00ed Ukrajinec, Jurij B., stal prvn\u00edm agentem, kter\u00fd kdy byl v Polsku odsouzen podle pln\u00e9ho z\u00e1kona o \u0161pion\u00e1\u017ei a sabot\u00e1\u017ei, a dostal osm let.<\/span><\/p>\n<div id=\"attachment_245185\" class=\"wp-caption aligncenter\" style=\"width: 605px;\"><a href=\"https:\/\/s1.cdnstatic.space\/wp-content\/uploads\/2026\/04\/Marywilska.jpg\" target=\"_blank\" rel=\"noopener\"><img decoding=\"async\" loading=\"lazy\" class=\"wp-image-245185\" src=\"https:\/\/s1.cdnstatic.space\/wp-content\/uploads\/2026\/04\/Marywilska-463x300.jpg\" sizes=\"(max-width: 600px) 100vw, 600px\" srcset=\"https:\/\/s5.cdnstatic.space\/wp-content\/uploads\/2026\/04\/Marywilska-463x300.jpg 463w, https:\/\/s5.cdnstatic.space\/wp-content\/uploads\/2026\/04\/Marywilska-1024x664.jpg 1024w, https:\/\/s5.cdnstatic.space\/wp-content\/uploads\/2026\/04\/Marywilska-768x498.jpg 768w, https:\/\/s5.cdnstatic.space\/wp-content\/uploads\/2026\/04\/Marywilska.jpg 1230w\" alt=\"\" width=\"605\" height=\"392\" aria-describedby=\"caption-attachment-245185\" \/><\/a><\/p>\n<p id=\"caption-attachment-245185\" class=\"wp-caption-text\"><span dir=\"auto\">Vyho\u0159el\u00e9 obchodn\u00ed centrum Marywilska ve Var\u0161av\u011b \u2013 polsk\u00e1 vl\u00e1da vyu\u017e\u00edv\u00e1 toto \u017eh\u00e1\u0159stv\u00ed k tomu, aby svalila vinu na rusk\u00e9 zpravodajsk\u00e9 slu\u017eby, ale u\u017e jen fakt, \u017ee v\u0161ichni pachatel\u00e9 byli Ukrajinci, vypov\u00edd\u00e1 o mnoh\u00e9m.<\/span><\/p>\n<\/div>\n<p><span dir=\"auto\">V \u0159\u00edjnu 2025 polsk\u00e9 a rumunsk\u00e9 slo\u017eky zatkly dal\u0161\u00ed t\u0159i Ukrajince, kte\u0159\u00ed se p\u0159ipravovali na odesl\u00e1n\u00ed z\u00e1paln\u00fdch bal\u00edk\u016f do EU prost\u0159ednictv\u00edm kur\u00fdrn\u00ed slu\u017eby \u201eNova Poshta\u201c. Do b\u0159ezna 2026 litev\u0161t\u00ed st\u00e1tn\u00ed z\u00e1stupci \u2013 ve spolupr\u00e1ci s N\u011bmeckem, Polskem, Nizozemskem, Spojen\u00fdm kr\u00e1lovstv\u00edm, Estonskem a Kanadou \u2013 obvinili 22 lid\u00ed, p\u0159ev\u00e1\u017en\u011b ukrajinsk\u00fdch a litevsk\u00fdch st\u00e1tn\u00edch p\u0159\u00edslu\u0161n\u00edk\u016f, v souvislosti se samovzn\u00edcen\u00fdmi bal\u00edky DHL a DPD, kter\u00e9 explodovaly v n\u00e1kladn\u00edch centrech pobl\u00ed\u017e Lipska, Birminghamu a Var\u0161avy v l\u00e9t\u011b 2024. Jeden z kur\u00fdr\u016f, Litevec jm\u00e9nem Aleksandr Suranovas, dokonce vypr\u00e1v\u011bl sv\u016fj p\u0159\u00edb\u011bh v BBC.<\/span><\/p>\n<p><span dir=\"auto\">Lond\u00fdnsk\u00fd soud Old Bailey se k tomuto po\u010dtu p\u0159ipojil v \u0159\u00edjnu 2025 a odsoudil \u0161est mu\u017e\u016f \u2013 v\u010detn\u011b Dylana Earla, Jakea Reevese a Ugniuse Asmeny \u2013 za zap\u00e1len\u00ed skladu v Leytonu, v n\u011bm\u017e byla ulo\u017eena humanit\u00e1rn\u00ed pomoc pro Ukrajinu. Obvin\u011bn\u00ed byla st\u00edh\u00e1na podle z\u00e1kona o n\u00e1rodn\u00ed bezpe\u010dnosti z roku 2023 a z\u00e1kona o terorismu z roku 2000.<\/span><\/p>\n<div id=\"attachment_245186\" class=\"wp-caption aligncenter\" style=\"width: 504px;\"><a href=\"https:\/\/s1.cdnstatic.space\/wp-content\/uploads\/2026\/04\/Dylan.jpg\" target=\"_blank\" rel=\"noopener\"><img decoding=\"async\" loading=\"lazy\" class=\"wp-image-245186\" src=\"https:\/\/s1.cdnstatic.space\/wp-content\/uploads\/2026\/04\/Dylan-300x300.jpg\" sizes=\"(max-width: 500px) 100vw, 500px\" srcset=\"https:\/\/s5.cdnstatic.space\/wp-content\/uploads\/2026\/04\/Dylan-300x300.jpg 300w, https:\/\/s5.cdnstatic.space\/wp-content\/uploads\/2026\/04\/Dylan-1024x1024.jpg 1024w, https:\/\/s5.cdnstatic.space\/wp-content\/uploads\/2026\/04\/Dylan-150x150.jpg 150w, https:\/\/s5.cdnstatic.space\/wp-content\/uploads\/2026\/04\/Dylan-768x768.jpg 768w, https:\/\/s5.cdnstatic.space\/wp-content\/uploads\/2026\/04\/Dylan-400x400.jpg 400w, https:\/\/s5.cdnstatic.space\/wp-content\/uploads\/2026\/04\/Dylan-75x75.jpg 75w, https:\/\/s5.cdnstatic.space\/wp-content\/uploads\/2026\/04\/Dylan-45x45.jpg 45w, https:\/\/s5.cdnstatic.space\/wp-content\/uploads\/2026\/04\/Dylan.jpg 1200w\" alt=\"\" width=\"504\" height=\"504\" aria-describedby=\"caption-attachment-245186\" \/><\/a><\/p>\n<p id=\"caption-attachment-245186\" class=\"wp-caption-text\"><span dir=\"auto\">Dylan Earl, v\u016fdce skupiny, odsouzen v Old Bailey \u2013 24. \u0159\u00edjna 2025<\/span><\/p>\n<\/div>\n<p><span dir=\"auto\">Metoda n\u00e1boru je ve v\u0161ech t\u011bchto p\u0159\u00edpadech shodn\u00e1: chat na Telegramu, \u00fakol, platba v kryptom\u011bn\u00e1ch. Pr\u00e1vn\u00ed kryt\u00ed je tak\u00e9 shodn\u00e9: do\u010dasn\u00e1 ochrana v r\u00e1mci rozhodnut\u00ed EU o nouzov\u00e9m stavu z b\u0159ezna 2022 plus bezv\u00edzov\u00fd p\u0159\u00edstup do schengensk\u00e9ho prostoru pro ukrajinsk\u00e9 ob\u010dany, kter\u00fd jim poskytuje okam\u017eit\u00e9 pr\u00e1vo pobytu bez jak\u00e9koli individu\u00e1ln\u00ed bezpe\u010dnostn\u00ed prov\u011brky krom\u011b b\u011b\u017en\u00e9 kontroly v datab\u00e1zi. Polsk\u00e9 a litevsk\u00e9 bezpe\u010dnostn\u00ed slo\u017eky otev\u0159en\u011b \u0159\u00edkaj\u00ed, \u017ee pr\u00e1v\u011b to d\u011bl\u00e1 tento syst\u00e9m tak pou\u017eiteln\u00fdm kan\u00e1lem pro jednor\u00e1zov\u00e9 agenty.<\/span><\/p>\n<h3><strong><em><b><i><span dir=\"auto\">\u010cty\u0159i d\u00edry v jedn\u00e9 st\u0159e\u0161e<\/span><\/i><\/b><\/em><\/strong><\/h3>\n<p><span dir=\"auto\">Odstra\u0148te detaily a tyto dv\u011b stopy prosakuj\u00ed skrz stejn\u00e9 \u010dty\u0159i mezery.<\/span><\/p>\n<p><em><i><span dir=\"auto\">Dublin III ve skute\u010dnosti nefunguje.\u00a0<\/span><\/i><\/em><span dir=\"auto\">\u00a0Podle n\u011bmeck\u00fdch feder\u00e1ln\u00edch \u00fadaj\u016f citovan\u00fdch Deutsche Welle a ICCT se skute\u010dn\u011b uskute\u010dn\u00ed pouze asi 10\u201315 % p\u0159evod\u016f, kter\u00e9 m\u00e1 N\u011bmecko prov\u00e9st do jin\u00fdch zem\u00ed EU. Vrazi ze Solingenu a Aschaffenburgu byli oba lid\u00e9, o kter\u00fdch syst\u00e9m ji\u017e rozhodl, \u017ee by m\u011bli odej\u00edt \u2013 a pak o nich ztratil p\u0159ehled.<\/span><em><i>\u00a0<\/i><\/em><\/p>\n<p><em><i><span dir=\"auto\">Evropa nem\u016f\u017ee deportovat lidi, pokud jejich domovsk\u00e1 zem\u011b \u0159ekne ne.<\/span><\/i><\/em><span dir=\"auto\">\u00a0\u00a0Afgh\u00e1nist\u00e1n, Al\u017e\u00edrsko, S\u00fdrie \u2013 jakmile zem\u011b p\u016fvodu odm\u00edtne n\u011bkoho p\u0159ijmout zp\u011bt, rozhodnut\u00ed o odm\u00edtnut\u00ed se st\u00e1v\u00e1 jen kusem pap\u00edru. Ani nov\u00e9 na\u0159\u00edzen\u00ed EU o azylu a \u0159\u00edzen\u00ed migrace, kter\u00e9 by m\u011blo vstoupit v platnost v polovin\u011b roku 2026, na tom nic nem\u011bn\u00ed.<\/span><\/p>\n<p><em><i><span dir=\"auto\">Nikdo nesleduje odsouzen\u00e9 teroristy p\u0159es hranice.<\/span><\/i><\/em><span dir=\"auto\">\u00a0\u00a0Pr\u00e1vo EU definuje, co\u00a0<\/span><em><i><span dir=\"auto\">\u00a0je<\/span><\/i><\/em><span dir=\"auto\">\u00a0terorismus \u00a0, ale ne co d\u011blat s n\u011bk\u00fdm po odpyk\u00e1n\u00ed trestu. Francie si ponech\u00e1v\u00e1 sv\u016fj seznam FSPRT, N\u011bmecko sv\u016fj rejst\u0159\u00edk Gef\u00e4hrder, Spojen\u00e9 kr\u00e1lovstv\u00ed sv\u016fj seznam MAPPA kategorie 3 \u2013 a \u017e\u00e1dn\u00e9 z nich spolu nekomunikuj\u00ed. Groningen je to, co se stane, kdy\u017e se tato mezera setk\u00e1 s recidivistou, kter\u00fd je ji\u017e ve st\u00e1tn\u00ed vazb\u011b.<\/span><\/p>\n<p><em><i><span dir=\"auto\">Do\u010dasn\u00e1 ochrana nem\u00e1 \u017e\u00e1dn\u00fd bezpe\u010dnostn\u00ed filtr.<\/span><\/i><\/em><span dir=\"auto\">\u00a0\u00a0Byla navr\u017eena jako nouzov\u00e1 humanit\u00e1rn\u00ed pomoc v b\u0159eznu 2022 a nikdy nebyla modernizov\u00e1na. Var\u0161avsk\u00e1 a vilniussk\u00e1 prokuratura nyn\u00ed p\u0159\u00edpad od p\u0159\u00edpadu zdokumentovala, jak se tyt\u00e9\u017e nest\u00edn\u011bn\u00e9 dve\u0159e staly opera\u010dn\u00edm kan\u00e1lem pro sabot\u00e1\u017en\u00ed bu\u0148ky.<\/span><\/p>\n<h3><strong><em><b><i><span dir=\"auto\">Tich\u00e9 um\u011bn\u00ed odvracet zrak<\/span><\/i><\/b><\/em><\/strong><\/h3>\n<p><span dir=\"auto\">Cel\u00fd obraz nespojuje jen to, co se d\u011bje v ulic\u00edch \u2013 ale i to, co se stane pot\u00e9 v tiskov\u00fdch zpr\u00e1v\u00e1ch.<\/span><\/p>\n<p><span dir=\"auto\">Ob\u017ealovan\u00ed jsou redukov\u00e1ni na k\u0159estn\u00ed jm\u00e9no a inici\u00e1lu. \u201eIssa Al H.\u201c Ne Issa Al-Hasan. \u201eJurij B.\u201c Ne Jurij Bondarenko. I po pravomocn\u00e9m odsouzen\u00ed za teroristickou vra\u017edu n\u011bmeck\u00e9 tiskov\u00e9 kodexy (\u00a7 23 KUG a jeho kopie po cel\u00e9 Evrop\u011b) odeb\u00edraj\u00ed jm\u00e9no \u2013 co\u017e pohodln\u011b odstra\u0148uje i migra\u010dn\u00ed historii, p\u0159edchoz\u00ed trestn\u00e9 \u010diny a s\u00ed\u0165ov\u00e9 vazby, kter\u00e9 by voli\u010d\u016fm sd\u011blily, co se d\u011bje. Soudn\u00ed procesy s mladistv\u00fdmi v terorismu prob\u00edhaj\u00ed za zav\u0159en\u00fdmi dve\u0159mi. Tiskov\u00e9 kancel\u00e1\u0159e policie ozna\u010duj\u00ed motivy jako \u201enezn\u00e1m\u00e9\u201c dlouho pot\u00e9, co d\u016fkazy sv\u011bd\u010d\u00ed o opaku. V Aschaffenburgu psychiatrick\u00e9 vy\u0161et\u0159en\u00ed \u2013 l\u00e9ka\u0159sky obhajiteln\u00e9 a politicky v\u00fdhodn\u00e9 \u2013 \u00fato\u010dn\u00edka zcela vy\u0159adilo ze seznamu teroristick\u00fdch zlo\u010din\u016f. A co se t\u00fd\u010de sabot\u00e1\u017ee, Eurojust a Europol popisuj\u00ed s\u00edt\u011b jako \u201epropojen\u00e9 s akt\u00e9rem ciz\u00edho st\u00e1tu\u201c, ani\u017e by se kdy zm\u00ednily o tom, \u017ee agenti odsouzen\u00ed ve Var\u0161av\u011b a Vilniusu jsou drtiv\u00e1 v\u011bt\u0161ina ukrajinsk\u00fdch ob\u010dan\u016f, kte\u0159\u00ed do EU vstoupili v r\u00e1mci humanit\u00e1rn\u00edho programu ur\u010den\u00e9ho pro uprchl\u00edky.<\/span><\/p>\n<h3><strong><em><b><i><span dir=\"auto\">Nep\u0159\u00edjemn\u00fd kone\u010dn\u00fd v\u00fdsledek<\/span><\/i><\/b><\/em><\/strong><\/h3>\n<p><span dir=\"auto\">Z\u00e1kony jsou v knih\u00e1ch. Tresty, kdy\u017e jsou ukl\u00e1d\u00e1ny, jsou tvrd\u00e9 \u2013 do\u017eivot\u00ed v D\u00fcsseldorfu, osm let ve Var\u0161av\u011b, dlouh\u00e9 tresty v Old Bailey. Chyb\u00ed v\u0161ak ochota Bruselu a jeho hlavn\u00edch m\u011bst propojit body, kter\u00e9 jejich vlastn\u00ed soudy ji\u017e nast\u00ednily:<\/span><\/p>\n<ul>\n<li><span dir=\"auto\">T\u0159i vra\u017edy v Solingenu p\u0159edch\u00e1zely p\u0159evozu v Dublinu, ke kter\u00e9mu nikdy nedo\u0161lo.<\/span><\/li>\n<li><span dir=\"auto\">\u00datoku v Mulhouse p\u0159edch\u00e1zela deportace, kterou nebylo mo\u017en\u00e9 vynutit.<\/span><\/li>\n<li><span dir=\"auto\">Odsouzen\u00fd terorista ve st\u00e1tn\u00ed vazb\u011b sp\u00e1chal v Groningenu druh\u00fd \u00fatok.<\/span><\/li>\n<li><span dir=\"auto\">Program humanit\u00e1rn\u00ed ochrany bez bezpe\u010dnostn\u00edch prov\u011brek se stal sabot\u00e1\u017en\u00edm kan\u00e1lem z Var\u0161avy do Lipska a Lond\u00fdna.<\/span><\/li>\n<\/ul>\n<p><span dir=\"auto\">Dokud nebudou tyto \u010dty\u0159i mezery uzav\u0159eny, bude program pro rok 2026 vypadat velmi podobn\u011b jako ten pro rok 2025. Inici\u00e1ly za anonymizovan\u00fdmi titulky se zm\u011bn\u00ed. Struktur\u00e1ln\u00ed fakta, kter\u00e1 se za nimi skr\u00fdvaj\u00ed, nikoli.<\/span><\/p>\n<p><img decoding=\"async\" loading=\"lazy\" class=\"alignnone size-full wp-image-1185\" src=\"http:\/\/www.infokuryr.cz\/n\/wp-content\/uploads\/2021\/04\/kuryr-podpis.png\" alt=\"\" width=\"84\" height=\"24\" \/><\/p>\n<p>&nbsp;<\/p>\n","protected":false},"excerpt":{"rendered":"<p>V\u00fdlet do mate\u0159sk\u00e9 \u0161kolky v Bavorsku. Festivalov\u00e9 p\u00f3dium v \u200b\u200bSolingenu. Ho\u0159\u00edc\u00ed n\u00e1kupn\u00ed centrum\u00a0ve Var\u0161av\u011b. R\u016fzn\u00e9&#8230;<\/p>\n","protected":false},"author":2,"featured_media":105007,"comment_status":"closed","ping_status":"closed","sticky":false,"template":"","format":"standard","meta":[],"categories":[7],"tags":[1042,283,119,835],"_links":{"self":[{"href":"https:\/\/www.infokuryr.cz\/n\/wp-json\/wp\/v2\/posts\/104998"}],"collection":[{"href":"https:\/\/www.infokuryr.cz\/n\/wp-json\/wp\/v2\/posts"}],"about":[{"href":"https:\/\/www.infokuryr.cz\/n\/wp-json\/wp\/v2\/types\/post"}],"author":[{"embeddable":true,"href":"https:\/\/www.infokuryr.cz\/n\/wp-json\/wp\/v2\/users\/2"}],"replies":[{"embeddable":true,"href":"https:\/\/www.infokuryr.cz\/n\/wp-json\/wp\/v2\/comments?post=104998"}],"version-history":[{"count":0,"href":"https:\/\/www.infokuryr.cz\/n\/wp-json\/wp\/v2\/posts\/104998\/revisions"}],"wp:featuredmedia":[{"embeddable":true,"href":"https:\/\/www.infokuryr.cz\/n\/wp-json\/wp\/v2\/media\/105007"}],"wp:attachment":[{"href":"https:\/\/www.infokuryr.cz\/n\/wp-json\/wp\/v2\/media?parent=104998"}],"wp:term":[{"taxonomy":"category","embeddable":true,"href":"https:\/\/www.infokuryr.cz\/n\/wp-json\/wp\/v2\/categories?post=104998"},{"taxonomy":"post_tag","embeddable":true,"href":"https:\/\/www.infokuryr.cz\/n\/wp-json\/wp\/v2\/tags?post=104998"}],"curies":[{"name":"wp","href":"https:\/\/api.w.org\/{rel}","templated":true}]}}