{"id":104990,"date":"2026-04-21T00:12:11","date_gmt":"2026-04-20T22:12:11","guid":{"rendered":"https:\/\/www.infokuryr.cz\/n\/?p=104990"},"modified":"2026-04-20T08:13:28","modified_gmt":"2026-04-20T06:13:28","slug":"exploze-cen-potravin-je-nevyhnutelna","status":"publish","type":"post","link":"https:\/\/www.infokuryr.cz\/n\/2026\/04\/21\/exploze-cen-potravin-je-nevyhnutelna\/","title":{"rendered":"\u201eExploze cen potravin je nevyhnuteln\u00e1\u201c"},"content":{"rendered":"<div id=\"fb-root\"><\/div>\n<div class=\"elementor-element elementor-element-1fb4c2c elementor-widget elementor-widget-theme-post-content\" data-id=\"1fb4c2c\" data-element_type=\"widget\" data-e-type=\"widget\" data-widget_type=\"theme-post-content.default\">\n<div class=\"elementor-widget-container\">\n<p><strong><span dir=\"auto\">Mark van den Oever bije na poplach<\/span><\/strong><\/p>\n<p><span dir=\"auto\">Ceny potravin kv\u016fli v\u00e1lce na Bl\u00edzk\u00e9m v\u00fdchod\u011b prudce vzrostou, p\u0159edpov\u00edd\u00e1 Mark van den Oever. Podle p\u0159edsedy Farmers Defense Force je to nevyhnuteln\u00fd d\u016fsledek vysok\u00fdch cen pohonn\u00fdch hmot a hnojiv. Domn\u00edv\u00e1 se, \u017ee nizozemsk\u00e9 obyvatelstvo a farm\u00e1\u0159i \u2013 stejn\u011b jako v Irsku \u2013 by m\u011bli po\u017eadovat, aby vl\u00e1da sn\u00ed\u017eila spot\u0159ebn\u00ed dan\u011b, ale m\u00e1 malou nad\u011bji, \u017ee se tak stane. \u201eOby\u010dejn\u00ed lid\u00e9 jsou rozd\u011bleni do morku kost\u00ed.\u201c<\/span><\/p>\n<p><span dir=\"auto\">V\u00e1lka na Bl\u00edzk\u00e9m v\u00fdchod\u011b a blok\u00e1da Hormuzsk\u00e9ho pr\u016flivu, kter\u00e1 trv\u00e1 ji\u017e \u0161est t\u00fddn\u016f, vedly nejen k prudk\u00e9mu n\u00e1r\u016fstu cen pohonn\u00fdch hmot, ale tak\u00e9 k v\u00fdrazn\u00e9mu zv\u00fd\u0161en\u00ed n\u00e1klad\u016f na benz\u00edn a hnojiva. Cena mo\u010dovinov\u00e9ho hnojiva vzrostla dokonce o 50 procent. Podle Marka van den Oevera ze skupiny Farmers Defence Force, kter\u00e1 se zab\u00fdv\u00e1 prosazov\u00e1n\u00edm z\u00e1jm\u016f farm\u00e1\u0159\u016f, v\u0161echna tato zv\u00fd\u0161en\u00ed cen zp\u016fsob\u00ed prudk\u00fd n\u00e1r\u016fst cen potravin v p\u0159\u00ed\u0161t\u00edm roce. V ned\u00e1vn\u00e9m vlogu na YouTube kan\u00e1lu Farmers Defence Force hovo\u0159\u00ed o \u201eexplozivn\u00edm n\u00e1r\u016fstu cen\u201c.<\/span><\/p>\n<p><span dir=\"auto\">Jeho p\u0159edpov\u011b\u010f potvrzuje i nejnov\u011bj\u0161\u00ed zpr\u00e1va o spot\u0159ebitelsk\u00fdch potravin\u00e1ch od Rabobank Research, znalostn\u00edho centra Rabobank. Zpr\u00e1va zve\u0159ejn\u011bn\u00e1 3. dubna uv\u00e1d\u00ed, \u017ee vy\u0161\u0161\u00ed ceny paliv, energie a hnojiv \u201epovedou v roce 2027 k inflaci cen potravin o 5 a\u017e 10 procent\u201c. Podle Van den Oevera je to p\u0159\u00edli\u0161 optimistick\u00e9. \u201eCeny potravin pravd\u011bpodobn\u011b vzrostou o 20 procent, ale stejn\u011b tak by to mohlo b\u00fdt o 30 procent, proto\u017ee zvy\u0161ov\u00e1n\u00ed cen prostupuje v\u0161emi \u010dl\u00e1nky potravinov\u00e9ho dodavatelsk\u00e9ho \u0159et\u011bzce.\u201c<\/span><\/p>\n<p><span dir=\"auto\">Varov\u00e1n\u00ed p\u0159ed prudk\u00fdm r\u016fstem cen potravin nav\u00edc nyn\u00ed dost\u00e1vaj\u00ed podporu od zaveden\u00e9ho finan\u010dn\u00edho sektoru. V\u00fdzkumn\u00e9 odd\u011blen\u00ed Rabobank, jedn\u00e9 z p\u0159edn\u00edch evropsk\u00fdch zem\u011bd\u011blsk\u00fdch bank, ve sv\u00e9 nejnov\u011bj\u0161\u00ed anal\u00fdze o\u010dek\u00e1v\u00e1, \u017ee energetick\u00e1 krize zp\u016fsoben\u00e1 v\u00e1lkou na Bl\u00edzk\u00e9m v\u00fdchod\u011b pln\u011b ovlivn\u00ed supermarkety a restaurace nejpozd\u011bji do konce roku 2026. RaboResearch o\u010dek\u00e1v\u00e1 inflaci cen potravin v roce 2027 ve v\u00fd\u0161i p\u0159ibli\u017en\u011b 7 procent \u2013 \u200b\u200ba v p\u0159\u00edpad\u011b z\u00e1va\u017en\u011bj\u0161\u00edch sc\u00e9n\u00e1\u0159\u016f dokonce v\u00fdrazn\u011b vy\u0161\u0161\u00ed. (\u00a0<\/span><a href=\"https:\/\/www.rabobank.nl\/kennis\/d011521010-hogere-energieprijzen-zorgen-voor-duurdere-boodschappen\" target=\"_blank\" rel=\"noreferrer noopener\"><span dir=\"auto\">Rabobank<\/span><\/a><span dir=\"auto\">\u00a0)<\/span><\/p>\n<p><span dir=\"auto\">Vysv\u011btlen\u00ed je obzvl\u00e1\u0161t\u011b alarmuj\u00edc\u00ed: prob\u00edhaj\u00edc\u00ed naru\u0161en\u00ed dod\u00e1vek v okol\u00ed Hormuzsk\u00e9ho pr\u016flivu masivn\u011b zv\u00fd\u0161ilo ceny ropy, plynu a nafty. Podle Rabobank je ropa Brent nyn\u00ed zhruba o 60 procent vy\u0161\u0161\u00ed ne\u017e p\u0159ed konfliktem a ceny plynu jsou dokonce o 70 procent vy\u0161\u0161\u00ed. Tyto n\u00e1klady nejprve ovliv\u0148uj\u00ed dopravu, chlazen\u00ed, v\u00fdrobu hnojiv, sklen\u00edky a zpracov\u00e1n\u00ed \u2013 a s \u010dasov\u00fdm zpo\u017ed\u011bn\u00edm kon\u010d\u00ed p\u0159\u00edmo na \u00fa\u010dtech spot\u0159ebitel\u016f.<\/span><\/p>\n<p><span dir=\"auto\">To potvrzuje varov\u00e1n\u00ed Marka van den Oevera, kter\u00fd ji\u017e d\u0159\u00edve varoval p\u0159ed \u201eexplozivn\u00edm n\u00e1r\u016fstem cen\u201c. Zat\u00edmco Rabobank st\u00e1le o\u010dek\u00e1v\u00e1 pr\u016fm\u011brn\u00fd n\u00e1r\u016fst o 5 a\u017e 10 procent, z\u00e1stupce zem\u011bd\u011blc\u016f pova\u017euje n\u00e1r\u016fst cen o 20 a\u017e 30 procent za realistick\u00fd, proto\u017ee n\u00e1r\u016fst cen se prod\u00edr\u00e1 v\u0161emi f\u00e1zemi potravinov\u00e9ho \u0159et\u011bzce \u2013 od pole p\u0159es skladov\u00e1n\u00ed a logistiku a\u017e po reg\u00e1ly supermarket\u016f.<\/span><\/p>\n<p><span dir=\"auto\">Obzvl\u00e1\u0161t\u011b znepokojiv\u00e9: Podle Rabobank je mnoho dom\u00e1cnost\u00ed ji\u017e na hranici sv\u00fdch mo\u017enost\u00ed. Po letech vysok\u00e9 inflace jsou potraviny v Nizozemsku ji\u017e o 33 procent dra\u017e\u0161\u00ed ne\u017e na za\u010d\u00e1tku roku 2021. Dal\u0161\u00ed r\u016fst cen by mohl znamenat, \u017ee spot\u0159ebitel\u00e9 ji\u017e nebudou moci p\u0159ej\u00edt na levn\u011bj\u0161\u00ed alternativy, ale jednodu\u0161e nakupovat m\u00e9n\u011b.<\/span><\/p>\n<p><span dir=\"auto\">To, co se v sou\u010dasnosti d\u011bje na Bl\u00edzk\u00e9m v\u00fdchod\u011b, by se brzy mohlo ocitnout v n\u00e1kupn\u00edch ko\u0161\u00edc\u00edch Evropy. V\u00e1lka o energii a n\u00e1mo\u0159n\u00ed trasy hroz\u00ed, \u017ee se zvrhne ve v\u00e1lku proti kupn\u00ed s\u00edle.<\/span><\/p>\n<p><strong><em><span dir=\"auto\">Bert Weteringe<\/span><\/em><\/strong><\/p>\n<\/div>\n<\/div>\n<div class=\"elementor-element elementor-element-8c57238 quelle dc-has-condition dc-condition-empty elementor-widget elementor-widget-heading\" data-id=\"8c57238\" data-element_type=\"widget\" data-e-type=\"widget\" data-widget_type=\"heading.default\">\n<div class=\"elementor-widget-container\">\n<h3 class=\"elementor-heading-title elementor-size-default\"><span style=\"font-size: 10pt;\"><a href=\"https:\/\/deanderekrant.nl\/explosie-voedselprijzen-onvermijdelijk\/\" target=\"_blank\" rel=\"nofollow noopener\"><span dir=\"auto\">Zdroj<\/span><\/a><\/span><\/h3>\n<p>&nbsp;<\/p>\n<\/div>\n<\/div>\n","protected":false},"excerpt":{"rendered":"<p>Mark van den Oever bije na poplach Ceny potravin kv\u016fli v\u00e1lce na Bl\u00edzk\u00e9m v\u00fdchod\u011b prudce&#8230;<\/p>\n","protected":false},"author":2,"featured_media":83148,"comment_status":"closed","ping_status":"closed","sticky":false,"template":"","format":"standard","meta":[],"categories":[7],"tags":[1907,371,750],"_links":{"self":[{"href":"https:\/\/www.infokuryr.cz\/n\/wp-json\/wp\/v2\/posts\/104990"}],"collection":[{"href":"https:\/\/www.infokuryr.cz\/n\/wp-json\/wp\/v2\/posts"}],"about":[{"href":"https:\/\/www.infokuryr.cz\/n\/wp-json\/wp\/v2\/types\/post"}],"author":[{"embeddable":true,"href":"https:\/\/www.infokuryr.cz\/n\/wp-json\/wp\/v2\/users\/2"}],"replies":[{"embeddable":true,"href":"https:\/\/www.infokuryr.cz\/n\/wp-json\/wp\/v2\/comments?post=104990"}],"version-history":[{"count":0,"href":"https:\/\/www.infokuryr.cz\/n\/wp-json\/wp\/v2\/posts\/104990\/revisions"}],"wp:featuredmedia":[{"embeddable":true,"href":"https:\/\/www.infokuryr.cz\/n\/wp-json\/wp\/v2\/media\/83148"}],"wp:attachment":[{"href":"https:\/\/www.infokuryr.cz\/n\/wp-json\/wp\/v2\/media?parent=104990"}],"wp:term":[{"taxonomy":"category","embeddable":true,"href":"https:\/\/www.infokuryr.cz\/n\/wp-json\/wp\/v2\/categories?post=104990"},{"taxonomy":"post_tag","embeddable":true,"href":"https:\/\/www.infokuryr.cz\/n\/wp-json\/wp\/v2\/tags?post=104990"}],"curies":[{"name":"wp","href":"https:\/\/api.w.org\/{rel}","templated":true}]}}