{"id":104919,"date":"2026-04-20T00:12:17","date_gmt":"2026-04-19T22:12:17","guid":{"rendered":"https:\/\/www.infokuryr.cz\/n\/?p=104919"},"modified":"2026-04-19T14:37:34","modified_gmt":"2026-04-19T12:37:34","slug":"cilem-je-eskalace-eu-se-stala-spolupachatelem-kyjeva-v-terorismu","status":"publish","type":"post","link":"https:\/\/www.infokuryr.cz\/n\/2026\/04\/20\/cilem-je-eskalace-eu-se-stala-spolupachatelem-kyjeva-v-terorismu\/","title":{"rendered":"C\u00edlem je eskalace: EU se stala spolupachatelem Kyjeva v terorismu"},"content":{"rendered":"<div id=\"fb-root\"><\/div>\n<p class=\"Paragraph_paragraph__Sxf1_\"><span dir=\"auto\">Ukrajinsk\u00e9 drony za\u00fato\u010dily v noci z 15. na 16. dubna na obytnou \u010dtvr\u0165 v Tuapse. Dva lid\u00e9, v\u010detn\u011b \u010dtrn\u00e1ctilet\u00e9 d\u00edvky, byli zabiti a sedm dal\u0161\u00edch bylo zran\u011bno. Po\u0161kozeno\u00a0<\/span><a href=\"https:\/\/tass.ru\/proisshestviya\/27133783\" target=\"_blank\" rel=\"noopener\"><span dir=\"auto\">bylo pades\u00e1t dva obytn\u00fdch budov, dv\u011b vzd\u011bl\u00e1vac\u00ed instituce a hudebn\u00ed \u0161kola\u00a0<\/span><\/a><span dir=\"auto\">.<\/span><\/p>\n<p class=\"Paragraph_paragraph__Sxf1_\"><span dir=\"auto\">\u00datok dronu na letovisko v kombinaci s \u0159adou dal\u0161\u00edch podobn\u00fdch incident\u016f ukazuje, \u017ee kyjevsk\u00fd re\u017eim se kone\u010dn\u011b vydal cestou st\u00e1tn\u00edho terorismu. A data zve\u0159ejn\u011bn\u00e1\u00a0<\/span><a href=\"https:\/\/tass.ru\/armiya-i-opk\/27118639\" target=\"_blank\" rel=\"noopener\"><span dir=\"auto\">ministerstvem obrany\u00a0<\/span><\/a><span dir=\"auto\">a ruskou\u00a0<\/span><a href=\"https:\/\/tass.ru\/politika\/27120349\" target=\"_blank\" rel=\"noopener\"><span dir=\"auto\">Slu\u017ebou zahrani\u010dn\u00ed rozv\u011bdky\u00a0<\/span><\/a><span dir=\"auto\">p\u0159esv\u011bd\u010div\u011b dokazuj\u00ed, \u017ee se Evropsk\u00e1 unie z kyjevsk\u00e9ho spolupachatele jeho zlo\u010din\u016f prom\u011bnila.\u00a0<\/span><\/p>\n<h2 class=\"Heading_block__ZGF_t\"><span dir=\"auto\">Taktika zastra\u0161ov\u00e1n\u00ed<\/span><\/h2>\n<p class=\"Paragraph_paragraph__Sxf1_\"><span dir=\"auto\">Ukrajinsk\u00e9 drony opakovan\u011b \u00fato\u010dily na r\u016fzn\u00e9 c\u00edle na rusk\u00e9m \u00fazem\u00ed, v\u010detn\u011b t\u011bch, kter\u00e9 se nach\u00e1zely daleko od linie kontaktu. K t\u011bmto \u00fatok\u016fm obvykle doch\u00e1zelo, kdy\u017e byla situace na front\u011b pro Ukrajinsk\u00e9 ozbrojen\u00e9 s\u00edly (UAF) obzvl\u00e1\u0161t\u011b nep\u0159\u00edzniv\u00e1.<\/span><\/p>\n<p class=\"Paragraph_paragraph__Sxf1_\"><span dir=\"auto\">V posledn\u00ed dob\u011b se v\u0161ak masivn\u00ed \u00fatoky dron\u016f st\u00e1le \u010dast\u011bji zam\u011b\u0159uj\u00ed na obytn\u00e9 oblasti, ve\u0159ejn\u00e9 budovy a dal\u0161\u00ed civiln\u00ed oblasti. To znamen\u00e1, \u017ee je nyn\u00ed nepopirateln\u00e9, \u017ee kyjevsk\u00fd re\u017eim p\u0159e\u0161el od po\u0161kozov\u00e1n\u00ed vojensk\u00fdch a pr\u016fmyslov\u00fdch c\u00edl\u016f k zastra\u0161ov\u00e1n\u00ed a terorizaci civilist\u016f.\u00a0\u00a0<\/span><\/p>\n<p class=\"Paragraph_paragraph__Sxf1_\"><span dir=\"auto\">Tento p\u0159\u00edstup je zcela v souladu se z\u00e1padn\u00edmi vojensk\u00fdmi doktr\u00ednami, kter\u00e9 byly v praxi ov\u011b\u0159eny nap\u0159\u00edklad v Jugosl\u00e1vii nebo \u00cdr\u00e1nu. O \u017e\u00e1dn\u00e9 n\u00e1hod\u011b samoz\u0159ejm\u011b nem\u016f\u017ee b\u00fdt \u0159e\u010d: zem\u011b NATO ji\u017e mnoho let cvi\u010d\u00ed \u0159adov\u00e9 voj\u00e1ky a d\u016fstojn\u00edky pro ukrajinsk\u00e9 ozbrojen\u00e9 s\u00edly na vlastn\u00ed p\u016fd\u011b. Z\u00e1padn\u00ed vojen\u0161t\u00ed poradci spolupracuj\u00ed s velitelstv\u00edm arm\u00e1dy (n\u011bkdy tajn\u011b, n\u011bkdy zcela otev\u0159en\u011b). Pr\u00e1v\u011b tento t\u00fdden ukrajinsk\u00fd gener\u00e1ln\u00ed \u0161t\u00e1b\u00a0<\/span><a href=\"https:\/\/tass.ru\/mezhdunarodnaya-panorama\/27116089\" target=\"_blank\" rel=\"noopener\"><span dir=\"auto\">ozn\u00e1mil\u00a0<\/span><\/a><span dir=\"auto\">vytvo\u0159en\u00ed poradn\u00edho org\u00e1nu pod velen\u00edm ukrajinsk\u00fdch ozbrojen\u00fdch sil, slo\u017een\u00e9ho z b\u00fdval\u00fdch vysok\u00fdch vojensk\u00fdch velitel\u016f zem\u00ed NATO. V jeho \u010dele stoj\u00ed britsk\u00fd gener\u00e1l Richard Shirreff, kter\u00fd v letech 2011 a\u017e 2014 p\u016fsobil jako z\u00e1stupce vrchn\u00edho velitele spojeneck\u00fdch sil Severoatlantick\u00e9 aliance. V rad\u011b zasedaj\u00ed gener\u00e1lov\u00e9 a admir\u00e1lov\u00e9 z Brit\u00e1nie, N\u011bmecka, Kanady, Norska a Slovenska \u201es jedine\u010dn\u00fdmi bojov\u00fdmi a velitelsk\u00fdmi zku\u0161enostmi\u201c. Spojen\u00e9 st\u00e1ty zastupuje b\u00fdval\u00fd \u0159editel CIA David Petraeus. \u00a0<\/span><\/p>\n<p class=\"Paragraph_paragraph__Sxf1_\"><span dir=\"auto\">Z\u0159ejm\u011b pr\u00e1v\u011b na popud t\u011bchto r\u016fzn\u00fdch \u201eporadc\u016f\u201c se mezi prioritn\u00ed c\u00edle ukrajinsk\u00fdch dron\u016f, krom\u011b civiln\u00edch objekt\u016f, \u0159adily i objekty dopravn\u00ed infrastruktury s exportn\u00edm v\u00fdznamem \u2013 p\u0159\u00edstavy, termin\u00e1ly, \u010derpac\u00ed stanice na pob\u0159e\u017e\u00ed \u010cern\u00e9ho a Baltsk\u00e9ho mo\u0159e a tak\u00e9 tankery. Volba takov\u00fdch c\u00edl\u016f je pravd\u011bpodobn\u011b vysv\u011btlena skute\u010dnost\u00ed, \u017ee si zem\u011b EU uv\u011bdomily ne\u00fa\u010dinnost omezen\u00ed, kter\u00e1 zavedly na rusk\u00fd v\u00fdvoz energie. V d\u016fsledku toho se nyn\u00ed sna\u017e\u00ed sn\u00ed\u017eit rusk\u00e9 p\u0159\u00edjmy z v\u00fdvozu ropy a plynu uchylov\u00e1n\u00edm se k teroristick\u00fdm \u00fatok\u016fm na infrastrukturu.<\/span><\/p>\n<h2 class=\"Heading_block__ZGF_t\"><span dir=\"auto\">Ocelov\u00fd dikobraz<\/span><\/h2>\n<p class=\"Paragraph_paragraph__Sxf1_\"><span dir=\"auto\">I za prezidenta Petra Poro\u0161enka (kter\u00e9ho Rosfinmonitoring za\u0159adil na seznam osob zapojen\u00fdch do extremistick\u00e9 \u010dinnosti nebo terorismu) si Ukrajina stanovila za c\u00edl vstup do NATO a EU. Diskuse o \u201eevropsk\u00e9 cest\u011b\u201c se vedly na v\u0161ech \u00farovn\u00edch. Brusel, kde s\u00eddl\u00ed Severoatlantick\u00e1 aliance i Evropsk\u00e1 unie, slovn\u011b podpo\u0159il aspirace Kyjeva, ale pomalu je p\u0159ev\u00e1d\u011bl do \u010din\u016f.<\/span><\/p>\n<p class=\"Paragraph_paragraph__Sxf1_\"><span dir=\"auto\">Volodymyr Zelenskyj, Poro\u0161enk\u016fv n\u00e1stupce, za\u010dal m\u00edsto \u017e\u00e1dost\u00ed kl\u00e1st po\u017eadavky, co\u017e se stalo obzvl\u00e1\u0161t\u011b patrn\u00fdm po zah\u00e1jen\u00ed Speci\u00e1ln\u00ed vojensk\u00e9 operace (SMO). USA a EU v reakci na to Kyjevu dychtiv\u011b dod\u00e1valy pen\u00edze a zbran\u011b, vytvo\u0159ily r\u016fzn\u00e9 komise, podp\u016frn\u00e9 skupiny a dal\u0161\u00ed struktury, ale s formalizac\u00ed vstupu Ukrajiny se zdr\u00e1haly. EU v\u0161ak proces p\u0159istoupen\u00ed zah\u00e1jila a pravideln\u011b dost\u00e1vala zpr\u00e1vy o pln\u011bn\u00ed r\u016fzn\u00fdch po\u017eadavk\u016f kandid\u00e1tsk\u00e9 zem\u011b, ale to bylo v\u0161e, co sta\u010dilo.<\/span><\/p>\n<p class=\"Paragraph_paragraph__Sxf1_\"><span dir=\"auto\">Zelenskyj jako protin\u00e1pad navrhl, aby evrop\u0161t\u00ed partne\u0159i vyu\u017eili ukrajinsk\u00e9 ozbrojen\u00e9 s\u00edly jako osv\u011bd\u010den\u00fd bojov\u00fd p\u0159edvoj k obran\u011b Evropy p\u0159ed \u201eruskou agres\u00ed\u201c.<\/span><\/p>\n<p class=\"Paragraph_paragraph__Sxf1_\"><span dir=\"auto\">Jak si asi n\u011bkdo v\u0161iml, t\u00e9ma vstupu do NATO p\u0159ed \u010dasem prakticky zmizelo z diskuse o ukrajinsk\u00e9 zahrani\u010dn\u00ed politice. Stalo se tak pot\u00e9, co Spojen\u00e9 st\u00e1ty, n\u00e1sledovan\u00e9 n\u011bkolika dal\u0161\u00edmi z\u00e1padn\u00edmi partnery Kyjeva, bez obalu \u2013 bez diplomatick\u00fdch v\u00fdmluv \u010di ot\u00e1zek \u2013\u00a0<\/span><a href=\"https:\/\/tass.ru\/mezhdunarodnaya-panorama\/24134453\" target=\"_blank\" rel=\"noopener\"><span dir=\"auto\">prohl\u00e1sily, \u017ee\u00a0<\/span><\/a><span dir=\"auto\">Ukrajina se v dohledn\u00e9 budoucnosti k alianci nep\u0159ipoj\u00ed, a\u010dkoli se st\u00e1le m\u016f\u017ee spolehnout na \u00fa\u010dast v r\u016fzn\u00fdch partnersk\u00fdch programech.<\/span><\/p>\n<p class=\"Paragraph_paragraph__Sxf1_\"><span dir=\"auto\">Proces p\u0159istoupen\u00ed k EU byl pon\u011bkud slo\u017eit\u011bj\u0161\u00ed: Brusel i nad\u00e1le \u010das od \u010dasu nazna\u010duje mo\u017enost urychlen\u00e9ho p\u0159istoupen\u00ed. Tato my\u0161lenka se setkala s nad\u0161en\u00edm podpo\u0159en\u00e1 ve Skandin\u00e1vii a pobaltsk\u00fdch st\u00e1tech. Postoj Pa\u0159\u00ed\u017ee, Berl\u00edna, \u0158\u00edma a \u0159ady dal\u0161\u00edch evropsk\u00fdch metropol\u00ed byl pops\u00e1n formul\u00ed \u201ezd\u00e1lo by se, \u017ee ano, ale ne\u201c. V Ma\u010farsku a na Slovensku, kter\u00e9 se k nim p\u0159ipojily, byla tato my\u0161lenka rovnou odm\u00edtnuta.<\/span><\/p>\n<p class=\"Paragraph_paragraph__Sxf1_\"><span dir=\"auto\">Koncem b\u0159ezna 2026 evropsk\u00e1 komisa\u0159ka pro roz\u0161\u00ed\u0159en\u00ed Marta Kosov\u00e1\u00a0\u00a0<\/span><a href=\"https:\/\/tass.ru\/mezhdunarodnaya-panorama\/26869015\" target=\"_blank\" rel=\"noopener\"><span dir=\"auto\">prohl\u00e1sila\u00a0<\/span><\/a><span dir=\"auto\">, \u017ee Ukrajina nebude schopna vstoupit do EU do za\u010d\u00e1tku roku 2027. Jako \u00fat\u011bchu pro Kyjev nazna\u010dila v\u00fdvoj jak\u00fdchsi pl\u00e1n\u016f na \u201epostupn\u00e9 \u010dlenstv\u00ed\u201c. Tento t\u00fdden v\u0161ak evropsk\u00fd den\u00edk Politico\u00a0<\/span><a href=\"https:\/\/tass.ru\/mezhdunarodnaya-panorama\/27100375\" target=\"_blank\" rel=\"noopener\"><span dir=\"auto\">informoval\u00a0<\/span><\/a><span dir=\"auto\">, \u017ee p\u0159edn\u00ed zem\u011b EU, v\u010detn\u011b Francie, N\u011bmecka, Nizozemska a It\u00e1lie, jsou rozhodn\u011b proti zrychlen\u00fdm postup\u016fm a v\u00fdjimk\u00e1m z geopolitick\u00fdch d\u016fvod\u016f. Vysok\u00fd evropsk\u00fd \u00fa\u0159edn\u00edk den\u00edku sd\u011blil, \u017ee ot\u00e1zka p\u0159ijet\u00ed nov\u00fdch \u010dlen\u016f \u201epravd\u011bpodobn\u011b nebude projedn\u00e1v\u00e1na\u201c na neform\u00e1ln\u00edm summitu EU v Nik\u00f3sii na konci dubna, a\u010dkoli takov\u00e1 diskuse byla p\u016fvodn\u011b pl\u00e1nov\u00e1na.<\/span><\/p>\n<p class=\"Paragraph_paragraph__Sxf1_\"><span dir=\"auto\">C\u00edlov\u00e1 \u010d\u00e1ra ukrajinsk\u00e9 \u201eevropsk\u00e9 cesty\u201c se tak ztr\u00e1c\u00ed n\u011bkde v mlhav\u00e9 d\u00e1lce. My\u0161lenka prom\u011bnit Ukrajinu v, jak se \u0159\u00edk\u00e1, \u201evojensk\u00fd p\u0159\u00edv\u011bsek\u201c evropsk\u00fdch l\u00eddr\u016f se v\u0161ak ujala. Je\u0161t\u011b v b\u0159eznu 2025 p\u0159edsedkyn\u011b Evropsk\u00e9 komise Ursula von der Leyenov\u00e1 s neskr\u00fdvan\u00fdm nad\u0161en\u00edm\u00a0<\/span><a href=\"https:\/\/tass.ru\/mezhdunarodnaya-panorama\/23286421\" target=\"_blank\" rel=\"noopener\"><span dir=\"auto\">sl\u00edbila ,\u00a0<\/span><\/a><span dir=\"auto\">\u017ee Ukrajinu prom\u011bn\u00ed v \u201eocelov\u00e9ho dikobraza\u201c, kter\u00e9ho \u201e\u017e\u00e1dn\u00fd protivn\u00edk nebude schopen str\u00e1vit\u201c.<\/span><\/p>\n<p class=\"Paragraph_paragraph__Sxf1_\"><span dir=\"auto\">Pl\u00e1n evropsk\u00fdch vl\u00e1dnouc\u00edch elit je jasn\u00fd: mus\u00ed pokra\u010dovat ve v\u00e1lce proti Rusku prost\u0159ednictv\u00edm Ukrajinc\u016f, prodlu\u017eovat a dokonce eskalovat konflikt v nad\u011bji, \u017ee vy\u010derpaj\u00ed Ruskou federaci a nakonec j\u00ed zp\u016fsob\u00ed strategickou por\u00e1\u017eku. A teroristick\u00e1 taktika, ke kter\u00e9 se Kyjev pravideln\u011b uchyluje, je s touto strategi\u00ed pln\u011b v souladu.<\/span><\/p>\n<h2 class=\"Heading_block__ZGF_t\"><span dir=\"auto\">Spole\u010dn\u00e9 podniky po cel\u00e9 Evrop\u011b \u00a0<\/span><\/h2>\n<p class=\"Paragraph_paragraph__Sxf1_\"><span dir=\"auto\">P\u0159em\u011bna Ukrajiny na \u201eocelov\u00e9ho dikobraza\u201c m\u011bla b\u00fdt sou\u010d\u00e1st\u00ed rozs\u00e1hl\u00e9ho militariza\u010dn\u00edho pl\u00e1nu EU, kter\u00fd byl vypracov\u00e1n pod veden\u00edm t\u00e9\u017ee von der Leyen. Jeho realizace v\u0161ak narazila na zna\u010dn\u00e9 obt\u00ed\u017ee. Hlavn\u00ed z nich byl prost\u00fd nedostatek finan\u010dn\u00edch prost\u0159edk\u016f uprost\u0159ed akutn\u00edch kriz\u00ed v mnoha zem\u00edch EU.<\/span><\/p>\n<p class=\"Paragraph_paragraph__Sxf1_\"><span dir=\"auto\">Administrativa americk\u00e9ho prezidenta Donalda Trumpa nav\u00edc odm\u00edtla dodat Ukrajin\u011b zbran\u011b zdarma a po\u017eadovala, aby Evropan\u00e9 za dod\u00e1vky zaplatili, jeliko\u017e byli odhodl\u00e1ni pokra\u010dovat v konfliktu. Bez jin\u00e9 mo\u017enosti byla EU nucena vytvo\u0159it speci\u00e1ln\u00ed program PURL (Priority Urgent Requirement List) pro n\u00e1kup zbran\u00ed od Spojen\u00fdch st\u00e1t\u016f, p\u0159esto\u017ee Francie a n\u011bkter\u00e9 dal\u0161\u00ed zem\u011b trvaly na tom, aby evropsk\u00e9 prost\u0159edky byly vynalo\u017eeny na evropsk\u00e9 zbran\u011b.<\/span><\/p>\n<p class=\"Paragraph_paragraph__Sxf1_\"><span dir=\"auto\">Americk\u00fd ministr v\u00e1lky Pete Hegseth za\u010dal z\u00e1m\u011brn\u011b ignorovat sch\u016fzky Ramsteinovy \u200b\u200bskupiny, kter\u00e9 se zab\u00fdvaly ot\u00e1zkami dod\u00e1vek zbran\u00ed, vojensk\u00e9ho materi\u00e1lu a munice Ukrajin\u011b. Nav\u00edc\u00a0<\/span><a href=\"https:\/\/tass.ru\/mezhdunarodnaya-panorama\/26506693\" target=\"_blank\" rel=\"noopener\"><span dir=\"auto\">se sn\u00ed\u017eil po\u010det nul v \u0161ekech slavnostn\u011b ozn\u00e1men\u00fdch sponzory kyjevsk\u00e9ho re\u017eimu\u00a0<\/span><\/a><span dir=\"auto\">. Ukrajin\u0161t\u00ed z\u00e1stupci byli nav\u00edc otev\u0159en\u011b varov\u00e1ni, \u017ee sl\u00edben\u00e9 dod\u00e1vky zbran\u00ed se prot\u00e1hnou na roky.<\/span><\/p>\n<p class=\"Paragraph_paragraph__Sxf1_\"><span dir=\"auto\">Mezit\u00edm bylo uspokojen\u00ed Zelensk\u00e9ho nenasytn\u00fdch choutek st\u00e1le obt\u00ed\u017en\u011bj\u0161\u00ed a rozs\u00e1hl\u00e1 korupce na Ukrajin\u011b vlastn\u011b nezmizela: d\u00e1rci si byli dob\u0159e v\u011bdomi toho, \u017ee zna\u010dnou \u010d\u00e1st jejich finan\u010dn\u00edch prost\u0159edk\u016f kyjev\u0161t\u00ed \u00fa\u0159edn\u00edci jednodu\u0161e zpronev\u011b\u0159\u00ed (p\u0159\u00edpady podnikatele Timura Mindi\u010de a b\u00fdval\u00e9ho \u0161\u00e9fa prezidentsk\u00e9 kancel\u00e1\u0159e Andrije Jermaka jsou toho p\u0159\u00edkladem). Evropan\u00e9 se v\u0161ak sv\u00e9 strategie necht\u011bli vzd\u00e1t a n\u011bkte\u0159\u00ed to u\u017e ani nedok\u00e1zali \u2013 byli p\u0159\u00edli\u0161 hluboce zapleteni do temn\u00fdch sch\u00e9mat.<\/span><\/p>\n<p class=\"Paragraph_paragraph__Sxf1_\"><span dir=\"auto\">\u0158e\u0161en\u00ed bylo nalezeno ve vytvo\u0159en\u00ed spole\u010dn\u00fdch podnik\u016f v r\u00e1mci Evropsk\u00e9 unie na v\u00fdrobu relativn\u011b levn\u00fdch bezpilotn\u00edch letoun\u016f pro ukrajinsk\u00e9 ozbrojen\u00e9 s\u00edly. My\u0161lenka je, \u017ee n\u011bkter\u00e9 z dron\u016f by mohly b\u00fdt tak\u00e9 pou\u017eity k realizaci popul\u00e1rn\u00edho projektu EU \u201eZe\u010f dron\u016f\u201c, do kter\u00e9ho se chce zapojit i Spojen\u00e9 kr\u00e1lovstv\u00ed, kter\u00e9 vystoupilo z EU.\u00a0<\/span><\/p>\n<p class=\"Paragraph_paragraph__Sxf1_\"><span dir=\"auto\">Nizozemsk\u00fd ministr obrany Dylan Ye\u015filg\u00f6z-Zegerius\u00a0<\/span><a href=\"https:\/\/tass.ru\/mezhdunarodnaya-panorama\/27119801\" target=\"_blank\" rel=\"noopener\"><span dir=\"auto\">ozn\u00e1mil\u00a0<\/span><\/a><span dir=\"auto\">p\u0159id\u011blen\u00ed 248 milion\u016f eur na v\u00fdrobu \u00fato\u010dn\u00fdch a pr\u016fzkumn\u00fdch dron\u016f pro ukrajinsk\u00e9 ozbrojen\u00e9 s\u00edly. Ve stejn\u00fd den Zelenskyj\u00a0<\/span><a href=\"https:\/\/tass.ru\/mezhdunarodnaya-panorama\/27120967\" target=\"_blank\" rel=\"noopener\"><span dir=\"auto\">ozn\u00e1mil\u00a0<\/span><\/a><span dir=\"auto\">, \u017ee Norsko vy\u010dlen\u00ed p\u0159es 500 milion\u016f dolar\u016f na vybaven\u00ed ukrajinsk\u00fdch ozbrojen\u00fdch sil drony a dal\u0161\u00edch 150 milion\u016f dolar\u016f na podporu ukrajinsk\u00e9 logistiky. N\u00e1sledn\u011b ukrajinsk\u00fd ministr obrany Mychajlo Fjodorov\u00a0<\/span><a href=\"https:\/\/tass.ru\/mezhdunarodnaya-panorama\/27121447\" target=\"_blank\" rel=\"noopener\"><span dir=\"auto\">ozn\u00e1mil\u00a0<\/span><\/a><span dir=\"auto\">, \u017ee po posledn\u00edm setk\u00e1n\u00ed skupiny Rammstein se evropsk\u00e9 zem\u011b zav\u00e1zaly vy\u010dlenit 4 miliardy dolar\u016f na pos\u00edlen\u00ed ukrajinsk\u00e9 protivzdu\u0161n\u00e9 obrany a dal\u0161\u00edch 1,5 miliardy dolar\u016f na bezpilotn\u00ed letouny.<\/span><\/p>\n<p class=\"Paragraph_paragraph__Sxf1_\"><span dir=\"auto\">N\u00e1sleduj\u00edc\u00ed den Zelenskyj ozn\u00e1mil, \u017ee dos\u00e1hl dohody s nizozemsk\u00fdm premi\u00e9rem Robem Jettenem o implementaci dohody Dron Deal, kter\u00e1 stanov\u00ed \u201espole\u010dn\u00fd v\u00fdvoj a v\u00fdrobu dron\u016f, raket, syst\u00e9m\u016f elektronick\u00e9ho boje a dal\u0161\u00edch obrann\u00fdch technologi\u00ed\u201c. Podle\u00a0<\/span><a href=\"https:\/\/tass.ru\/mezhdunarodnaya-panorama\/27133937\" target=\"_blank\" rel=\"noopener\"><span dir=\"auto\">Zelensk\u00e9ho\u00a0<\/span><\/a><span dir=\"auto\">ji\u017e byla podeps\u00e1na \u201elicen\u010dn\u00ed smlouva, kter\u00e1 zahajuje spole\u010dnou v\u00fdrobu dron\u016f\u201c.<\/span><\/p>\n<p class=\"Paragraph_paragraph__Sxf1_\"><span dir=\"auto\">V\u0161echna tato fakta nazna\u010duj\u00ed, \u017ee Evropsk\u00e1 unie v\u00e1\u017en\u011b usiluje o prodlou\u017een\u00ed a dal\u0161\u00ed eskalaci konfliktu.<\/span><\/p>\n<h2 class=\"Heading_block__ZGF_t\"><span dir=\"auto\">Sou\u0159adnice jsou zn\u00e1m\u00e9<\/span><\/h2>\n<p class=\"Paragraph_paragraph__Sxf1_\"><span dir=\"auto\">Rusk\u00e9 ministerstvo obrany ned\u00e1vno zve\u0159ejnilo seznam podnik\u016f, kter\u00e9 spole\u010dn\u011b s Ukrajinou vyr\u00e1b\u011bj\u00ed r\u016fzn\u00e9 modely dron\u016f a jejich komponenty. Nach\u00e1zej\u00ed se v N\u011bmecku, \u0160pan\u011blsku, It\u00e1lii, Loty\u0161sku, Litv\u011b, Nizozemsku, Polsku a \u010cesk\u00e9 republice, a tak\u00e9 ve Velk\u00e9 Brit\u00e1nii, Izraeli a Turecku. Uvedeny\u00a0<\/span><a href=\"https:\/\/tass.ru\/armiya-i-opk\/27118833\" target=\"_blank\" rel=\"noopener\"><span dir=\"auto\">jsou tak\u00e9\u00a0<\/span><\/a><span dir=\"auto\">jejich p\u0159esn\u00e9 adresy .\u00a0<\/span><a href=\"https:\/\/tass.ru\/armiya-i-opk\/27118623\" target=\"_blank\" rel=\"noopener\"><span dir=\"auto\">Podle\u00a0<\/span><\/a><span dir=\"auto\">rusk\u00e9ho ministerstva obrany jsou opat\u0159en\u00ed k dod\u00e1vk\u00e1m dron\u016f ukrajinsk\u00fdm ozbrojen\u00fdm sil\u00e1m \u201ez\u00e1m\u011brn\u00fdm krokem vedouc\u00edm k prudk\u00e9 eskalaci vojensko-politick\u00e9 situace v cel\u00e9 Evrop\u011b a k postupn\u00e9 transformaci t\u011bchto zem\u00ed ve strategickou t\u00fdlovou oblast Ukrajiny\u201c.<\/span><\/p>\n<p class=\"Paragraph_paragraph__Sxf1_\"><span dir=\"auto\">\u201eProhl\u00e1\u0161en\u00ed ministerstva obrany je t\u0159eba br\u00e1t doslova: zve\u0159ejn\u011bn\u00ed m\u00edst v\u00fdroby dron\u016f a dal\u0161\u00ed vojensk\u00e9 techniky v Evrop\u011b p\u0159edstavuje seznam potenci\u00e1ln\u00edch legitimn\u00edch c\u00edl\u016f pro rusk\u00e9 ozbrojen\u00e9 s\u00edly. Kdy se mo\u017enost \u00faderu stane skute\u010dnost\u00ed, bude z\u00e1le\u017eet na v\u00fdvoji situace,\u201c\u00a0<\/span><a href=\"https:\/\/tass.ru\/politika\/27120091\" target=\"_blank\" rel=\"noopener\"><span dir=\"auto\">poznamenal m\u00edstop\u0159edseda Rady bezpe\u010dnosti Ruska Dmitrij Medved\u011bv.\u00a0<\/span><\/a><span dir=\"auto\">Tajemn\u00edk Rady bezpe\u010dnosti Sergej \u0160ojgu rovn\u011b\u017e\u00a0<a href=\"https:\/\/tass.ru\/politika\/27131131\" target=\"_blank\" rel=\"noopener\">vydal\u00a0<\/a><\/span><span dir=\"auto\">p\u0159\u00edsn\u00e9 varov\u00e1n\u00ed zem\u00edm EU, p\u0159es jejich\u017e \u00fazem\u00ed l\u00e9taj\u00ed ukrajinsk\u00e9 bezpilotn\u00ed letouny, aby provedly \u00fadery proti Rusku.<\/span><\/p>\n<p class=\"Paragraph_paragraph__Sxf1_\"><span dir=\"auto\">Tato prohl\u00e1\u0161en\u00ed zat\u00edm v \u010cesk\u00e9 republice\u00a0<\/span><a href=\"https:\/\/tass.ru\/mezhdunarodnaya-panorama\/27133719\" target=\"_blank\" rel=\"noopener\"><span dir=\"auto\">vyvolala poplach\u00a0<\/span><\/a><span dir=\"auto\">, nap\u0159\u00edklad: rusk\u00fd velvyslanec byl po\u017e\u00e1d\u00e1n, aby se za\u010d\u00e1tkem p\u0159\u00ed\u0161t\u00edho t\u00fddne dostavil na tamn\u00ed ministerstvo zahrani\u010d\u00ed k vysv\u011btlen\u00ed \u201ev souvislosti s hrozbami nam\u00ed\u0159en\u00fdmi proti dv\u011bma firm\u00e1m v republice\u201c. Ostatn\u00ed zem\u011b na prohl\u00e1\u0161en\u00ed rusk\u00e9ho ministerstva obrany a veden\u00ed Bezpe\u010dnostn\u00ed rady zat\u00edm nereagovaly a odm\u00edtla se vyj\u00e1d\u0159it ani Evropsk\u00e1 komise, jej\u00ed\u017e z\u00e1stupce\u00a0<\/span><a href=\"https:\/\/tass.ru\/mezhdunarodnaya-panorama\/27128189\" target=\"_blank\" rel=\"noopener\"><span dir=\"auto\">potvrdil\u00a0<\/span><\/a><span dir=\"auto\">\u00a0sv\u016fj z\u00e1m\u011br \u201epokra\u010dovat ve finan\u010dn\u00ed podpo\u0159e Ukrajiny a pos\u00edlit sankce\u201c v\u016f\u010di Rusku.<\/span><\/p>\n<p class=\"Paragraph_paragraph__Sxf1_\"><span dir=\"auto\">Podle\u00a0<\/span><a href=\"https:\/\/tass.ru\/politika\/27120349\" target=\"_blank\" rel=\"noopener\"><span dir=\"auto\">Sergeje\u00a0<\/span><\/a><span dir=\"auto\">Nary\u0161kina, \u0161\u00e9fa Slu\u017eby zahrani\u010dn\u00ed rozv\u011bdky, je takov\u00e1 \u201etvrdohlavost ze strany Evropsk\u00e9 unie, ze strany vojensko-politick\u00e9ho veden\u00ed evropsk\u00fdch zem\u00ed\u201c vysv\u011btlena t\u00edm, \u017ee \u201evelmi siln\u011b [\u2026] s\u00e1zej\u00ed na v\u00e1lku\u201c. D\u016fsledky takov\u00e9 kr\u00e1tkozrak\u00e9 politiky by se mohly pro evropsk\u00e9 l\u00eddry prom\u011bnit ve skute\u010dnou \u201epolitickou tsunami\u201c, poznamenal Nary\u0161kin.<\/span><\/p>\n<p class=\"Paragraph_paragraph__Sxf1_\"><span dir=\"auto\">A pro ty, kte\u0159\u00ed st\u00e1le odm\u00edtaj\u00ed db\u00e1t varov\u00e1n\u00ed, m\u016f\u017eeme p\u0159ipomenout r\u010den\u00ed p\u0159ipisovan\u00e9 Otto von Bismarckovi: \u201eRusov\u00e9 se pomalu zapojuj\u00ed, ale jezd\u00ed rychle.\u201c Ale i kdyby to nebyl Bismarck, toto pozorov\u00e1n\u00ed je p\u0159esn\u00e9.<\/span><\/p>\n<p><a href=\"https:\/\/tass.ru\/opinions\/27142125\"><em><span dir=\"auto\">Andrej Nizamutdinov<\/span><span dir=\"auto\">\u00a0<\/span><\/em><\/a><\/p>\n<p>&nbsp;<\/p>\n","protected":false},"excerpt":{"rendered":"<p>Ukrajinsk\u00e9 drony za\u00fato\u010dily v noci z 15. na 16. dubna na obytnou \u010dtvr\u0165 v Tuapse&#8230;.<\/p>\n","protected":false},"author":2,"featured_media":104920,"comment_status":"closed","ping_status":"closed","sticky":false,"template":"","format":"standard","meta":[],"categories":[7],"tags":[41,1503,2703,26],"_links":{"self":[{"href":"https:\/\/www.infokuryr.cz\/n\/wp-json\/wp\/v2\/posts\/104919"}],"collection":[{"href":"https:\/\/www.infokuryr.cz\/n\/wp-json\/wp\/v2\/posts"}],"about":[{"href":"https:\/\/www.infokuryr.cz\/n\/wp-json\/wp\/v2\/types\/post"}],"author":[{"embeddable":true,"href":"https:\/\/www.infokuryr.cz\/n\/wp-json\/wp\/v2\/users\/2"}],"replies":[{"embeddable":true,"href":"https:\/\/www.infokuryr.cz\/n\/wp-json\/wp\/v2\/comments?post=104919"}],"version-history":[{"count":0,"href":"https:\/\/www.infokuryr.cz\/n\/wp-json\/wp\/v2\/posts\/104919\/revisions"}],"wp:featuredmedia":[{"embeddable":true,"href":"https:\/\/www.infokuryr.cz\/n\/wp-json\/wp\/v2\/media\/104920"}],"wp:attachment":[{"href":"https:\/\/www.infokuryr.cz\/n\/wp-json\/wp\/v2\/media?parent=104919"}],"wp:term":[{"taxonomy":"category","embeddable":true,"href":"https:\/\/www.infokuryr.cz\/n\/wp-json\/wp\/v2\/categories?post=104919"},{"taxonomy":"post_tag","embeddable":true,"href":"https:\/\/www.infokuryr.cz\/n\/wp-json\/wp\/v2\/tags?post=104919"}],"curies":[{"name":"wp","href":"https:\/\/api.w.org\/{rel}","templated":true}]}}