{"id":104857,"date":"2026-04-19T00:13:27","date_gmt":"2026-04-18T22:13:27","guid":{"rendered":"https:\/\/www.infokuryr.cz\/n\/?p=104857"},"modified":"2026-04-18T10:20:32","modified_gmt":"2026-04-18T08:20:32","slug":"modlitebni-bohosluzba-ministra-obrany-v-pentagonu","status":"publish","type":"post","link":"https:\/\/www.infokuryr.cz\/n\/2026\/04\/19\/modlitebni-bohosluzba-ministra-obrany-v-pentagonu\/","title":{"rendered":"Modlitebn\u00ed bohoslu\u017eba ministra obrany v Pentagonu"},"content":{"rendered":"<div id=\"fb-root\"><\/div>\n<p><strong><span dir=\"auto\">Americk\u00fd ministr obrany Pete Hegseth loni zah\u00e1jil v Pentagonu, ministerstvu obrany, m\u011bs\u00ed\u010dn\u00ed s\u00e9rii k\u0159es\u0165ansk\u00fdch bohoslu\u017eeb. Prvn\u00ed bohoslu\u017eba od za\u010d\u00e1tku v\u00e1lky proti \u00cdr\u00e1nu se konala ve st\u0159edu 25. b\u0159ezna 2026, den pot\u00e9, co ozn\u00e1mil rozs\u00e1hl\u00e9 zm\u011bny ve vojensk\u00e9 kaplansk\u00e9 slu\u017eb\u011b. Modlil se zaslanou vojensk\u00fdm kaplanem, kter\u00e1 byla v souladu s jeho viz\u00ed poskytov\u00e1n\u00ed n\u00e1bo\u017eensk\u00e9 podpory voj\u00e1k\u016fm v boji. V n\u00ed mimo jin\u00e9 vyzval\u00a0<\/span><\/strong><strong><span dir=\"auto\">k pou\u017eit\u00ed \u201edrtiv\u00e9 s\u00edly\u201c proti t\u011bm, kte\u0159\u00ed \u201esi nezaslou\u017e\u00ed \u017e\u00e1dn\u00e9 slitov\u00e1n\u00ed\u201c. To p\u0159edstavuje katastrof\u00e1ln\u00ed dezinterpretaci a satansk\u00e9 zneu\u017eit\u00ed k\u0159es\u0165anstv\u00ed.<\/span><\/strong><\/p>\n<h3><strong><span dir=\"auto\">I. P\u0159epis videa z den\u00edku \u201eUSA Today\u201c ze dne 25. b\u0159ezna 2026<\/span><\/strong><\/h3>\n<p><span dir=\"auto\">Zde je p\u0159epis videa z modlitebn\u00ed bohoslu\u017eby 25. b\u0159ezna 2026, kter\u00fd jsem p\u0159elo\u017eil z angli\u010dtiny pomoc\u00ed DeepL, aby si \u010dten\u00e1\u0159 mohl ud\u011blat obr\u00e1zek o cel\u00e9 situaci:<\/span><\/p>\n<p><span dir=\"auto\">Ozn\u00e1men\u00ed od \u00fa\u0159edn\u00edka:<\/span><\/p>\n<p><span dir=\"auto\">\u201eA nyn\u00ed bych v\u00e1m r\u00e1d p\u0159edstavil\u00a0<\/span><strong><span dir=\"auto\">jednoho z Bo\u017e\u00edch nejmocn\u011bj\u0161\u00edch mu\u017e\u016f\u00a0<\/span><\/strong><strong><span dir=\"auto\">,<\/span><\/strong><span dir=\"auto\">\u00a0na\u0161eho ministra v\u00e1lky, ctihodn\u00e9ho Peta Hegsetha.\u201c (Zv\u00fdrazn\u011bn\u00ed p\u0159id\u00e1no)<\/span><\/p>\n<p><span dir=\"auto\">(Pete Hegseth:)<\/span><br \/>\n<span dir=\"auto\">D\u011bkuji v\u00e1m, Hungu. Opravdu si v\u00e1\u017e\u00edm va\u0161eho veden\u00ed. A j\u00e1\u2026 je to pravda. Mysl\u00edm, \u017ee by nemohlo b\u00fdt vhodn\u011bj\u0161\u00ed m\u00edsto \u2013 \u0159\u00edk\u00e1m to ka\u017ed\u00fd m\u011bs\u00edc. Ka\u017ed\u00fd m\u011bs\u00edc je vhodn\u00e9 b\u00fdt pr\u00e1v\u011b tady. Tento m\u011bs\u00edc a v tuto chv\u00edli je to je\u0161t\u011b vhodn\u011bj\u0161\u00ed, vzhledem k tomu, co pr\u00e1v\u011b te\u010f d\u011blaj\u00ed des\u00edtky tis\u00edc Ameri\u010dan\u016f. A chci t\u00e9to skupin\u011b p\u0159\u00edmo a up\u0159\u00edmn\u011b \u0159\u00edct, co jsem ve\u0159ejnosti \u0159ekl a co budu i nad\u00e1le \u0159\u00edkat ve\u0159ejnosti.<\/span><\/p>\n<p><span dir=\"auto\">Pros\u00edm, modlete se za n\u011b ka\u017ed\u00fd den. Pros\u00edm, povzbuzujte sv\u00e9 rodiny, d\u011bti, \u0161koly, c\u00edrkve, komunity, okruh p\u0159\u00e1tel, aby se otev\u0159en\u011b modlili za na\u0161e voj\u00e1ky, aby jim dali dovednosti, odvahu a moudrost, kter\u00e9 pot\u0159ebuj\u00ed tam, kde jsou. A minul\u00fd m\u011bs\u00edc jsem se cht\u011bl pod\u011blit o modlitbu, kterou se s v\u00e1mi pod\u011bl\u00edm dnes, kter\u00e1 je podle m\u00e9ho n\u00e1zoru vhodn\u00e1 vzhledem k sou\u010dasn\u00e9 situaci, ale kter\u00e1 byla stejn\u011b vhodn\u00e1 v lednu jako dnes. A poslal mi ji kaplan, kter\u00fd dohl\u00ed\u017eel na operaci Maduro. Tak\u017ee toto byla modlitba, kterou pronesl p\u0159ed touto mis\u00ed s t\u011bmi skv\u011bl\u00fdmi Ameri\u010dany, kte\u0159\u00ed ji provedli, a cht\u011bl se o ni pod\u011blit se mnou.<\/span><\/p>\n<p><span dir=\"auto\">A chci se o to dnes s v\u00e1mi pod\u011blit. V\u017eijte se tedy do role jednoho z t\u011bchto n\u011bkolika stovek Ameri\u010dan\u016f, kte\u0159\u00ed se chystaj\u00ed podniknout tento odv\u00e1\u017en\u00fd n\u00e1let na Eoimu (?) a \u010del\u00ed velk\u00e9 nejistot\u011b.<\/span><br \/>\n<span dir=\"auto\">A toto byl ver\u0161 z P\u00edsma, toto bylo \u010dten\u00ed p\u0159ed nasazen\u00edm a modlitba, kter\u00e1 ho doprov\u00e1zela. Nejprve \u010dten\u00ed z Knihy \u017dalm\u016f, kapitola 18, ver\u0161e 37 a\u017e 42. Kr\u00e1l David p\u00ed\u0161e:<\/span><\/p>\n<p><em>\u00a0<\/em><em><span dir=\"auto\">\u201ePron\u00e1sledoval jsem sv\u00e9 nep\u0159\u00e1tele a dostihl je a nevr\u00e1til jsem se, dokud nebyli zni\u010deni. Probodl jsem je, tak\u017ee se nemohli znovu zvednout. Padli mi pod nohy. Dal jsi mi s\u00edlu k boji. Sn\u00ed\u017eil jsi pode mnou ty, kdo se proti mn\u011b bou\u0159ili. Odvr\u00e1til jsi ode m\u011b m\u00e9 nep\u0159\u00e1tele a ty, kdo m\u011b nen\u00e1vid\u011bli, jsem zni\u010dil. Volali o pomoc, ale nikdo je nezachr\u00e1nil. Volali k Hospodinu, ale on jim neodpov\u011bd\u011bl. Rozdrtil jsem je jako prach p\u0159ed v\u011btrem, rozpr\u00e1\u0161il jsem je jako bl\u00e1to na ulici.\u201c<\/span><\/em><\/p>\n<p><span dir=\"auto\">A pak on, kaplan, pronesl tuto modlitbu a j\u00e1 i my se ji dnes r\u00e1no modl\u00edme s n\u00edm:<\/span><\/p>\n<p><em><span dir=\"auto\">V\u0161emohouc\u00ed Bo\u017ee, kter\u00fd vyzbrojuje\u0161 na\u0161e ruce k v\u00e1lce a na\u0161e prsty k bitv\u011b, kter\u00fd jsi kdysi pobou\u0159il n\u00e1rody severu proti starov\u011bk\u00e9mu Babylonu a jeho zemi prom\u011bnil v pustou a bez\u00fat\u011b\u0161nou zemi. Nyn\u00ed pohle\u010f na sv\u00e9voln\u00edky, kte\u0159\u00ed povst\u00e1vaj\u00ed proti tv\u00e9 spravedlnosti a proti pokoji spravedliv\u00fdch.<\/span><\/em><\/p>\n<p><em><span dir=\"auto\">Zlom h\u016fl utla\u010dovatele. Zma\u0159 jejich zl\u00e9 pl\u00e1ny a rozt\u0159\u00ed\u0161ti zuby sv\u00e9voln\u00edk\u016f. Nech\u0165 zlo zahyne v bou\u0159i tv\u00e9ho hn\u011bvu. Nech jejich b\u00fdky j\u00edt na por\u00e1\u017eku, nebo\u0165 p\u0159i\u0161el jejich den, \u010das jejich trestu. Vylej sv\u016fj hn\u011bv na ty, kdo vym\u00fd\u0161lej\u00ed marn\u00e9 v\u011bci, a odfoukni je jako plevy p\u0159ed v\u011btrem. Dej t\u00e9to zvl\u00e1\u0161tn\u00ed s\u00edle jasn\u00e9 a spravedliv\u00e9 c\u00edle pro jejich n\u00e1sil\u00ed. Obklop je jako \u0161t\u00edt. Ochra\u0148uj nevinn\u00e9 a bez\u00fahonn\u00e9 mezi nimi. U\u010di\u0148 jejich \u0161\u00edpy jako \u0161\u00edpy zku\u0161en\u00e9ho bojovn\u00edka, kter\u00fd se nevrac\u00ed s pr\u00e1zdnou.<\/span><\/em><\/p>\n<p><em><strong><span dir=\"auto\">K\u00e9\u017e ka\u017ed\u00e1 kulka zas\u00e1hne nep\u0159\u00e1tele spravedlnosti a na\u0161eho velk\u00e9ho n\u00e1roda. Daruj jim moudrost v ka\u017ed\u00e9m rozhodnut\u00ed, vytrvalost v nadch\u00e1zej\u00edc\u00ed zkou\u0161ce, nezlomnou jednotu a drtivou s\u00edlu v akci proti t\u011bm, kte\u0159\u00ed si nezaslou\u017e\u00ed \u017e\u00e1dn\u00e9 slitov\u00e1n\u00ed.<\/span><\/strong><\/em><\/p>\n<p><em><span dir=\"auto\">Zachra\u0148te jejich \u017eivoty, zost\u0159te jejich odhodl\u00e1n\u00ed a a\u0165 se spravedlnost vykon\u00e1 rychle a bez l\u00edtosti, aby zlo bylo zahn\u00e1no a bezbo\u017en\u00e9 du\u0161e vyd\u00e1ny v\u011b\u010dn\u00e9mu zatracen\u00ed, kter\u00e9 je pro n\u011b p\u0159ipraveno. Nebo\u0165 bezbo\u017en\u00ed prchaj\u00ed, kdy\u017e je nikdo nepron\u00e1sleduje, ale spravedliv\u00ed jsou sm\u011bl\u00ed jako lev. To v\u0161e pros\u00edme s odv\u00e1\u017enou d\u016fv\u011brou v mocn\u00e9m a mocn\u00e9m jm\u00e9nu Je\u017e\u00ed\u0161e Krista, Kr\u00e1le kr\u00e1l\u016f. Amen.<\/span><\/em><\/p>\n<p><span dir=\"auto\">Amen. A k\u00e9\u017e jsou spravedliv\u00ed state\u010dn\u00ed jako lev. K\u00e9\u017e se takto modl\u00edme za na\u0161e mu\u017ee a \u017eeny, kte\u0159\u00ed jsou pr\u00e1v\u011b te\u010f v nebezpe\u010d\u00ed, a pamatujeme si, \u017ee existuj\u00ed takov\u00ed Ameri\u010dan\u00e9, kte\u0159\u00ed se n\u00e1s, americk\u00e9ho lidu, zast\u00e1vaj\u00ed. A to je jist\u011b na\u0161e dne\u0161n\u00ed modlitba za n\u011b.<\/span><\/p>\n<p><span dir=\"auto\">Je mi ct\u00ed, \u017ee jste se zde v\u0161ichni shrom\u00e1\u017edili, a jsem nesm\u00edrn\u011b vd\u011b\u010dn\u00fd za mnoho v\u016fdc\u016f, kter\u00e9 vid\u00edme a kte\u0159\u00ed vkl\u00e1daj\u00ed svou d\u016fv\u011bru nikoli ve vozy, ale v Kr\u00e1le kr\u00e1l\u016f. A na takov\u00e9m m\u00edst\u011b, kde je mnoho voz\u016f a mnoho dovednost\u00ed \u2013 jsou kr\u00e1sn\u00e9, milujeme je a pou\u017e\u00edv\u00e1me je, jak nejl\u00e9pe um\u00edme \u2013 ch\u00e1peme, kdo je skute\u010dn\u011b Stvo\u0159itel v\u0161ech v\u011bc\u00ed. A k\u00e9\u017e se Mu pod\u0159\u00edd\u00edme v t\u011bch chv\u00edl\u00edch, kdy jsme v poku\u0161en\u00ed nechat se pohltit vlastn\u00edmi dovednostmi a posl\u00e1n\u00edm, abychom Mu to mohli pokorn\u011b p\u0159edlo\u017eit. D\u011bkuji v\u00e1m tedy, \u017ee jste dnes tady. V\u00e1\u017e\u00edm si toho.<\/span><\/p>\n<p><span dir=\"auto\">A je mi tak\u00e9 ct\u00ed, \u017ee m\u011b dnes doprov\u00e1z\u00ed kolega z na\u0161eho kabinetu. Je to takov\u00e9 po\u017eehn\u00e1n\u00ed b\u00fdt sou\u010d\u00e1st\u00ed kabinetu pln\u00e9ho zbo\u017en\u00fdch \u010dlen\u016f, kte\u0159\u00ed se spole\u010dn\u011b modl\u00ed, kte\u0159\u00ed pravideln\u011b \u010dtou P\u00edsmo svat\u00e9, kte\u0159\u00ed se setk\u00e1vaj\u00ed a modl\u00ed se spole\u010dn\u011b. Je neuv\u011b\u0159iteln\u00e9 b\u00fdt toho sv\u011bdkem. A kdy\u017e jsme zva\u017eovali, kdo by dnes mohl p\u0159ij\u00edt, zd\u00e1lo se p\u0159irozen\u00e9 pozvat m\u00e9ho drah\u00e9ho p\u0159\u00edtele, 12. ministra pro z\u00e1le\u017eitosti veter\u00e1n\u016f Douga Collinse. Je b\u00fdval\u00fdm \u010dlenem Kongresu. V sou\u010dasn\u00e9 dob\u011b slou\u017e\u00ed jako z\u00e1lo\u017en\u00ed kaplan letectva. V kv\u011btnu odejde do d\u016fchodu.<\/span><\/p>\n<p><span dir=\"auto\">Nev\u00edm, kde moment\u00e1ln\u011b slou\u017e\u00ed vojenskou slu\u017ebu. [Sm\u00edch] To je dnes d\u016fle\u017eit\u00e9. To jsou ty body. Dnes je je\u0161t\u011b d\u016fle\u017eit\u011bj\u0161\u00ed to, \u017ee je to baptistick\u00fd kazatel, kter\u00fd miluje sv\u00e9ho P\u00e1na a Spasitele a nikdy se nestyd\u011bl vyzn\u00e1vat\u00a0<strong><sup>jm\u00e9no<\/sup><\/strong><\/span><br \/>\n<span dir=\"auto\">Je\u017e\u00ed\u0161, a\u0165 u\u017e byl kdekoli v jak\u00e9koli f\u00e1zi sv\u00e9ho \u017eivota.<\/span><br \/>\n<span dir=\"auto\">A dnes n\u00e1m k\u00e1\u017ee evangelium. Ministr pro z\u00e1le\u017eitosti veter\u00e1n\u016f, m\u016fj p\u0159\u00edtel Doug Collins. Pros\u00edm, p\u0159ij\u010fte. [Potlesk]<\/span><\/p>\n<h3><strong><span dir=\"auto\">II. Nepochopen\u00ed k\u0159es\u0165anstv\u00ed<\/span><\/strong><\/h3>\n<h4><strong><span dir=\"auto\">Pou\u017eit\u00ed \u017ealmu ze Star\u00e9ho z\u00e1kona<\/span><\/strong><\/h4>\n<p><span dir=\"auto\">Kaplan uv\u00e1d\u00ed svou modlitbu ver\u0161i z 18. Davidova \u017ealmu, kter\u00e9 maj\u00ed z\u0159ejm\u011b slou\u017eit jako vzor pro sm\u011br modlitby. P\u00e1n, kter\u00e9ho kr\u00e1l David oslovuje kolem roku 1000 p\u0159. n. l. jako ochrannou moc v boji proti sv\u00fdm nep\u0159\u00e1tel\u016fm, je zde jednodu\u0161e ztoto\u017en\u011bn s Kristem o 3000 let pozd\u011bji.<\/span><\/p>\n<p><span dir=\"auto\">David napsal mnoho b\u00e1snick\u00fdch \u017ealm\u016f, kter\u00e9 skute\u010dn\u011b disponuj\u00ed prorockou kvalitou a nab\u00edzej\u00ed letm\u00fd pohled na prorokovan\u00e9ho Mesi\u00e1\u0161e, nap\u0159\u00edklad \u017dalm 23: \u201eHospodin je m\u016fj past\u00fd\u0159.\u201c S\u00e1m Kristus i evangelist\u00e9 se na \u017dalmy opakovan\u011b odvol\u00e1vali a citovali z nich. Mnoho \u017ealm\u016f se proto stalo sou\u010d\u00e1st\u00ed moudrostn\u00ed tradice k\u0159es\u0165anstv\u00ed.<\/span><br \/>\n<span dir=\"auto\">V\u017edy je v\u0161ak nutn\u00e9 je interpretovat ve sv\u011btle Krista, jak se s\u00e1m jevil, jeho postoje a jeho u\u010den\u00ed.<\/span><\/p>\n<p><span dir=\"auto\">Jako kr\u00e1l m\u011bl David za \u00fakol v\u00e9st sv\u016fj vyvolen\u00fd lid v jeho v\u00fdvoji na zemi, aby z n\u011bj jednoho dne mohlo vzej\u00edt co nejlep\u0161\u00ed fyzick\u00e9 zt\u011blesn\u011bn\u00ed Mesi\u00e1\u0161e. Musel je chr\u00e1nit p\u0159ed vnit\u0159n\u00edmi i vn\u011bj\u0161\u00edmi nep\u0159\u00e1teli, kte\u0159\u00ed hrozili, \u017ee tomu zabr\u00e1n\u00ed, v p\u0159\u00edpad\u011b pot\u0159eby i silou zbran\u00ed. Za t\u00edmto \u00fa\u010delem se v \u017dalmu 18 obrac\u00ed zachmu\u0159en\u00fdm t\u00f3nem k \u201eHospodinu\u201c, hled\u00e1 s\u00edlu a d\u011bkuje. Zde se samoz\u0159ejm\u011b nejedn\u00e1 o Mesi\u00e1\u0161e, ale o Jahveho, duchovn\u00edho v\u016fdce \u017did\u016f a Boha lidu, kter\u00fd p\u0159ipravuje Mesi\u00e1\u0161\u016fv p\u0159\u00edchod.<\/span><\/p>\n<p><span dir=\"auto\">Je absurdn\u00ed pova\u017eovat se za vyvolen\u00fd lid, ztoto\u017e\u0148ovat Jahveho s Bohem Otcem a Mesi\u00e1\u0161em a pozd\u011bji Kristem a zneu\u017e\u00edvat ho jako patrona sou\u010dasn\u00fdch imperialistick\u00fdch v\u00e1lek USA.\u00a0<\/span><strong><sup><span dir=\"auto\">2<\/span><\/sup><\/strong><\/p>\n<h4><strong><span dir=\"auto\">Podstata Krista<\/span><\/strong><\/h4>\n<p><span dir=\"auto\">Kristus \u017eil \u017eivotem absolutn\u00edho nen\u00e1sil\u00ed a\u017e do sv\u00e9ho uk\u0159i\u017eov\u00e1n\u00ed. Kdy\u017e Petr b\u011bhem sv\u00e9ho zat\u00fdk\u00e1n\u00ed usekl ucho jednomu z voj\u00e1k\u016f, Kristus ho pok\u00e1ral slovy:\u00a0<\/span><em><span dir=\"auto\">\u201eSchovejte me\u010d, nebo\u0165 v\u0161ichni, kdo tas\u00ed me\u010d, me\u010dem zem\u0159ou.\u201c<\/span><\/em><span dir=\"auto\">\u00a0(Matou\u0161 26:52) A voj\u00e1kovo ucho uzdravil (Luk\u00e1\u0161 22:51).<\/span><\/p>\n<p><span dir=\"auto\">Kristus v\u017edy zd\u016fraz\u0148oval d\u016fle\u017eitost vnit\u0159n\u00edho rozvoje lid\u00ed. Ve sv\u00fdch du\u0161\u00edch jsou vystaveni \u00fatok\u016fm a l\u00e1kav\u00fdm \u0161epot\u016fm \u010f\u00e1bla a Satana. Pokud je nerozpoznaj\u00ed nebo jim podlehnou, vede to k zl\u00fdm skutk\u016fm ve vn\u011bj\u0161\u00edm sv\u011bt\u011b. V\u0161e proto z\u00e1vis\u00ed na tom, zda se lid\u00e9 spoj\u00ed s Kristovou moc\u00ed a povedou boj proti zlu v sob\u011b, aby ho porazili. Pak do jejich du\u0161\u00ed vstoup\u00ed pokoj. Kdy\u017e se Kristus po zmrtv\u00fdchvst\u00e1n\u00ed zjevil u\u010dedn\u00edk\u016fm, p\u0159edstavitel\u016fm lidstva, v\u017edy nejprve \u0159ekl: \u201e\u00a0<\/span><em><span dir=\"auto\">Pokoj v\u00e1m!\u201c<\/span><\/em><span dir=\"auto\">\u00a0A vnit\u0159n\u00ed pokoj, zrozen\u00fd z bo\u017esk\u00e9 l\u00e1sky ke ka\u017ed\u00e9mu \u010dlov\u011bku, je p\u0159edpokladem pro opravdov\u00fd vn\u011bj\u0161\u00ed pokoj.<\/span><\/p>\n<p><span dir=\"auto\">Pokud se tato vnit\u0159n\u00ed v\u00e1lka nevede, zlo je vid\u011bt pouze v jin\u00fdch lidech, v \u00fadajn\u011b bezbo\u017en\u00fdch, v nep\u0159\u00e1tel\u00edch, kte\u0159\u00ed mus\u00ed b\u00fdt zni\u010deni, a v\u00e1lka se vytla\u010duje ven. Ka\u017ed\u00e1 vn\u011bj\u0161\u00ed v\u00e1lka je zn\u00e1mkou toho, \u017ee vnit\u0159n\u00ed v\u00e1lka proti zlu neprob\u011bhla a neprob\u00edh\u00e1, a m\u00edsto toho se prom\u00edt\u00e1 ven. P\u0159itom se zlo uvnit\u0159 zcela p\u0159ehl\u00ed\u017e\u00ed.\u00a0<\/span><strong><sup><span dir=\"auto\">3<\/span><\/sup><\/strong><\/p>\n<h4><strong><span dir=\"auto\">Modlitba ministra v\u00e1lky<\/span><\/strong><\/h4>\n<p><strong>\u00a0<\/strong><em><span dir=\"auto\">\u201eV\u0161emohouc\u00ed Bo\u017ee, kter\u00fd p\u0159ipravuje\u0161 na\u0161e ruce k v\u00e1lce a na\u0161e prsty k bitv\u011b\u2026<\/span><\/em><span dir=\"auto\">\u00a0Pohle\u010f\u00a0<\/span><em><span dir=\"auto\">na sv\u00e9voln\u00edky, kte\u0159\u00ed povst\u00e1vaj\u00ed proti tv\u00e9 spravedlnosti a proti pokoji spravedliv\u00fdch.\u201c<\/span><\/em><\/p>\n<p><em>\u00a0<\/em><span dir=\"auto\">B\u016fh otec, jak se tvrd\u00ed v z\u00e1chvatu slep\u00e9 fantazie, vyzbrojil Ameri\u010dany k v\u00e1lce. Jak\u00fd duch arogance mu to na\u0161eptal? \u00cdr\u00e1nci jsou vykreslov\u00e1ni jako bezbo\u017en\u00ed, \u00fadajn\u011b povst\u00e1vaj\u00edc\u00ed proti m\u00edru spravedliv\u00fdch Ameri\u010dan\u016f. P\u0159esto USA, i kdy\u017e zd\u00e1nliv\u011b prob\u00edhala jedn\u00e1n\u00ed, m\u00edr poru\u0161ily a za\u00fato\u010dily na \u00cdr\u00e1n.<\/span><\/p>\n<p><span dir=\"auto\">A pak, v n\u00e1vaznosti na bojov\u00fd jazyk \u017ealmu, je v\u0161emohouc\u00ed B\u016fh po\u017e\u00e1d\u00e1n, aby zma\u0159il pl\u00e1ny ni\u010demn\u00fdch a odfoukl je pry\u010d jako plevy p\u0159ed v\u011btrem. To vrchol\u00ed prosbou, aby ka\u017ed\u00e1 kulka vyp\u00e1len\u00e1 jejich vlastn\u00edmi bojovn\u00edky na\u0161la sv\u016fj c\u00edl a aby drtiv\u00e1 s\u00edla vedla jejich \u010diny \u201eproti t\u011bm, kte\u0159\u00ed si nezaslou\u017e\u00ed slitov\u00e1n\u00ed\u201c.<\/span><\/p>\n<p><span dir=\"auto\">A to v\u0161e je \u017e\u00e1d\u00e1no ve jm\u00e9nu Je\u017e\u00ed\u0161e Krista, Kr\u00e1le v\u0161ech kr\u00e1l\u016f. Jak\u00e1 le\u017e! Co Kristus vlastn\u011b \u0159ekl, nap\u0159\u00edklad v K\u00e1z\u00e1n\u00ed na ho\u0159e?<\/span><\/p>\n<p><em><span dir=\"auto\">\u201eBlahoslaven\u00ed milosrdn\u00ed, nebo\u0165 jim bude prok\u00e1z\u00e1no milosrdenstv\u00ed.<\/span><br \/>\n<span dir=\"auto\">Blahoslaven\u00ed \u010dist\u00e9ho srdce, nebo\u0165 v n\u011bm spat\u0159\u00ed Boha.<\/span><br \/>\n<\/em><em><span dir=\"auto\">Blahoslaven\u00ed ti, kdo p\u0159in\u00e1\u0161ej\u00ed sv\u011btu pokoj, nebo\u0165 budou naz\u00fdv\u00e1ni Bo\u017e\u00edmi d\u011btmi\u2026\u201c<\/span><\/em><\/p>\n<p><em><span dir=\"auto\">Sly\u0161eli jste slovo \u0159e\u010den\u00e9 lidem d\u00e1vn\u00fdch \u010das\u016f: \u201aNezabije\u0161.\u2018 A kdo vra\u017ed\u00ed, zni\u010d\u00ed sv\u016fj osud.\u2018 Prav\u00edm v\u00e1m, \u017ee kdo se hn\u011bvem postav\u00ed proti sv\u00e9mu bli\u017en\u00edmu, zni\u010d\u00ed sv\u016fj osud. A kdo se proti sv\u00e9mu bli\u017en\u00edmu obr\u00e1t\u00ed v p\u00fd\u0161e, h\u0159e\u0161\u00ed proti duchovn\u00edmu veden\u00ed sv\u00e9ho lidu. A kdo v nen\u00e1visti a nep\u0159\u00e1telstv\u00ed prokl\u00edn\u00e1 sv\u00e9mu bli\u017en\u00edmu, zp\u016fsob\u00ed, \u017ee jeho du\u0161i sp\u00e1l\u00ed ohe\u0148 vesm\u00edru.\u201c<\/span><\/em><span dir=\"auto\">\u00a0\u00a0(Matou\u0161 5:7-9, 21-22)<\/span><\/p>\n<p><span dir=\"auto\">Ameri\u010dan\u00e9\u00a0<\/span><em><span dir=\"auto\">John a Nisha Whiteheadovi p\u00ed\u0161\u00ed:<\/span><\/em><\/p>\n<p><span dir=\"auto\">\u201eJazykem modern\u00ed vl\u00e1dy je jazyk imp\u00e9ria. Je to jazyk dominance, odplaty, dob\u00fdv\u00e1n\u00ed a kontroly \u2013 jazyk nep\u0159\u00e1tel, kter\u00e9 je t\u0159eba zni\u010dit, n\u00e1rod\u016f, kter\u00e9 je t\u0159eba podmanit, a disident\u016f, kter\u00e9 je t\u0159eba uml\u010det.\u201c<\/span><\/p>\n<p><span dir=\"auto\">Za Trumpovy administrativy byla tato imperi\u00e1ln\u00ed r\u00e9torika d\u00e1le prodchnuta n\u00e1bo\u017eensk\u00fdm z\u00e1palem a Je\u017e\u00ed\u0161e Krista nevykreslovala jako m\u00edrotvorce, ale jako symbol moci, dob\u00fdv\u00e1n\u00ed a kontroly.<\/span><br \/>\n<span dir=\"auto\">V\u00e1lka byla zahalena do vlastenectv\u00ed, zahalena do P\u00edsma, ozna\u010dena jako \u201espravedliv\u00e1\u201c a prod\u00e1v\u00e1na jako \u201em\u00edr skrze s\u00edlu\u201c.<\/span><\/p>\n<p><span dir=\"auto\">Ale toto nen\u00ed svat\u00e1 v\u00e1lka. Je to politick\u00e1 v\u00e1lka maskovan\u00e1 jako svat\u00e1 v\u00e1lka.<\/span><br \/>\n<span dir=\"auto\">Navzdory ve\u0161ker\u00e9 pod\u00edvan\u00e9 \u2013 vzty\u010den\u00fdm k\u0159\u00ed\u017e\u016fm, modlitb\u00e1m z p\u00f3di\u00ed, politik\u016fm vz\u00fdvaj\u00edc\u00edm Boha a z\u00e1rove\u0148 po\u017eaduj\u00edc\u00edm loajalitu \u2013 hodnoty, kter\u00e9 poh\u00e1n\u011bj\u00ed americk\u00e9 v\u00e1lky a uplat\u0148ov\u00e1n\u00ed moci, nemaj\u00ed nic spole\u010dn\u00e9ho s u\u010den\u00edm Je\u017e\u00ed\u0161e Krista.<\/span><\/p>\n<p><span dir=\"auto\">Je\u017e\u00ed\u0161 \u0159ekl: Milujte sv\u00e9 nep\u0159\u00e1tele. Vl\u00e1da \u0159\u00edk\u00e1: Zni\u010dte je.<\/span><br \/>\n<span dir=\"auto\">Je\u017e\u00ed\u0161 \u0159ekl: Blahoslaven\u00ed m\u00edrotvorci. Vl\u00e1da \u0159\u00edk\u00e1: Blahoslaven\u00ed v\u00e1le\u010dn\u00ed \u0161tv\u00e1\u010di.<\/span><br \/>\n<span dir=\"auto\">Je\u017e\u00ed\u0161 \u0159ekl: Cokoli jste ud\u011blali jednomu z t\u011bchto m\u00fdch nejmen\u0161\u00edch bratr\u016f a sester, mn\u011b jste ud\u011blali.<\/span><br \/>\n<span dir=\"auto\">Vl\u00e1da zav\u00edr\u00e1 chud\u00e9, kriminalizuje bezdomovce, bombarduje cizince a naz\u00fdv\u00e1 to bezpe\u010dnost\u00ed.<\/span><\/p>\n<p><span dir=\"auto\">To nen\u00ed nepochopen\u00ed k\u0159es\u0165anstv\u00ed. Je to \u00famysln\u00e1 parafr\u00e1ze.<\/span><\/p>\n<p><span dir=\"auto\">(Viz:\u00a0<\/span><a href=\"https:\/\/uncutnews.ch\/die-vereinnahmung-der-religion-wie-das-pentagon-die-bergpredigt-in-ein-kriegshandbuch-verwandelte\/\"><span dir=\"auto\">https:\/\/uncutnews.ch\/die-vereinnahmung-der-religion-wie-das-pentagon-die-bergpredigt-in-ein-kriegshandbuch-verwandelte\/<\/span><\/a><span dir=\"auto\">\u00a0. Cel\u00fd \u010dl\u00e1nek rozhodn\u011b stoj\u00ed za p\u0159e\u010dten\u00ed.)<\/span><\/p>\n<p><span dir=\"auto\">\u010clov\u011bk mus\u00ed dokonce \u0159\u00edci: Toto je opak k\u0159es\u0165anstv\u00ed, antik\u0159es\u0165anstv\u00ed.<\/span><br \/>\n<span dir=\"auto\">Toto je jazyk Antikrista, kter\u00fd m\u016f\u017ee p\u016fsobit skrze lidi, proto\u017ee si nev\u0161\u00edmaj\u00ed, odkud takov\u00e9 my\u0161lenky poch\u00e1zej\u00ed, my\u0161lenky, kter\u00e9 si myln\u011b pova\u017euj\u00ed za sv\u00e9 vlastn\u00ed.<\/span><\/p>\n<p><span style=\"font-size: 10pt;\"><em><strong>\u00davodn\u00ed obr\u00e1zek:<\/strong> <span dir=\"auto\">Tetov\u00e1n\u00ed na bicepsu P. Hegsetha: \u201eDeus Vult\u201c = \u201eB\u016fh to chce\u201c \u2013 bojov\u00fd pok\u0159ik v prvn\u00ed k\u0159\u00ed\u017eov\u00e9 v\u00fdprav\u011b (Obr\u00e1zek: Instagram \/ Hegseth)<\/span><\/em><\/span><\/p>\n<p><span dir=\"auto\">\u2014\u2014\u2014\u2014\u2014\u2014\u2014\u2014\u2014\u2014\u2014\u2014-<\/span><\/p>\n<p><span dir=\"auto\">1 Video:\u00a0<\/span><u><span dir=\"auto\">YouTube \u00b7 USA TODAY<\/span><br \/>\n<\/u><span dir=\"auto\">2 Viz.\u00a0<\/span><a href=\"https:\/\/fassadenkratzer.de\/2026\/03\/26\/apokalyptischer-fanatismus-treibt-die-us-kriegsmaschine-gegen-den-iran\/\"><span dir=\"auto\">https:\/\/fassadenkratzer.de\/2026\/03\/26\/apokalyptischer-fanatismus-treibt-die-us-kriegsmaschine-gegen-den-iran\/<\/span><\/a><br \/>\n<span dir=\"auto\">3 Viz.\u00a0<\/span><a href=\"https:\/\/fassadenkratzer.de\/2026\/04\/02\/die-verhangnisvollen-wahnvorstellungen-uber-den-messias-und-die-wiederkunft-christi\/\"><span dir=\"auto\">https:\/\/fassadenkratzer.de\/2026\/04\/02\/die-verhangniswilligen-wahnsichten-uber-den-messias-und-die-wiederkunft-christi\/<\/span><\/a><\/p>\n<p><a href=\"https:\/\/fassadenkratzer.de\/2026\/04\/16\/der-gebetsgottesdienst-des-kriegsministers-im-pentagon\/\">ZDROJ<\/a><\/p>\n<p>&nbsp;<\/p>\n","protected":false},"excerpt":{"rendered":"<p>Americk\u00fd ministr obrany Pete Hegseth loni zah\u00e1jil v Pentagonu, ministerstvu obrany, m\u011bs\u00ed\u010dn\u00ed s\u00e9rii k\u0159es\u0165ansk\u00fdch bohoslu\u017eeb&#8230;.<\/p>\n","protected":false},"author":2,"featured_media":104858,"comment_status":"closed","ping_status":"closed","sticky":false,"template":"","format":"standard","meta":[],"categories":[7],"tags":[1503,380,8207],"_links":{"self":[{"href":"https:\/\/www.infokuryr.cz\/n\/wp-json\/wp\/v2\/posts\/104857"}],"collection":[{"href":"https:\/\/www.infokuryr.cz\/n\/wp-json\/wp\/v2\/posts"}],"about":[{"href":"https:\/\/www.infokuryr.cz\/n\/wp-json\/wp\/v2\/types\/post"}],"author":[{"embeddable":true,"href":"https:\/\/www.infokuryr.cz\/n\/wp-json\/wp\/v2\/users\/2"}],"replies":[{"embeddable":true,"href":"https:\/\/www.infokuryr.cz\/n\/wp-json\/wp\/v2\/comments?post=104857"}],"version-history":[{"count":0,"href":"https:\/\/www.infokuryr.cz\/n\/wp-json\/wp\/v2\/posts\/104857\/revisions"}],"wp:featuredmedia":[{"embeddable":true,"href":"https:\/\/www.infokuryr.cz\/n\/wp-json\/wp\/v2\/media\/104858"}],"wp:attachment":[{"href":"https:\/\/www.infokuryr.cz\/n\/wp-json\/wp\/v2\/media?parent=104857"}],"wp:term":[{"taxonomy":"category","embeddable":true,"href":"https:\/\/www.infokuryr.cz\/n\/wp-json\/wp\/v2\/categories?post=104857"},{"taxonomy":"post_tag","embeddable":true,"href":"https:\/\/www.infokuryr.cz\/n\/wp-json\/wp\/v2\/tags?post=104857"}],"curies":[{"name":"wp","href":"https:\/\/api.w.org\/{rel}","templated":true}]}}