{"id":104856,"date":"2026-04-19T00:12:07","date_gmt":"2026-04-18T22:12:07","guid":{"rendered":"https:\/\/www.infokuryr.cz\/n\/?p=104856"},"modified":"2026-04-18T10:16:02","modified_gmt":"2026-04-18T08:16:02","slug":"jd-vance-ohrozuje-svou-prezidentskou-budoucnost-v-pakistanu-a-madarsku","status":"publish","type":"post","link":"https:\/\/www.infokuryr.cz\/n\/2026\/04\/19\/jd-vance-ohrozuje-svou-prezidentskou-budoucnost-v-pakistanu-a-madarsku\/","title":{"rendered":"JD Vance ohro\u017euje svou prezidentskou budoucnost v P\u00e1kist\u00e1nu a Ma\u010farsku"},"content":{"rendered":"<div id=\"fb-root\"><\/div>\n<p><strong>V\u00e1lka proti Per\u0161an\u016fm vedla ke kolapsu administrativy prezidenta Donalda Trumpa. Viceprezident J. D. Vance vy\u010dn\u00edv\u00e1 z davu, aby zajistil prezidentovo n\u00e1stupnictv\u00ed v p\u0159\u00edpad\u011b, \u017ee by rezignoval nebo by k tomu byl nucen. Vance u\u017e odehr\u00e1l v\u0161echny sv\u00e9 karty t\u00edm, \u017ee v Ma\u010farsku podpo\u0159il Viktora Orb\u00e1na a p\u0159evzal odpov\u011bdnost za jedn\u00e1n\u00ed v Isl\u00e1m\u00e1b\u00e1du.<\/strong><\/p>\n<div class=\"article-text-images crayon article-texte-224233 \">\n<p class=\"lettrine\"><span dir=\"auto\">Jedn\u00e1n\u00ed mezi \u00cdr\u00e1nem a Spojen\u00fdmi st\u00e1ty za\u010dala tv\u00e1\u0159\u00ed v tv\u00e1\u0159 pod z\u00e1\u0161titou P\u00e1kist\u00e1nu. Jak se dalo o\u010dek\u00e1vat, ka\u017ed\u00fd \u00fa\u010dastn\u00edk h\u00e1j\u00ed sv\u00e9 vlastn\u00ed z\u00e1jmy ve snaze ovlivnit ve\u0159ejn\u00e9 m\u00edn\u011bn\u00ed, a to vzhledem k p\u0159ekvapiv\u011b protich\u016fdn\u00fdm informac\u00edm, kter\u00e9 se dosud objevily.<\/span><\/p>\n<p><span dir=\"auto\">Pokud Trump riskuje sv\u00e9 prezidentstv\u00ed, JD Vance riskuje svou prezidentskou kandidaturu v roce 2028 \u2013 pokud se mu do t\u00e9 doby nepoda\u0159\u00ed zaujmout sv\u00e9 m\u00edsto v p\u0159\u00edpad\u011b Trumpova impeachmentu.<\/span><\/p>\n<p><span dir=\"auto\">Nen\u00ed \u017e\u00e1dn\u00fdm tajemstv\u00edm, \u017ee sou\u010dasn\u00fd viceprezident J. D. Vance je zhruba p\u0159edstavitelem Silicon Valley, konkr\u00e9tn\u011b kontroverzn\u00edho N\u011bmce Petera Thiela, \u0161\u00e9fa Palantir, k n\u011bmu\u017e byl ned\u00e1vno jako spojenec p\u0159id\u00e1n Elon Musk, ten, kter\u00fd po sv\u00e9 pronikav\u00e9 konfrontaci s Trumpem dokonce uva\u017eoval o zalo\u017een\u00ed t\u0159et\u00ed strany.<\/span><\/p>\n<p><span dir=\"auto\">Je pozoruhodn\u00e9, \u017ee bojovn\u00fd kub\u00e1nsko-americk\u00fd ministr zahrani\u010d\u00ed Marco Rubio, chr\u00e1n\u011bnec izraelsk\u00e9 \u201emajitelky kasina\u201c Miriam Adelsonov\u00e9\u00a0<\/span><span class=\"spip_note_ref\"><span dir=\"auto\">\u00a0[\u00a0<\/span><a id=\"nh1\" class=\"spip_note\" title=\"\u201eTellurick\u00fd rozhovor Tuckera Carlsona s Joem Kentem, Netanjahuov\u00fdmi (\u2026)\u201c\" href=\"https:\/\/www.voltairenet.org\/article224233.html#nb1\" rel=\"appendix\"><span dir=\"auto\">1<\/span><\/a><span dir=\"auto\">\u00a0]<\/span><\/span><span dir=\"auto\">\u00a0, se ne\u00fa\u010dastn\u00ed futuristick\u00fdch, sp\u00ed\u0161e historick\u00fdch jedn\u00e1n\u00ed v Isl\u00e1m\u00e1b\u00e1du, zat\u00edmco J. D. Vance d\u00edky sv\u00e9 ve\u0159ejn\u00e9 podpo\u0159e ma\u010farsk\u00e9ho premi\u00e9ra Viktora Orb\u00e1na \u010del\u00ed cel\u00e9 evropsk\u00e9 v\u00e1le\u010dn\u00e9 skupin\u011b veden\u00e9 dv\u011bma chazarsk\u00fdmi spojenci, Georgem Sorosem a ukrajinsk\u00fdm komikem Volodymyrem Zelensk\u00fdm, kte\u0159\u00ed jsou oba zap\u0159is\u00e1hl\u00fdmi nep\u0159\u00e1teli Donalda Trumpa.<\/span><\/p>\n<p><span dir=\"auto\">Wall\u00a0<\/span><i><span dir=\"auto\">Street Journal<\/span><\/i><span dir=\"auto\">\u00a0tvrd\u00ed, \u017ee JD Vance se stal \u201ekl\u00ed\u010dovou osobou pro ukon\u010den\u00ed v\u00e1lky, kterou nikdy necht\u011bl\u201c\u00a0<\/span><span class=\"spip_note_ref\"><span dir=\"auto\">\u00a0[\u00a0<\/span><a id=\"nh2\" class=\"spip_note\" title=\"\u00abJak se Vance stal kl\u00ed\u010dov\u00fdm hr\u00e1\u010dem pro ukon\u010den\u00ed v\u00e1lky, kterou necht\u011bl. (\u2026)\u00bb\" href=\"https:\/\/www.voltairenet.org\/article224233.html#nb2\" rel=\"appendix\"><span dir=\"auto\">2<\/span><\/a><span dir=\"auto\">\u00a0]<\/span><\/span><span dir=\"auto\">\u00a0, jak odhalil \u0161okuj\u00edc\u00ed \u010dl\u00e1nek v The\u00a0<\/span><i><span dir=\"auto\">New York Times\u00a0<\/span><\/i><span class=\"spip_note_ref\"><span dir=\"auto\">\u00a0[\u00a0<\/span><a id=\"nh3\" class=\"spip_note\" title=\"\u201eJak Trump dovedl USA k v\u00e1lce s \u00cdr\u00e1nem\u201c, Jonathan Swan a Maggie (\u2026)\" href=\"https:\/\/www.voltairenet.org\/article224233.html#nb3\" rel=\"appendix\"><span dir=\"auto\">3<\/span><\/a><span dir=\"auto\">\u00a0]<\/span><\/span><span dir=\"auto\"> , v n\u011bm\u017e se premi\u00e9r Netanjahu a \u0161\u00e9f Mossadu David Barnea setkali v \u201esitua\u010dn\u00ed m\u00edstnosti\u201c neobvykle proti\u00fastavn\u00edm zp\u016fsobem, aby Trumpovi na\u0159\u00eddili v\u00e9st v\u00e1lku proti \u00cdr\u00e1nu, \u010demu\u017e se postavili \u0161\u00e9f spole\u010dn\u00fdch sil Pentagonu gener\u00e1l John Daniel Caine a \u0159editel CIA John Ratcliffe, kte\u0159\u00ed ozna\u010dili izraelskou choreografii za \u201eabsurdn\u00ed\u201c.<\/span><\/p>\n<p><span dir=\"auto\">Je z\u0159ejm\u00e9, \u017ee dv\u011b role tohoto mlad\u00e9ho katol\u00edka generace na evropsk\u00e9 i \u00edr\u00e1nsk\u00e9 \u00farovni \u2013 b\u00fdval\u00e9ho mari\u0148\u00e1ka, kter\u00fd se \u00fa\u010dastnil v\u00e1lky v Ir\u00e1ku, a pr\u00e1vn\u00edka, kter\u00fd absolvoval Yaleovu univerzitu \u2013 jsou nebezpe\u010dn\u00e9 a chybn\u00fd krok v Budape\u0161ti a\/nebo Isl\u00e1m\u00e1b\u00e1du by mohl b\u00fdt pro jeho ambice osudn\u00fd.<\/span><\/p>\n<p><span dir=\"auto\">A\u010dkoli je JD Vance u \u00edr\u00e1nsk\u00fdch v\u016fdc\u016f velmi obl\u00edben\u00fd, jeho dva spole\u010dn\u00edci \u2013 Chaza\u0159i Steve Witkoff a Jared Kushner, oba realitn\u00ed experti \u2013 jsou pova\u017eov\u00e1ni za Netanjahuovy velk\u00e9 spojence.<\/span><\/p>\n<p><span dir=\"auto\">Je dob\u0159e zn\u00e1mo, \u017ee J.D. Vance m\u00e1 jen malou \u00factu k Netanjahuov\u011b talmudsk\u00e9 eschatologii, ani k sekt\u011b Chabad-Lubavi\u010d, kter\u00e1 je nechvaln\u011b zn\u00e1m\u00e1 sv\u00fdmi pochybn\u00fdmi pedofiln\u00edmi praktikami a kterou obsc\u00e9nn\u011b obdivoval ministr v\u00e1lky Pete Hegseth, popisovan\u00fd jako \u201eevangelick\u00fd sionista\u201c, jen\u017e odm\u00edtl \u201epopul\u00e1rn\u00edho\u201c gener\u00e1la Randyho George, n\u00e1\u010deln\u00edka \u0161t\u00e1bu Daniela Driscolla, bl\u00edzk\u00e9ho d\u016fv\u011brn\u00edka J.D. Vance a pravd\u011bpodobn\u00e9ho n\u00e1stupce Peta Hegsetha\u00a0<\/span><span class=\"spip_note_ref\"><span dir=\"auto\">\u00a0[\u00a0<\/span><a id=\"nh4\" class=\"spip_note\" title=\"\u00abSpor v Pentagonu mezi Hegsethem a Driscollem se vyost\u0159uje. Ministr obrany (\u2026)\" href=\"https:\/\/www.voltairenet.org\/article224233.html#nb4\" rel=\"appendix\"><span dir=\"auto\">4<\/span><\/a><span dir=\"auto\">\u00a0]<\/span><\/span><span dir=\"auto\"> . V ka\u017ed\u00e9m p\u0159\u00edpad\u011b je mand\u00e1t Peta Hegsetha v ohro\u017een\u00ed a jeho n\u00e1stupcem by se stal Daniel Driscoll, zejm\u00e9na v p\u0159\u00edpad\u011b dvoj\u00edho \u00fasp\u011bchu jeho p\u0159\u00edtele J.D. Vance v Budape\u0161ti a Isl\u00e1m\u00e1b\u00e1du.<\/span><\/p>\n<p><span dir=\"auto\">Je jasn\u00e9, \u017ee na Pentagon nyn\u00ed \u00fato\u010d\u00ed Hra o tr\u016fny\u00a0<\/span><span class=\"spip_note_ref\"><span dir=\"auto\">\u00a0[\u00a0<\/span><a id=\"nh5\" class=\"spip_note\" title=\"\u201eHra o tr\u016fny v Pentagonu\u201c, Pravda USA, 9. dubna 2026.\" href=\"https:\/\/www.voltairenet.org\/article224233.html#nb5\" rel=\"appendix\"><span dir=\"auto\">5<\/span><\/a><span dir=\"auto\">\u00a0]<\/span><\/span><span dir=\"auto\">\u00a0, zat\u00edmco v Trumpov\u011b kabinetu doch\u00e1z\u00ed k n\u00e1siln\u00e9 implozi po odvol\u00e1n\u00ed Kristi Noemov\u00e9, ministryn\u011b vnit\u0159n\u00ed bezpe\u010dnosti \u2013 jej\u00ed\u017e man\u017eel je zapleten do \u0161pinav\u00fdch erotick\u00fdch skand\u00e1l\u016f \u2013 a gener\u00e1ln\u00ed prokur\u00e1torky Pam Bondiov\u00e9, kter\u00e1 byla ob\u011btov\u00e1na za sv\u00e9 ne\u0161\u0165astn\u00e9 nakl\u00e1d\u00e1n\u00ed s e-maily a videi obchodn\u00edka s d\u011btmi Jeffreyho Epsteina, kter\u00e9 se nyn\u00ed dost\u00e1vaj\u00ed k prvn\u00ed d\u00e1m\u011b Melanii\u00a0<\/span><span class=\"spip_note_ref\"><span dir=\"auto\">\u00a0[\u00a0<\/span><a id=\"nh6\" class=\"spip_note\" title=\"\u00ab@DiligentDenizen\u00bb, X, 10. dubna 2026.\" href=\"https:\/\/www.voltairenet.org\/article224233.html#nb6\" rel=\"appendix\"><span dir=\"auto\">6<\/span><\/a><span dir=\"auto\">\u00a0]<\/span><\/span><span dir=\"auto\">\u00a0.<\/span><\/p>\n<p><span dir=\"auto\">List Wall Street Journal p\u0159ipom\u00edn\u00e1 knihu \u00edr\u00e1nsk\u00e9ho ministra zahrani\u010d\u00ed Abb\u00e1se Arag\u010d\u010d\u00edho s n\u00e1zvem \u201eVyjedn\u00e1v\u00e1n\u00ed: S\u00edla diplomacie\u201c, kter\u00e1 prok\u00e1zala jeho vyjedn\u00e1vac\u00ed schopnosti\u00a0<\/span><span class=\"spip_note_ref\"><span dir=\"auto\">\u00a0[\u00a0<\/span><a id=\"nh7\" class=\"spip_note\" title=\"Vyjedn\u00e1v\u00e1n\u00ed: s\u00edla diplomacie, Seyed Abbas Araghchi, \u00fasp\u011bch (\u2026)\" href=\"https:\/\/www.voltairenet.org\/article224233.html#nb7\" rel=\"appendix\"><span dir=\"auto\">7<\/span><\/a><span dir=\"auto\">\u00a0]<\/span><\/span><span dir=\"auto\">\u00a0prohl\u00e1\u0161en\u00edm, \u017ee se \u00cdr\u00e1n nikdy nevzd\u00e1 sv\u00fdch jadern\u00fdch schopnost\u00ed.<\/span><\/p>\n<p><span dir=\"auto\">Krom\u011b J. D. Vance, v souvislosti s \u0159e\u0161en\u00edm \u0161kod a \u00fanik\u016f informac\u00ed, z\u016fst\u00e1v\u00e1 faktem, \u017ee v\u00e1\u017en\u00fd probl\u00e9m jedn\u00e1n\u00ed vnucoval s\u00e1m Trump, kter\u00fd nazna\u010dil, \u017ee 99 % z nich se bude t\u00fdkat z\u00e1kazu jadern\u00fdch zbran\u00ed pro \u00cdr\u00e1n.<\/span><\/p>\n<\/div>\n<div class=\"article-text-author\"><em><a href=\"https:\/\/www.voltairenet.org\/auteur120333.html?lang=de\"><span lang=\"fr\"><span dir=\"auto\">R\u00e1m Alfreda Jalifeho<\/span><\/span><\/a><\/em><\/div>\n<div><\/div>\n<div><\/div>\n","protected":false},"excerpt":{"rendered":"<p>V\u00e1lka proti Per\u0161an\u016fm vedla ke kolapsu administrativy prezidenta Donalda Trumpa. Viceprezident J. D. Vance vy\u010dn\u00edv\u00e1&#8230;<\/p>\n","protected":false},"author":2,"featured_media":59515,"comment_status":"closed","ping_status":"closed","sticky":false,"template":"","format":"standard","meta":[],"categories":[7],"tags":[1503,165,7598,27],"_links":{"self":[{"href":"https:\/\/www.infokuryr.cz\/n\/wp-json\/wp\/v2\/posts\/104856"}],"collection":[{"href":"https:\/\/www.infokuryr.cz\/n\/wp-json\/wp\/v2\/posts"}],"about":[{"href":"https:\/\/www.infokuryr.cz\/n\/wp-json\/wp\/v2\/types\/post"}],"author":[{"embeddable":true,"href":"https:\/\/www.infokuryr.cz\/n\/wp-json\/wp\/v2\/users\/2"}],"replies":[{"embeddable":true,"href":"https:\/\/www.infokuryr.cz\/n\/wp-json\/wp\/v2\/comments?post=104856"}],"version-history":[{"count":0,"href":"https:\/\/www.infokuryr.cz\/n\/wp-json\/wp\/v2\/posts\/104856\/revisions"}],"wp:featuredmedia":[{"embeddable":true,"href":"https:\/\/www.infokuryr.cz\/n\/wp-json\/wp\/v2\/media\/59515"}],"wp:attachment":[{"href":"https:\/\/www.infokuryr.cz\/n\/wp-json\/wp\/v2\/media?parent=104856"}],"wp:term":[{"taxonomy":"category","embeddable":true,"href":"https:\/\/www.infokuryr.cz\/n\/wp-json\/wp\/v2\/categories?post=104856"},{"taxonomy":"post_tag","embeddable":true,"href":"https:\/\/www.infokuryr.cz\/n\/wp-json\/wp\/v2\/tags?post=104856"}],"curies":[{"name":"wp","href":"https:\/\/api.w.org\/{rel}","templated":true}]}}