{"id":104855,"date":"2026-04-19T00:11:59","date_gmt":"2026-04-18T22:11:59","guid":{"rendered":"https:\/\/www.infokuryr.cz\/n\/?p=104855"},"modified":"2026-04-18T10:11:13","modified_gmt":"2026-04-18T08:11:13","slug":"thomas-roper-proc-nemecka-media-ignoruji-ruska-varovani","status":"publish","type":"post","link":"https:\/\/www.infokuryr.cz\/n\/2026\/04\/19\/thomas-roper-proc-nemecka-media-ignoruji-ruska-varovani\/","title":{"rendered":"Thomas R\u00f6per: Pro\u010d n\u011bmeck\u00e1 m\u00e9dia ignoruj\u00ed rusk\u00e1 varov\u00e1n\u00ed"},"content":{"rendered":"<div id=\"fb-root\"><\/div>\n<p><strong><span dir=\"auto\">Rusko reagovalo na rozhodnut\u00ed n\u011bmeck\u00e9 vl\u00e1dy povolit ukrajinsk\u00fdm firm\u00e1m vyr\u00e1b\u011bt zbran\u011b v N\u011bmecku pro v\u00e1lku proti Rusku jasn\u00fdm varov\u00e1n\u00edm, \u017ee se tato m\u00edsta stanou legitimn\u00edmi c\u00edli \u00fatoku. Pro\u010d n\u011bmeck\u00e1 m\u00e9dia, kter\u00e1 jinak tak ochotn\u011b informuj\u00ed o \u00fadajn\u00fdch rusk\u00fdch hrozb\u00e1ch, o tom ml\u010d\u00ed?<\/span><\/strong><\/p>\n<p><span dir=\"auto\">Je to zn\u00e1m\u00fd vzorec. N\u011bmeck\u00e1 m\u00e9dia pravideln\u011b informuj\u00ed o \u00fadajn\u00fdch rusk\u00fdch hrozb\u00e1ch, kter\u00e9 nikdy neexistovaly. \u00da\u010delem t\u011bchto zpr\u00e1v je podn\u00edtit v N\u011bmecku vn\u00edm\u00e1n\u00ed Ruska jako nep\u0159\u00edtele. Kdy\u017e ale Rusko skute\u010dn\u011b vyd\u00e1 varov\u00e1n\u00ed, n\u011bmeck\u00e1 m\u00e9dia ho soustavn\u011b ignoruj\u00ed.<\/span><\/p>\n<p><span dir=\"auto\">D\u016fvod je z\u0159ejm\u00fd. EU v sou\u010dasn\u00e9 dob\u011b d\u011bl\u00e1 v\u0161e pro to, aby donutila Rusko k vojensk\u00e9 reakci na sv\u00e9 pokra\u010duj\u00edc\u00ed provokace. Aby v\u0161ak dos\u00e1hlo \u201epo\u017eadovan\u00e9ho efektu\u201c, mus\u00ed rusk\u00e1 reakce lidi v N\u011bmecku i EU zcela p\u0159ekvapit, aby se o nechvaln\u011b zn\u00e1m\u00e9 \u201enevyprovokovan\u00e9 rusk\u00e9 agresi\u201c mohlo znovu diskutovat.<\/span><\/p>\n<p><span dir=\"auto\">N\u011bmeck\u00e1 vl\u00e1da nyn\u00ed umo\u017e\u0148uje ukrajinsk\u00fdm firm\u00e1m vyr\u00e1b\u011bt zbran\u011b pro v\u00e1lku proti Rusku v N\u011bmecku, proto\u017ee Rusko \u00fato\u010d\u00ed na v\u00fdrobn\u00ed z\u00e1vody na Ukrajin\u011b. N\u011bmecko tak poskytuje Ukrajin\u011b \u201ebezpe\u010dn\u00e9 \u00fato\u010di\u0161t\u011b\u201c pro v\u00fdrobu zbran\u00ed, co\u017e p\u0159edstavuje jasnou \u00fa\u010dast ve v\u00e1lce.\u00a0<\/span><a href=\"https:\/\/anti-spiegel.ru\/2026\/russland-warnt-firmen-zur-gemeinsamen-drohnenproduktion-in-deutschland-sind-legitime-ziele\/\"><u><span dir=\"auto\">Rusko proto varovalo<\/span><\/u><\/a><span dir=\"auto\">\u00a0, \u017ee tyto z\u00e1vody v N\u011bmecku a dal\u0161\u00edch zem\u00edch EU jsou legitimn\u00edmi c\u00edli rusk\u00e9 arm\u00e1dy.<\/span><\/p>\n<p><span dir=\"auto\">Pokud by Rusko skute\u010dn\u011b za\u00fato\u010dilo na jedno z m\u00edst v N\u011bmecku nebo jin\u00e9 zemi EU, kde ukrajinsk\u00e9 firmy vyr\u00e1b\u011bj\u00ed zbran\u011b pro v\u00e1lku proti Rusku, m\u011blo by to b\u00fdt pro obyvatele N\u011bmecka a Evropy naprost\u00fdm p\u0159ekvapen\u00edm a zp\u016fsobit co nejv\u011bt\u0161\u00ed \u0161ok, aby se kv\u016fli \u00fadajn\u011b zcela nevyprovokovan\u00e9mu a p\u0159ekvapiv\u00e9mu rusk\u00e9mu \u00fatoku vytvo\u0159ila k\u00fd\u017een\u00e1 v\u00e1le\u010dn\u00e1 atmosf\u00e9ra.<\/span><\/p>\n<p><span dir=\"auto\">Pokud by m\u00e9dia informovala, \u017ee Rusko okam\u017eit\u011b varovalo p\u0159ed d\u016fsledky tohoto rozhodnut\u00ed, lid\u00e9 v N\u011bmecku a Evrop\u011b by proti n\u011bmu mohli protestovat. Ka\u017edop\u00e1dn\u011b by tvrzen\u00ed, \u017ee rusk\u00e1 reakce byla zcela ne\u010dekan\u00e1, neobst\u00e1lo.<\/span><\/p>\n<p><span dir=\"auto\">N\u011bmeck\u00e1 a evropsk\u00e1 m\u00e9dia tedy rusk\u00e1 varov\u00e1n\u00ed ignoruj\u00ed.<\/span><\/p>\n<h3 class=\"wp-block-heading\"><span dir=\"auto\">Vyprovokovan\u00e1 v\u00e1lka<\/span><\/h3>\n<p><span dir=\"auto\">To plat\u00ed i pro dal\u0161\u00ed provokace, kter\u00e9 EU eskalovala proti Rusku. N\u011bmeck\u00e1 m\u00e9dia sice informuj\u00ed o tom, \u017ee st\u00e1ty EU zabavuj\u00ed lod\u011b pat\u0159\u00edc\u00ed zlov\u011bstn\u00e9 \u201erusk\u00e9 st\u00ednov\u00e9 flotile\u201c, ale prezentuj\u00ed to jako leg\u00e1ln\u00ed a ospravedl\u0148uj\u00ed to sankcemi EU.<\/span><\/p>\n<p><span dir=\"auto\">M\u00e9dia pohodln\u011b ignoruj\u00ed skute\u010dnost, \u017ee tyto \u010diny jsou nez\u00e1konn\u00e9, poru\u0161uj\u00ed mezin\u00e1rodn\u011b zakotvenou svobodu plavby a p\u0159edstavuj\u00ed naprost\u00e9 pir\u00e1tstv\u00ed, a \u017ee pouze Rada bezpe\u010dnosti OSN m\u016f\u017ee uvalit mezin\u00e1rodn\u011b platn\u00e9 sankce. Tak\u00e9 pohodln\u011b ignoruj\u00ed skute\u010dnost, \u017ee ka\u017ed\u00e1 z t\u011bchto akc\u00ed p\u0159edstavuje v\u00e1le\u010dn\u00fd akt, na kter\u00fd\u00a0<\/span><a href=\"https:\/\/anti-spiegel.ru\/2026\/teil-1-piraterie-und-unterstuetzung-terror-auf-see\/\"><u><span dir=\"auto\">by Rusko mohlo kdykoli reagovat<\/span><\/u><\/a><span dir=\"auto\">\u00a0.<\/span><\/p>\n<p><span dir=\"auto\">Situace je docela podobn\u00e1 s\u00a0<\/span><a href=\"https:\/\/anti-spiegel.ru\/2026\/teil-3-beschuss-von-zielen-in-russland\/\"><u><span dir=\"auto\">\u00fatoky ukrajinsk\u00fdch dron\u016f na c\u00edle v Rusku<\/span><\/u><\/a><span dir=\"auto\">\u00a0, kde ukrajinsk\u00e9 drony vyu\u017e\u00edvaj\u00ed vzdu\u0161n\u00fd prostor Polska, Litvy, Loty\u0161ska, Estonska a Finska, ani\u017e by tyto zem\u011b podnikly diplomatick\u00e9 kroky nebo se pokusily drony zachytit. Umo\u017en\u011bn\u00ed jedn\u00e9 zemi vyu\u017e\u00edvat jej\u00ed vzdu\u0161n\u00fd prostor k \u00fatok\u016fm na jinou zemi v\u0161ak p\u0159edstavuje \u00fa\u010dast v konfliktu, na kter\u00fd by Rusko mohlo kdykoli adekv\u00e1tn\u011b reagovat.<\/span><\/p>\n<p><span dir=\"auto\">EU v t\u00e9to ot\u00e1zce za\u0161la skute\u010dn\u011b p\u0159\u00edli\u0161 daleko, kdy\u017e\u00a0<\/span><a href=\"https:\/\/anti-spiegel.ru\/2026\/die-eu-kommission-behauptet-sie-sehe-keine-angriffe-auf-russland-aus-dem-luftraum-der-eu\/\"><u><span dir=\"auto\">prohl\u00e1sila<\/span><\/u><\/a><span dir=\"auto\">\u00a0, \u017ee si nic takov\u00e9ho nemysl\u00ed. Doty\u010dn\u00e9 zem\u011b ji\u017e vydaly prohl\u00e1\u0161en\u00ed, v n\u011bm\u017e rusk\u00e1 obvin\u011bn\u00ed odm\u00edtly.<\/span><\/p>\n<p><span dir=\"auto\">To je pravda, toto vysv\u011btlen\u00ed existuje, ale oni st\u00e1le umo\u017e\u0148uj\u00ed, aby ukrajinsk\u00e9 \u00fatoky neru\u0161en\u011b pokra\u010dovaly.<\/span><\/p>\n<p><span dir=\"auto\">Reagovaly by tyto zem\u011b a EU tak klidn\u011b, kdyby Rusko pou\u017eilo jejich vzdu\u0161n\u00fd prostor k \u00fatoku na Ukrajinu? Samoz\u0159ejm\u011b \u017ee ne. A to ukazuje, \u017ee schvaluj\u00ed ukrajinsk\u00e9 \u00fatoky nad sv\u00fdm vzdu\u0161n\u00fdm prostorem a \u017ee jejich vysv\u011btlen\u00ed jsou pouze pr\u00e1zdn\u00e1 slova pou\u017e\u00edvan\u00e1 k odveden\u00ed pozornosti od nebezpe\u010d\u00ed v\u00e1lky, kterou samy vyvol\u00e1vaj\u00ed.<\/span><\/p>\n<p><span dir=\"auto\">A m\u00e9dia s t\u00edm spolupracuj\u00ed a informuj\u00ed o tom, \u017ee v posti\u017een\u00fdch zem\u00edch neust\u00e1le havaruj\u00ed ukrajinsk\u00e9 drony, kter\u00e9 maj\u00ed \u00fato\u010dit na c\u00edle v Rusku, ale zatajuj\u00ed fakt, \u017ee i to p\u0159edstavuje \u00fa\u010dast ve v\u00e1lce. Potenci\u00e1ln\u00ed rusk\u00e1 reakce m\u00e1 b\u00fdt pro evropsk\u00e9 ob\u010dany naprost\u00fdm p\u0159ekvapen\u00edm.<\/span><\/p>\n<p><span dir=\"auto\">Situace se je\u0161t\u011b vyost\u0159uje v p\u0159\u00edpad\u011b Kaliningradu, o jeho\u017e blok\u00e1d\u011b Litva s podporou EU\u00a0<\/span><a href=\"https:\/\/anti-spiegel.ru\/2026\/teil-2-blockade-von-kaliningrad\/\"><u><span dir=\"auto\">otev\u0159en\u011b diskutuje<\/span><\/u><\/a><span dir=\"auto\">\u00a0. I to by byl jasn\u00fd v\u00e1le\u010dn\u00fd akt, proto\u017ee existuj\u00ed platn\u00e9 dohody o tranzitu osob a zbo\u017e\u00ed z pevninsk\u00e9ho Ruska do Kaliningradu. N\u011bmeck\u00e1 m\u00e9dia o t\u011bchto hrozb\u00e1ch blok\u00e1dy Kaliningradu v\u016fbec neinformuj\u00ed. I zde by proto rusk\u00e1 reakce lidi zcela p\u0159ekvapila.<\/span><\/p>\n<p><span dir=\"auto\">M\u00e9dia jsou tak spolupachatelkami toho, co se pravd\u011bpodobn\u011b stane. Mohla by o tom v\u0161em informovat a vysv\u011btlovat, pro\u010d je pro EU a jej\u00ed \u010dlensk\u00e9 st\u00e1ty opr\u00e1vn\u011bn\u00e9 riskovat v\u00e1lku proti Rusku sv\u00fdmi opat\u0159en\u00edmi. Ale proto\u017ee lid\u00e9 v Evrop\u011b v\u00e1lku necht\u011bj\u00ed, nevyhnuteln\u011b by to vedlo k protest\u016fm, kdyby v\u011bd\u011bli, s jak\u00fdm ohn\u011bm si EU zahr\u00e1v\u00e1.<\/span><\/p>\n<p><span dir=\"auto\">Tak\u017ee toto v\u0161echno \u2013 a zejm\u00e9na nebezpe\u010d\u00ed, kter\u00e9 vytv\u00e1\u0159\u00ed samotn\u00e1 EU \u2013 je p\u0159ed lidmi tajeno.<\/span><\/p>\n<p><a href=\"https:\/\/anti-spiegel.ru\/2026\/warum-deutsche-medien-die-russischen-warnungen-verschweigen\/\">Thomas R\u00f6per<\/a><\/p>\n<p><img decoding=\"async\" loading=\"lazy\" class=\"alignnone  wp-image-22016\" src=\"http:\/\/www.infokuryr.cz\/n\/wp-content\/uploads\/2023\/01\/Thomas-Roper-298x300.jpg\" alt=\"\" width=\"161\" height=\"162\" srcset=\"https:\/\/www.infokuryr.cz\/n\/wp-content\/uploads\/2023\/01\/Thomas-Roper-298x300.jpg 298w, https:\/\/www.infokuryr.cz\/n\/wp-content\/uploads\/2023\/01\/Thomas-Roper-150x150.jpg 150w, https:\/\/www.infokuryr.cz\/n\/wp-content\/uploads\/2023\/01\/Thomas-Roper.jpg 596w\" sizes=\"(max-width: 161px) 100vw, 161px\" \/><\/p>\n<p>&nbsp;<\/p>\n","protected":false},"excerpt":{"rendered":"<p>Rusko reagovalo na rozhodnut\u00ed n\u011bmeck\u00e9 vl\u00e1dy povolit ukrajinsk\u00fdm firm\u00e1m vyr\u00e1b\u011bt zbran\u011b v N\u011bmecku pro v\u00e1lku&#8230;<\/p>\n","protected":false},"author":2,"featured_media":23675,"comment_status":"closed","ping_status":"closed","sticky":false,"template":"","format":"standard","meta":[],"categories":[7],"tags":[1503,158,3949,84,22,73],"_links":{"self":[{"href":"https:\/\/www.infokuryr.cz\/n\/wp-json\/wp\/v2\/posts\/104855"}],"collection":[{"href":"https:\/\/www.infokuryr.cz\/n\/wp-json\/wp\/v2\/posts"}],"about":[{"href":"https:\/\/www.infokuryr.cz\/n\/wp-json\/wp\/v2\/types\/post"}],"author":[{"embeddable":true,"href":"https:\/\/www.infokuryr.cz\/n\/wp-json\/wp\/v2\/users\/2"}],"replies":[{"embeddable":true,"href":"https:\/\/www.infokuryr.cz\/n\/wp-json\/wp\/v2\/comments?post=104855"}],"version-history":[{"count":0,"href":"https:\/\/www.infokuryr.cz\/n\/wp-json\/wp\/v2\/posts\/104855\/revisions"}],"wp:featuredmedia":[{"embeddable":true,"href":"https:\/\/www.infokuryr.cz\/n\/wp-json\/wp\/v2\/media\/23675"}],"wp:attachment":[{"href":"https:\/\/www.infokuryr.cz\/n\/wp-json\/wp\/v2\/media?parent=104855"}],"wp:term":[{"taxonomy":"category","embeddable":true,"href":"https:\/\/www.infokuryr.cz\/n\/wp-json\/wp\/v2\/categories?post=104855"},{"taxonomy":"post_tag","embeddable":true,"href":"https:\/\/www.infokuryr.cz\/n\/wp-json\/wp\/v2\/tags?post=104855"}],"curies":[{"name":"wp","href":"https:\/\/api.w.org\/{rel}","templated":true}]}}