{"id":104800,"date":"2026-04-18T00:15:39","date_gmt":"2026-04-17T22:15:39","guid":{"rendered":"https:\/\/www.infokuryr.cz\/n\/?p=104800"},"modified":"2026-04-17T11:49:03","modified_gmt":"2026-04-17T09:49:03","slug":"sest-tydnu-do-zastaveni-provozu-evropska-letecka-doprava-na-pokraji-palivoveho-kolapsu","status":"publish","type":"post","link":"https:\/\/www.infokuryr.cz\/n\/2026\/04\/18\/sest-tydnu-do-zastaveni-provozu-evropska-letecka-doprava-na-pokraji-palivoveho-kolapsu\/","title":{"rendered":"\u0160est t\u00fddn\u016f do zastaven\u00ed provozu: Evropsk\u00e1 leteck\u00e1 doprava na pokraji palivov\u00e9ho kolapsu"},"content":{"rendered":"<div id=\"fb-root\"><\/div>\n<p><span dir=\"auto\">Varov\u00e1n\u00ed nepoch\u00e1z\u00ed z n\u011bjak\u00e9ho okrajov\u00e9ho zdroje, ale z nejvy\u0161\u0161\u00ed \u00farovn\u011b:\u00a0<\/span><a href=\"https:\/\/apnews.com\/article\/iran-war-europe-jet-fuel-flight-cancellations-birol-6e67fafd493861b3858de5548aa77703\" target=\"_blank\" rel=\"noreferrer noopener\" data-type=\"link\" data-id=\"https:\/\/apnews.com\/article\/iran-war-europe-jet-fuel-flight-cancellations-birol-6e67fafd493861b3858de5548aa77703\"><span dir=\"auto\">\u0161\u00e9f Mezin\u00e1rodn\u00ed energetick\u00e9 agentury Fatih Birol bije na poplach<\/span><\/a><span dir=\"auto\">\u00a0. Evropa by mohla m\u00edt dostatek\u00a0<\/span><strong><span dir=\"auto\">leteck\u00e9ho paliva jen na zhruba \u0161est t\u00fddn\u016f<\/span><\/strong><span dir=\"auto\">\u00a0\u2013 pot\u00e9 hroz\u00ed sc\u00e9n\u00e1\u0159, kter\u00fd by kontinent ekonomicky zni\u010dil.<\/span><\/p>\n<p><span dir=\"auto\">Co se d\u0159\u00edve jevilo jako drobn\u00fd geopolitick\u00fd probl\u00e9m, se nyn\u00ed st\u00e1v\u00e1 akutn\u00ed hrozbou pro ka\u017edodenn\u00ed \u017eivot: Nestabilita v okol\u00ed Hormuzsk\u00e9ho pr\u016flivu \u2013 jednoho z nejv\u00fdznamn\u011bj\u0161\u00edch energetick\u00fdch uzl\u016f na sv\u011bt\u011b \u2013 za\u010d\u00edn\u00e1 m\u00edt p\u0159\u00edm\u00fd dopad na dod\u00e1vky. Pokud bude tok ropy a rafinovan\u00fdch produkt\u016f i nad\u00e1le naru\u0161ov\u00e1n, v s\u00e1zce nebude nic men\u0161\u00edho ne\u017e funk\u010dnost evropsk\u00e9 leteck\u00e9 dopravy.<\/span><\/p>\n<p><span dir=\"auto\">D\u016fsledky by byly dramatick\u00e9. Leteck\u00e9 spole\u010dnosti by musely drasticky omezit nebo zcela pozastavit sv\u00e9 slu\u017eby. Dodavatelsk\u00e9 \u0159et\u011bzce, kter\u00e9 jsou z\u00e1visl\u00e9 na leteck\u00e9 n\u00e1kladn\u00ed doprav\u011b, by se zastavily. Mohlo by to b\u00fdt ovlivn\u011bno slu\u017eebn\u00ed cestov\u00e1n\u00ed, cestovn\u00ed ruch, a dokonce i l\u00e9ka\u0159sk\u00e1 doprava. Z\u00e1rove\u0148 by prudce vzrostly ceny \u2013 nejen let\u016f, ale i \u0159ady zbo\u017e\u00ed p\u0159epravovan\u00e9ho letecky.<\/span><\/p>\n<p><span dir=\"auto\">Skute\u010dn\u00fd explozivn\u00ed potenci\u00e1l se v\u0161ak skr\u00fdv\u00e1 hloub\u011bji. Varov\u00e1n\u00ed IEA odhaluje, jak k\u0159ehk\u00e1 se stala energetick\u00e1 architektura Evropy. Navzdory let\u016fm debat o bezpe\u010dnosti dod\u00e1vek, diverzifikaci a strategick\u00fdch rezerv\u00e1ch je nyn\u00ed jasn\u00e9, \u017ee kontinent z\u016fst\u00e1v\u00e1 extr\u00e9mn\u011b z\u00e1visl\u00fd na glob\u00e1ln\u00edm nedostatku \u2013 a tedy na geopolitick\u00e9m v\u00fdvoji, kter\u00fd m\u016f\u017ee jen st\u011b\u017e\u00ed ovlivnit.<\/span><\/p>\n<p><span dir=\"auto\">Kritici to vn\u00edmaj\u00ed jako struktur\u00e1ln\u00ed selh\u00e1n\u00ed. Zat\u00edmco politi\u010dt\u00ed \u010dinitel\u00e9 v Bruselu diskutuj\u00ed o regulaci, klimatick\u00fdch c\u00edlech a digit\u00e1ln\u00ed kontrole, jinde se r\u00fdsuje v\u00e1\u017en\u00fd nedostatek dod\u00e1vek. Realita doh\u00e1n\u00ed strategii \u2013 a je ne\u00faprosn\u00e1.<\/span><\/p>\n<p><span dir=\"auto\">Nadch\u00e1zej\u00edc\u00ed t\u00fddny uk\u00e1\u017eou, zda Evropa dok\u00e1\u017ee situaci stabilizovat. Jedna v\u011bc je v\u0161ak ji\u017e jasn\u00e1: Pokud by se situace zhor\u0161ila, nebude to jen leteck\u00e1 doprava, kter\u00e1 \u010del\u00ed velk\u00e9mu naru\u0161en\u00ed. Byl by to dal\u0161\u00ed d\u016fkaz toho, jak rychle modern\u00ed spole\u010dnosti dosahuj\u00ed sv\u00fdch limit\u016f, kdy\u017e se dod\u00e1vky energie stanou nestabiln\u00edmi.<\/span><\/p>\n<p><img decoding=\"async\" loading=\"lazy\" class=\"alignnone size-full wp-image-1185\" src=\"http:\/\/www.infokuryr.cz\/n\/wp-content\/uploads\/2021\/04\/kuryr-podpis.png\" alt=\"\" width=\"84\" height=\"24\" \/><\/p>\n<p>&nbsp;<\/p>\n","protected":false},"excerpt":{"rendered":"<p>Varov\u00e1n\u00ed nepoch\u00e1z\u00ed z n\u011bjak\u00e9ho okrajov\u00e9ho zdroje, ale z nejvy\u0161\u0161\u00ed \u00farovn\u011b:\u00a0\u0161\u00e9f Mezin\u00e1rodn\u00ed energetick\u00e9 agentury Fatih Birol&#8230;<\/p>\n","protected":false},"author":2,"featured_media":104801,"comment_status":"closed","ping_status":"closed","sticky":false,"template":"","format":"standard","meta":[],"categories":[7],"tags":[283,457,10899,3368],"_links":{"self":[{"href":"https:\/\/www.infokuryr.cz\/n\/wp-json\/wp\/v2\/posts\/104800"}],"collection":[{"href":"https:\/\/www.infokuryr.cz\/n\/wp-json\/wp\/v2\/posts"}],"about":[{"href":"https:\/\/www.infokuryr.cz\/n\/wp-json\/wp\/v2\/types\/post"}],"author":[{"embeddable":true,"href":"https:\/\/www.infokuryr.cz\/n\/wp-json\/wp\/v2\/users\/2"}],"replies":[{"embeddable":true,"href":"https:\/\/www.infokuryr.cz\/n\/wp-json\/wp\/v2\/comments?post=104800"}],"version-history":[{"count":0,"href":"https:\/\/www.infokuryr.cz\/n\/wp-json\/wp\/v2\/posts\/104800\/revisions"}],"wp:featuredmedia":[{"embeddable":true,"href":"https:\/\/www.infokuryr.cz\/n\/wp-json\/wp\/v2\/media\/104801"}],"wp:attachment":[{"href":"https:\/\/www.infokuryr.cz\/n\/wp-json\/wp\/v2\/media?parent=104800"}],"wp:term":[{"taxonomy":"category","embeddable":true,"href":"https:\/\/www.infokuryr.cz\/n\/wp-json\/wp\/v2\/categories?post=104800"},{"taxonomy":"post_tag","embeddable":true,"href":"https:\/\/www.infokuryr.cz\/n\/wp-json\/wp\/v2\/tags?post=104800"}],"curies":[{"name":"wp","href":"https:\/\/api.w.org\/{rel}","templated":true}]}}