{"id":104796,"date":"2026-04-18T00:12:52","date_gmt":"2026-04-17T22:12:52","guid":{"rendered":"https:\/\/www.infokuryr.cz\/n\/?p=104796"},"modified":"2026-04-17T12:38:50","modified_gmt":"2026-04-17T10:38:50","slug":"michael-ballwegovo-varovani-ohledne-aplikace-eu-age-open-source-je-jen-fasada-s-dalekosahlymi-dusledky","status":"publish","type":"post","link":"https:\/\/www.infokuryr.cz\/n\/2026\/04\/18\/michael-ballwegovo-varovani-ohledne-aplikace-eu-age-open-source-je-jen-fasada-s-dalekosahlymi-dusledky\/","title":{"rendered":"Michael Ballwegovo varov\u00e1n\u00ed ohledn\u011b aplikace EU Age: Open source je jen fas\u00e1da \u2013 s dalekos\u00e1hl\u00fdmi d\u016fsledky"},"content":{"rendered":"<div id=\"fb-root\"><\/div>\n<p><span dir=\"auto\">Prohl\u00e1\u0161en\u00ed Michaela Ballwega o nov\u00e9 aplikaci EU pro ov\u011b\u0159ov\u00e1n\u00ed v\u011bku se dot\u00fdk\u00e1 citliv\u00e9ho bodu sou\u010dasn\u00e9 digit\u00e1ln\u00ed politiky. Ursula von der Leyenov\u00e1 skute\u010dn\u011b agresivn\u011b propaguje toto \u0159e\u0161en\u00ed jako \u201epln\u011b open source\u201c \u2013 term\u00edn, kter\u00fd m\u00e1 vzbudit d\u016fv\u011bru. Bli\u017e\u0161\u00ed zkoum\u00e1n\u00ed v\u0161ak odhaluje, \u017ee tento obraz je v nejlep\u0161\u00edm p\u0159\u00edpad\u011b ne\u00fapln\u00fd.<\/span><\/p>\n<p><span dir=\"auto\">V r\u00e1mci Evropsk\u00e9 pen\u011b\u017eenky digit\u00e1ln\u00ed identity (European Digital Identity Wallet) Evropsk\u00e1 komise zp\u0159\u00edstup\u0148uje ve\u0159ejnosti kl\u00ed\u010dov\u00e9 komponenty sv\u00e9ho \u0159e\u0161en\u00ed pro ov\u011b\u0159ov\u00e1n\u00ed v\u011bku. Pat\u0159\u00ed mezi n\u011b protokoly, komponenty aplikac\u00ed a metody \u0161etrn\u00e9 k soukrom\u00ed, jako jsou technologie s nulov\u00fdmi znalostmi (zero-knowledge). Tato \u201esada n\u00e1stroj\u016f\u201c je skute\u010dn\u011b p\u0159\u00edstupn\u00e1 a v\u00fdvoj\u00e1\u0159i si ji mohou prohl\u00e9dnout.<\/span><\/p>\n<p><span dir=\"auto\">Ale pr\u00e1v\u011b v tom spo\u010d\u00edv\u00e1 kritika: Konkr\u00e9tn\u00ed aplikace, kterou ob\u010dan\u00e9 pozd\u011bji budou pou\u017e\u00edvat, se nevyv\u00edj\u00ed na \u00farovni EU, ale sp\u00ed\u0161e jednotliv\u00fdmi \u010dlensk\u00fdmi st\u00e1ty. A tyto n\u00e1rodn\u00ed implementace nepodl\u00e9haj\u00ed automaticky stejn\u00fdm standard\u016fm transparentnosti.<\/span><\/p>\n<div class=\"twitter-tweet twitter-tweet-rendered\"><iframe id=\"twitter-widget-0\" class=\"\" title=\"X Post\" src=\"https:\/\/platform.twitter.com\/embed\/Tweet.html?dnt=false&amp;embedId=twitter-widget-0&amp;features=eyJ0ZndfdGltZWxpbmVfbGlzdCI6eyJidWNrZXQiOltdLCJ2ZXJzaW9uIjpudWxsfSwidGZ3X2ZvbGxvd2VyX2NvdW50X3N1bnNldCI6eyJidWNrZXQiOnRydWUsInZlcnNpb24iOm51bGx9LCJ0ZndfdHdlZXRfZWRpdF9iYWNrZW5kIjp7ImJ1Y2tldCI6Im9uIiwidmVyc2lvbiI6bnVsbH0sInRmd19yZWZzcmNfc2Vzc2lvbiI6eyJidWNrZXQiOiJvbiIsInZlcnNpb24iOm51bGx9LCJ0ZndfZm9zbnJfc29mdF9pbnRlcnZlbnRpb25zX2VuYWJsZWQiOnsiYnVja2V0Ijoib24iLCJ2ZXJzaW9uIjpudWxsfSwidGZ3X21peGVkX21lZGlhXzE1ODk3Ijp7ImJ1Y2tldCI6InRyZWF0bWVudCIsInZlcnNpb24iOm51bGx9LCJ0ZndfZXhwZXJpbWVudHNfY29va2llX2V4cGlyYXRpb24iOnsiYnVja2V0IjoxMjA5NjAwLCJ2ZXJzaW9uIjpudWxsfSwidGZ3X3Nob3dfYmlyZHdhdGNoX3Bpdm90c19lbmFibGVkIjp7ImJ1Y2tldCI6Im9uIiwidmVyc2lvbiI6bnVsbH0sInRmd19kdXBsaWNhdGVfc2NyaWJlc190b19zZXR0aW5ncyI6eyJidWNrZXQiOiJvbiIsInZlcnNpb24iOm51bGx9LCJ0ZndfdXNlX3Byb2ZpbGVfaW1hZ2Vfc2hhcGVfZW5hYmxlZCI6eyJidWNrZXQiOiJvbiIsInZlcnNpb24iOm51bGx9LCJ0ZndfdmlkZW9faGxzX2R5bmFtaWNfbWFuaWZlc3RzXzE1MDgyIjp7ImJ1Y2tldCI6InRydWVfYml0cmF0ZSIsInZlcnNpb24iOm51bGx9LCJ0ZndfbGVnYWN5X3RpbWVsaW5lX3N1bnNldCI6eyJidWNrZXQiOnRydWUsInZlcnNpb24iOm51bGx9LCJ0ZndfdHdlZXRfZWRpdF9mcm9udGVuZCI6eyJidWNrZXQiOiJvbiIsInZlcnNpb24iOm51bGx9fQ%3D%3D&amp;frame=false&amp;hideCard=false&amp;hideThread=false&amp;id=2044446345587478810&amp;lang=cs&amp;origin=https%3A%2F%2Funcutnews.ch%2Fmichael-ballwegs-warnung-zur-eu-alters-app-open-source-nur-fassade-mit-weitreichenden-folgen%2F&amp;sessionId=5cddd4a762facd3f62204e67b6ccde6c1dd4b7b6&amp;theme=light&amp;widgetsVersion=2615f7e52b7e0%3A1702314776716&amp;width=550px\" frameborder=\"0\" scrolling=\"no\" allowfullscreen=\"allowfullscreen\" data-tweet-id=\"2044446345587478810\" data-mce-fragment=\"1\"><\/iframe><\/div>\n<p><span dir=\"auto\">To znamen\u00e1, \u017ee zat\u00edmco viditeln\u00e9 \u010d\u00e1sti \u2013 jako je u\u017eivatelsk\u00e9 rozhran\u00ed nebo jednotliv\u00e9 kryptografick\u00e9 metody \u2013 mohou b\u00fdt otev\u0159en\u00e9, kl\u00ed\u010dov\u00e9 komponenty v pozad\u00ed z\u016fst\u00e1vaj\u00ed potenci\u00e1ln\u011b nepr\u016fhledn\u00e9. Pat\u0159\u00ed mezi n\u011b zejm\u00e9na serverov\u00e9 struktury, rozhran\u00ed k vl\u00e1dn\u00edm datab\u00e1z\u00edm a n\u00e1rodn\u00ed \u00fapravy. Ty mohou b\u00fdt propriet\u00e1rn\u00ed a unikat tak ve\u0159ejn\u00e9 kontrole.<\/span><\/p>\n<p><span dir=\"auto\">Ballweg\u016fv argument se zam\u011b\u0159uje pr\u00e1v\u011b na tento rozpor: EU komunikuje otev\u0159enost, ale poskytuje pouze technick\u00fd r\u00e1mec. Skute\u010dnou moc nad toky dat a architekturou syst\u00e9mu maj\u00ed vnitrost\u00e1tn\u00ed org\u00e1ny a jejich partne\u0159i. Vznik\u00e1 tak hybridn\u00ed syst\u00e9m \u2013 \u010d\u00e1ste\u010dn\u011b otev\u0159en\u00fd, \u010d\u00e1ste\u010dn\u011b uzav\u0159en\u00fd.<\/span><\/p>\n<p><span dir=\"auto\">Kritici to vn\u00edmaj\u00ed jako struktur\u00e1ln\u00ed riziko. P\u0159esto\u017ee technologie s nulov\u00fdmi znalostmi teoreticky zaru\u010duj\u00ed soukrom\u00ed dat, jejich praktick\u00e1 implementace z\u00e1vis\u00ed na integrit\u011b cel\u00e9ho syst\u00e9mu. Pokud backendov\u00e9 procesy nejsou auditovateln\u00e9, z\u016fst\u00e1v\u00e1 nejasn\u00e9, zda budou sliby dodr\u017eeny.<\/span><\/p>\n<p><span dir=\"auto\">\u00dast\u0159edn\u00ed ot\u00e1zkou tedy nen\u00ed, zda jsou \u010d\u00e1sti syst\u00e9mu open source \u2013 ale zda je cel\u00fd syst\u00e9m transparentn\u00ed a ov\u011b\u0159iteln\u00fd. Pr\u00e1v\u011b o tom v sou\u010dasn\u00e9 dob\u011b existuj\u00ed opr\u00e1vn\u011bn\u00e9 pochybnosti.<\/span><\/p>\n<p><span dir=\"auto\">Debata o ov\u011b\u0159ov\u00e1n\u00ed v\u011bku v EU je p\u0159\u00edkladem toho, jak se politick\u00e1 komunikace a technick\u00e1 realita mohou li\u0161it. Transparentnost je slibov\u00e1na, kontrola v\u0161ak z\u016fst\u00e1v\u00e1 rozt\u0159\u00ed\u0161t\u011bn\u00e1.<\/span><\/p>\n<p><strong><span dir=\"auto\">Debata se nakonec redukuje na jednu kl\u00ed\u010dovou ot\u00e1zku: Co se zde v dlouhodob\u00e9m horizontu skute\u010dn\u011b vytvo\u0159\u00ed?<\/span><\/strong><\/p>\n<p><span dir=\"auto\">Proto\u017ee ov\u011b\u0159en\u00ed v\u011bku je technicky vzato jen prvn\u00edm krokem. Jakmile je infrastruktura vybudov\u00e1na, lze ji snadno roz\u0161\u00ed\u0159it. Jednoduch\u00fd d\u016fkaz v\u011bku se m\u016f\u017ee postupn\u011b vyvinout v univerz\u00e1ln\u00ed p\u0159\u00edstupov\u00fd kl\u00ed\u010d \u2013 pro soci\u00e1ln\u00ed s\u00edt\u011b, m\u00e9dia, online slu\u017eby nebo vl\u00e1dn\u00ed nab\u00eddky.<\/span><\/p>\n<p><span dir=\"auto\">T\u00edm se posouv\u00e1 rovnov\u00e1ha kontroly. Ten, kdo spravuje digit\u00e1ln\u00ed identitu, nep\u0159\u00edmo kontroluje p\u0159\u00edstup k digit\u00e1ln\u00edmu prostoru. Z\u00e1rove\u0148 se zvy\u0161uje riziko, \u017ee na pozad\u00ed mohou b\u00fdt vytv\u00e1\u0159eny podrobn\u00e9 profily \u2013 prost\u0159ednictv\u00edm pen\u011b\u017eenek, za\u0159\u00edzen\u00ed a vzorc\u016f u\u017e\u00edv\u00e1n\u00ed \u2013 i kdy\u017e jsou jednotliv\u00e9 komponenty navr\u017eeny tak, aby byly datov\u011b efektivn\u00ed.<\/span><\/p>\n<p><span dir=\"auto\">Nav\u00edc existuje struktur\u00e1ln\u00ed probl\u00e9m: syst\u00e9my tohoto druhu nejsou budov\u00e1ny pro sou\u010dasn\u00fd okam\u017eik, ale pro budoucnost. Co se dnes zav\u00e1d\u00ed jako dobrovoln\u00e9 bezpe\u010dnostn\u00ed opat\u0159en\u00ed, se z\u00edtra m\u016f\u017ee st\u00e1t po\u017eadavkem. A i kdy\u017e se politick\u00e9 r\u00e1mce mohou zm\u011bnit, technick\u00e1 infrastruktura z\u016fst\u00e1v\u00e1.<\/span><\/p>\n<p><span dir=\"auto\">Skute\u010dnou ot\u00e1zkou tedy nen\u00ed, co aplikace dok\u00e1\u017ee dnes \u2013 ale co umo\u017en\u00ed z\u00edtra.<\/span><\/p>\n<p><img decoding=\"async\" loading=\"lazy\" class=\"alignnone size-full wp-image-1185\" src=\"http:\/\/www.infokuryr.cz\/n\/wp-content\/uploads\/2021\/04\/kuryr-podpis.png\" alt=\"\" width=\"84\" height=\"24\" \/><\/p>\n<p>&nbsp;<\/p>\n","protected":false},"excerpt":{"rendered":"<p>Prohl\u00e1\u0161en\u00ed Michaela Ballwega o nov\u00e9 aplikaci EU pro ov\u011b\u0159ov\u00e1n\u00ed v\u011bku se dot\u00fdk\u00e1 citliv\u00e9ho bodu sou\u010dasn\u00e9&#8230;<\/p>\n","protected":false},"author":2,"featured_media":104797,"comment_status":"closed","ping_status":"closed","sticky":false,"template":"","format":"standard","meta":[],"categories":[7],"tags":[41,647,2320,1402],"_links":{"self":[{"href":"https:\/\/www.infokuryr.cz\/n\/wp-json\/wp\/v2\/posts\/104796"}],"collection":[{"href":"https:\/\/www.infokuryr.cz\/n\/wp-json\/wp\/v2\/posts"}],"about":[{"href":"https:\/\/www.infokuryr.cz\/n\/wp-json\/wp\/v2\/types\/post"}],"author":[{"embeddable":true,"href":"https:\/\/www.infokuryr.cz\/n\/wp-json\/wp\/v2\/users\/2"}],"replies":[{"embeddable":true,"href":"https:\/\/www.infokuryr.cz\/n\/wp-json\/wp\/v2\/comments?post=104796"}],"version-history":[{"count":0,"href":"https:\/\/www.infokuryr.cz\/n\/wp-json\/wp\/v2\/posts\/104796\/revisions"}],"wp:featuredmedia":[{"embeddable":true,"href":"https:\/\/www.infokuryr.cz\/n\/wp-json\/wp\/v2\/media\/104797"}],"wp:attachment":[{"href":"https:\/\/www.infokuryr.cz\/n\/wp-json\/wp\/v2\/media?parent=104796"}],"wp:term":[{"taxonomy":"category","embeddable":true,"href":"https:\/\/www.infokuryr.cz\/n\/wp-json\/wp\/v2\/categories?post=104796"},{"taxonomy":"post_tag","embeddable":true,"href":"https:\/\/www.infokuryr.cz\/n\/wp-json\/wp\/v2\/tags?post=104796"}],"curies":[{"name":"wp","href":"https:\/\/api.w.org\/{rel}","templated":true}]}}