{"id":104777,"date":"2026-04-17T07:05:32","date_gmt":"2026-04-17T05:05:32","guid":{"rendered":"https:\/\/www.infokuryr.cz\/n\/?p=104777"},"modified":"2026-04-17T07:05:32","modified_gmt":"2026-04-17T05:05:32","slug":"ministre-vojtechu-zruste-narodni-ockovaci-strategii-je-to-neokomunisticky-paskvil","status":"publish","type":"post","link":"https:\/\/www.infokuryr.cz\/n\/2026\/04\/17\/ministre-vojtechu-zruste-narodni-ockovaci-strategii-je-to-neokomunisticky-paskvil\/","title":{"rendered":"Minist\u0159e Vojt\u011bchu, zru\u0161te N\u00e1rodn\u00ed o\u010dkovac\u00ed strategii. Je to neokomunistick\u00fd paskvil!"},"content":{"rendered":"<div id=\"fb-root\"><\/div>\n<p>Otev\u0159en\u00fd dopis ministru zdravotnictv\u00ed\u00a0<strong><a href=\"https:\/\/www.nespokojeny.cz\/tag\/adam-vojtech\/\" target=\"_blank\" rel=\"noopener\">Adamu Vojt\u011bchovi<\/a><\/strong>\u00a0s\u00a0<strong>v\u00fdzvou ke zru\u0161en\u00ed N\u00e1rodn\u00ed o\u010dkovac\u00ed strategie<\/strong>\u00a0(<strong><a href=\"https:\/\/www.nespokojeny.cz\/narodni-ockovaci-strategie-musi-byt-zrusena-natlak-a-byznys-prevleceny-za-prevenci\/\" target=\"_blank\" rel=\"noopener\">NOS<\/a><\/strong>).\u00a0<strong><a href=\"https:\/\/www.nespokojeny.cz\/tag\/vladimir-cizek\/\" target=\"_blank\" rel=\"noopener\">MUDr. Vladim\u00edr \u010c\u00ed\u017eek<\/a><\/strong>\u00a0v n\u011bm srozumiteln\u011b shrnuje v\u00fdhrady k tomuto neokomunistick\u00e9mu paskvilu, kter\u00fd Vojt\u011bch p\u0159evzal po sv\u00e9m p\u0159edch\u016fdci V\u00e1lkovi, a chce v p\u0159ijat\u00e9 strategii o\u010dkov\u00e1n\u00ed nad\u00e1le\u00a0<strong><a href=\"https:\/\/www.nespokojeny.cz\/ockovat-nediskutovat-to-je-nova-narodni-ockovaci-strategie-ministerstva-zdravotnictvi\/\" target=\"_blank\" rel=\"noopener\">pokra\u010dovat<\/a><\/strong>. Nezmi\u0148uje ale jednu v\u011bc:\u00a0<strong>nov\u00e9 vakc\u00edny jsou ji\u017e na b\u00e1zi mRNA<\/strong>, v\u010detn\u011b kombinovan\u00e9 vakc\u00edny proti covidu a ch\u0159ipce.<span id=\"more-66467\"><\/span><\/p>\n<p><em><strong>V\u00e1\u017een\u00fd pane minist\u0159e,<\/strong><br \/>\n<\/em><br \/>\n\u017e\u00e1d\u00e1m V\u00e1s o neprodlen\u00e9 zru\u0161en\u00ed N\u00e1rodn\u00ed o\u010dkovac\u00ed strategie (NOS) na z\u00e1klad\u011b n\u00e1sleduj\u00edc\u00edch argument\u016f:<\/p>\n<h4><strong>1) NOS byla p\u0159ijata v rozporu se zvyklostmi a dobr\u00fdmi mravy<\/strong><\/h4>\n<p>NOS byla schv\u00e1lena minulou\u00a0<a href=\"https:\/\/plus.rozhlas.cz\/vlada-v-demisi-neni-plnohodnotna-je-pouze-prozatimne-poverena-vykonem-funkci-7168055\" target=\"_blank\" rel=\"noopener\">neplnohodnotnou<\/a>\u00a0vl\u00e1dou p\u011bt dn\u00ed (!) p\u0159ed\u00a0<a href=\"https:\/\/mzd.gov.cz\/tiskove-centrum-mz\/vlada-schvalila-narodni-ockovaci-strategii-ceske-republiky-pro-obdobi-2025-2029\/\" target=\"_blank\" rel=\"noopener\">skon\u010den\u00edm<\/a>\u00a0jej\u00edho mand\u00e1tu. Podle\u00a0<a href=\"https:\/\/advokatnidenik.cz\/2021\/12\/07\/k-diskusi-k-navrhu-novely-ockovaci-vyhlasky-v-souvislosti-s-ockovanim-proti-covid-19\/\" target=\"_blank\" rel=\"noopener\">zvyklost\u00ed<\/a>\u00a0by m\u011bla vl\u00e1da v demisi schvalovat jen z\u00e1le\u017eitosti neodkladn\u00e9 nebo konsenzu\u00e1ln\u00ed. NOS nepat\u0159\u00ed ani do jedn\u00e9 z t\u011bchto dvou skupin.<\/p>\n<h4><strong>2) NOS nebyla ofici\u00e1ln\u011b p\u0159edlo\u017eena k p\u0159ipom\u00ednkov\u00e9mu \u0159\u00edzen\u00ed na \u00daOO\u00da<\/strong><\/h4>\n<p>D\u016fvodem m\u011blo b\u00fdt to, \u017ee NOS \u00fadajn\u011b nekoliduje s osobn\u00edmi daty pacient\u016f (tedy s GDPR). To ale zjevn\u011b nen\u00ed pravda. Jestli\u017ee maj\u00ed zam\u011bstnavatel\u00e9 v\u011bd\u011bt, kter\u00fd zam\u011bstnanec je \u010di nen\u00ed o\u010dkov\u00e1n, co jin\u00e9ho je to ne\u017e z\u00e1sah do osobn\u00edch dat? Koneckonc\u016f\u00a0<a href=\"https:\/\/app.box.com\/s\/qmc03nqgknke42x9gpew1z7pmm33itlz\" target=\"_blank\" rel=\"noopener\">\u00daOO\u00da<\/a>\u00a0se i bez va\u0161\u00ed \u017e\u00e1dosti vyj\u00e1d\u0159il v tom smyslu, \u017ee NOS je t\u0159eba odm\u00edtnout jako celek.<\/p>\n<h4><strong>3) NOS je zcela zbyte\u010dn\u00e1 (to jste mimo jin\u00e9 mezi \u0159\u00e1dky potvrdil i Vy s\u00e1m)<\/strong><\/h4>\n<p>V\u00a0<a href=\"https:\/\/www.idnes.cz\/zpravy\/domaci\/rozstrel-adam-vojtech-zaskrt-neockovane-deti-spd-ano-antivax.A260324_150242_domaci_vov\" target=\"_blank\" rel=\"noopener\">rozhovoru<\/a>\u00a0pro iDnes dne 26.3.2026 jste prohl\u00e1sil:<\/p>\n<p><em>\u201eTo nen\u00ed ot\u00e1zka n\u00e1vratu k dobrovolnosti, proto\u017ee dobrovolnost st\u00e1le plat\u00ed. Z n\u00e1rodn\u00ed o\u010dkovac\u00ed strategie se podle m\u011b d\u011bl\u00e1 v\u00edc, ne\u017e \u010d\u00edm ve skute\u010dnosti je. Nezm\u011bnila se povinnost o\u010dkov\u00e1n\u00ed u d\u011btsk\u00fdch vakc\u00edn, jak je zn\u00e1me nap\u0159\u00edklad u z\u00e1\u0161krtu nebo \u010dern\u00e9ho ka\u0161le, a nezm\u011bnila ani dobrovoln\u00e9 o\u010dkov\u00e1n\u00ed v p\u0159\u00edpad\u011b ch\u0159ipky a dal\u0161\u00edch vakc\u00edn.\u201c \u2026 \u201eTak to bylo p\u0159ed strategi\u00ed a bude to i po n\u00ed\u201c.<\/em><\/p>\n<p>Jestli\u017ee v\u0161e bude p\u0159ed NOS i po n\u00ed stejn\u00e9 \u2013 pro\u010d je proto pro V\u00e1s tak d\u016fle\u017eit\u00e1, \u017ee se spojujete se sv\u00fdm protivn\u00edkem, mnohokr\u00e1t kritizovan\u00fdm exministrem V\u00e1lkem, proti n\u00e1zoru premi\u00e9ra Andreje Babi\u0161e i proti\u00a0<a href=\"https:\/\/iportal24.cz\/featured\/libor-vondracek-pokud-bude-ministr-vojtech-prosazovat-narodni-ockovaci-strategii-bude-nase-jednota-skripat\/\" target=\"_blank\" rel=\"noopener\">n\u00e1zoru koali\u010dn\u00edho partnera<\/a>? Odpov\u011bd\u00ed na tuto \u0159e\u010dnickou ot\u00e1zku m\u016f\u017ee b\u00fdt n\u00e1sleduj\u00edc\u00ed bod.<\/p>\n<h4><strong>4) NOS tichou cestou ru\u0161\u00ed dobrovolnost a nastoluje \u201edobrovolnou povinnost\u201c<\/strong><\/h4>\n<p>Pojem, \u017ee je n\u011bco \u201edobrovoln\u011b povinn\u00e9\u201c, zn\u00e1me my star\u0161\u00ed z dob komunismu. Koneckonc\u016f bol\u0161evick\u00e9 my\u0161len\u00ed p\u0159etrv\u00e1v\u00e1 v o\u010dkovac\u00ed politice st\u00e1tu dodnes. Jsme spolu s dal\u0161\u00edmi postkomunistick\u00fdmi zem\u011bmi v \u010dele, co se t\u00fd\u010de po\u010dtu povinn\u00fdch d\u011btsk\u00fdch o\u010dkov\u00e1n\u00ed a m\u00e1me v pam\u011bti postup vl\u00e1dy za Covidu.<\/p>\n<p>A pr\u00e1v\u011b v duchu bol\u0161evick\u00e9ho uva\u017eov\u00e1n\u00ed se nese i NOS. Jak jinak si lze vysv\u011btlit, \u017ee zav\u00e1d\u00edte\u00a0<a href=\"https:\/\/mzd.gov.cz\/narodni-ockovaci-strategie-cr-2025-2029\/\" target=\"_blank\" rel=\"noopener\">sign\u00e1ln\u00ed k\u00f3d pro odm\u00edtnut\u00ed o\u010dkov\u00e1n\u00ed<\/a>\u00a0(bod 1.1.5)? P\u0159elo\u017e\u00edm pro laiky do \u010de\u0161tiny:<\/p>\n<p><em>Praktick\u00fd l\u00e9ka\u0159 nab\u00eddne pacientovi \u201ezcela dobrovoln\u00e9\u201c o\u010dkov\u00e1n\u00ed proti kl\u00ed\u0161\u0165ov\u00e9 encefalitid\u011b. Pacient nem\u00e1 pot\u0159ebu se o\u010dkovat, proto\u017ee bydl\u00ed ve m\u011bst\u011b a do p\u0159\u00edrody nechod\u00ed kv\u016fli alergii. L\u00e9ka\u0159 okam\u017eit\u011b nahl\u00e1s\u00ed na poji\u0161\u0165ovnu tento sign\u00e1ln\u00ed k\u00f3d pro \u201eodm\u00edta\u010de\u201c dobrovoln\u00e9ho o\u010dkov\u00e1n\u00ed. A stejn\u00fd k\u00f3d bude pacientovi zaps\u00e1n\u00a0<strong>poka\u017ed\u00e9<\/strong>, kdy\u017e mu l\u00e9ka\u0159 nab\u00eddne jakoukoli vakc\u00ednu ze sv\u00e9ho reperto\u00e1ru. Tak se z dosud bezprobl\u00e9mov\u00fdch pacient\u016f stanou opakovan\u00ed \u201eodm\u00edta\u010di\u201c.<\/em><\/p>\n<p>A to nen\u00ed v\u0161e. NOS bude sv\u016fj nos strkat je\u0161t\u011b hloub\u011bji \u2013 viz citace z NOS:<\/p>\n<p><em>\u201eSlabinou syst\u00e9mu nad\u00e1le z\u016fst\u00e1v\u00e1 absence informac\u00ed o osob\u00e1ch, kter\u00e9 nepodstoupily pravideln\u00e9 o\u010dkov\u00e1n\u00ed, a o d\u016fvodech tohoto rozhodnut\u00ed. Z\u00edsk\u00e1n\u00ed t\u011bchto \u00fadaj\u016f by mohlo p\u0159in\u00e9st cenn\u00e9 poznatky o postoj\u00edch populace k o\u010dkov\u00e1n\u00ed a podpo\u0159it nastaven\u00ed c\u00edlen\u00fdch mechanism\u016f pro\u00a0<a href=\"https:\/\/mzd.gov.cz\/narodni-ockovaci-strategie-cr-2025-2029\/\" target=\"_blank\" rel=\"noopener\">\u0159e\u0161en\u00ed p\u0159\u00ed\u010din odm\u00edt\u00e1n\u00ed<\/a>, v\u010detn\u011b zaveden\u00ed efektivn\u00ed komunika\u010dn\u00ed strategie\u2026\u201c (str.15)<\/em><\/p>\n<p>To u\u017e zn\u00ed bez nads\u00e1zky jako z Orwella \u010di komunika\u010dn\u00edch karet plukovn\u00edka Folt\u00fdna. Pro\u010d chce st\u00e1t sb\u00edrat informace o neo\u010dkovan\u00fdch a \u0159e\u0161it p\u0159\u00ed\u010diny odm\u00edt\u00e1n\u00ed DOBROVOLN\u00c9HO o\u010dkov\u00e1n\u00ed?<\/p>\n<h4><strong>5) NOS dezinformuje o ch\u0159ipce (v\u011bdom\u011b \u010di nev\u011bdom\u011b)<\/strong><\/h4>\n<p>Ve zm\u00edn\u011bn\u00e9m rozhovoru jste prohl\u00e1sil:<\/p>\n<p><em>\u201eNech\u00e1pu, pro\u010d je najednou probl\u00e9m s o\u010dkov\u00e1n\u00edm proti ch\u0159ipce, kdy\u017e jde o o\u010dkov\u00e1n\u00ed, kter\u00e9 tu funguje des\u00edtky let na dobrovoln\u00e9 b\u00e1zi\u201c.<\/em><\/p>\n<p>Dovolte, abych Va\u0161\u00ed nech\u00e1pavosti napomohl \u2013 tato pas\u00e1\u017e je\u00a0<strong>velmi d\u016fle\u017eit\u00e1<\/strong>\u00a0a bude proto trochu del\u0161\u00ed:<\/p>\n<p>NOS l\u017ee o o\u010dkov\u00e1n\u00ed proti ch\u0159ipce \u2013 d\u011bl\u00e1 je mnohem \u00fa\u010dinn\u011bj\u0161\u00edm, ne\u017e ve skute\u010dnosti je. Relativn\u00ed \u00fa\u010dinnost o\u010dkov\u00e1n\u00ed proti ch\u0159ipce je podle\u00a0<a href=\"https:\/\/www.cdc.gov\/flu-vaccines-work\/php\/effectiveness-studies\/past-seasons-estimates.html?fbclid=IwY2%C3%97jawK2bApleHRuA2FlbQIxMQABHpbxqyYW1zHlMCzd7oiMeSBFcgCm2Eyh-M3ZTIdClijPF6QuPcACRrG_eutW_aem_rsOLqJXNmPJqdMFgCaoaUA\" target=\"_blank\" rel=\"noopener\">dat CDC<\/a>\u00a0n\u00e1sleduj\u00edc\u00ed:<\/p>\n<p><a title=\"\" href=\"https:\/\/www.nespokojeny.cz\/wp-content\/uploads\/nos_ockovani_chripka.jpg\" data-rel=\"lightbox-image-0\" data-magnific_type=\"image\" data-rl_title=\"\" data-rl_caption=\"\"><img decoding=\"async\" loading=\"lazy\" class=\"aligncenter wp-image-66476\" src=\"https:\/\/www.nespokojeny.cz\/wp-content\/uploads\/nos_ockovani_chripka.jpg\" sizes=\"(max-width: 800px) 100vw, 800px\" srcset=\"https:\/\/www.nespokojeny.cz\/wp-content\/uploads\/nos_ockovani_chripka.jpg 1200w, https:\/\/www.nespokojeny.cz\/wp-content\/uploads\/nos_ockovani_chripka-300x88.jpg 300w, https:\/\/www.nespokojeny.cz\/wp-content\/uploads\/nos_ockovani_chripka-450x132.jpg 450w, https:\/\/www.nespokojeny.cz\/wp-content\/uploads\/nos_ockovani_chripka-150x44.jpg 150w, https:\/\/www.nespokojeny.cz\/wp-content\/uploads\/nos_ockovani_chripka-768x226.jpg 768w\" alt=\"\" width=\"800\" height=\"235\" \/><\/a>Podle\u00a0<a href=\"https:\/\/pubmed.ncbi.nlm.nih.gov\/29388196\/\" target=\"_blank\" rel=\"noopener\">metaanal\u00fdzy Cochrane<\/a>\u00a0z roku 2018 bylo riziko ch\u0159ipky u zdrav\u00fdch dosp\u011bl\u00fdch sn\u00ed\u017eeno o\u010dkov\u00e1n\u00edm\u00a0<strong>v absolutn\u00edch hodnot\u00e1ch<\/strong>\u00a0pouze o 1,4% (z 2,3% bez o\u010dkov\u00e1n\u00ed na 0,9%) a riziko hospitalizace sn\u00ed\u017eeno jen o 0,6% (ze 14,7% u neo\u010dkovan\u00fdch na 14,1%). Auto\u0159i d\u00e1le uv\u00e1d\u011bj\u00ed, \u017ee \u201evakc\u00edny mohou v\u00e9st k mal\u00e9mu nebo \u017e\u00e1dn\u00e9mu sn\u00ed\u017een\u00ed po\u010dtu dn\u016f pracovn\u00ed neschopnosti\u201c \u2013 co\u017e je v p\u0159\u00edm\u00e9m rozporu s rozvahu uvedenou v NOS.<\/p>\n<p>Profesor Chl\u00edbek pronesl ve\u0159ejn\u011b na tiskov\u00e9 konferenci (vys\u00edlan\u00e9 \u010cT) \u0159adu misinformac\u00ed o o\u010dkov\u00e1n\u00ed proti ch\u0159ipce. Data jsem analyzoval, a mohu V\u00e1m tuto anal\u00fdzu p\u0159edlo\u017eit ve form\u011b prezentace.<\/p>\n<p>Podle posledn\u00edch dostupn\u00fdch\u00a0<a href=\"https:\/\/ec.europa.eu\/eurostat\/statistics-explained\/index.php?title=Influenza_statistics#Highlights\" target=\"_blank\" rel=\"noopener\">dat Eurostatu<\/a>\u00a0nem\u00e1 vy\u0161\u0161\u00ed proo\u010dkovanost za n\u00e1sledek ni\u017e\u0161\u00ed po\u010dty \u00famrt\u00ed na ch\u0159ipku ve v\u011bku 65+, ale sp\u00ed\u0161e naopak. O\u010dkovac\u00ed premianti maj\u00ed nejvy\u0161\u0161\u00ed \u00famrtnost a ti, kte\u0159\u00ed o\u010dkuj\u00ed nejm\u00e9n\u011b, maj\u00ed \u010dasto \u00famrtnost mnohem ni\u017e\u0161\u00ed.<\/p>\n<p><a href=\"https:\/\/www.medrxiv.org\/content\/10.1101\/2025.01.30.25321421v3.full\" target=\"_blank\" rel=\"noopener\">Preprint z Clevelandu<\/a>\u00a0nazna\u010duje to, co jsme v\u011bd\u011bli o covidov\u00fdch vakc\u00edn\u00e1ch \u2013 o\u010dkovan\u00ed zam\u011bstnanci onemocn\u011bli ch\u0159ipkou o 27% \u010dast\u011bji ne\u017e neo\u010dkovan\u00ed. Ano, preprint m\u00e1 chyby a nepro\u0161el recenzn\u00edm \u0159\u00edzen\u00edm. Nicm\u00e9n\u011b ze stejn\u00e9ho pracovi\u0161t\u011b poch\u00e1z\u00ed studie o covidov\u00fdch vakc\u00edn\u00e1ch, kter\u00e1 recenzn\u00edm \u0159\u00edzen\u00edm pro\u0161la. Ta uk\u00e1zala, \u017ee \u010d\u00edm v\u00edce m\u011bli zdravotn\u00edci d\u00e1vek, t\u00edm v\u00edce m\u011bli Covidu.<\/p>\n<p>A nyn\u00ed se vr\u00e1t\u00edm k NOS. Dobrovolnost se jednozna\u010dn\u011b bude m\u011bnit na \u201edobrovolnou povinnost\u201c na z\u00e1klad\u011b n\u00e1tlaku zam\u011bstnavatel\u016f na zam\u011bstnance (proto\u017ee si p\u0159e\u010dtou l\u017ei uveden\u00e9 v NOS). A ji\u017e se otv\u00edr\u00e1 Overtonovo okno k povinn\u00e9mu o\u010dkov\u00e1n\u00ed n\u011bkter\u00fdch profes\u00ed (zdravotn\u00edk\u016f aj.) Ji\u017e se oz\u00fdvaj\u00ed hlasy, aby\u00a0<a href=\"https:\/\/www.zdravotnickydenik.cz\/2026\/03\/vyzva-zdravotnici-brante-ockovani\/\" target=\"_blank\" rel=\"noopener\">neo\u010dkovan\u00ed zdravotn\u00edci vr\u00e1tili diplomy<\/a>\u00a0\u2013 tomuhle sprost\u00e9mu n\u00e1tlaku opravdu \u0159\u00edk\u00e1te DOBROVOLNOST?<\/p>\n<h4><strong>6) Rizikov\u00e1 technologie a ne\u00fam\u011brn\u00e9 finan\u010dn\u00ed n\u00e1klady<\/strong><\/h4>\n<p>Pokud je\u0161t\u011b st\u00e1le nech\u00e1pete,\u00a0<em>\u201epro\u010d je najednou probl\u00e9m s o\u010dkov\u00e1n\u00edm proti ch\u0159ipce\u201c<\/em>, zde nab\u00edz\u00edm dal\u0161\u00ed argumenty.<\/p>\n<p>Podle V\u00e1s jde o o\u010dkov\u00e1n\u00ed, kter\u00e9 funguje \u0159adu let. V\u00fd\u0161e jsem uk\u00e1zal, jak sp\u00ed\u0161e \u0159adu let\u00a0<strong>nefunguje<\/strong>. Ale nezmi\u0148ujete (z\u00e1m\u011brn\u011b nebo nedopat\u0159en\u00edm) jednu v\u011bc:\u00a0<strong>nov\u00e9 vakc\u00edny proti ch\u0159ipce jsou ji\u017e na b\u00e1zi mRNA<\/strong>. Americk\u00e1 FDA po prvotn\u00edm\u00a0<a href=\"https:\/\/www.npr.org\/2026\/02\/18\/nx-s1-5718116\/fda-moderna-mrna-flu-shot\" target=\"_blank\" rel=\"noopener\">zam\u00edtnut\u00ed<\/a>\u00a0o nich teprve\u00a0<a href=\"https:\/\/ct24.ceskatelevize.cz\/clanek\/veda\/americke-urady-otocily-mrna-vakcinu-proti-chripce-zacnou-schvalovat-370474\" target=\"_blank\" rel=\"noopener\">za\u010dala<\/a>\u00a0jednat.\u00a0<a href=\"https:\/\/cs.eureporter.co\/health\/2026\/03\/03\/ema-approves-12-medicines-including-combined-covid-19-and-influenza-vaccine\/\" target=\"_blank\" rel=\"noopener\">Evropsk\u00e1 EMA<\/a>\u00a0schv\u00e1lila rovnou kombinovanou mRNA vakc\u00ednu proti Covidu a ch\u0159ipce.\u00a0<a href=\"https:\/\/pmc.ncbi.nlm.nih.gov\/articles\/PMC12060023\/\" target=\"_blank\" rel=\"noopener\">Registra\u010dn\u00ed studie<\/a>\u00a0p\u0159itom nehodnotila efekt proti onemocn\u011bn\u00ed, nato\u017e proti t\u011b\u017ek\u00e9mu pr\u016fb\u011bhu \u010di \u00famrt\u00ed. Hodnotila jen protil\u00e1tky po dobu 4 t\u00fddn\u016f. Tyt\u00e9\u017e protil\u00e1tky, kter\u00e9 jste za Covidu odm\u00edtali jako irelevantn\u00ed.<\/p>\n<p><strong>To je ten d\u016fvod, pro\u010d koali\u010dn\u00ed poslanci z \u0159ad SPD, Svobodn\u00fdch a PRO spojuj\u00ed vakc\u00edny proti Covidu a ch\u0159ipce dohromady<\/strong>. Proto\u017ee tyto dv\u011b vakc\u00edny budou v jedn\u00e9 ampuli. P\u016fjde o n\u00e1tlak jako za Covidu \u2013 s jedn\u00edm mal\u00fdm rozd\u00edlem \u2013 donutit lidi nechat do sebe vpravit rovnou dv\u011b mRNA vakc\u00edny nar\u00e1z. Tvrd\u00edme, a m\u00e1me pro to d\u016fkazy, \u017ee mRNA technologie ve vakc\u00edn\u00e1ch je nedostate\u010dn\u011b otestovan\u00e1 a velmi pravd\u011bpodobn\u011b vysoce rizikov\u00e1, a \u017ee je nutno nejprve objektivn\u011b prozkoumat jej\u00ed klinickou \u00fa\u010dinnost a jej\u00ed \u010dasn\u00e9 i pozdn\u00ed ne\u017e\u00e1douc\u00ed \u00fa\u010dinky.<\/p>\n<p>A nyn\u00ed je\u0161t\u011b p\u00e1r slov k financ\u00edm.<\/p>\n<p>Premi\u00e9r\u00a0<a href=\"https:\/\/archiv.hn.cz\/c1-67857770-spd-tlaci-na-omezeni-nekterych-vakcin-babis-skrta-bdquo-jen-ldquo-miliony-na-jejich-propagaci-experti-varuji-pred-ustupky\" target=\"_blank\" rel=\"noopener\">Andrej Babi\u0161<\/a>\u00a0V\u00e1m zat\u00edm \u0161krtnul 100 000 000 K\u010d na propagaci vakc\u00edn. To jsou ov\u0161em jen \u201edrobn\u00e9\u201c proti tomu, kolik bude o\u010dkov\u00e1n\u00ed proti ch\u0159ipce st\u00e1t. NOS pravd\u011bpodobn\u011b i v tomto l\u017ee. Uv\u00e1d\u00ed sumu 2-3 mld K\u010d za sou\u010det vakc\u00edn proti ch\u0159ipce + HPV + pneumokoku (str.4), ale\u00a0<a href=\"https:\/\/is.muni.cz\/publication\/2520760\/\" target=\"_blank\" rel=\"noopener\">dokument MUNI<\/a>\u00a0odhaduje cenu jen za ch\u0159ipkov\u00e9 vakc\u00edny a\u017e na 3,57 mld K\u010d (str.7). A to je\u0161t\u011b nezn\u00e1me ceny nov\u00fdch mRNA vakc\u00edn proti ch\u0159ipce.<\/p>\n<p>Je nutno p\u0159i\u010d\u00edst i platby poji\u0161\u0165oven za aplikace \u2013\u00a0<a href=\"https:\/\/szv.mzcr.cz\/Vykon\/Detail\/02100\/\" target=\"_blank\" rel=\"noopener\">288 bod\u016f<\/a>\u00a0(K\u010d) za jednu vakc\u00ednu. Pokud tedy praktik p\u0159emluv\u00ed tis\u00edc pacient\u016f k o\u010dkov\u00e1n\u00ed proti ch\u0159ipce a Covidu (jedno ram\u00ednko \u2013 druh\u00e9 ram\u00ednko), r\u00e1zem si p\u0159ijde na p\u011bkn\u00fdch 576 000,- K\u010d a o stejnou sumu bude chud\u0161\u00ed poji\u0161\u0165ovna. Pravda, kombinovan\u00e1 vakc\u00edna sice sn\u00ed\u017e\u00ed sumu na polovinu, ale l\u00e9ka\u0159 r\u00e1zem m\u016f\u017ee p\u0159idat do druh\u00e9ho ram\u00ednka jinou vakc\u00ednu.<\/p>\n<p><strong>Tento dopis p\u00ed\u0161u i za v\u0161echny, jejich\u017e p\u0159ipom\u00ednky nebyly vypo\u0159\u00e1d\u00e1ny<\/strong>. Za spolek\u00a0<a href=\"https:\/\/rozalio.cz\/vyzva-stazeni-nos-jednani-vlady\/\" target=\"_blank\" rel=\"noopener\">Rozalio<\/a>, za organizace\u00a0<a href=\"https:\/\/www.prolibertate.cz\/2025\/06\/stanovisko-pro-libertate-a-smis-k-navrhu-narodni-ockovaci-strategie\/\" target=\"_blank\" rel=\"noopener\">ProLibertate a SMIS<\/a>, za lidi, kte\u0159\u00ed\u00a0<a href=\"https:\/\/docs.google.com\/document\/d\/1RoGI_3YCBv9HUbcuPEmlA1m_ZXdDWgDI\/edit?tab=t.0\" target=\"_blank\" rel=\"noopener\">sami d\u00e1vali<\/a>\u00a0p\u0159ipom\u00ednky na z\u00e1klad\u011b\u00a0<a href=\"https:\/\/docs.google.com\/document\/d\/1jAw5zHgHuB-YS4YNti0iLNsT-qvW3b92mjeDWVDleVM\/edit?tab=t.0\" target=\"_blank\" rel=\"noopener\">Aarhusk\u00e9 \u00famluvy<\/a>, za v\u0161echny, kte\u0159\u00ed se \u00fa\u010dastnili\u00a0<a href=\"https:\/\/www.youtube.com\/watch?v=pGZv47H-k2E&amp;t=164s\" target=\"_blank\" rel=\"noopener\" data-rel=\"lightbox-video-0\" data-magnific_type=\"video\">tiskov\u00e9 konference<\/a>\u00a0k NOS, a v neposledn\u00ed \u0159ad\u011b za\u00a0<a href=\"https:\/\/www.petice.com\/nos\" target=\"_blank\" rel=\"noopener\">signat\u00e1\u0159e petice<\/a>\u00a0proti NOS, kter\u00fdch je k dne\u0161n\u00edmu dni u\u017e v\u00edce ne\u017e 42 000.<\/p>\n<p>V\u00e1\u017een\u00fd pane minist\u0159e,<br \/>\nN\u00e1rodn\u00ed o\u010dkovac\u00ed strategie je V\u00e1lk\u016fv neokomunistick\u00fd paskvil a domn\u00edv\u00e1m se, \u017ee byste se na n\u011bm nem\u011bl pod\u00edlet. Pros\u00edm, pane minist\u0159e, bu\u010fte zase slu\u0161nej a zru\u0161te NOS.<\/p>\n<p>Se srde\u010dn\u00fdm pozdravem,<\/p>\n<p>MUDr. Vladim\u00edr \u010c\u00ed\u017eek Angiolog, soudn\u00ed znalec pro obor angiologie, a p\u0159edseda etick\u00e9 komise Fr\u00fddek-M\u00edstek, dne 15. dubna 2026<br \/>\nNa v\u011bdom\u00ed: p\u0159edseda vl\u00e1dy \u010cR Ing. Andrej Babi\u0161<\/p>\n<div class=\"pdfemb-viewer\">\n<div class=\"pdfemb-toolbar pdfemb-toolbar-fixed  pdfemb-toolbar-top\"><\/div>\n<\/div>\n<a href=\"https:\/\/www.infokuryr.cz\/n\/wp-content\/uploads\/2026\/04\/Otevreny-dopis-ministru-zdravotnictvi.pdf\" class=\"pdfemb-viewer\" style=\"\" data-width=\"max\" data-height=\"max\" data-toolbar=\"top\" data-toolbar-fixed=\"on\">Otevreny-dopis-ministru-zdravotnictvi<\/a>\n","protected":false},"excerpt":{"rendered":"<p>Otev\u0159en\u00fd dopis ministru zdravotnictv\u00ed\u00a0Adamu Vojt\u011bchovi\u00a0s\u00a0v\u00fdzvou ke zru\u0161en\u00ed N\u00e1rodn\u00ed o\u010dkovac\u00ed strategie\u00a0(NOS).\u00a0MUDr. Vladim\u00edr \u010c\u00ed\u017eek\u00a0v n\u011bm srozumiteln\u011b shrnuje&#8230;<\/p>\n","protected":false},"author":2,"featured_media":2065,"comment_status":"closed","ping_status":"closed","sticky":false,"template":"","format":"standard","meta":[],"categories":[6],"tags":[213,1412,483],"_links":{"self":[{"href":"https:\/\/www.infokuryr.cz\/n\/wp-json\/wp\/v2\/posts\/104777"}],"collection":[{"href":"https:\/\/www.infokuryr.cz\/n\/wp-json\/wp\/v2\/posts"}],"about":[{"href":"https:\/\/www.infokuryr.cz\/n\/wp-json\/wp\/v2\/types\/post"}],"author":[{"embeddable":true,"href":"https:\/\/www.infokuryr.cz\/n\/wp-json\/wp\/v2\/users\/2"}],"replies":[{"embeddable":true,"href":"https:\/\/www.infokuryr.cz\/n\/wp-json\/wp\/v2\/comments?post=104777"}],"version-history":[{"count":0,"href":"https:\/\/www.infokuryr.cz\/n\/wp-json\/wp\/v2\/posts\/104777\/revisions"}],"wp:featuredmedia":[{"embeddable":true,"href":"https:\/\/www.infokuryr.cz\/n\/wp-json\/wp\/v2\/media\/2065"}],"wp:attachment":[{"href":"https:\/\/www.infokuryr.cz\/n\/wp-json\/wp\/v2\/media?parent=104777"}],"wp:term":[{"taxonomy":"category","embeddable":true,"href":"https:\/\/www.infokuryr.cz\/n\/wp-json\/wp\/v2\/categories?post=104777"},{"taxonomy":"post_tag","embeddable":true,"href":"https:\/\/www.infokuryr.cz\/n\/wp-json\/wp\/v2\/tags?post=104777"}],"curies":[{"name":"wp","href":"https:\/\/api.w.org\/{rel}","templated":true}]}}