{"id":104771,"date":"2026-04-17T06:36:31","date_gmt":"2026-04-17T04:36:31","guid":{"rendered":"https:\/\/www.infokuryr.cz\/n\/?p=104771"},"modified":"2026-04-17T06:36:31","modified_gmt":"2026-04-17T04:36:31","slug":"jiri-vyvadil-sklaplo-jim-zabarum","status":"publish","type":"post","link":"https:\/\/www.infokuryr.cz\/n\/2026\/04\/17\/jiri-vyvadil-sklaplo-jim-zabarum\/","title":{"rendered":"Ji\u0159\u00ed Vyvadil: Sklaplo jim, \u017eaba\u0159\u016fm"},"content":{"rendered":"<div id=\"fb-root\"><\/div>\n<p><strong>A\u017e hystericky protivl\u00e1dn\u00ed m\u00e9dia i opozice bubnovala na poplach, \u017ee p\u0159i setk\u00e1n\u00ed Babi\u0161 &#8211; Rutte, gener\u00e1ln\u00ed tajemn\u00edk NATO ud\u011bl\u00e1 z na\u0161eho premi\u00e9ra fa\u0161\u00edrku ohledn\u011b n\u00e1klad\u016f na zbrojen\u00ed a jak mu p\u0159\u00edpadn\u011b p\u0159ik\u00e1\u017ee, \u017ee pochopiteln\u011b mus\u00ed jako vedouc\u00ed delegace na summit v Anka\u0159e odlet\u011bt Petr Pavel. Opak byl pravdou.<\/strong><\/p>\n<p style=\"font-weight: 400;\">Nejsem milovn\u00edkem NATO, proto\u017ee jsem zap\u0159is\u00e1hl\u00fd pacifista a v\u00edm, co zla s sebou NATO p\u0159ineslo po\u010d\u00ednaje bombardov\u00e1n\u00edm Jugosl\u00e1vie, krut\u00fdmi nekone\u010dn\u00fdmi v\u00e1lkami proti Ir\u00e1ku \u010di Afgh\u00e1nist\u00e1nu, kter\u00fdch jsme se \u017eel tak\u00e9 \u00fa\u010dastnili. Ale z\u00e1rove\u0148 jsem realista. Ch\u00e1pu \u017ee na rozd\u00edl od mn\u011b v\u011bt\u0161ina ob\u010dan\u016f na\u0161\u00ed zem\u011b NATO fand\u00ed a ka\u017edoro\u010dn\u00ed ostravsk\u00e9 dny NATO pat\u0159\u00ed k nejnav\u0161t\u011bvovan\u011bj\u0161\u00edm spole\u010densky-z\u00e1\u017eitkov\u00fdm ud\u00e1lostem.<\/p>\n<p style=\"font-weight: 400;\">A tak ch\u00e1pu, \u017ee je t\u0159eba br\u00e1t na\u0161i existenci v\u00a0NATO jako nucenou realitu a nav\u00edc realitu,\u00a0\u00a0kdy vid\u00edme, \u017ee faktick\u00fd \u0161\u00e9f NATO prezident Trump d\u011bl\u00e1 v\u0161e proto, aby NATO rozlo\u017eil.<\/p>\n<p style=\"font-weight: 400;\">Zat\u00edmco Petr Pavel \u0161\u00ed\u0159il p\u0159ed n\u00e1v\u0161t\u011bvou v\u00fdhru\u017en\u00e9 hl\u00e1\u0161ky, jak Rutte p\u0159ij\u00ed\u017ed\u00ed, aby Babi\u0161e cupoval\u00a0\u00a0za nedostate\u010dn\u00e9 n\u00e1klady, nakonec jsme vid\u011bli \u00fasm\u011bvy a pomysln\u00e9 p\u0159\u00e1telsk\u00e9 popl\u00e1c\u00e1v\u00e1n\u00ed po ramenou dvou velmi dobr\u00fdch zn\u00e1m\u00fdch, kte\u0159\u00ed se mimochodem pravideln\u011b setk\u00e1vaj\u00ed u\u017e od dob, kdy oba\u00a0\u00a0byli p\u0159edsedy vl\u00e1d sv\u00fdch zem\u00ed.<\/p>\n<p style=\"font-weight: 400;\">To \u201ejedn\u00e1n\u00ed\u201c Babi\u0161 -Rutte trvalo maxim\u00e1ln\u011b n\u011bco p\u0159es p\u016fl hodiny a v\u00a0jist\u00e9m smyslu to pomalu vypadalo, \u017ee sp\u00ed\u0161 se za strany Rutteho p\u0159ekvapiv\u011b jednalo o akt podpory pro Babi\u0161e. Tak kr\u00e1tkou poradu jsme snad je\u0161t\u011b neza\u017eili.<\/p>\n<p style=\"font-weight: 400;\">Ta hysterie kolem n\u00e1klad\u016f na zbrojen\u00ed a z\u00e1vazk\u016f je a\u017e sm\u011b\u0161n\u00e1. Z\u00e1vazek navy\u0161ov\u00e1n\u00ed n\u00e1klad\u016f na zbrojen\u00ed je pl\u00e1nov\u00e1n do roku 2035. V\u00a0t\u00e9 dob\u011b u\u017e ur\u010dit\u011b nebude tv\u016frce z\u00e1vazku na 5 % Donald Trump ve funkci a nav\u00edc \u2013 a proto to je\u00a0\u00a0v\u0161echno je\u0161t\u011b sm\u011b\u0161n\u011bj\u0161\u00ed ani nev\u00edme, zda se mu v\u00a0posledn\u00edch dvou letech jeho fungov\u00e1n\u00ed coby prezidenta USA nepoda\u0159\u00ed NATO zcela rozlo\u017eit.<\/p>\n<p style=\"font-weight: 400;\">Mo\u017en\u00e1 je\u0161t\u011b sm\u011b\u0161n\u011bj\u0161\u00ed byly hysterick\u00e9 snahy m\u00e9di\u00ed opakovat t\u00e9ma, zda\u00a0\u00a0pojede \u010di nepojede Petr Pavel na summit a nejl\u00e9pe coby vedouc\u00ed delegace.<\/p>\n<p style=\"font-weight: 400;\">V\u00a0tomto bod\u011b se tyto hry dostaly u\u017e do pitoreskn\u00ed podoby, proto\u017ee nepochybn\u011b t\u00e9ma Pavla coby \u010dlena delegace na summit nebyla ani sl\u016fvkem b\u011bhem v\u010derej\u0161\u00edho extr\u00e9mn\u011b krati\u010dk\u00e9ho jedn\u00e1n\u00ed na programu t\u00e9matem. A nav\u00edc, z\u0159ejm\u011b z\u00e1m\u011brn\u011b a po dohod\u011b Babi\u0161-Rutte byla p\u0159ipu\u0161t\u011bna jedin\u00e1 ot\u00e1zka, a ta k\u00a0z\u00e1rmutku novin\u00e1\u0159\u016f se p\u0159\u00edtomnosti Pavla na summitu net\u00fdkala.<\/p>\n<p style=\"font-weight: 400;\">Pavel se t\u00e9m\u011b\u0159 chorobn\u011b ov\u0161em\u00a0\u00a0sv\u00e9 \u00fa\u010dasti na summitu NATO nevzd\u00e1v\u00e1, jakkoliv u\u017e m\u00e1 podle schv\u00e1len\u00fdch zahrani\u010dn\u00edch cest schv\u00e1leno \u010dern\u00e9 na b\u00edl\u00e9m, \u017ee do Ankary nejede.<\/p>\n<p style=\"font-weight: 400;\">A chce st\u00e1le o tom s\u00a0Babi\u0161em jednat.<\/p>\n<p style=\"font-weight: 400;\">O \u010dem?<\/p>\n<p style=\"font-weight: 400;\">Premi\u00e9rovi se zat\u00edm \u00fasp\u011b\u0161n\u011b da\u0159ilo setk\u00e1n\u00ed s\u00a0prezidentem vyh\u00fdbat. Ta umanut\u00e1 presti\u017en\u00ed snaha za ka\u017edou cenu na summit prezidenta vecpat je z\u0159ejm\u00e1.<\/p>\n<p style=\"font-weight: 400;\">A proto\u017ee \u010desk\u00e1 opozice, nap\u0159\u00edklad ze v\u010derej\u0161\u00edho kabaretn\u00edho pr\u016fb\u011bhu svolan\u00e9 mimo\u0159\u00e1dn\u00e9 sch\u016fze poslaneck\u00e9 Sn\u011bmovny dokazuje, \u017ee rozhodn\u011b na to nem\u00e1, alespo\u0148 ne v\u00a0tuto chv\u00edli strhnout na sebe re\u00e1lnou moc ve st\u00e1t\u011b, jedin\u00fdm mo\u017en\u00fdm momentem jejich snah z\u016fst\u00e1v\u00e1 vystaven\u00ed sv\u00e9ho guru Petra Pavla do pop\u0159ed\u00ed.<\/p>\n<p style=\"font-weight: 400;\">Je proto v\u00a0z\u00e1jmu Andreje Babi\u0161e sna\u017eit se jak\u00e9mukoliv setk\u00e1n\u00ed s\u00a0prezidentem zabr\u00e1nit.<\/p>\n<p style=\"font-weight: 400;\">Jeho v\u010derej\u0161\u00ed setk\u00e1n\u00ed s\u00a0gener\u00e1ln\u00edm tajemn\u00edkem NATO z\u00a0hlediska Babi\u0161e a t\u00edm i \u010ceska dopadlo proto v\u00fdte\u010dn\u011b.<\/p>\n<p style=\"font-weight: 400;\">A protivl\u00e1dn\u00ed m\u00e9dia si mohou pl\u00e1cat, co cht\u011bj\u00ed.<\/p>\n<p style=\"font-weight: 400;\">Asi tak.<\/p>\n<p><a href=\"https:\/\/vasevec.info\/domaci-politika\/sklaplo-jim-zabarum\">Ji\u0159\u00ed Vyvadil<\/a><\/p>\n<p><img decoding=\"async\" loading=\"lazy\" class=\"alignnone size-medium wp-image-16474\" src=\"http:\/\/www.infokuryr.cz\/n\/wp-content\/uploads\/2022\/10\/jiri-vyvadil-300x200.jpg\" alt=\"\" width=\"300\" height=\"200\" srcset=\"https:\/\/www.infokuryr.cz\/n\/wp-content\/uploads\/2022\/10\/jiri-vyvadil-300x200.jpg 300w, https:\/\/www.infokuryr.cz\/n\/wp-content\/uploads\/2022\/10\/jiri-vyvadil-768x512.jpg 768w, https:\/\/www.infokuryr.cz\/n\/wp-content\/uploads\/2022\/10\/jiri-vyvadil.jpg 800w\" sizes=\"(max-width: 300px) 100vw, 300px\" \/><\/p>\n<p><span style=\"font-size: 10pt;\"><em>Zdroj \u00favodn\u00ed fotografie: \u00da\u0159ad vl\u00e1dy \u010cR<\/em><\/span><\/p>\n<p>&nbsp;<\/p>\n","protected":false},"excerpt":{"rendered":"<p>A\u017e hystericky protivl\u00e1dn\u00ed m\u00e9dia i opozice bubnovala na poplach, \u017ee p\u0159i setk\u00e1n\u00ed Babi\u0161 &#8211; Rutte,&#8230;<\/p>\n","protected":false},"author":2,"featured_media":104772,"comment_status":"closed","ping_status":"closed","sticky":false,"template":"","format":"standard","meta":[],"categories":[6],"tags":[126,45,1503,158,39,7473],"_links":{"self":[{"href":"https:\/\/www.infokuryr.cz\/n\/wp-json\/wp\/v2\/posts\/104771"}],"collection":[{"href":"https:\/\/www.infokuryr.cz\/n\/wp-json\/wp\/v2\/posts"}],"about":[{"href":"https:\/\/www.infokuryr.cz\/n\/wp-json\/wp\/v2\/types\/post"}],"author":[{"embeddable":true,"href":"https:\/\/www.infokuryr.cz\/n\/wp-json\/wp\/v2\/users\/2"}],"replies":[{"embeddable":true,"href":"https:\/\/www.infokuryr.cz\/n\/wp-json\/wp\/v2\/comments?post=104771"}],"version-history":[{"count":0,"href":"https:\/\/www.infokuryr.cz\/n\/wp-json\/wp\/v2\/posts\/104771\/revisions"}],"wp:featuredmedia":[{"embeddable":true,"href":"https:\/\/www.infokuryr.cz\/n\/wp-json\/wp\/v2\/media\/104772"}],"wp:attachment":[{"href":"https:\/\/www.infokuryr.cz\/n\/wp-json\/wp\/v2\/media?parent=104771"}],"wp:term":[{"taxonomy":"category","embeddable":true,"href":"https:\/\/www.infokuryr.cz\/n\/wp-json\/wp\/v2\/categories?post=104771"},{"taxonomy":"post_tag","embeddable":true,"href":"https:\/\/www.infokuryr.cz\/n\/wp-json\/wp\/v2\/tags?post=104771"}],"curies":[{"name":"wp","href":"https:\/\/api.w.org\/{rel}","templated":true}]}}