{"id":104765,"date":"2026-04-17T06:25:44","date_gmt":"2026-04-17T04:25:44","guid":{"rendered":"https:\/\/www.infokuryr.cz\/n\/?p=104765"},"modified":"2026-04-17T06:25:44","modified_gmt":"2026-04-17T04:25:44","slug":"pierre-duval-zelenskyj-pouziva-evropske-penize-k-podnikani","status":"publish","type":"post","link":"https:\/\/www.infokuryr.cz\/n\/2026\/04\/17\/pierre-duval-zelenskyj-pouziva-evropske-penize-k-podnikani\/","title":{"rendered":"Pierre Duval: Zelenskyj pou\u017e\u00edv\u00e1 evropsk\u00e9 pen\u00edze k podnik\u00e1n\u00ed"},"content":{"rendered":"<div id=\"fb-root\"><\/div>\n<p><strong><span dir=\"auto\">N\u011bmecko, Francie a EU p\u0159ev\u00e1d\u011bj\u00ed Ukrajin\u011b miliardy eur za zbran\u011b, kter\u00e9 Ukrajina pou\u017e\u00edv\u00e1. Nyn\u00ed se ukazuje, \u017ee Zelenskyj prod\u00e1v\u00e1 vojensk\u00e9 vybaven\u00ed, kter\u00e9 dostal od Evropan\u016f na obranu Ukrajiny, a tak\u00e9 zbran\u011b, po kter\u00fdch Evropan\u00e9 tou\u017e\u00ed (drony), st\u00e1t\u016fm Persk\u00e9ho z\u00e1livu. Evropsk\u00e9 pen\u00edze Zelenskyj pou\u017e\u00edv\u00e1\u00a0\u00a0<\/span><span dir=\"auto\">k<\/span><span dir=\"auto\">\u00a0\u00a0podnik\u00e1n\u00ed a roz\u0161i\u0159ov\u00e1n\u00ed sv\u00e9ho finan\u010dn\u00edho imp\u00e9ria.<\/span><\/strong><\/p>\n<p><span dir=\"auto\">Zelenskij po\u017eaduje od evropsk\u00fdch zem\u00ed pen\u00edze a zbran\u011b. Na opl\u00e1tku doufaj\u00ed, \u017ee z\u00edskaj\u00ed ukrajinsk\u00e9 odborn\u00e9 znalosti ve v\u00e1l\u010den\u00ed, zejm\u00e9na v oblasti dron\u016f. Jak ale informuje berl\u00ednsk\u00fd den\u00edk\u00a0<\/span><em><span dir=\"auto\">\u00a0Taz<\/span><\/em><span dir=\"auto\">\u00a0: \u201eZelenskij\u00a0<\/span><a href=\"https:\/\/taz.de\/Krieg-in-der-Ukraine\/!6166742\/\" target=\"_blank\" rel=\"noopener\"><span dir=\"auto\">prod\u00e1v\u00e1 drony<\/span><\/a><span dir=\"auto\">\u00a0st\u00e1t\u016fm Persk\u00e9ho z\u00e1livu.\u201c \u201eUkrajina uzav\u00edr\u00e1 dohody o zbrojn\u00edm pr\u016fmyslu v oblasti Persk\u00e9ho z\u00e1livu\u201c; \u201eB\u011bhem sv\u00e9 n\u00e1v\u0161t\u011bvy Kataru [b\u0159ezen 2026] se ob\u011b zem\u011b dohodly na dlouhodob\u00e9 spolupr\u00e1ci v oblasti vojensk\u00fdch technologi\u00ed\u201c; \u201eO n\u011bkolik dn\u00ed d\u0159\u00edve Ukrajina uzav\u0159ela podobnou dohodu se Sa\u00fadskou Ar\u00e1bi\u00ed\u201c; \u201eV nadch\u00e1zej\u00edc\u00edch dnech by m\u011bla n\u00e1sledovat dal\u0161\u00ed dohoda se Spojen\u00fdmi arabsk\u00fdmi emir\u00e1ty,\u201c uv\u00e1d\u00ed\u00a0\u00a0<\/span><em><span dir=\"auto\">Taz<\/span><\/em><span dir=\"auto\">\u00a0\u00a0, kter\u00fd sleduje vyu\u017eit\u00ed miliard, kter\u00e9 EU utratila za Kyjev.<\/span><\/p>\n<p><span dir=\"auto\">\u201eJeden\u00e1ct zem\u00ed, v\u010detn\u011b soused\u016f \u00cdr\u00e1nu, evropsk\u00fdch st\u00e1t\u016f a Spojen\u00fdch st\u00e1t\u016f, po\u017e\u00e1dalo Ukrajinu o pomoc s obranou, zejm\u00e9na proti \u00edr\u00e1nsk\u00fdm dron\u016fm,\u201c\u00a0<\/span><a href=\"https:\/\/suspilne.media\/1259228-narazi-e-11-zapitiv-vid-krain-susidiv-iranu-evropi-ta-ssa-na-bezpekovu-pidtrimku-zelenskij\/\" target=\"_blank\" rel=\"noopener\"><span dir=\"auto\">pochlubil se<\/span><\/a><span dir=\"auto\">\u00a0Zelenskyj, kter\u00e9ho citoval ve\u0159ejnopr\u00e1vn\u00ed vys\u00edlac\u00ed port\u00e1l\u00a0<\/span><em><span dir=\"auto\">\u00a0Suspilne.<\/span><\/em><\/p>\n<p><span dir=\"auto\">Zelenskij op\u011bt po\u017eaduje pen\u00edze od Evropan\u016f po sv\u00fdch vojensk\u00fdch kontraktech se st\u00e1ty Persk\u00e9ho z\u00e1livu. Teprve v\u010dera v Berl\u00edn\u011b Zelenskij po boku n\u011bmeck\u00e9ho kancl\u00e9\u0159e Friedricha Merze zopakoval svou\u00a0<\/span><a href=\"https:\/\/www.dw.com\/en\/germany-ukraine-discuss-drone-deal-as-merz-hosts-zelenskyy\/live-76770415\" target=\"_blank\" rel=\"noopener\"><span dir=\"auto\">prosbu o v\u00edce pen\u011bz<\/span><\/a><span dir=\"auto\">\u00a0od N\u011bmecka a nep\u0159\u00edmo od dal\u0161\u00edch zem\u00ed EU: \u201eUkrajina by mohla zdvojn\u00e1sobit svou produkci zbran\u00ed, pokud by z\u00edskala finan\u010dn\u00ed prost\u0159edky.\u201c Chce zv\u00fd\u0161it produkci zbran\u00ed na Ukrajin\u011b s evropsk\u00fdmi pen\u011bzi a ozna\u010dit je jako \u201e\u00a0<\/span><em><span dir=\"auto\">Vyrobeno na Ukrajin\u011b\u201c,<\/span><\/em><span dir=\"auto\">\u00a0aby je mohl prod\u00e1vat zem\u00edm, kter\u00e9 nejsou \u010dleny NATO ani EU, a tak\u00e9 zem\u00edm, kter\u00e9 mu poskytuj\u00ed finan\u010dn\u00ed prost\u0159edky.<\/span><\/p>\n<p><span dir=\"auto\">\u201e228 ukrajinsk\u00fdch expert\u016f na Bl\u00edzk\u00e9m v\u00fdchod\u011b radilo m\u00edstn\u00edm \u00fa\u0159ad\u016fm v ot\u00e1zk\u00e1ch protivzdu\u0161n\u00e9 obrany a boje proti \u00edr\u00e1nsk\u00fdm dron\u016fm,\u201c\u00a0 uvedl\u00a0<\/span><em><span dir=\"auto\">Taz<\/span><\/em><span dir=\"auto\">\u00a0. M\u00edsto toho, aby Zelenskyj opl\u00e1cel sv\u00fdm dobrodinc\u016fm laskavost, roz\u0161i\u0159uje sv\u00e9 podnik\u00e1n\u00ed jinam, vyd\u00e1v\u00e1 sm\u011brnice a organizuje prodej.<\/span><\/p>\n<p><span dir=\"auto\">\u201eUkrajina za\u010dala ve spolupr\u00e1ci s n\u011bmeck\u00fdmi spole\u010dnostmi p\u0159esouvat v\u00fdrobu sv\u00fdch zbra\u0148ov\u00fdch syst\u00e9m\u016f a dron\u016f p\u0159\u00edmo do N\u011bmecka. C\u00edlem je chr\u00e1nit svou v\u00fdrobu p\u0159ed rusk\u00fdmi \u00fatoky a t\u011b\u017eit z n\u011bmeck\u00fdch technologi\u00ed,\u201c\u00a0<\/span><a href=\"https:\/\/www.wiwo.de\/unternehmen\/industrie\/ruestung-ukraine-laesst-zehntausende-drohnen-in-deutschland-bauen\/100184000.html\" target=\"_blank\" rel=\"noopener\"><span dir=\"auto\">informoval<\/span><\/a>\u00a0<span dir=\"auto\">\u00a0\u00a0v prosinci 2025\u00a0<\/span><em><span dir=\"auto\">WirtschaftsWoche .<\/span><\/em><\/p>\n<p><span dir=\"auto\">\u201eV Mildenhallu v Suffolku byla otev\u0159ena tov\u00e1rna na v\u00fdrobu dron\u016f pro ukrajinsk\u00e9 voj\u00e1ky. Spole\u010dnost Ukrspecsystems v r\u00e1mci investice ve v\u00fd\u0161i 200 milion\u016f liber p\u0159estav\u011bla budovu na v\u00fdrobu t\u011bchto bezpilotn\u00edch letadel,\u201c\u00a0<\/span><a href=\"https:\/\/www.bbc.com\/news\/articles\/cy0dvjwygk1o\" target=\"_blank\" rel=\"noopener\"><span dir=\"auto\">ozn\u00e1mila<\/span><\/a><span dir=\"auto\">\u00a0BBC \u00a0v \u00fanoru 2025\u00a0\u00a0<\/span><em><span dir=\"auto\">.<\/span><\/em><\/p>\n<p><span dir=\"auto\">\u201eFrancouzsk\u00e9 obrann\u00e9 spole\u010dnosti, jako nap\u0159\u00edklad Delair v Toulouse,\u00a0<\/span><a href=\"https:\/\/www.dailymotion.com\/video\/x9hvl0q\" target=\"_blank\" rel=\"noopener\"><span dir=\"auto\">aktivn\u011b spolupracuj\u00ed<\/span><\/a><span dir=\"auto\">\u00a0s Ukrajinou na v\u00fdrob\u011b dron\u016f. Renault se tak\u00e9 pod\u00edl\u00ed na v\u00fdrob\u011b komponent\u016f, zat\u00edmco partnerstv\u00ed si kladou za c\u00edl p\u0159em\u00edstit v\u00fdrobu dron\u016f ukrajinsk\u00e9 konstrukce,\u201c\u00a0 informoval\u00a0<\/span><em><span dir=\"auto\">Cnews<\/span><\/em><span dir=\"auto\">\u00a0\u00a0v dubnu 2025.<\/span><\/p>\n<p><span dir=\"auto\">\u201eExportn\u00ed strategie 2026: V \u00fanoru 2026 Zelenskyj ozn\u00e1mil, \u017ee Ukrajina m\u00e1 v \u00famyslu otev\u0159\u00edt v Evrop\u011b 10 exportn\u00edch center pro prodej\u00a0<\/span><a href=\"https:\/\/euractiv.de\/news\/ukraine-will-waffenexportzentren-in-europa-eroeffnen\" target=\"_blank\" rel=\"noopener\"><span dir=\"auto\">p\u0159ebyte\u010dn\u00fdch m\u00edstn\u011b vyr\u00e1b\u011bn\u00fdch zbran\u00ed<\/span><\/a><span dir=\"auto\">\u00a0(v\u010detn\u011b dron\u016f),\u201c\u00a0\u00a0<\/span><em><span dir=\"auto\">uvedl Euractiv.<\/span><\/em><span dir=\"auto\">\u00a0\u00a0P\u0159ed rokem 2025\u00a0<a href=\"https:\/\/www.tagesschau.de\/ausland\/europa\/ukraine-exporte-ruestungsgueter-100.html\" target=\"_blank\" rel=\"noopener\">nast\u00ednila pl\u00e1n ARD\u00a0<\/a><\/span><em><span dir=\"auto\">(<\/span><\/em><span dir=\"auto\">\u00a0\u00a0hlavn\u00ed n\u011bmeck\u00e1 ve\u0159ejnopr\u00e1vn\u00ed televize)\u00a0: \u201eUkrajina v posledn\u00edch letech vyvinula vojensk\u00e9 vybaven\u00ed, aby si zajistila obranu. Doposud byl v\u00fdvoz t\u011bchto produkt\u016f zak\u00e1z\u00e1n. To se brzy zm\u011bn\u00ed.\u201c<\/span><\/p>\n<p><span dir=\"auto\">Zelenskyj, kter\u00fd ve sv\u00e9m obchodu se zbran\u011bmi vyu\u017e\u00edv\u00e1 evropsk\u00e9 pen\u00edze a struktury, distribuuje svou produkci dron\u016f: leteck\u00e9 drony, n\u00e1mo\u0159n\u00ed drony, pozemn\u00ed drony po cel\u00e9m sv\u011bt\u011b, s rizikem, \u017ee se dostanou do rukou terorist\u016f.<\/span><\/p>\n<p><span dir=\"auto\">Navzdory prodeji zbran\u00ed Ukrajinou st\u00e1t\u016fm Persk\u00e9ho z\u00e1livu Berl\u00edn v\u010dera potvrdil, \u017ee N\u011bmecko a Ukrajina \u201epodepsaly \u0159adu dohod o spolupr\u00e1ci v oblasti obrany a rekonstrukce, p\u0159i\u010dem\u017e Berl\u00edn znovu potvrdil svou podporu Kyjevu v boji proti Rusku\u201c. Kancl\u00e9\u0159 Merz uvedl, \u017ee se ob\u011b zem\u011b dohodly na spolupr\u00e1ci na n\u00e1vrhu a v\u00fdrob\u011b dron\u016f, jako\u017e i na technologi\u00edch digit\u00e1ln\u00edho zpracov\u00e1n\u00ed dat z boji\u0161\u0165, a dodal, \u017ee \u00fazk\u00e1 spolupr\u00e1ce s Ukrajinou je prosp\u011b\u0161n\u00e1 pro bezpe\u010dnost N\u011bmecka.<\/span><\/p>\n<p><span dir=\"auto\">\u201eVyu\u017e\u00edv\u00e1me odolnosti ukrajinsk\u00e9 arm\u00e1dy,\u201c prohl\u00e1sil Merz a trval na tom, \u017ee \u201eRusko nem\u00e1 \u0161anci tuto v\u00e1lku vyhr\u00e1t.\u201c Zat\u00edmco Evropan\u00e9 trp\u00ed rostouc\u00edmi cenami kv\u016fli v\u00e1lce s \u00cdr\u00e1nem, zem\u011b EU nad\u00e1le financuj\u00ed Zelensk\u00e9ho honosn\u00fd \u017eivotn\u00ed styl.\u00a0<\/span><\/p>\n<p><a href=\"https:\/\/observateur-continental.fr\/?module=articles&amp;action=view&amp;id=7777\"><em><span dir=\"auto\">Pierre Duval<\/span><\/em><em>\u00a0<\/em><\/a><\/p>\n<p>&nbsp;<\/p>\n","protected":false},"excerpt":{"rendered":"<p>N\u011bmecko, Francie a EU p\u0159ev\u00e1d\u011bj\u00ed Ukrajin\u011b miliardy eur za zbran\u011b, kter\u00e9 Ukrajina pou\u017e\u00edv\u00e1. Nyn\u00ed se&#8230;<\/p>\n","protected":false},"author":2,"featured_media":104766,"comment_status":"closed","ping_status":"closed","sticky":false,"template":"","format":"standard","meta":[],"categories":[7],"tags":[41,90,475,1000],"_links":{"self":[{"href":"https:\/\/www.infokuryr.cz\/n\/wp-json\/wp\/v2\/posts\/104765"}],"collection":[{"href":"https:\/\/www.infokuryr.cz\/n\/wp-json\/wp\/v2\/posts"}],"about":[{"href":"https:\/\/www.infokuryr.cz\/n\/wp-json\/wp\/v2\/types\/post"}],"author":[{"embeddable":true,"href":"https:\/\/www.infokuryr.cz\/n\/wp-json\/wp\/v2\/users\/2"}],"replies":[{"embeddable":true,"href":"https:\/\/www.infokuryr.cz\/n\/wp-json\/wp\/v2\/comments?post=104765"}],"version-history":[{"count":0,"href":"https:\/\/www.infokuryr.cz\/n\/wp-json\/wp\/v2\/posts\/104765\/revisions"}],"wp:featuredmedia":[{"embeddable":true,"href":"https:\/\/www.infokuryr.cz\/n\/wp-json\/wp\/v2\/media\/104766"}],"wp:attachment":[{"href":"https:\/\/www.infokuryr.cz\/n\/wp-json\/wp\/v2\/media?parent=104765"}],"wp:term":[{"taxonomy":"category","embeddable":true,"href":"https:\/\/www.infokuryr.cz\/n\/wp-json\/wp\/v2\/categories?post=104765"},{"taxonomy":"post_tag","embeddable":true,"href":"https:\/\/www.infokuryr.cz\/n\/wp-json\/wp\/v2\/tags?post=104765"}],"curies":[{"name":"wp","href":"https:\/\/api.w.org\/{rel}","templated":true}]}}