{"id":104762,"date":"2026-04-17T06:24:02","date_gmt":"2026-04-17T04:24:02","guid":{"rendered":"https:\/\/www.infokuryr.cz\/n\/?p=104762"},"modified":"2026-04-17T06:24:02","modified_gmt":"2026-04-17T04:24:02","slug":"boure-emoci-okolo-zmeny-financovani-ct-a-cro-neni-bojem-o-obsah-penezenky-ale-o-to-kdo-smi-nebo-nesmi-koukat-pod-prsty","status":"publish","type":"post","link":"https:\/\/www.infokuryr.cz\/n\/2026\/04\/17\/boure-emoci-okolo-zmeny-financovani-ct-a-cro-neni-bojem-o-obsah-penezenky-ale-o-to-kdo-smi-nebo-nesmi-koukat-pod-prsty\/","title":{"rendered":"Bou\u0159e emoc\u00ed okolo zm\u011bny financov\u00e1n\u00ed \u010cT a \u010cRo nen\u00ed bojem o obsah pen\u011b\u017eenky, ale o to, kdo sm\u00ed nebo nesm\u00ed koukat pod prsty&#8230;"},"content":{"rendered":"<div id=\"fb-root\"><\/div>\n<h4>Bou\u0159e emoc\u00ed okolo zm\u011bny financov\u00e1n\u00ed \u010cT a \u010cRo nen\u00ed bojem o obsah pen\u011b\u017eenky, ale o to, kdo sm\u00ed nebo nesm\u00ed koukat pod prsty t\u011bm, kte\u0159\u00ed z t\u00e9 pen\u011b\u017eenky financuj\u00ed podivn\u00e9 projekty, produkce, anal\u00fdzy a slu\u017eby v\u0161eho druhu skrze napojen\u00e9 firmy s nezn\u00e1m\u00fdm vlastnictv\u00edm! Nov\u00fd z\u00e1kon o financov\u00e1n\u00ed toti\u017e poprv\u00e9 v historii umo\u017en\u00ed NK\u00da kontrolovat \u00fa\u010detnictv\u00ed a pen\u011bzotoky z \u010cT a \u010cRo!<\/h4>\n<p>V posledn\u00edch t\u00fddnech sledujeme v \u010desk\u00e9m medi\u00e1ln\u00edm prostoru neb\u00fdvalou bou\u0159\u00ed emoc\u00ed. T\u00e9matem je navrhovan\u00e1 zm\u011bna financov\u00e1n\u00ed \u010cesk\u00e9 televize (\u010cT) a \u010cesk\u00e9ho rozhlasu (\u010cRo). Zat\u00edmco zast\u00e1nci zm\u011bny mluv\u00ed o modernizaci a stabilit\u011b, Kav\u010d\u00ed hory bij\u00ed na poplach.<\/p>\n<p>Argumentuj\u00ed ohro\u017een\u00edm nez\u00e1vislosti, politick\u00fdm tlakem a koncem svobodn\u00e9 \u017eurnalistiky. P\u0159i bli\u017e\u0161\u00edm pohledu se v\u0161ak zd\u00e1, \u017ee tato vzletn\u00e1 slova o demokracii mohou b\u00fdt jen kou\u0159ovou clonou, kter\u00e1 m\u00e1 zakr\u00fdt mnohem prozai\u010dt\u011bj\u0161\u00ed probl\u00e9m: hrozbu skute\u010dn\u00e9 pen\u011bzotokov\u00e9 kontroly!<\/p>\n<p>&nbsp;<\/p>\n<div id=\"rumble_v76f0a0\">\n<div id=\"vid_v76f0a0\" class=\"rumble_v76f0a0-Rumble-cls\" tabindex=\"-1\">\n<div><div class='videoWrapper'>\r\n\t            <iframe src='https:\/\/rumble.com\/embed\/pj.v76f0a0\/' frameborder='0' allowfullscreen><\/iframe>\r\n\t        <\/div><\/div>\n<\/div>\n<\/div>\n<p>&nbsp;<\/p>\n<p>Kl\u00ed\u010dov\u00fdm bodem, o kter\u00e9m se v emotivn\u00edch prohl\u00e1\u0161en\u00edch veden\u00ed \u010cT p\u0159\u00edli\u0161 nemluv\u00ed, je fakt, \u017ee\u00a0<strong>p\u0159echod na financov\u00e1n\u00ed ze st\u00e1tn\u00edho rozpo\u010dtu by automaticky otev\u0159el dve\u0159e Nejvy\u0161\u0161\u00edmu kontroln\u00edmu \u00fa\u0159adu.<\/strong>\u00a0V tom je ten zakopan\u00fd slon uprost\u0159ed porcel\u00e1nov\u00e9 m\u00edstnosti, o kter\u00e9m se nesm\u00ed na mainstreamu mluvit.<\/p>\n<p>Dosud si ve\u0159ejnopr\u00e1vn\u00ed m\u00e9dia v podstat\u011b vl\u00e1dla sama sob\u011b, kryta hradbou \u201e<em>vlastn\u00edch<\/em>\u201c svrchovan\u00fdch rozpo\u010dt\u016f z koncesion\u00e1\u0159sk\u00fdch poplatk\u016f. NK\u00da toti\u017e dosud do t\u00e9to chv\u00edle, jako\u017eto nez\u00e1visl\u00e1 \u00fastavn\u00ed instituce, nem\u00e1 pravomoc sledovat toky pen\u011bz ve\u0159ejnopr\u00e1vn\u00edch m\u00e9di\u00ed.<\/p>\n<h3>Po v\u00edce n\u011b\u017e 33 letech dojde k prvn\u00ed kontrole NK\u00da ve ve\u0159ejnopr\u00e1vn\u00edch m\u00e9di\u00edch. P\u00e1nb\u016fh zapla\u0165!<\/h3>\n<p>Nov\u00fd z\u00e1kon to m\u00e1 zm\u011bnit a ud\u011blit kone\u010dn\u011b po 33 letech NK\u00da tuto pravomoc. Ch\u00e1pete ten k\u0159ik? Cel\u00fdch 33 let nikdo nemohl kontrolovat, co se d\u011bje s miliardami korun ka\u017edoro\u010dn\u011b vyb\u00edran\u00fdch z koncesn\u00edho v\u00fdpaln\u00e9ho. A to te\u010f m\u00e1 skon\u010dit.<\/p>\n<p>Nejde v\u016fbec o pen\u00edze, proto\u017ee \u010cT i \u010cRo dostanou tot\u00e9\u017e, co braly dosud, plus ka\u017ed\u00fd rok budou tyto pen\u00edze valorizov\u00e1ny o inflaci, co\u017e je pro ob\u011b instituce skv\u011bl\u00e9 a m\u011bly by tleskat. Ale ne. M\u00edsto toho se spou\u0161t\u00ed k\u0159ik o ohro\u017een\u00ed nez\u00e1vislosti. Jako kdyby ten nov\u00fd z\u00e1kon n\u011bco takov\u00e9ho zav\u00e1d\u011bl.\u00a0<strong>Celkem 17 zem\u00ed Evropsk\u00e9 unie financuje ve\u0159ejnopr\u00e1vn\u00ed m\u00e9dia nap\u0159\u00edmo ze st\u00e1tn\u00edho rozpo\u010dtu<\/strong>, a nikde nen\u00ed sly\u0161et, \u017ee by t\u00edm byla v 17 zem\u00edch EU ohro\u017eena nez\u00e1vislost t\u011bchto m\u00e9di\u00ed.<\/p>\n<p>&nbsp;<\/p>\n<div id=\"rumble_v76er8w\">\n<div id=\"vid_v76er8w\" class=\"rumble_v76er8w-Rumble-cls\" tabindex=\"-1\">\n<div><div class='videoWrapper'>\r\n\t            <iframe src='https:\/\/rumble.com\/embed\/pj.v76er8w\/' frameborder='0' allowfullscreen><\/iframe>\r\n\t        <\/div><\/div>\n<\/div>\n<\/div>\n<p>&nbsp;<\/p>\n<p>Dokonce vznik\u00e1 podez\u0159en\u00ed, \u017ee nezvykl\u00fd \u0159ev z r\u016fzn\u00fdch neziskovek, kter\u00e9 se p\u0159ipojuj\u00ed k boji za zachov\u00e1n\u00ed star\u00e9ho modelu financov\u00e1n\u00ed,\u00a0 je pr\u00e1v\u011b motivovan\u00fd t\u00edm, \u017ee tyto neziskovky mohou b\u00fdt partnersky, produk\u010dn\u011b, poradensky a jinak finan\u010dn\u011b napojen\u00ed pr\u00e1v\u011b na tato ve\u0159ejnopr\u00e1vn\u00ed m\u00e9dia, kdy pr\u00e1v\u011b jm\u00e9na t\u011bchto neziskovek mohou figurovat v t\u011bch tis\u00edcovk\u00e1ch za\u010dern\u011bn\u00fdch str\u00e1nek. A b\u016fhv\u00ed kdo v\u0161echno dal\u0161\u00ed je tam pod t\u00edm \u010dern\u00fdm fixem schovan\u00fd.<\/p>\n<p>Ten neuv\u011b\u0159iteln\u00fd jekot a k\u0159ik kv\u016fli zm\u011bn\u011b financov\u00e1n\u00ed doslova potvrzuje, \u017ee nejde o pen\u00edze, ale skute\u010dn\u011b o ustanoven\u00ed pravomoci NK\u00da po 33 letech od vzniku \u010cT po rozd\u011blen\u00ed federace. A dokonce \u0159ve u\u017e i Evropsk\u00e1 unie, \u017ee nez\u00e1vislost ve\u0159ejn\u00fdch m\u00e9di\u00ed m\u016f\u017ee b\u00fdt v \u010cR v ohro\u017een\u00ed\u00a0<strong>[<a href=\"https:\/\/href.li\/?https:\/\/www.idnes.cz\/zpravy\/domaci\/ek-bude-pozorne-sledovat-navrh-na-financovani-ct-a-cro-z-rozpoctu-rekl-mluvci.A260416_151435_domaci_aoc\" target=\"_blank\" rel=\"nofollow noopener\">1<\/a>]<\/strong>, p\u0159i\u010dem\u017e v 17 dal\u0161\u00edch zem\u00edch EU, kde jsou ve\u0159ejnopr\u00e1vn\u00ed m\u00e9dia financov\u00e1na ze st\u00e1tn\u00edch rozpo\u010dt\u016f, asi v ohro\u017een\u00ed nejsou. To jenom v Babi\u0161ov\u011b \u010cesku, na Ficov\u011b Slovensku a do minul\u00e9 soboty v Orb\u00e1nov\u011b Ma\u010farsku.<\/p>\n<h3>Modely financov\u00e1n\u00ed v Evrop\u011b<\/h3>\n<p>P\u0159esn\u00fd po\u010det zem\u00ed se m\u00edrn\u011b li\u0161\u00ed podle toho, zda zapo\u010d\u00edt\u00e1v\u00e1me pouze p\u0159\u00edm\u00e9 dotace z rozpo\u010dtu, nebo i modely se specificky ur\u010denou dan\u00ed (nap\u0159. Finsko). V r\u00e1mci Evropsk\u00e9 unie (EU) je situace n\u00e1sleduj\u00edc\u00ed:<\/p>\n<ul>\n<li><strong>Financov\u00e1n\u00ed ze st\u00e1tn\u00edho rozpo\u010dtu:<\/strong>\u00a0Tento model (v\u010detn\u011b jeho variac\u00ed) vyu\u017e\u00edv\u00e1 p\u0159ibli\u017en\u011b 17 zem\u00ed EU. Pat\u0159\u00ed sem nap\u0159\u00edklad Slovensko (od roku 2023), Francie (od 2022), D\u00e1nsko, Nizozemsko, Lucembursko, \u0160pan\u011blsko, Belgie, Bulharsko, Ma\u010farsko, Loty\u0161sko, Litva, Estonsko a Rumunsko.<\/li>\n<li><strong>Koncesion\u00e1\u0159sk\u00e9 poplatky:<\/strong>\u00a0V sou\u010dasnosti z\u016fst\u00e1vaj\u00ed zachov\u00e1ny ji\u017e jen v 10 zem\u00edch EU (nap\u0159. \u010cesko, N\u011bmecko, Rakousko, Polsko, It\u00e1lie \u010di Irsko).<\/li>\n<li><strong>Speci\u00e1ln\u00ed medi\u00e1ln\u00ed da\u0148:<\/strong>\u00a0Specifick\u00fd model postaven\u00fd na dani z p\u0159\u00edjmu fyzick\u00fdch a pr\u00e1vnick\u00fdch osob vyu\u017e\u00edv\u00e1 Finsko (tzv. Yle tax) a v podobn\u00e9 form\u011b i \u0160v\u00e9dsko. V podstat\u011b ale jde st\u00e1le o st\u00e1tn\u00ed rozpo\u010det.<\/li>\n<\/ul>\n<h3>Hlavn\u00ed trendy a d\u016fvody zm\u011bn<\/h3>\n<p>V\u011bt\u0161ina evropsk\u00fdch zem\u00ed, kter\u00e9 p\u0159e\u0161ly na rozpo\u010dtov\u00e9 financov\u00e1n\u00ed, tak u\u010dinila v posledn\u00edm desetilet\u00ed. Hlavn\u00edmi d\u016fvody jsou:<\/p>\n<ul>\n<li><strong>Technologick\u00fd v\u00fdvoj:<\/strong>\u00a0Tradi\u010dn\u00ed poplatek v\u00e1zan\u00fd na vlastnictv\u00ed televizn\u00edho p\u0159ij\u00edma\u010de se stal zastaral\u00fdm, proto\u017ee lid\u00e9 konzumuj\u00ed obsah p\u0159es internet a mobiln\u00ed za\u0159\u00edzen\u00ed.<\/li>\n<li><strong>Ve\u0159ejn\u00e1 nespokojenost<\/strong>\u00a0s obsahem \u010di neobjektivitou ve\u0159ejn\u00fdch m\u00e9di\u00ed financovan\u00fdch p\u0159\u00edmo z kapes ob\u010dan\u016f, kte\u0159\u00ed argumentuj\u00ed, \u017ee ve\u0159ejn\u00e1 m\u00e9dia nikdy nezap\u00ednaj\u00ed a nekonzumuj\u00ed, proto necht\u011bj\u00ed platit<\/li>\n<li><strong>Efektivita v\u00fdb\u011bru:<\/strong>\u00a0Odpadaj\u00ed vysok\u00e9 n\u00e1klady na spr\u00e1vu a vym\u00e1h\u00e1n\u00ed poplatk\u016f od statis\u00edc\u016f neplat\u00edc\u00edch dom\u00e1cnost\u00ed.<\/li>\n<li><strong>Soci\u00e1ln\u00ed spravedlnost:<\/strong>\u00a0Pau\u0161\u00e1ln\u00ed poplatek vyb\u00edran\u00fd p\u0159\u00edmo z kapes ob\u010dan\u016f dopad\u00e1 tvrd\u011bji na n\u00edzkop\u0159\u00edjmov\u00e9 skupiny, zat\u00edmco financov\u00e1n\u00ed z dan\u00ed je progresivn\u011bj\u0161\u00ed a hlavn\u011b udr\u017eiteln\u011bj\u0161\u00ed.<\/li>\n<\/ul>\n<p>Navzdory obav\u00e1m z politick\u00e9ho tlaku ukazuj\u00ed p\u0159\u00edklady ze Skandin\u00e1vie nebo Beneluxu, \u017ee nez\u00e1vislost lze zajistit z\u00e1konn\u00fdmi pojistkami a v\u00edcelet\u00fdmi finan\u010dn\u00edmi r\u00e1mci, kter\u00e9 br\u00e1n\u00ed vl\u00e1d\u00e1m m\u011bnit rozpo\u010det m\u00e9di\u00ed operativn\u011b ka\u017ed\u00fd rok.<\/p>\n<h3>Stra\u0161\u00e1k jm\u00e9nem NK\u00da a \u201cnez\u00e1vislost m\u00e9di\u00ed\u201d jako rukojm\u00ed<\/h3>\n<p>A pr\u00e1v\u011b zde le\u017e\u00ed pov\u011bstn\u00fd zakopan\u00fd slon v porcel\u00e1nu. Pokud by \u010cT za\u010dala podl\u00e9hat kontrole NK\u00da, skon\u010dila by \u00e9ra, kdy se o miliardov\u00fdch zak\u00e1zk\u00e1ch, extern\u00edch produkc\u00edch a smlouv\u00e1ch s \u201e<em>vyvolen\u00fdmi<\/em>\u201c firmami rozhodovalo v uzav\u0159en\u00e9m kruhu. Poprv\u00e9 bude n\u011bkdo skute\u010dn\u011b prov\u011b\u0159ovat, kam \u010cT pos\u00edl\u00e1 pen\u00edze, jak\u00fdm firm\u00e1m a jak\u00fdm kamar\u00e1d\u016fm, a jestli n\u00e1hodou, \u010dirou n\u00e1hodou, nefunguje rozd\u011blov\u00e1n\u00ed na klientelistick\u00e9m kl\u00ed\u010di.<\/p>\n<figure id=\"attachment_66685\" class=\"wp-caption aligncenter\" style=\"width: 700px;\"><a href=\"https:\/\/aeronet.news\/wp-content\/uploads\/NKU_Building.jpg\"><img decoding=\"async\" loading=\"lazy\" class=\"wp-image-66685 \" src=\"https:\/\/aeronet.news\/wp-content\/uploads\/NKU_Building-1024x669.jpg\" sizes=\"(max-width: 700px) 100vw, 700px\" srcset=\"https:\/\/aeronet.news\/wp-content\/uploads\/NKU_Building-1024x669.jpg 1024w, https:\/\/aeronet.news\/wp-content\/uploads\/NKU_Building-300x196.jpg 300w, https:\/\/aeronet.news\/wp-content\/uploads\/NKU_Building-768x502.jpg 768w, https:\/\/aeronet.news\/wp-content\/uploads\/NKU_Building-700x457.jpg 700w, https:\/\/aeronet.news\/wp-content\/uploads\/NKU_Building-100x65.jpg 100w, https:\/\/aeronet.news\/wp-content\/uploads\/NKU_Building-547x357.jpg 547w, https:\/\/aeronet.news\/wp-content\/uploads\/NKU_Building-740x483.jpg 740w, https:\/\/aeronet.news\/wp-content\/uploads\/NKU_Building.jpg 1280w\" alt=\"\" width=\"700\" height=\"457\" \/><\/a><figcaption class=\"wp-caption-text\">Nejvy\u0161\u0161\u00ed kontroln\u00ed \u00fa\u0159ad<\/figcaption><\/figure>\n<p>Argument o ohro\u017een\u00ed nez\u00e1vislosti p\u0159i financov\u00e1n\u00ed ze st\u00e1tn\u00ed pokladny pokulh\u00e1v\u00e1 v moment\u011b, kdy si uv\u011bdom\u00edme, \u017ee v mnoha demokratick\u00fdch zem\u00edch (nap\u0159. ve Skandin\u00e1vii) a celkov\u011b v 17 zem\u00edch EU tento model funguje bez sebemen\u0161\u00edch probl\u00e9m\u016f.<\/p>\n<p>Nav\u00edc, i sou\u010dasn\u00fd syst\u00e9m poplatk\u016f je z\u00e1visl\u00fd na politic\u00edch \u2013 jsou to pr\u00e1v\u011b oni, kdo v Parlamentu rozhoduj\u00ed o jejich v\u00fd\u0161i.\u00a0<strong>Pokud nov\u00fd z\u00e1kon jasn\u011b definuje mechanismus v\u00fdpo\u010dtu a garantuje finan\u010dn\u00ed objem, nen\u00ed d\u016fvod se domn\u00edvat, \u017ee by novin\u00e1\u0159i najednou za\u010dali ps\u00e1t podle vl\u00e1dn\u00edch not.<\/strong>\u00a0Skute\u010dn\u00fdm rozd\u00edlem tak z\u016fst\u00e1v\u00e1 pouze jedna v\u011bc: auditn\u00ed a kontroln\u00ed mand\u00e1t NK\u00da!<\/p>\n<h3>Registr smluv jako \u201eomalov\u00e1nky\u201c pro vyvolen\u00e9<\/h3>\n<p>Dal\u0161\u00edm varovn\u00fdm sign\u00e1lem, pro\u010d se \u010cT tak br\u00e1n\u00ed vn\u011bj\u0161\u00ed kontrole, je jej\u00ed dlouhodob\u00fd p\u0159\u00edstup k z\u00e1konu o registru smluv. A\u010dkoliv m\u00e1 j\u00edt o n\u00e1stroj ve\u0159ejn\u00e9 kontroly, \u010cesk\u00e1 televize si z n\u011bj nez\u0159\u00eddka d\u011bl\u00e1 vlastn\u00ed verzi \u201e<em>omalov\u00e1nek<\/em>\u201c. V registru se pravideln\u011b objevuj\u00ed dokumenty, ve kter\u00fdch jsou kl\u00ed\u010dov\u00e9 pas\u00e1\u017ee \u2014 jako jsou konkr\u00e9tn\u00ed finan\u010dn\u00ed \u010d\u00e1stky, jm\u00e9na extern\u00edch spolupracovn\u00edk\u016f nebo detaily o n\u00e1kupu licenc\u00ed \u2014 d\u016fkladn\u011b za\u010dern\u011bny.<\/p>\n<figure id=\"attachment_66683\" class=\"wp-caption aligncenter\" style=\"width: 724px;\"><a href=\"https:\/\/aeronet.news\/wp-content\/uploads\/CT_ContractRedacted1.jpg\"><img decoding=\"async\" loading=\"lazy\" class=\"wp-image-66683 \" src=\"https:\/\/aeronet.news\/wp-content\/uploads\/CT_ContractRedacted1.jpg\" sizes=\"(max-width: 729px) 100vw, 729px\" srcset=\"https:\/\/aeronet.news\/wp-content\/uploads\/CT_ContractRedacted1.jpg 729w, https:\/\/aeronet.news\/wp-content\/uploads\/CT_ContractRedacted1-274x300.jpg 274w, https:\/\/aeronet.news\/wp-content\/uploads\/CT_ContractRedacted1-700x766.jpg 700w, https:\/\/aeronet.news\/wp-content\/uploads\/CT_ContractRedacted1-326x357.jpg 326w, https:\/\/aeronet.news\/wp-content\/uploads\/CT_ContractRedacted1-441x483.jpg 441w\" alt=\"\" width=\"724\" height=\"793\" \/><\/a><figcaption class=\"wp-caption-text\">Smlouva o audio-vizu\u00e1ln\u00edm d\u00edle<\/figcaption><\/figure>\n<p>Veden\u00ed televize se v t\u011bchto p\u0159\u00edpadech obvykle za\u0161ti\u0165uje \u201eobchodn\u00edm tajemstv\u00edm\u201c nebo \u201eochranou hospod\u00e1\u0159sk\u00e9 sout\u011b\u017ee\u201c. Probl\u00e9mem v\u0161ak z\u016fst\u00e1v\u00e1, \u017ee u instituce financovan\u00e9 z kapes da\u0148ov\u00fdch poplatn\u00edk\u016f by m\u011bla b\u00fdt hranice mezi obchodn\u00edm z\u00e1jmem a pr\u00e1vem ve\u0159ejnosti na informace nastavena zcela opa\u010dn\u011b.<\/p>\n<p>Za\u010der\u0148ov\u00e1n\u00ed odm\u011bn pro medi\u00e1ln\u00ed hv\u011bzdy, extern\u00ed produkce \u010di konzultanty tak vytv\u00e1\u0159\u00ed ide\u00e1ln\u00ed podhoub\u00ed pro spekulace o tom, komu se pen\u00edze z Kav\u010d\u00edch hor ve skute\u010dnosti sypou a zda jsou tyto v\u00fddaje adekv\u00e1tn\u00ed a\u2026 chra\u0148 B\u016fh na to pomyslet\u2026 jestli nedoch\u00e1z\u00ed k tunelov\u00e1n\u00ed rozpo\u010dt\u016f do sp\u0159\u00edzn\u011bn\u00fdch extern\u00edch firem.<\/p>\n<h3>Miliardy v mlze extern\u00edch produkc\u00ed<\/h3>\n<p>Kritika se v minulosti snesla i na nepr\u016fhlednost v\u00fdb\u011brov\u00fdch \u0159\u00edzen\u00ed u velk\u00fdch zak\u00e1zkov\u00fdch po\u0159ad\u016f.\u00a0<strong>Zat\u00edmco intern\u00ed tvorba podl\u00e9h\u00e1 alespo\u0148 ur\u010dit\u00e9mu dohledu, miliardy korun proud\u00edc\u00ed do rukou soukrom\u00fdch produk\u010dn\u00edch spole\u010dnost\u00ed miz\u00ed v \u0161ed\u00e9 z\u00f3n\u011b.<\/strong>\u00a0Bez pravomoc\u00ed NK\u00da je pro ve\u0159ejnost prakticky nemo\u017en\u00e9 zjistit, zda \u010cT neplat\u00ed za extern\u00ed po\u0159ady n\u00e1sobn\u011b vy\u0161\u0161\u00ed \u010d\u00e1stky, ne\u017e za jak\u00e9 by je dok\u00e1zala vyrobit sama, nebo zda zak\u00e1zky nedost\u00e1vaj\u00ed st\u00e1le stejn\u00e9, \u201e<em>sp\u0159\u00e1telen\u00e9<\/em>\u201c firmy bez ohledu na efektivitu.<\/p>\n<figure id=\"attachment_66684\" class=\"wp-caption aligncenter\" style=\"width: 697px;\"><a href=\"https:\/\/aeronet.news\/wp-content\/uploads\/CT_ContractRedacted2.jpg\"><img decoding=\"async\" loading=\"lazy\" class=\"wp-image-66684 \" src=\"https:\/\/aeronet.news\/wp-content\/uploads\/CT_ContractRedacted2-749x1024.jpg\" sizes=\"(max-width: 700px) 100vw, 700px\" srcset=\"https:\/\/aeronet.news\/wp-content\/uploads\/CT_ContractRedacted2-749x1024.jpg 749w, https:\/\/aeronet.news\/wp-content\/uploads\/CT_ContractRedacted2-219x300.jpg 219w, https:\/\/aeronet.news\/wp-content\/uploads\/CT_ContractRedacted2-768x1050.jpg 768w, https:\/\/aeronet.news\/wp-content\/uploads\/CT_ContractRedacted2-700x957.jpg 700w, https:\/\/aeronet.news\/wp-content\/uploads\/CT_ContractRedacted2-261x357.jpg 261w, https:\/\/aeronet.news\/wp-content\/uploads\/CT_ContractRedacted2-353x483.jpg 353w, https:\/\/aeronet.news\/wp-content\/uploads\/CT_ContractRedacted2.jpg 1034w\" alt=\"\" width=\"697\" height=\"953\" \/><\/a><figcaption class=\"wp-caption-text\">Takto vypad\u00e1 sazebn\u00edk odm\u011bn \u010cT vypl\u00e1cen\u00fdch zasmluvn\u011bn\u00fdm fotograf\u016fm<\/figcaption><\/figure>\n<p>Dosavadn\u00ed kontrola ze strany Rady \u010cT se v tomto sm\u011bru uk\u00e1zala jako nedostate\u010dn\u00e1. Radn\u00ed jsou sice vybaveni dozor\u010d\u00ed komis\u00ed, ale jejich mo\u017enosti j\u00edt do hloubky \u00fa\u010detnictv\u00ed jsou omezen\u00e9 a \u010dasto nar\u00e1\u017eej\u00ed na neochotu managementu poskytovat detailn\u00ed podklady s odkazem na autonomii m\u00e9dia. P\u0159\u00edchod NK\u00da by tuto hru na schov\u00e1vanou ukon\u010dil. Audito\u0159i by toti\u017e m\u011bli z\u00e1konn\u00fd n\u00e1rok vid\u011bt i to, co dnes z\u016fst\u00e1v\u00e1 skryto pod tlustou vrstvou \u010dern\u00e9ho fixu.<\/p>\n<h3>Kdy\u017e vlci vyj\u00ed na M\u011bs\u00edc, nejde jim o M\u011bs\u00edc<\/h3>\n<p>Ve\u0159ejnopr\u00e1vn\u00ed m\u00e9dia hospoda\u0159\u00ed s miliardami korun, na kter\u00e9 se skl\u00e1daj\u00ed v\u0161ichni ob\u010dan\u00e9. Je proto legitimn\u00ed se pt\u00e1t, pro\u010d se instituce, kter\u00e1 se sama pasuje do role \u201e<em>hl\u00eddac\u00edho psa demokracie<\/em>\u201c, tak vehementn\u011b br\u00e1n\u00ed tomu, aby n\u011bkdo dohl\u00ed\u017eel na jej\u00ed vlastn\u00ed hospoda\u0159en\u00ed.\u00a0<strong>Odpor proti zm\u011bn\u011b financov\u00e1n\u00ed tak v tomto sv\u011btle vypad\u00e1 sp\u00ed\u0161e jako snaha udr\u017eet si\u00a0<em>status quo<\/em>, kde do \u00fa\u010detnictv\u00ed nevid\u00ed nikdo zven\u010d\u00ed.<\/strong>\u00a0Pokud \u010cT skute\u010dn\u011b hospoda\u0159\u00ed efektivn\u011b a transparentn\u011b, nem\u011bla by m\u00edt z auditu NK\u00da \u017e\u00e1dn\u00e9 obavy.<\/p>\n<p>Naopak \u2013 jasn\u00e9 potvrzen\u00ed \u010dist\u00e9ho \u0161t\u00edtu by jej\u00ed pozici ve spole\u010dnosti jen pos\u00edlilo a st\u00e1tem a z\u00e1konem garantovan\u00e9 financov\u00e1n\u00ed by bylo provozn\u00ed jistotou.\u00a0Pokud \u010cT tvrd\u00ed, \u017ee kontrola hospoda\u0159en\u00ed ze strany st\u00e1tn\u00edho org\u00e1nu ohro\u017euje jej\u00ed nez\u00e1vislost, v podstat\u011b t\u00edm \u0159\u00edk\u00e1, \u017ee jej\u00ed svoboda je p\u0159\u00edmo z\u00e1visl\u00e1 na absenci finan\u010dn\u00ed transparentnosti. To je v demokratick\u00e9m pr\u00e1vn\u00edm st\u00e1t\u011b nebezpe\u010dn\u00fd a absurdn\u00ed argument. Skute\u010dn\u00e1 nez\u00e1vislost m\u00e9di\u00ed stoj\u00ed na kvalitn\u00ed novina\u0159in\u011b a odvaze kl\u00e1st nep\u0159\u00edjemn\u00e9 ot\u00e1zky mocn\u00fdm politik\u016fm.<\/p>\n<div class=\"twitter-tweet twitter-tweet-rendered\"><a href=\"https:\/\/x.com\/42TCen\/status\/2044382730121576856?ref_src=twsrc%5Etfw%7Ctwcamp%5Etweetembed%7Ctwterm%5E2044382730121576856%7Ctwgr%5E62a2f459f0e8b9463872fdfb156897c3e07d4308%7Ctwcon%5Es1_&amp;ref_url=https%3A%2F%2Faeronet.news%2Fboure-emoci-okolo-zmeny-financovani-ct-a-cro-neni-bojem-o-obsah-penezenky-ale-o-to-kdo-smi-nebo-nesmi-koukat-pod-prsty-tem-kteri-z-te-penezenky-financuji-podivne-projekty-produkce-analyzy%2F\"><img decoding=\"async\" loading=\"lazy\" class=\"wp-image-104763 aligncenter\" src=\"http:\/\/www.infokuryr.cz\/n\/wp-content\/uploads\/2026\/04\/x-8-194x300.jpg\" alt=\"\" width=\"406\" height=\"628\" srcset=\"https:\/\/www.infokuryr.cz\/n\/wp-content\/uploads\/2026\/04\/x-8-194x300.jpg 194w, https:\/\/www.infokuryr.cz\/n\/wp-content\/uploads\/2026\/04\/x-8.jpg 590w\" sizes=\"(max-width: 406px) 100vw, 406px\" \/><\/a><\/div>\n<p>Nez\u00e1vislost rozhodn\u011b nespo\u010d\u00edv\u00e1 v pr\u00e1vu tajit, jak\u00fdm zp\u016fsobem jsou utr\u00e1ceny miliardy korun z ve\u0159ejn\u00fdch rozpo\u010dt\u016f nebo z kapes ob\u010dan\u016f. Odpor proti NK\u00da tak nen\u00ed ni\u010d\u00edm jin\u00fdm ne\u017e p\u0159izn\u00e1n\u00edm, \u017ee se na Kav\u010d\u00edch hor\u00e1ch boj\u00ed okam\u017eiku, kdy \u201e<em>hl\u00eddac\u00ed pes<\/em>\u201c poprv\u00e9 strhne n\u00e1hubek v podob\u011b auditn\u00ed zpr\u00e1vy, kter\u00e1 by mohla definitivn\u011b rozmetat m\u00fdtus o bezchybn\u00e9m hospoda\u0159en\u00ed.\u00a0<strong>Proto\u017ee plat\u00ed, \u017ee kdy\u017e vlci vyj\u00ed, tak na vzdory obecn\u00e9 p\u0159edstav\u011b nevyj\u00ed na M\u011bs\u00edc, ale komunikuj\u00ed mezi sebou sign\u00e1ly a zpr\u00e1vy.<\/strong>\u00a0A \u010d\u00edm v\u00edce vyj\u00ed, t\u00edm v\u011bt\u0161\u00ed panika a obavy se rozprost\u00edraj\u00ed ve sme\u010dce.<\/p>\n<p>Nejde toti\u017e o M\u011bs\u00edc, ale o rozzu\u0159en\u00e9ho medv\u011bda, kter\u00fd vtrhl do lesa a ohro\u017euje t\u00edm celou vl\u010d\u00ed sme\u010dku. A ta vol\u00e1 vyt\u00edm na pomoc v\u0161echny ostatn\u00ed sme\u010dky ze \u0161ir\u00e9ho a dalek\u00e9ho okol\u00ed. Stejn\u011b tak v\u00fd\u0161e zm\u00edn\u011bn\u00e1 m\u00e9dia vyj\u00ed a volaj\u00ed na pomoc v\u0161echny z \u0161irok\u00e9ho a dalek\u00e9ho okol\u00ed, a\u017e z Bruselu. Tak\u017ee, kdy\u017e se te\u010f v m\u00e9di\u00edch vyje na \u201c<em>ohro\u017een\u00ed\u00a0nez\u00e1vislost m\u00e9di\u00ed<\/em>\u201c, ve skute\u010dnosti se mezi vlky strhla panika, \u017ee na Kav\u010d\u00ed hory m\u00ed\u0159\u00ed kontrolor. To jenom, abyste se v tom\u00a0<em>vyt\u00ed<\/em>\u00a0z mainstreamu a z r\u016fzn\u00fdch milionov\u00fdch neziskovek orientovali. Abyste prost\u011b byli v realit\u011b.<\/p>\n<p><a href=\"https:\/\/aeronet.news\/boure-emoci-okolo-zmeny-financovani-ct-a-cro-neni-bojem-o-obsah-penezenky-ale-o-to-kdo-smi-nebo-nesmi-koukat-pod-prsty-tem-kteri-z-te-penezenky-financuji-podivne-projekty-produkce-analyzy\/\">-VK-<\/a><\/p>\n<p>&nbsp;<\/p>\n","protected":false},"excerpt":{"rendered":"<p>Bou\u0159e emoc\u00ed okolo zm\u011bny financov\u00e1n\u00ed \u010cT a \u010cRo nen\u00ed bojem o obsah pen\u011b\u017eenky, ale o&#8230;<\/p>\n","protected":false},"author":2,"featured_media":104764,"comment_status":"closed","ping_status":"closed","sticky":false,"template":"","format":"standard","meta":[],"categories":[6],"tags":[1042,47,45,158,1738],"_links":{"self":[{"href":"https:\/\/www.infokuryr.cz\/n\/wp-json\/wp\/v2\/posts\/104762"}],"collection":[{"href":"https:\/\/www.infokuryr.cz\/n\/wp-json\/wp\/v2\/posts"}],"about":[{"href":"https:\/\/www.infokuryr.cz\/n\/wp-json\/wp\/v2\/types\/post"}],"author":[{"embeddable":true,"href":"https:\/\/www.infokuryr.cz\/n\/wp-json\/wp\/v2\/users\/2"}],"replies":[{"embeddable":true,"href":"https:\/\/www.infokuryr.cz\/n\/wp-json\/wp\/v2\/comments?post=104762"}],"version-history":[{"count":0,"href":"https:\/\/www.infokuryr.cz\/n\/wp-json\/wp\/v2\/posts\/104762\/revisions"}],"wp:featuredmedia":[{"embeddable":true,"href":"https:\/\/www.infokuryr.cz\/n\/wp-json\/wp\/v2\/media\/104764"}],"wp:attachment":[{"href":"https:\/\/www.infokuryr.cz\/n\/wp-json\/wp\/v2\/media?parent=104762"}],"wp:term":[{"taxonomy":"category","embeddable":true,"href":"https:\/\/www.infokuryr.cz\/n\/wp-json\/wp\/v2\/categories?post=104762"},{"taxonomy":"post_tag","embeddable":true,"href":"https:\/\/www.infokuryr.cz\/n\/wp-json\/wp\/v2\/tags?post=104762"}],"curies":[{"name":"wp","href":"https:\/\/api.w.org\/{rel}","templated":true}]}}