{"id":104760,"date":"2026-04-17T06:14:00","date_gmt":"2026-04-17T04:14:00","guid":{"rendered":"https:\/\/www.infokuryr.cz\/n\/?p=104760"},"modified":"2026-04-17T06:14:00","modified_gmt":"2026-04-17T04:14:00","slug":"alexandre-lemoine-evropska-unie-vydala-madarsku-ultimatum-den-po-volbach","status":"publish","type":"post","link":"https:\/\/www.infokuryr.cz\/n\/2026\/04\/17\/alexandre-lemoine-evropska-unie-vydala-madarsku-ultimatum-den-po-volbach\/","title":{"rendered":"Alexandre Lemoine: Evropsk\u00e1 unie vydala Ma\u010farsku ultim\u00e1tum den po volb\u00e1ch"},"content":{"rendered":"<div id=\"fb-root\"><\/div>\n<p><strong><span dir=\"auto\">Brusel stanovil podm\u00ednky pro uvoln\u011bn\u00ed zmrazen\u00fdch finan\u010dn\u00edch prost\u0159edk\u016f Ma\u010farska ve v\u00fd\u0161i p\u0159ibli\u017en\u011b 35 miliard eur. Evropsk\u00e1 komise po zm\u011bn\u011b vl\u00e1dy o\u010dek\u00e1v\u00e1 od administrativy P\u00e9tera Magyara syst\u00e9mov\u00e9 reformy a revizi sv\u00e9 zahrani\u010dn\u00ed politiky. Pat\u0159\u00ed mezi n\u011b uvoln\u011bn\u00ed \u00fav\u011bru Ukrajin\u011b a zaveden\u00ed nov\u00e9ho bal\u00ed\u010dku sankc\u00ed proti Rusku. Jedn\u00e1n\u00ed s Budape\u0161t\u00ed ji\u017e za\u010dala.\u00a0<\/span><\/strong><\/p>\n<p><span dir=\"auto\">Evropsk\u00e1 unie s nap\u011bt\u00edm o\u010dek\u00e1v\u00e1 v\u00fdsledek ma\u010farsk\u00fdch voleb, kde P\u00e9ter Magyar splnil sv\u00e9 sliby o ukon\u010den\u00ed konfrontace mezi Bruselem a Budape\u0161t\u00ed. Ma\u010farsko se pravd\u011bpodobn\u011b neopust\u00ed sv\u00e9ho n\u00e1rodn\u00edho konzervatismu. Nicm\u00e9n\u011b Brusel i Budape\u0161\u0165 \u201evid\u00ed p\u0159\u00edle\u017eitost z\u00e1sadn\u011b p\u0159ehodnotit sv\u016fj vztah\u201c.\u00a0<\/span><\/p>\n<p><span dir=\"auto\">\u201eMa\u010farsko se op\u011bt stane\u00a0<\/span><a href=\"https:\/\/www.youtube.com\/watch?v=C07H4TVEEe0\" target=\"_blank\" rel=\"noopener\"><span dir=\"auto\">siln\u00fdm spojencem<\/span><\/a><span dir=\"auto\">\u00a0v r\u00e1mci EU a NATO,\u201c prohl\u00e1sil Magyar na shrom\u00e1\u017ed\u011bn\u00ed v Budape\u0161ti po ozn\u00e1men\u00ed v\u00fdsledk\u016f voleb. Brusel si v\u0161ak vyslechl i m\u00e9n\u011b p\u0159\u00edjemn\u00e9 pozn\u00e1mky. \u201eMagyarovo prohl\u00e1\u0161en\u00ed, \u017ee Ma\u010farsko\u00a0<\/span><a href=\"https:\/\/www.politico.eu\/article\/peter-magyar-hungary-election-brussels-ties-reset-eu-funding\/\" target=\"_blank\" rel=\"noopener\"><span dir=\"auto\">m\u00e1 st\u00e1le v \u00famyslu<\/span><\/a><span dir=\"auto\">\u00a0nakupovat ruskou ropu, bylo pro EU m\u00e9n\u011b p\u0159ijateln\u00e9,\u201c informuje\u00a0<\/span><em><span dir=\"auto\">Politico<\/span><\/em><span dir=\"auto\">\u00a0. Tak\u00e9 neodpov\u011bd\u011bl na ot\u00e1zku, zda by podpo\u0159il 20. kolo sankc\u00ed EU proti Moskv\u011b.\u00a0<\/span><\/p>\n<p><span dir=\"auto\">Jak pouk\u00e1zal\u00a0<\/span><em><span dir=\"auto\">den\u00edk The New York Times<\/span><\/em><span dir=\"auto\">\u00a0, Magyar dal jasn\u011b najevo\u00a0<\/span><a href=\"https:\/\/www.nytimes.com\/2026\/04\/13\/world\/europe\/russia-hungary-putin-orban.html\" target=\"_blank\" rel=\"noopener\"><span dir=\"auto\">, \u017ee<\/span><\/a><span dir=\"auto\">\u00a0vzhledem k energetick\u00e9 z\u00e1vislosti Ma\u010farska na Rusku nem\u00e1 v \u00famyslu zcela p\u0159eru\u0161it vztahy s Moskvou. To by m\u011blo Moskv\u011b umo\u017enit udr\u017eet si v Ma\u010farsku ur\u010dit\u00fd vliv.\u00a0<\/span><\/p>\n<p><span dir=\"auto\">Magyarov\u00fdm c\u00edlem je zpo\u010d\u00e1tku uvolnit platby zmrazen\u00fdch evropsk\u00fdch fond\u016f.\u00a0<\/span><\/p>\n<p><span dir=\"auto\">To zahrnuje t\u00e9m\u011b\u0159 18 miliard eur z rozpo\u010dtu EU zablokovan\u00fdch v r\u00e1mci mechanismu na ochranu pr\u00e1vn\u00edho st\u00e1tu, jako\u017e i v\u00edce ne\u017e 17 miliard eur v preferen\u010dn\u00edch \u00fav\u011brech, mimo jin\u00e9 v r\u00e1mci obrann\u00fdch a infrastrukturn\u00edch program\u016f.\u00a0<\/span><\/p>\n<p><span dir=\"auto\">\u201eMa\u010farsko ztr\u00e1c\u00ed p\u0159ibli\u017en\u011b 10,4 miliardy eur z programu obnovy EU, 7 miliard eur ze spole\u010dn\u00fdch fond\u016f a 16 miliard eur z obrann\u00e9ho programu SAFE, uv\u00e1d\u00ed\u00a0<\/span><em><span dir=\"auto\">Politico<\/span><\/em><span dir=\"auto\">\u00a0. Budape\u0161\u0165 tak\u00e9 plat\u00ed 1 milion eur denn\u011b na z\u00e1klad\u011b rozhodnut\u00ed Evropsk\u00e9ho soudn\u00edho dvora za poru\u0161en\u00ed sv\u00e9 migra\u010dn\u00ed politiky. K tomu se p\u0159id\u00e1vaj\u00ed finan\u010dn\u00ed prost\u0159edky pozastaven\u00e9 v r\u00e1mci program\u016f Erasmus+ a Horizon Europe.\u201c\u00a0<\/span><\/p>\n<p><span dir=\"auto\">List poukazuje na to, \u017ee Magyarovi doch\u00e1z\u00ed \u010das. \u201eMa\u010farsko m\u00e1 jen velmi m\u00e1lo \u010dasu: pokud Evropsk\u00e1 komise neuvoln\u00ed financov\u00e1n\u00ed do konce srpna, mohlo by o n\u011bj Ma\u010farsko trvale p\u0159ij\u00edt,\u201c informuje\u00a0<\/span><em><span dir=\"auto\">Politico<\/span><\/em><span dir=\"auto\">\u00a0.\u00a0<\/span><\/p>\n<p><span dir=\"auto\">Evropsk\u00e1 unie ale mus\u00ed jednat rychle. Pokud Ma\u010farsko brzy nezru\u0161\u00ed sv\u00e9 veto ohledn\u011b poskytnut\u00ed Ukrajin\u011b p\u016fj\u010dky ve v\u00fd\u0161i 90 miliard eur, Kyjev bude \u010delit bezprost\u0159edn\u00edmu bankrotu.\u00a0<\/span><\/p>\n<p><span dir=\"auto\">Magyar se vyslovil pro vylou\u010den\u00ed Ma\u010farska z \u00fa\u010dasti na p\u016fj\u010dce Evropsk\u00e9 unie Ukrajin\u011b ve v\u00fd\u0161i 90 miliard eur.\u00a0<\/span><\/p>\n<p><span dir=\"auto\">B\u011bhem tiskov\u00e9 konference p\u0159ed mezin\u00e1rodn\u00edmi m\u00e9dii Magyar p\u0159ipomn\u011bl, \u017ee ma\u010farsk\u00fd premi\u00e9r Viktor Orb\u00e1n v prosinci lo\u0148sk\u00e9ho roku dos\u00e1hl vylou\u010den\u00ed zem\u011b z t\u00e9to \u00fav\u011brov\u00e9 dohody.\u00a0<\/span><\/p>\n<p><span dir=\"auto\">\u201eNech\u00e1pu, pro\u010d to te\u010f znovu otev\u00edrat,\u201c cituje ho\u00a0\u00a0<\/span><a href=\"https:\/\/444.hu\/2026\/04\/13\/magyar-peter-ertekeli-a-valasztasok-eredmenyet\" target=\"_blank\" rel=\"noopener\"><span dir=\"auto\">web<\/span><\/a><span dir=\"auto\">\u00a0444\u00a0<\/span><em><span dir=\"auto\">.<\/span><\/em><\/p>\n<p><span dir=\"auto\">Magyar zd\u016fraznil, \u017ee Ma\u010farsko se nach\u00e1z\u00ed v obt\u00ed\u017en\u00e9 ekonomick\u00e9 situaci a nem\u016f\u017ee si dovolit br\u00e1t si nov\u00e9 p\u016fj\u010dky.\u00a0<\/span><\/p>\n<p><span dir=\"auto\">P\u016fj\u010dka Ukrajin\u011b v\u0161ak zdaleka nen\u00ed jedin\u00fdm po\u017eadavkem Evropsk\u00e9 unie v\u016f\u010di Ma\u010farsku. Jak informuj\u00ed\u00a0<\/span><em><span dir=\"auto\">Financial Times<\/span><\/em><span dir=\"auto\">\u00a0, Brusel p\u0159edlo\u017eil\u00a0<\/span><a href=\"https:\/\/www.ft.com\/content\/7c8b5371-313f-4db6-aec8-0d19c5535f8c?syn-25a6b1a6=1\" target=\"_blank\" rel=\"noopener\"><span dir=\"auto\">dlouh\u00fd seznam 27 bod\u016f<\/span><\/a><span dir=\"auto\">\u00a0, v nich\u017e po\u017eaduje \u201eokam\u017eitou interakci\u201c ohledn\u011b ka\u017ed\u00e9ho z nich. Jak noviny zd\u016fraz\u0148uj\u00ed, skute\u010dnost, \u017ee opozi\u010dn\u00ed strana Tisza z\u00edskala v\u00edce ne\u017e dv\u011b t\u0159etiny k\u0159esel v parlamentu a nyn\u00ed m\u016f\u017ee schvalovat \u00fastavn\u00ed z\u00e1kony, \u201ezv\u00fd\u0161ila o\u010dek\u00e1v\u00e1n\u00ed\u201c v Bruselu. \u201eMa\u010farsko m\u00e1 nyn\u00ed pln\u00fd mand\u00e1t situaci zm\u011bnit,\u201c \u0159ekl jeden z vysoce postaven\u00fdch \u00fa\u0159edn\u00edk\u016f EU. \u201eN\u00e1\u0161 p\u0159\u00edstup je tento: zdvojn\u00e1sobme na\u0161e \u00fasil\u00ed. Pokud Ma\u010farsko dodr\u017e\u00ed sv\u00e9 sliby, dodr\u017e\u00edme i my ty sv\u00e9.\u201c\u00a0<\/span><\/p>\n<p><span dir=\"auto\">Mezi po\u017eadavky Evropsk\u00e9 unie pat\u0159\u00ed krom\u011b p\u016fj\u010dky Ukrajin\u011b i reforma soudn\u00edho syst\u00e9mu a bezpe\u010dnostn\u00edch slo\u017eek, obnova \u0159\u00edzen\u00ed nejv\u011bt\u0161\u00edch ve\u0159ejn\u00fdch instituc\u00ed a podnik\u016f a tak\u00e9 \u00faprava migra\u010dn\u00ed legislativy.\u00a0<\/span><\/p>\n<p><span dir=\"auto\">Brusel z\u00e1rove\u0148 po\u017eaduje, aby Ma\u010farsko nejprve provedl v\u0161echny zm\u011bny a a\u017e pot\u00e9 uvolnil finan\u010dn\u00ed prost\u0159edky. \u201e\u017d\u00e1dn\u00e1 okam\u017eit\u00e1 opat\u0159en\u00ed se nepl\u00e1nuj\u00ed: nov\u00e1 vl\u00e1da bude muset splnit dlouh\u00fd seznam po\u017eadavk\u016f, aby mohla k fond\u016fm z\u00edskat p\u0159\u00edstup,\u201c nazna\u010duj\u00ed evrop\u0161t\u00ed byrokrat\u00e9. Poznamen\u00e1vaj\u00ed, \u017ee Ma\u010farsko se ofici\u00e1ln\u011b nestane premi\u00e9rem je\u0161t\u011b m\u011bs\u00edc, a ob\u00e1vaj\u00ed se, \u017ee by Orb\u00e1n mezit\u00edm mohl zav\u00e9st pr\u00e1vn\u00ed zm\u011bny nebo person\u00e1ln\u00ed zm\u011bny, kter\u00e9 by mohly ohrozit schopnost Ma\u010farska prov\u00e9st pot\u0159ebn\u00e9 reformy.<\/span><\/p>\n<p><a href=\"https:\/\/observateur-continental.fr\/?module=articles&amp;action=view&amp;id=7773\"><em><span dir=\"auto\">Alexandre Lemoine<\/span><\/em><\/a><\/p>\n<p>&nbsp;<\/p>\n","protected":false},"excerpt":{"rendered":"<p>Brusel stanovil podm\u00ednky pro uvoln\u011bn\u00ed zmrazen\u00fdch finan\u010dn\u00edch prost\u0159edk\u016f Ma\u010farska ve v\u00fd\u0161i p\u0159ibli\u017en\u011b 35 miliard eur&#8230;.<\/p>\n","protected":false},"author":2,"featured_media":104761,"comment_status":"closed","ping_status":"closed","sticky":false,"template":"","format":"standard","meta":[],"categories":[7],"tags":[640,1503,78,3487,27],"_links":{"self":[{"href":"https:\/\/www.infokuryr.cz\/n\/wp-json\/wp\/v2\/posts\/104760"}],"collection":[{"href":"https:\/\/www.infokuryr.cz\/n\/wp-json\/wp\/v2\/posts"}],"about":[{"href":"https:\/\/www.infokuryr.cz\/n\/wp-json\/wp\/v2\/types\/post"}],"author":[{"embeddable":true,"href":"https:\/\/www.infokuryr.cz\/n\/wp-json\/wp\/v2\/users\/2"}],"replies":[{"embeddable":true,"href":"https:\/\/www.infokuryr.cz\/n\/wp-json\/wp\/v2\/comments?post=104760"}],"version-history":[{"count":0,"href":"https:\/\/www.infokuryr.cz\/n\/wp-json\/wp\/v2\/posts\/104760\/revisions"}],"wp:featuredmedia":[{"embeddable":true,"href":"https:\/\/www.infokuryr.cz\/n\/wp-json\/wp\/v2\/media\/104761"}],"wp:attachment":[{"href":"https:\/\/www.infokuryr.cz\/n\/wp-json\/wp\/v2\/media?parent=104760"}],"wp:term":[{"taxonomy":"category","embeddable":true,"href":"https:\/\/www.infokuryr.cz\/n\/wp-json\/wp\/v2\/categories?post=104760"},{"taxonomy":"post_tag","embeddable":true,"href":"https:\/\/www.infokuryr.cz\/n\/wp-json\/wp\/v2\/tags?post=104760"}],"curies":[{"name":"wp","href":"https:\/\/api.w.org\/{rel}","templated":true}]}}