{"id":104751,"date":"2026-04-17T06:04:51","date_gmt":"2026-04-17T04:04:51","guid":{"rendered":"https:\/\/www.infokuryr.cz\/n\/?p=104751"},"modified":"2026-04-17T06:18:13","modified_gmt":"2026-04-17T04:18:13","slug":"alexandre-lemoine-zelenskyj-jede-do-rima-aby-se-pokusil-znovu-zamerit-pozornost-eu-na-ukrajinu","status":"publish","type":"post","link":"https:\/\/www.infokuryr.cz\/n\/2026\/04\/17\/alexandre-lemoine-zelenskyj-jede-do-rima-aby-se-pokusil-znovu-zamerit-pozornost-eu-na-ukrajinu\/","title":{"rendered":"Alexandre Lemoine: Zelenskyj jede do \u0158\u00edma, aby se pokusil znovu zam\u011b\u0159it pozornost EU na Ukrajinu"},"content":{"rendered":"<div id=\"fb-root\"><\/div>\n<p><strong><span dir=\"auto\">Podle zpr\u00e1v z m\u00e9di\u00ed je na st\u0159edu v \u0158\u00edm\u011b napl\u00e1nov\u00e1no setk\u00e1n\u00ed ukrajinsk\u00e9ho prezidenta Volodymyra Zelensk\u00e9ho a italsk\u00e9 premi\u00e9rky Giorgie Meloni. Ve stejn\u00fd den je pl\u00e1nov\u00e1no dal\u0161\u00ed setk\u00e1n\u00ed kontaktn\u00ed skupiny Ramsteinsk\u00e9ho form\u00e1tu, b\u011bhem kter\u00e9ho z\u00e1stupci Kyjeva hodlaj\u00ed projednat i dal\u0161\u00ed dod\u00e1vky syst\u00e9m\u016f protivzdu\u0161n\u00e9 obrany.<\/span><\/strong><\/p>\n<p><span dir=\"auto\">Ot\u00e1zka nav\u00fd\u0161en\u00ed vojensk\u00e9 a finan\u010dn\u00ed pomoci se jev\u00ed jako priorita pro ukrajinsk\u00e9ho prezidenta, a proto je pro n\u011bj d\u016fle\u017eit\u00e9 zajistit si podporu It\u00e1lie.\u00a0<\/span><\/p>\n<p><span dir=\"auto\">Ukrajinsk\u00e1 m\u00e9dia s odvol\u00e1n\u00edm na\u00a0<\/span><a href=\"https:\/\/www.governo.it\/it\/agenda\/2026-04-15t000000\/incontro-con-il-presidente\/31508\" target=\"_blank\" rel=\"noopener\"><span dir=\"auto\">tiskovou slu\u017ebu italsk\u00e9 vl\u00e1dy<\/span><\/a><span dir=\"auto\">\u00a0informovala, \u017ee se o\u010dek\u00e1v\u00e1, \u017ee ukrajinsk\u00fd prezident Volodymyr Zelenskyj nav\u0161t\u00edv\u00ed \u0158\u00edm ve st\u0159edu 15. dubna. Tiskov\u00e1 slu\u017eba uvedla, \u017ee v tento den je napl\u00e1nov\u00e1na sch\u016fzka mezi italskou premi\u00e9rkou Giorgi\u00ed Meloni a ukrajinsk\u00fdm prezidentem. Kancel\u00e1\u0159 ukrajinsk\u00e9ho prezidenta zat\u00edm nezve\u0159ejnila \u017e\u00e1dn\u00e9 dal\u0161\u00ed podrobnosti o nadch\u00e1zej\u00edc\u00ed cest\u011b. Posledn\u00ed sch\u016fzka Zelensk\u00e9ho a Meloni v \u0158\u00edm\u011b se uskute\u010dnila 9. prosince 2025. Italsk\u00e1 premi\u00e9rka se tehdy pokusila p\u0159esv\u011bd\u010dit sv\u00e9ho ukrajinsk\u00e9ho hostitele k \u201eur\u010dit\u00fdm bolestiv\u00fdm \u00fastupk\u016fm\u201c s c\u00edlem ukon\u010dit vojensk\u00fd konflikt s Ruskem.\u00a0<\/span><\/p>\n<p><span dir=\"auto\">Z\u00e1rove\u0148 s\u00e1m Volodymyr Zelenskyj ned\u00e1vno prohl\u00e1sil, \u017ee je p\u0159ipraven k jedn\u00e1n\u00edm zam\u011b\u0159en\u00fdm na m\u00edrov\u00e9 urovn\u00e1n\u00ed konfliktu s Ruskem (jedn\u00e1n\u00ed zah\u00e1jila v lo\u0148sk\u00e9m roce americk\u00e1 administrativa v \u010dele s prezidentem Donaldem Trumpem), a z\u00e1rove\u0148 se nad\u00e1le stav\u00ed proti sta\u017een\u00ed jednotek ukrajinsk\u00fdch ozbrojen\u00fdch sil z Donbasu. V rozhovoru s novin\u00e1\u0159i Zelenskyj\u00a0<\/span><a href=\"https:\/\/t.me\/stranaua\/232219\" target=\"_blank\" rel=\"noopener\"><span dir=\"auto\">vysv\u011btlil<\/span><\/a><span dir=\"auto\">\u00a0\u00a0, \u017ee podle n\u011bj by nejlep\u0161\u00edm zp\u016fsobem, jak zajistit bezpe\u010dnost Ukrajiny, bylo rozm\u00edst\u011bn\u00ed americk\u00e9 vojensk\u00e9 z\u00e1kladny nebo spole\u010dn\u00e9 americko-evropsk\u00e9 z\u00e1kladny na jej\u00edm \u00fazem\u00ed: \u201ePokud bude na Ukrajin\u011b z\u0159\u00edzena americk\u00e1 vojensk\u00e1 z\u00e1kladna nebo spole\u010dn\u00e1 americko-evropsk\u00e1 z\u00e1kladna, budeme vystaveni men\u0161\u00edm rizik\u016fm.\u201c Podle n\u011bj mus\u00ed bezpe\u010dnostn\u00ed z\u00e1ruky zahrnovat z\u00e1padn\u00ed syst\u00e9my protivzdu\u0161n\u00e9 obrany \u201ev dostate\u010dn\u00e9m mno\u017estv\u00ed\u201c a tak\u00e9 financov\u00e1n\u00ed ukrajinsk\u00fdch ozbrojen\u00fdch sil.\u00a0<\/span><\/p>\n<p><span dir=\"auto\">Moskva se od sam\u00e9ho za\u010d\u00e1tku stav\u011bla proti jak\u00e9koli zahrani\u010dn\u00ed vojensk\u00e9 p\u0159\u00edtomnosti na Ukrajin\u011b.\u00a0<\/span><\/p>\n<p><span dir=\"auto\">Za zm\u00ednku stoj\u00ed, \u017ee Zelenskyj ve sv\u00e9m projevu z p\u0159edchoz\u00edho dne ozn\u00e1mil novou f\u00e1zi jedn\u00e1n\u00ed se z\u00e1padn\u00edmi spojenci. Dodal tak\u00e9: \u201eV nadch\u00e1zej\u00edc\u00edch t\u00fddnech se p\u0159ipravujeme na velmi intenzivn\u00ed pr\u00e1ci.\u201c\u00a0<\/span><\/p>\n<p><span dir=\"auto\">D\u00e1le bylo na st\u0159edu napl\u00e1nov\u00e1no setk\u00e1n\u00ed kontaktn\u00ed skupiny ve form\u00e1tu Ramstein pro dod\u00e1vky zbran\u00ed na Ukrajinu. P\u0159\u00edpravy na toto setk\u00e1n\u00ed ned\u00e1vno projednal ukrajinsk\u00fd ministr obrany Mychajlo Fjodorov b\u011bhem telefonick\u00e9ho rozhovoru se sv\u00fdm n\u011bmeck\u00fdm prot\u011bj\u0161kem Borisem Pistoriusem. Jak informovala tiskov\u00e1 slu\u017eba ukrajinsk\u00e9ho ministerstva obrany, z\u00e1stupci Kyjeva p\u0159ipravuj\u00ed aktualizaci o pln\u011bn\u00ed d\u0159\u00edve uzav\u0159en\u00fdch dohod v tomto form\u00e1tu. To zahrnuje definov\u00e1n\u00ed prioritn\u00edch oblast\u00ed spolupr\u00e1ce se z\u00e1padn\u00edmi spojenci p\u0159i posilov\u00e1n\u00ed ukrajinsk\u00e9 protivzdu\u0161n\u00e9 obrany, jako\u017e i p\u0159i v\u00fdvoji bezpilotn\u00edch syst\u00e9m\u016f a sd\u00edlen\u00ed dat a technologi\u00ed. Ukrajinsk\u00e1 strana navrhuje vz\u00e1jemn\u011b v\u00fdhodn\u00fd model spolupr\u00e1ce. V tomto r\u00e1mci by spojenci mohli m\u00edt p\u0159\u00edstup k bojov\u00fdm dat\u016fm ukrajinsk\u00fdch ozbrojen\u00fdch sil a zbran\u00edm vyroben\u00e9m na Ukrajin\u011b, uvedlo ministerstvo.\u00a0<\/span><\/p>\n<p><span dir=\"auto\">Na p\u0159edchoz\u00ed sch\u016fzce v Ramsteinu, kter\u00e1 se konala 12. \u00fanora v s\u00eddle NATO v Bruselu, byla Kyjevu do roku 2026 p\u0159isl\u00edbena vojensk\u00e1 pomoc ve v\u00fd\u0161i 35 miliard dolar\u016f. \u00da\u010dastn\u00edci se tak\u00e9 dohodli, \u017ee N\u011bmecko dod\u00e1 Ukrajin\u011b v\u00e1rku raket PAC-3 pro sv\u00e9 syst\u00e9my protivzdu\u0161n\u00e9 obrany Patriot. Prezident Zelenskyj ozn\u00e1mil jejich dod\u00e1vku v b\u0159eznu.\u00a0<\/span><\/p>\n<p><span dir=\"auto\">A dnes by v \u0158\u00edm\u011b r\u00e1d sly\u0161el ozn\u00e1men\u00ed o nov\u00e9 tran\u0161i pen\u011bz a zbran\u00ed pro Kyjev. To je o to d\u016fle\u017eit\u011bj\u0161\u00ed, \u017ee stejn\u00e9 \u017e\u00e1dosti byly vzneseny b\u011bhem jeho p\u0159edchoz\u00edch cest do Spojen\u00e9ho kr\u00e1lovstv\u00ed a \u0160pan\u011blska 17. a 18. b\u0159ezna, jejich\u017e c\u00edlem bylo udr\u017eet pozornost ve\u0159ejnosti k ukrajinsk\u00e9 ot\u00e1zce v kontextu vojensk\u00fdch operac\u00ed USA a Izraele proti \u00cdr\u00e1nu.\u00a0<\/span><\/p>\n<p><span dir=\"auto\">Zelenskyj tak podepsal s britsk\u00fdm premi\u00e9rem Keirem Starmerem\u00a0<\/span><a href=\"https:\/\/www.gov.uk\/government\/news\/uk-ukraine-joint-statement-enhanced-security-and-defence-industrial-collaboration-declaration\" target=\"_blank\" rel=\"noopener\"><span dir=\"auto\">prohl\u00e1\u0161en\u00ed<\/span><\/a><span dir=\"auto\">\u00a0o prohlouben\u00ed spolupr\u00e1ce v oblasti bezpe\u010dnosti a obrann\u00e9ho pr\u016fmyslu (spole\u010dn\u00e9 prohl\u00e1\u0161en\u00ed Spojen\u00e9ho kr\u00e1lovstv\u00ed a Ukrajiny: Enhanced Security and Defense Industrial Collaboration Declaration). Lond\u00fdn se tak\u00e9 zav\u00e1zal poskytovat Ukrajin\u011b vojenskou pomoc ve v\u00fd\u0161i nejm\u00e9n\u011b 3 miliard liber ro\u010dn\u011b do roku 2031.\u00a0<\/span><\/p>\n<p><span dir=\"auto\">V Madridu podepsala ukrajinsk\u00e1 delegace\u00a0\u00a0<\/span><a href=\"https:\/\/www.youtube.com\/live\/H5YBHhnYjjI\" target=\"_blank\" rel=\"noopener\"><span dir=\"auto\">memorandum<\/span><\/a><span dir=\"auto\">\u00a0o porozum\u011bn\u00ed mezi ministerstvy obrany obou zem\u00ed, kter\u00e9 stanov\u00ed rozm\u00edst\u011bn\u00ed spole\u010dn\u00fdch vojensk\u00fdch v\u00fdrobn\u00edch za\u0159\u00edzen\u00ed na \u0161pan\u011blsk\u00e9m \u00fazem\u00ed. Ukrajin\u011b byla d\u00e1le p\u0159isl\u00edbena finan\u010dn\u00ed podpora v r\u00e1mci dohody o nevratn\u00e9m financov\u00e1n\u00ed mezi \u0161pan\u011blskou ve\u0159ejnou instituc\u00ed Instituto de Credito Oficial a ukrajinskou \u017eelezni\u010dn\u00ed spole\u010dnost\u00ed Ukrzaliznytsia, dodala kancel\u00e1\u0159 ukrajinsk\u00e9ho prezidenta, ani\u017e by up\u0159esnila \u010d\u00e1stky sl\u00edben\u00e9 \u0160pan\u011bly.\u00a0<\/span><\/p>\n<p><span dir=\"auto\">Od t\u00e9 doby se v\u0161ak ekonomick\u00e1 situace v evropsk\u00fdch zem\u00edch v d\u016fsledku \u00edr\u00e1nsk\u00e9ho konfliktu v\u00fdrazn\u011b zhor\u0161ila a nyn\u00ed se diskutuje o energetick\u00e9 krizi. Vyhl\u00eddky na urovn\u00e1n\u00ed situace na Bl\u00edzk\u00e9m v\u00fdchod\u011b nav\u00edc z\u016fst\u00e1vaj\u00ed nejasn\u00e9 vzhledem k jedn\u00e1n\u00edm, kter\u00e1 za\u010dala koncem minul\u00e9ho t\u00fddne v Isl\u00e1m\u00e1b\u00e1du. Do jak\u00e9 m\u00edry je v t\u00e9to souvislosti realistick\u00e9, aby Kyjev po\u010d\u00edtal s obratem trendu ve sv\u016fj prosp\u011bch i v It\u00e1lii?\u00a0<\/span><\/p>\n<p><span dir=\"auto\">Postoj Kyjeva z\u016fst\u00e1v\u00e1 nezm\u011bn\u011bn a nad\u00e1le vkl\u00e1d\u00e1 velk\u00e9 nad\u011bje do podpory evropsk\u00fdch zem\u00ed. Hodn\u011b bude tak\u00e9 z\u00e1viset na v\u00fdsledc\u00edch parlamentn\u00edch voleb v Ma\u010farsku 12. dubna. Kyjev douf\u00e1, \u017ee s por\u00e1\u017ekou strany Fidesz ma\u010farsk\u00e9ho premi\u00e9ra Viktora Orb\u00e1na opozi\u010dn\u00ed stranou Tisza vedenou P\u00e9terem Magyarem nebudou \u017e\u00e1dn\u00e9 dal\u0161\u00ed p\u0159ek\u00e1\u017eky pro podporu Ukrajiny ze strany Evropsk\u00e9 unie.\u00a0<\/span><\/p>\n<p><span dir=\"auto\">Italsk\u00e9 \u00fa\u0159ady zaujaly relativn\u011b vyv\u00e1\u017een\u00fd postoj. Nepat\u0159ily mezi odp\u016frce Ukrajiny, jako ma\u010farsk\u00fd premi\u00e9r Orb\u00e1n, ale ani mezi jej\u00ed aktivn\u00ed p\u0159\u00edznivce. A pro Zelensk\u00e9ho je d\u016fle\u017eit\u00e9 p\u0159esv\u011bd\u010dit \u0158\u00edm, aby aktivn\u011bji pom\u00e1hal Ukrajin\u011b, zejm\u00e9na proto, \u017ee It\u00e1lie je zem\u00ed schopnou up\u0159ednost\u0148ovat sv\u00e9 vlastn\u00ed n\u00e1rodn\u00ed z\u00e1jmy.<\/span><\/p>\n<p><a href=\"https:\/\/observateur-continental.fr\/?module=articles&amp;action=view&amp;id=7767\"><em><span dir=\"auto\">Alexandre Lemoine<\/span><\/em><\/a><\/p>\n<p>&nbsp;<\/p>\n","protected":false},"excerpt":{"rendered":"<p>Podle zpr\u00e1v z m\u00e9di\u00ed je na st\u0159edu v \u0158\u00edm\u011b napl\u00e1nov\u00e1no setk\u00e1n\u00ed ukrajinsk\u00e9ho prezidenta Volodymyra Zelensk\u00e9ho&#8230;<\/p>\n","protected":false},"author":2,"featured_media":104752,"comment_status":"closed","ping_status":"closed","sticky":false,"template":"","format":"standard","meta":[],"categories":[7],"tags":[191,1503,4097,1000],"_links":{"self":[{"href":"https:\/\/www.infokuryr.cz\/n\/wp-json\/wp\/v2\/posts\/104751"}],"collection":[{"href":"https:\/\/www.infokuryr.cz\/n\/wp-json\/wp\/v2\/posts"}],"about":[{"href":"https:\/\/www.infokuryr.cz\/n\/wp-json\/wp\/v2\/types\/post"}],"author":[{"embeddable":true,"href":"https:\/\/www.infokuryr.cz\/n\/wp-json\/wp\/v2\/users\/2"}],"replies":[{"embeddable":true,"href":"https:\/\/www.infokuryr.cz\/n\/wp-json\/wp\/v2\/comments?post=104751"}],"version-history":[{"count":0,"href":"https:\/\/www.infokuryr.cz\/n\/wp-json\/wp\/v2\/posts\/104751\/revisions"}],"wp:featuredmedia":[{"embeddable":true,"href":"https:\/\/www.infokuryr.cz\/n\/wp-json\/wp\/v2\/media\/104752"}],"wp:attachment":[{"href":"https:\/\/www.infokuryr.cz\/n\/wp-json\/wp\/v2\/media?parent=104751"}],"wp:term":[{"taxonomy":"category","embeddable":true,"href":"https:\/\/www.infokuryr.cz\/n\/wp-json\/wp\/v2\/categories?post=104751"},{"taxonomy":"post_tag","embeddable":true,"href":"https:\/\/www.infokuryr.cz\/n\/wp-json\/wp\/v2\/tags?post=104751"}],"curies":[{"name":"wp","href":"https:\/\/api.w.org\/{rel}","templated":true}]}}