{"id":104750,"date":"2026-04-17T00:35:52","date_gmt":"2026-04-16T22:35:52","guid":{"rendered":"https:\/\/www.infokuryr.cz\/n\/?p=104750"},"modified":"2026-04-16T17:42:43","modified_gmt":"2026-04-16T15:42:43","slug":"iran-varuje-pred-moznou-blokadou-rudeho-more","status":"publish","type":"post","link":"https:\/\/www.infokuryr.cz\/n\/2026\/04\/17\/iran-varuje-pred-moznou-blokadou-rudeho-more\/","title":{"rendered":"\u00cdr\u00e1n varuje p\u0159ed mo\u017enou blok\u00e1dou Rud\u00e9ho mo\u0159e"},"content":{"rendered":"<div id=\"fb-root\"><\/div>\n<p><strong><span dir=\"auto\">\u00cdr\u00e1n 15. dubna varoval, \u017ee by mohl zablokovat n\u00e1mo\u0159n\u00ed dopravu v Persk\u00e9m z\u00e1livu, Om\u00e1nsk\u00e9m mo\u0159i a Rud\u00e9m mo\u0159i, pokud bude blok\u00e1da jeho p\u0159\u00edstav\u016f ze strany Spojen\u00fdch st\u00e1t\u016f pokra\u010dovat.<\/span><\/strong><\/p>\n<p><span dir=\"auto\">Poloofici\u00e1ln\u00ed tiskov\u00e1 agentura Mehr citovala gener\u00e1lmajora Al\u00edho Abdollahiho, velitele \u00edr\u00e1nsk\u00e9ho \u00fast\u0159edn\u00edho velitelstv\u00ed Chat\u00e1m al-Anbija, kter\u00fd ve sv\u00e9m prohl\u00e1\u0161en\u00ed uvedl, \u017ee Isl\u00e1msk\u00e1 republika by mohla blokovat Persk\u00fd z\u00e1liv, Om\u00e1nsk\u00e9 mo\u0159e a Rud\u00e9 mo\u0159e, pokud americk\u00e1 blok\u00e1da bude pokra\u010dovat a \u201evytvo\u0159\u00ed nejistotu pro \u00edr\u00e1nsk\u00e9 obchodn\u00ed lod\u011b a ropn\u00e9 tankery\u201c.<\/span><\/p>\n<p><em><span dir=\"auto\">\u201ePokud agresivn\u00ed a teroristick\u00e1 Amerika bude pokra\u010dovat ve sv\u00fdch protipr\u00e1vn\u00edch akc\u00edch n\u00e1mo\u0159n\u00ed blok\u00e1dy v regionu a vytvo\u0159\u00ed nejistotu pro \u00edr\u00e1nsk\u00e9 obchodn\u00ed lod\u011b a ropn\u00e9 tankery, bude tato akce pova\u017eov\u00e1na za p\u0159edehru k poru\u0161en\u00ed p\u0159\u00edm\u011b\u0159\u00ed a mocn\u00e9 \u00edr\u00e1nsk\u00e9 ozbrojen\u00e9 s\u00edly nedovol\u00ed, aby v Persk\u00e9m z\u00e1livu, Om\u00e1nsk\u00e9m mo\u0159i a Rud\u00e9m mo\u0159i pokra\u010doval jak\u00fdkoli druh v\u00fdvozu a dovozu,\u201c uvedl velitel.<\/span><\/em><\/p>\n<p><em><span dir=\"auto\">\u201e\u00cdr\u00e1n bude jednat s plnou silou na obranu sv\u00e9 n\u00e1rodn\u00ed suverenity a z\u00e1jm\u016f,\u201c dodal.<\/span><\/em><\/p>\n<p><span dir=\"auto\">\u00cdr\u00e1n ji\u017e nyn\u00ed m\u016f\u017ee blokovat Om\u00e1nsk\u00e9 mo\u0159e ze sv\u00e9 pevniny a mohl by spolupracovat s H\u00fat\u00edy (AnsarAll\u00e1h) v Jemenu na blok\u00e1d\u011b \u00fa\u017einy Bab al-Mandeb, \u00fazk\u00e9ho bodu spojuj\u00edc\u00edho Rud\u00e9 mo\u0159e s Adensk\u00fdm z\u00e1livem a v \u0161ir\u0161\u00edm smyslu i s Indick\u00fdm oce\u00e1nem.<\/span><\/p>\n<p><span dir=\"auto\">Americk\u00e1 blok\u00e1da \u00cdr\u00e1nu, kter\u00e1 vstoupila v platnost 13. dubna, je podle \u00fast\u0159edn\u00edho velen\u00ed \u201enestrann\u011b vynucov\u00e1na v\u016f\u010di plavidl\u016fm v\u0161ech st\u00e1t\u016f, kter\u00e1 vplouvaj\u00ed do \u00edr\u00e1nsk\u00fdch p\u0159\u00edstav\u016f a \u200b\u200bpob\u0159e\u017en\u00edch oblast\u00ed nebo je vyplouvaj\u00ed, v\u010detn\u011b v\u0161ech \u00edr\u00e1nsk\u00fdch p\u0159\u00edstav\u016f v Arabsk\u00e9m a Om\u00e1nsk\u00e9m z\u00e1livu\u201c.<\/span><\/p>\n<p><span dir=\"auto\">\u201eAmerick\u00e9 s\u00edly nebudou br\u00e1nit voln\u00e9 plavb\u011b plavidel proplouvaj\u00edc\u00edch Hormuzsk\u00fdm pr\u016flivem do a z ne\u00edr\u00e1nsk\u00fdch p\u0159\u00edstav\u016f,\u201c uvedlo velen\u00ed den p\u0159ed zah\u00e1jen\u00edm blok\u00e1dy.<\/span><\/p>\n<p><span dir=\"auto\">Navzdory eskalaci agentura Reuters uvedla, \u017ee \u00cdr\u00e1n by mohl v r\u00e1mci n\u00e1vrh\u016f, kter\u00e9 p\u0159edlo\u017eil v jedn\u00e1n\u00edch s USA, zv\u00e1\u017eit povolen\u00ed voln\u00e9 plavby lod\u00ed p\u0159es om\u00e1nskou stranu Hormuzsk\u00e9ho pr\u016flivu bez rizika \u00fatoku, za p\u0159edpokladu, \u017ee bude uzav\u0159ena dohoda, kter\u00e1 zabr\u00e1n\u00ed obnoven\u00ed v\u00e1lky.<\/span><\/p>\n<p><span dir=\"auto\">Zdroj bl\u00edzk\u00fd \u00cdr\u00e1nu tiskov\u00e9 agentu\u0159e sd\u011blil, \u017ee Isl\u00e1msk\u00e1 republika by mohla b\u00fdt ochotna umo\u017enit lod\u00edm pou\u017e\u00edvat druhou stranu \u00fazk\u00e9ho pr\u016flivu v om\u00e1nsk\u00fdch vod\u00e1ch.<\/span><\/p>\n<p><span dir=\"auto\">V sou\u010dasn\u00e9 dob\u011b \u00fadajn\u011b prob\u00edhaj\u00ed snahy o prodlou\u017een\u00ed p\u0159\u00edm\u011b\u0159\u00ed mezi USA a \u00cdr\u00e1nem, kter\u00e9 m\u00e1 skon\u010dit u\u017e za t\u00fdden.<\/span><\/p>\n<p><span dir=\"auto\">Prob\u00edhaj\u00ed tak\u00e9 pr\u00e1ce na organizaci druh\u00e9ho kola rozhovor\u016f mezi ob\u011bma zem\u011bmi, p\u0159i\u010dem\u017e nejpravd\u011bpodobn\u011bj\u0161\u00edm hostitelem bude P\u00e1kist\u00e1n.<\/span><\/p>\n<p><span dir=\"auto\">USA p\u0159esto vys\u00edlaj\u00ed na Bl\u00edzk\u00fd v\u00fdchod v\u00edce ne\u017e 10 000 dal\u0161\u00edch voj\u00e1k\u016f, spolu s \u00fadernou skupinou letadlov\u00fdch lod\u00ed a oboj\u017eiveln\u00fdmi \u00fato\u010dn\u00fdmi lod\u011bmi.<\/span><\/p>\n<p><img decoding=\"async\" loading=\"lazy\" class=\"alignnone size-full wp-image-1185\" src=\"http:\/\/www.infokuryr.cz\/n\/wp-content\/uploads\/2021\/04\/kuryr-podpis.png\" alt=\"\" width=\"84\" height=\"24\" \/><\/p>\n<p>&nbsp;<\/p>\n","protected":false},"excerpt":{"rendered":"<p>\u00cdr\u00e1n 15. dubna varoval, \u017ee by mohl zablokovat n\u00e1mo\u0159n\u00ed dopravu v Persk\u00e9m z\u00e1livu, Om\u00e1nsk\u00e9m mo\u0159i&#8230;<\/p>\n","protected":false},"author":2,"featured_media":102366,"comment_status":"closed","ping_status":"closed","sticky":false,"template":"","format":"standard","meta":[],"categories":[7],"tags":[569,38,6329,1402],"_links":{"self":[{"href":"https:\/\/www.infokuryr.cz\/n\/wp-json\/wp\/v2\/posts\/104750"}],"collection":[{"href":"https:\/\/www.infokuryr.cz\/n\/wp-json\/wp\/v2\/posts"}],"about":[{"href":"https:\/\/www.infokuryr.cz\/n\/wp-json\/wp\/v2\/types\/post"}],"author":[{"embeddable":true,"href":"https:\/\/www.infokuryr.cz\/n\/wp-json\/wp\/v2\/users\/2"}],"replies":[{"embeddable":true,"href":"https:\/\/www.infokuryr.cz\/n\/wp-json\/wp\/v2\/comments?post=104750"}],"version-history":[{"count":0,"href":"https:\/\/www.infokuryr.cz\/n\/wp-json\/wp\/v2\/posts\/104750\/revisions"}],"wp:featuredmedia":[{"embeddable":true,"href":"https:\/\/www.infokuryr.cz\/n\/wp-json\/wp\/v2\/media\/102366"}],"wp:attachment":[{"href":"https:\/\/www.infokuryr.cz\/n\/wp-json\/wp\/v2\/media?parent=104750"}],"wp:term":[{"taxonomy":"category","embeddable":true,"href":"https:\/\/www.infokuryr.cz\/n\/wp-json\/wp\/v2\/categories?post=104750"},{"taxonomy":"post_tag","embeddable":true,"href":"https:\/\/www.infokuryr.cz\/n\/wp-json\/wp\/v2\/tags?post=104750"}],"curies":[{"name":"wp","href":"https:\/\/api.w.org\/{rel}","templated":true}]}}