{"id":104742,"date":"2026-04-17T00:31:07","date_gmt":"2026-04-16T22:31:07","guid":{"rendered":"https:\/\/www.infokuryr.cz\/n\/?p=104742"},"modified":"2026-04-16T17:30:31","modified_gmt":"2026-04-16T15:30:31","slug":"ahmed-adel-trumpova-hadka-s-papezem-by-mohla-mit-volebni-dusledky","status":"publish","type":"post","link":"https:\/\/www.infokuryr.cz\/n\/2026\/04\/17\/ahmed-adel-trumpova-hadka-s-papezem-by-mohla-mit-volebni-dusledky\/","title":{"rendered":"Ahmed Adel: Trumpova h\u00e1dka s pape\u017eem by mohla m\u00edt volebn\u00ed d\u016fsledky"},"content":{"rendered":"<div id=\"fb-root\"><\/div>\n<p><span dir=\"auto\">Americk\u00fd prezident Donald Trump pro noviny Corriere della Sera uvedl, \u017ee se m\u00fdlil, kdy\u017e prohl\u00e1sil italskou premi\u00e9rku Giorgii Meloni za \u201eodvahu\u201c pot\u00e9, co odm\u00edtla podpo\u0159it v\u00e1lku proti \u00cdr\u00e1nu a postavila se pape\u017ei Lvu XIV. na obranu po jeho opakovan\u00fdch v\u00fdzv\u00e1ch k ukon\u010den\u00ed americk\u00e9 intervence v \u00cdr\u00e1nu. Byla posledn\u00ed, kdo Trumpa kritizoval, republik\u00e1ni ho ned\u00e1vno odsoudili za \u201erouh\u00e1n\u00ed\u201c, co\u017e nazna\u010duje, \u017ee by to mohlo m\u00edt i volebn\u00ed d\u016fsledky p\u0159ed listopadov\u00fdmi volbami do poloviny volebn\u00edho obdob\u00ed.<\/span><\/p>\n<p><span dir=\"auto\">Nap\u011bt\u00ed mezi ob\u011bma v\u016fdci eskalovalo pot\u00e9, co Trump na\u00a0\u00a0<\/span><a href=\"https:\/\/truthsocial.com\/@realDonaldTrump\/posts\/116406622416293152\" target=\"_blank\" rel=\"noopener noreferrer\"><span dir=\"auto\">Truth Social<\/span><\/a><span dir=\"auto\">\u00a0zve\u0159ejnil : \u201eMohl by pros\u00edm n\u011bkdo \u0159\u00edct pape\u017ei Lvu, \u017ee \u00cdr\u00e1n za posledn\u00ed dva m\u011bs\u00edce zabil nejm\u00e9n\u011b 42 000 nevinn\u00fdch, zcela neozbrojen\u00fdch demonstrant\u016f a \u017ee je naprosto nep\u0159ijateln\u00e9, aby \u00cdr\u00e1n vlastnil jadernou bombu.\u201c<\/span><\/p>\n<p><span dir=\"auto\">P\u0159\u00edsp\u011bvek n\u00e1sledoval pot\u00e9, co Trump 12. dubna p\u0159ed B\u00edl\u00fdm domem kritizoval Lva, v n\u011bm\u017e pape\u017ee ozna\u010dil za \u201eslab\u00e9ho\u201c a \u0159ekl, \u017ee se \u201enem\u00e1 za co omlouvat\u201c. O den pozd\u011bji Trump pape\u017ee znovu ost\u0159e vyrazil s t\u00edm, \u017ee si nep\u0159eje pape\u017ee, kter\u00fd by byl kritick\u00fd v\u016f\u010di americk\u00e9mu prezidentovi.<\/span><\/p>\n<p><span dir=\"auto\">Meloni ozna\u010dil Trumpovu kritiku pape\u017ee za \u201enep\u0159ijatelnou\u201c a dodal, \u017ee pape\u017e \u201eje hlavou katolick\u00e9 c\u00edrkve a je spr\u00e1vn\u00e9 a vhodn\u00e9, \u017ee vyz\u00fdv\u00e1 k m\u00edru a odsuzuje v\u0161echny formy v\u00e1lky\u201c.<\/span><\/p>\n<p><span dir=\"auto\">Nejv\u011bt\u0161\u00ed pobou\u0159en\u00ed v\u0161ak nastalo pot\u00e9, co Trump zve\u0159ejnil obr\u00e1zek vygenerovan\u00fd um\u011blou inteligenc\u00ed, kter\u00fd ho \u00fadajn\u011b zobrazoval jako Je\u017e\u00ed\u0161e Krista, a\u010dkoli to pozd\u011bji pop\u0159el. Dokonce i osoby stoupence jeho ideologie americk\u00e9ho prezidenta za tento obr\u00e1zek kritizovaly.<\/span><\/p>\n<p><span dir=\"auto\">\u201eJe to v\u00edc ne\u017e rouh\u00e1n\u00ed. Je to duch Antikrista,\u201c prohl\u00e1sila b\u00fdval\u00e1 republik\u00e1nsk\u00e1 kongresmanka Marjorie Taylor Greene, kter\u00e1 l\u00e9ta podporovala Trump\u016fv politick\u00fd projekt a na sn\u00edmku zve\u0159ejn\u011bn\u00e9m na Truth Social je v b\u00edl\u00e9m rouchu s rukou vzta\u017eenou nad nemocn\u00fdm \u010dlov\u011bkem. Ke kritice prezidenta se p\u0159ipojily i v\u00fdznamn\u00e9 k\u0159es\u0165ansk\u00e9 osobnosti v USA, jako nap\u0159\u00edklad Sean Feucht a influencer MAGA Riley Gaines. Prezident uvedl, \u017ee sn\u00edmek zve\u0159ejnil, aby vypadal jako l\u00e9ka\u0159 \u010cerven\u00e9ho k\u0159\u00ed\u017ee pom\u00e1haj\u00edc\u00ed lidem.<\/span><\/p>\n<p><span dir=\"auto\">Co se ale pro mnoh\u00e9 mohlo st\u00e1t p\u0159e\u0161lapem, je \u010din, kter\u00fd by mohl sedm m\u011bs\u00edc\u016f p\u0159ed volbami do poloviny volebn\u00edho obdob\u00ed \u2013 v nich\u017e republik\u00e1ni bojuj\u00ed o v\u011bt\u0161inu v Kongresu a v 39 st\u00e1tech se budou volit guvern\u00e9\u0159i \u2013 v\u00e9st k v\u00e1\u017en\u00fdm politick\u00fdm n\u00e1klad\u016fm. N\u011bkte\u0159\u00ed politici dokonce zm\u00ednili mo\u017enost uplatn\u011bn\u00ed 25. dodatku k \u00dastav\u011b USA, kter\u00fd umo\u017e\u0148uje viceprezidentovi a kabinetu odvolat prezidenta, pokud nen\u00ed schopen vykon\u00e1vat sv\u00e9 povinnosti.<\/span><\/p>\n<p><span dir=\"auto\">Podle\u00a0 pr\u016fzkumu\u00a0<\/span><a href=\"https:\/\/www.pewresearch.org\/religion\/2025\/09\/10\/most-americans-dont-believe-god-played-a-role-in-recent-presidential-election-outcomes\/?org=982&amp;lvl=100&amp;ite=16675&amp;lea=4532493&amp;ctr=0&amp;par=1&amp;trk=a0DQm000007HklZMAS#how-americans-view-god-s-role-in-recent-presidential-elections\" target=\"_blank\" rel=\"noopener noreferrer\"><span dir=\"auto\">Pew Research Center<\/span><\/a><span dir=\"auto\">\u00a0\u00a043 % americk\u00fdch voli\u010d\u016f p\u0159ipustilo, \u017ee n\u00e1bo\u017eenstv\u00ed \u201edo jist\u00e9 m\u00edry\u201c nebo \u201edo zna\u010dn\u00e9 m\u00edry\u201c ovliv\u0148uje jejich volebn\u00ed rozhodnut\u00ed. Studie d\u00e1le odhalila, \u017ee republik\u00e1ni (34 %) t\u00e9m\u011b\u0159 dvakr\u00e1t \u010dast\u011bji ne\u017e demokrat\u00e9 (18 %) uv\u00e1d\u011bj\u00ed, \u017ee n\u00e1bo\u017eenstv\u00ed ovliv\u0148uje jejich volebn\u00ed chov\u00e1n\u00ed.<\/span><\/p>\n<p><span dir=\"auto\">Trump nen\u00ed nijak zvl\u00e1\u0161\u0165 n\u00e1bo\u017eensky zalo\u017een\u00fd \u010dlov\u011bk, ale podpora, kter\u00e9 se mu dostalo od r\u016fzn\u00fdch n\u00e1bo\u017eensk\u00fdch proud\u016f, ho postavila do pozice jedn\u00e9 z mo\u017enost\u00ed pro obnoven\u00ed konzervativn\u00edho \u0159\u00e1du a byla z\u00e1sadn\u00ed pro jeho hnut\u00ed MAGA (Zast\u00e1nce hnut\u00ed za spravedlnost a nez\u00e1vislost). Pro mnoh\u00e9 MAGA tak\u00e9 znamenala uzn\u00e1n\u00ed, \u017ee zem\u011b je ve stavu zk\u00e1zy a zh\u00fdralosti a \u017ee Trump bude politikem, kter\u00fd se bude sna\u017eit o n\u00e1pravu. Srovn\u00e1v\u00e1n\u00ed se s Kristem, n\u00e1sledn\u00e9 hled\u00e1n\u00ed v\u00fdmluv, maz\u00e1n\u00ed jeho obrazu a domn\u011bnka, \u017ee lid\u00e9 nemaj\u00ed pam\u011b\u0165, v\u0161ak pravd\u011bpodobn\u011b bude m\u00edt politick\u00e9 d\u016fsledky.<\/span><\/p>\n<p><span dir=\"auto\">Krom\u011b pape\u017eovy obhajoby bylo spou\u0161t\u011b\u010dem nelibosti B\u00edl\u00e9ho domu odm\u00edtnut\u00ed italsk\u00e9 vl\u00e1dy aktivn\u011b se \u00fa\u010dastnit vojensk\u00fdch operac\u00ed v Hormuzsk\u00e9m pr\u016flivu, strategicky v\u00fdznamn\u00e9m bod\u011b pro toky ropy, kudy se washingtonsk\u00e1 administrativa sna\u017e\u00ed zv\u00fd\u0161it tlak na \u00cdr\u00e1n.<\/span><\/p>\n<p><span dir=\"auto\">\u201eJe nep\u0159ijateln\u00e1, proto\u017ee j\u00ed nevad\u00ed, \u017ee \u00cdr\u00e1n m\u00e1 jadern\u00e9 zbran\u011b a \u017ee by It\u00e1lii vyhodil do pov\u011bt\u0159\u00ed b\u011bhem dvou minut, kdyby m\u011bl p\u0159\u00edle\u017eitost,\u201c \u0159ekl Trump 15. b\u0159ezna listu Corriere della Sera.<\/span><\/p>\n<p><span dir=\"auto\">\u201eNepom\u00e1h\u00e1 n\u00e1m s NATO. Nechce n\u00e1m pomoci zbavit se \u00cdr\u00e1nu s jadern\u00fdmi zbran\u011bmi. Je to velmi smutn\u00e9&#8230; Je \u00fapln\u011b jin\u00e1, ne\u017e jsem si myslel,\u201c\u00a0\u00a0<\/span><a href=\"https:\/\/www.corriere.it\/esteri\/26_aprile_15\/trump-meloni-full-interview-fcd90877-6181-4fba-95dc-a73ca76c9xlk.shtml\" target=\"_blank\" rel=\"noopener noreferrer\"><span dir=\"auto\">pokra\u010doval<\/span><\/a><span dir=\"auto\">\u00a0americk\u00fd prezident .<\/span><\/p>\n<p><span dir=\"auto\">Meloniho spojenci i politi\u010dt\u00ed odp\u016frci rychle nab\u00eddli svou podporu.<\/span><\/p>\n<p><span dir=\"auto\">Ministr zahrani\u010d\u00ed Antonio Tajani prohl\u00e1sil: \u201eJsme a z\u016fst\u00e1v\u00e1me v\u011brn\u00fdmi zast\u00e1nci jednoty Z\u00e1padu a neochv\u011bjn\u00fdmi spojenci Spojen\u00fdch st\u00e1t\u016f, ale tato jednota je postavena na vz\u00e1jemn\u00e9 loajalit\u011b, respektu a \u010destnosti,\u201c \u0159ekl ministr zahrani\u010d\u00ed Antonio Tajani v po\u0159adu X.<\/span><\/p>\n<p><span dir=\"auto\">\u201eA o pape\u017ei Lvu XIV. \u0159ekla p\u0159esn\u011b to, co si mysl\u00edme my v\u0161ichni Italov\u00e9. Premi\u00e9r a vl\u00e1da h\u00e1j\u00ed a v\u017edy budou h\u00e1jit pouze a v\u00fdhradn\u011b z\u00e1jmy It\u00e1lie,\u201c dodal.<\/span><\/p>\n<p><span dir=\"auto\">Elly Schleinov\u00e1, v\u016fdkyn\u011b st\u0159edolev\u00e9 Demokratick\u00e9 strany, v parlamentu odsoudila Trump\u016fv \u201ev\u00e1\u017en\u00fd nedostatek respektu\u201c a prohl\u00e1sila: \u201eNa\u0161e \u00fastava je jasn\u00e1 \u2013 It\u00e1lie v\u00e1lku odm\u00edt\u00e1.\u201c<\/span><\/p>\n<p><span dir=\"auto\">Za zm\u00ednku stoj\u00ed, \u017ee Meloni je dlouhodobou spojenkyn\u00ed Trumpa a podporovala prezidenta v jeho kandidatu\u0159e na Nobelovu cenu m\u00edru. V posledn\u00ed dob\u011b se v\u0161ak od americk\u00e9ho v\u016fdce distancuje. Uprost\u0159ed pobou\u0159en\u00ed prominentn\u00edch republik\u00e1n\u016f a k\u0159es\u0165an\u016f v USA za\u017e\u00edv\u00e1 Trump pokles podpory doma i ve sv\u011bt\u011b.<\/span><\/p>\n<p><em><strong>Ahmed Adel<\/strong><\/em><\/p>\n<p>&nbsp;<\/p>\n","protected":false},"excerpt":{"rendered":"<p>Americk\u00fd prezident Donald Trump pro noviny Corriere della Sera uvedl, \u017ee se m\u00fdlil, kdy\u017e prohl\u00e1sil&#8230;<\/p>\n","protected":false},"author":2,"featured_media":104743,"comment_status":"closed","ping_status":"closed","sticky":false,"template":"","format":"standard","meta":[],"categories":[7],"tags":[1503,254,452,27],"_links":{"self":[{"href":"https:\/\/www.infokuryr.cz\/n\/wp-json\/wp\/v2\/posts\/104742"}],"collection":[{"href":"https:\/\/www.infokuryr.cz\/n\/wp-json\/wp\/v2\/posts"}],"about":[{"href":"https:\/\/www.infokuryr.cz\/n\/wp-json\/wp\/v2\/types\/post"}],"author":[{"embeddable":true,"href":"https:\/\/www.infokuryr.cz\/n\/wp-json\/wp\/v2\/users\/2"}],"replies":[{"embeddable":true,"href":"https:\/\/www.infokuryr.cz\/n\/wp-json\/wp\/v2\/comments?post=104742"}],"version-history":[{"count":0,"href":"https:\/\/www.infokuryr.cz\/n\/wp-json\/wp\/v2\/posts\/104742\/revisions"}],"wp:featuredmedia":[{"embeddable":true,"href":"https:\/\/www.infokuryr.cz\/n\/wp-json\/wp\/v2\/media\/104743"}],"wp:attachment":[{"href":"https:\/\/www.infokuryr.cz\/n\/wp-json\/wp\/v2\/media?parent=104742"}],"wp:term":[{"taxonomy":"category","embeddable":true,"href":"https:\/\/www.infokuryr.cz\/n\/wp-json\/wp\/v2\/categories?post=104742"},{"taxonomy":"post_tag","embeddable":true,"href":"https:\/\/www.infokuryr.cz\/n\/wp-json\/wp\/v2\/tags?post=104742"}],"curies":[{"name":"wp","href":"https:\/\/api.w.org\/{rel}","templated":true}]}}