{"id":104739,"date":"2026-04-17T00:30:28","date_gmt":"2026-04-16T22:30:28","guid":{"rendered":"https:\/\/www.infokuryr.cz\/n\/?p=104739"},"modified":"2026-04-16T17:16:08","modified_gmt":"2026-04-16T15:16:08","slug":"dnes-tokeny-pro-vek-zitra-kontrola-pristupu-covid-byl-testovacim-obdobim","status":"publish","type":"post","link":"https:\/\/www.infokuryr.cz\/n\/2026\/04\/17\/dnes-tokeny-pro-vek-zitra-kontrola-pristupu-covid-byl-testovacim-obdobim\/","title":{"rendered":"Dnes tokeny pro v\u011bk \u2013 z\u00edtra kontrola p\u0159\u00edstupu: Covid byl testovac\u00edm obdob\u00edm"},"content":{"rendered":"<div id=\"fb-root\"><\/div>\n<p><span dir=\"auto\">Zaveden\u00ed\u00a0<\/span><a href=\"https:\/\/uncutnews.ch\/von-der-leyen-kuendigt-den-pass-fuer-das-internet-an-digitale-kontrolle-unter-dem-deckmantel-des-jugendschutzes\/\" target=\"_blank\" rel=\"noreferrer noopener\" data-type=\"link\" data-id=\"https:\/\/uncutnews.ch\/von-der-leyen-kuendigt-den-pass-fuer-das-internet-an-digitale-kontrolle-unter-dem-deckmantel-des-jugendschutzes\/\"><span dir=\"auto\">syst\u00e9m\u016f pro ov\u011b\u0159ov\u00e1n\u00ed digit\u00e1ln\u00edho v\u011bku<\/span><\/a><span dir=\"auto\">\u00a0v Evrop\u011b p\u0159edstavuje z\u00e1sadn\u00ed zm\u011bnu v architektu\u0159e internetu. Ofici\u00e1ln\u011b nov\u00e1 infrastruktura slou\u017e\u00ed k ochran\u011b nezletil\u00fdch. Kritici ji v\u0161ak vn\u00edmaj\u00ed jako potenci\u00e1ln\u00ed za\u010d\u00e1tek v\u00fdvoje, kter\u00fd tento \u00fa\u010del daleko p\u0159esahuje.<\/span><\/p>\n<p><span dir=\"auto\">Debata se nezam\u011b\u0159uje na sou\u010dasnou funkci syst\u00e9m\u016f, ale na jejich potenci\u00e1l. Poprv\u00e9 se vytv\u00e1\u0159\u00ed technick\u00fd z\u00e1klad, kter\u00fd umo\u017e\u0148uje systematick\u00e9 propojen\u00ed digit\u00e1ln\u00edho p\u0159\u00edstupu s ov\u011b\u0159iteln\u00fdmi p\u0159edpoklady.<\/span><\/p>\n<p><span dir=\"auto\">Pohled zp\u011bt na pandemii COVID-19 ukazuje, jak rychle lze takov\u00e9 mechanismy politicky aktivovat. B\u011bhem kr\u00e1tk\u00e9 doby byly zavedeny digit\u00e1ln\u00ed certifik\u00e1ty, kter\u00e9 ur\u010dovaly svobodu pohybu a spole\u010densk\u00e9 \u00fa\u010dasti. P\u0159\u00edstup do restaurac\u00ed, na cestov\u00e1n\u00ed nebo na akce byl v mnoha zem\u00edch mo\u017en\u00fd pouze s platn\u00fdm dokladem o o\u010dkov\u00e1n\u00ed. Co bylo d\u0159\u00edve pova\u017eov\u00e1no za nemysliteln\u00e9, se b\u011bhem n\u011bkolika m\u011bs\u00edc\u016f stalo realitou.<\/span><\/p>\n<p><span dir=\"auto\">Nov\u00e9 ov\u011b\u0159ov\u00e1n\u00ed se ve sv\u00e9m sou\u010dasn\u00e9m uplat\u0148ov\u00e1n\u00ed od t\u011bchto opat\u0159en\u00ed v\u00fdrazn\u011b li\u0161\u00ed. Je omezeno na konkr\u00e9tn\u00ed obsah a platformy a nen\u00ed zam\u00fd\u0161leno jako komplexn\u00ed kontrola. Z\u00e1kladn\u00ed logika je v\u0161ak podobn\u00e1: p\u0159\u00edstup je spojen s digit\u00e1ln\u00edm d\u016fkazem.<\/span><\/p>\n<p><span dir=\"auto\">Pr\u00e1v\u011b zde za\u010d\u00edn\u00e1 kritika. Pokud jsou velk\u00e9 platformy povinny po\u017eadovat takov\u00e9 d\u016fkazy, efektivn\u011b se vytv\u00e1\u0159\u00ed nov\u00fd n\u00e1stroj moci. Nejv\u011bt\u0161\u00ed digit\u00e1ln\u00ed prostory na\u0161\u00ed doby \u2013 soci\u00e1ln\u00ed s\u00edt\u011b, komunika\u010dn\u00ed slu\u017eby a video platformy \u2013 by se tak mohly st\u00e1t kontrolovan\u00fdmi branami, kde je \u00fa\u010dast podm\u00edn\u011bna.<\/span><\/p>\n<p><span dir=\"auto\">Takov\u00fd model by neovlivnil cel\u00fd internet, ale ovlivnil by v\u00fdznamnou \u010d\u00e1st digit\u00e1ln\u00ed ve\u0159ejn\u00e9 sf\u00e9ry. Ka\u017ed\u00fd, kdo by nebyl schopen prok\u00e1zat platn\u00fd doklad toto\u017enosti, by byl vylou\u010den z kl\u00ed\u010dov\u00fdch komunika\u010dn\u00edch platforem.<\/span><\/p>\n<p><span dir=\"auto\">Z technick\u00e9ho hlediska nen\u00ed roz\u0161i\u0159ov\u00e1n\u00ed takov\u00fdch syst\u00e9m\u016f slo\u017eit\u00fd proces. \u0158e\u0161en\u00ed digit\u00e1ln\u00ed identity jsou modul\u00e1rn\u00ed. Lze integrovat dal\u0161\u00ed ov\u011b\u0159ov\u00e1n\u00ed \u2013 a\u0165 u\u017e jde o v\u011bk, identitu nebo jin\u00e1 krit\u00e9ria. Infrastruktura je navr\u017eena tak, aby spravovala r\u016fzn\u00e9 atributy a ov\u011b\u0159ovala je podle pot\u0159eby.<\/span><\/p>\n<p><span dir=\"auto\">Kl\u00ed\u010dovou ot\u00e1zkou tedy nen\u00ed, zda je takov\u00e9 roz\u0161\u00ed\u0159en\u00ed mo\u017en\u00e9, ale za jak\u00fdch okolnost\u00ed by bylo politicky \u017e\u00e1douc\u00ed.<\/span><\/p>\n<p><span dir=\"auto\">Zku\u0161enosti s pandemi\u00ed ukazuj\u00ed, \u017ee v krizov\u00fdch situac\u00edch lze zav\u00e9st opat\u0159en\u00ed, kter\u00e1 by d\u0159\u00edve narazila na zna\u010dn\u00fd odpor. Pod tlakem v\u00fdjime\u010dn\u00fdch okolnost\u00ed se posouvaj\u00ed politick\u00e9 a soci\u00e1ln\u00ed hranice.<\/span><\/p>\n<p><span dir=\"auto\">V t\u00e9to souvislosti se objevuj\u00ed obavy, \u017ee jednor\u00e1zov\u00e9 ov\u011b\u0159ov\u00e1n\u00ed v\u011bku by se nakonec mohlo vyvinout v komplexn\u011bj\u0161\u00ed syst\u00e9m \u2013 syst\u00e9m, v n\u011bm\u017e by digit\u00e1ln\u00ed \u00fa\u010dast postupn\u011b podl\u00e9hala dal\u0161\u00edm podm\u00ednk\u00e1m.<\/span><\/p>\n<p><span dir=\"auto\">Zast\u00e1nci t\u011bchto technologi\u00ed v\u0161ak poukazuj\u00ed na jejich omezen\u00fd rozsah a st\u00e1vaj\u00edc\u00ed pr\u00e1vn\u00ed z\u00e1ruky. Ochrana \u00fadaj\u016f, omezen\u00ed \u00fa\u010delu a z\u00e1kladn\u00ed pr\u00e1va maj\u00ed zajistit, aby roz\u0161\u00ed\u0159en\u00ed nebylo snadn\u00e9.<\/span><\/p>\n<p><span dir=\"auto\">Kritici tvrd\u00ed, \u017ee jakmile je technick\u00e1 infrastruktura jednou zavedena, jen z\u0159\u00eddka se omezuje na sv\u016fj p\u016fvodn\u00ed \u00fa\u010del. Historie digit\u00e1ln\u00edch syst\u00e9m\u016f ukazuje, \u017ee k roz\u0161i\u0159ov\u00e1n\u00ed \u010dasto doch\u00e1z\u00ed postupn\u011b a je opodstatn\u011bn\u00e9 v dan\u00e9m kontextu.<\/span><\/p>\n<p><span dir=\"auto\">Debata se tak dot\u00fdk\u00e1 z\u00e1sadn\u00ed ot\u00e1zky: M\u011bn\u00ed se internet z otev\u0159en\u00e9ho prostoru na prost\u0159ed\u00ed, kde je p\u0159\u00edstup st\u00e1le v\u00edce regulovan\u00fd a podm\u00edn\u011bn\u00fd?<\/span><\/p>\n<p><strong><span dir=\"auto\">Je z\u0159ejm\u00e9, \u017ee zaveden\u00ed ov\u011b\u0159ov\u00e1n\u00ed v\u011bku zav\u00e1d\u00ed nov\u00fd standard, kter\u00fd pravd\u011bpodobn\u011b nezmiz\u00ed. Zku\u0161enosti ukazuj\u00ed, \u017ee digit\u00e1ln\u00ed infrastruktury tohoto druhu se neru\u0161\u00ed, ale sp\u00ed\u0161e roz\u0161i\u0159uj\u00ed<\/span><\/strong><span dir=\"auto\">\u00a0. To, co se dnes zav\u00e1d\u00ed jako omezen\u00fd n\u00e1stroj na ochranu nezletil\u00fdch, m\u016f\u017ee z\u00edtra slou\u017eit jako z\u00e1klad pro p\u0159\u00edsn\u011bj\u0161\u00ed po\u017eadavky na p\u0159\u00edstup. Z\u00e1sadn\u00ed v\u00fdvoj tedy nespo\u010d\u00edv\u00e1 v sou\u010dasn\u00e9 aplikaci, ale ve skute\u010dnosti, \u017ee technick\u00fd a regula\u010dn\u00ed z\u00e1klad nyn\u00ed existuje \u2013 a tedy i mo\u017enost postupn\u00e9ho propojen\u00ed digit\u00e1ln\u00ed \u00fa\u010dasti s dal\u0161\u00edmi podm\u00ednkami v budoucnu.<\/span><\/p>\n<p><img decoding=\"async\" loading=\"lazy\" class=\"alignnone size-full wp-image-1185\" src=\"http:\/\/www.infokuryr.cz\/n\/wp-content\/uploads\/2021\/04\/kuryr-podpis.png\" alt=\"\" width=\"84\" height=\"24\" \/><\/p>\n<p>&nbsp;<\/p>\n","protected":false},"excerpt":{"rendered":"<p>Zaveden\u00ed\u00a0syst\u00e9m\u016f pro ov\u011b\u0159ov\u00e1n\u00ed digit\u00e1ln\u00edho v\u011bku\u00a0v Evrop\u011b p\u0159edstavuje z\u00e1sadn\u00ed zm\u011bnu v architektu\u0159e internetu. Ofici\u00e1ln\u011b nov\u00e1 infrastruktura&#8230;<\/p>\n","protected":false},"author":2,"featured_media":104740,"comment_status":"closed","ping_status":"closed","sticky":false,"template":"","format":"standard","meta":[],"categories":[7],"tags":[647,2320,10895,48,4706],"_links":{"self":[{"href":"https:\/\/www.infokuryr.cz\/n\/wp-json\/wp\/v2\/posts\/104739"}],"collection":[{"href":"https:\/\/www.infokuryr.cz\/n\/wp-json\/wp\/v2\/posts"}],"about":[{"href":"https:\/\/www.infokuryr.cz\/n\/wp-json\/wp\/v2\/types\/post"}],"author":[{"embeddable":true,"href":"https:\/\/www.infokuryr.cz\/n\/wp-json\/wp\/v2\/users\/2"}],"replies":[{"embeddable":true,"href":"https:\/\/www.infokuryr.cz\/n\/wp-json\/wp\/v2\/comments?post=104739"}],"version-history":[{"count":0,"href":"https:\/\/www.infokuryr.cz\/n\/wp-json\/wp\/v2\/posts\/104739\/revisions"}],"wp:featuredmedia":[{"embeddable":true,"href":"https:\/\/www.infokuryr.cz\/n\/wp-json\/wp\/v2\/media\/104740"}],"wp:attachment":[{"href":"https:\/\/www.infokuryr.cz\/n\/wp-json\/wp\/v2\/media?parent=104739"}],"wp:term":[{"taxonomy":"category","embeddable":true,"href":"https:\/\/www.infokuryr.cz\/n\/wp-json\/wp\/v2\/categories?post=104739"},{"taxonomy":"post_tag","embeddable":true,"href":"https:\/\/www.infokuryr.cz\/n\/wp-json\/wp\/v2\/tags?post=104739"}],"curies":[{"name":"wp","href":"https:\/\/api.w.org\/{rel}","templated":true}]}}