{"id":104738,"date":"2026-04-17T00:28:49","date_gmt":"2026-04-16T22:28:49","guid":{"rendered":"https:\/\/www.infokuryr.cz\/n\/?p=104738"},"modified":"2026-04-16T17:14:11","modified_gmt":"2026-04-16T15:14:11","slug":"dalsi-krize-uz-byla-nacvicena-po-varovanich-pred-covidem-a-kybernetickymi-problemy-se-nyni-do-popredi-zajmu-dostava-jidlo","status":"publish","type":"post","link":"https:\/\/www.infokuryr.cz\/n\/2026\/04\/17\/dalsi-krize-uz-byla-nacvicena-po-varovanich-pred-covidem-a-kybernetickymi-problemy-se-nyni-do-popredi-zajmu-dostava-jidlo\/","title":{"rendered":"Dal\u0161\u00ed krize u\u017e byla nacvi\u010dena: Po varov\u00e1n\u00edch p\u0159ed covidem a kybernetick\u00fdmi probl\u00e9my se nyn\u00ed do pop\u0159ed\u00ed z\u00e1jmu dost\u00e1v\u00e1 j\u00eddlo"},"content":{"rendered":"<div id=\"fb-root\"><\/div>\n<div class=\"elementor-element elementor-element-1fb4c2c elementor-widget elementor-widget-theme-post-content\" data-id=\"1fb4c2c\" data-element_type=\"widget\" data-e-type=\"widget\" data-widget_type=\"theme-post-content.default\">\n<div class=\"elementor-widget-container\">\n<p><strong><span dir=\"auto\">Dal\u0161\u00ed krize je ji\u017e naps\u00e1na: Po pandemi\u00edch a kybernetick\u00fdch varov\u00e1n\u00edch se do centra pozornosti dost\u00e1v\u00e1 j\u00eddlo.<\/span><\/strong><\/p>\n<p><span dir=\"auto\">To, co se jev\u00ed jako s\u00e9rie ne\u0161\u0165astn\u00fdch ud\u00e1lost\u00ed, p\u0159i bli\u017e\u0161\u00edm zkoum\u00e1n\u00ed odhaluje n\u00e1padn\u00fd vzorec: nejprve pandemie, pot\u00e9 s\u00edl\u00edc\u00ed varov\u00e1n\u00ed p\u0159ed glob\u00e1ln\u00edmi kybernetick\u00fdmi \u00fatoky \u2013 a nyn\u00ed se n\u00e1hle v centru pozornosti objevila nov\u00e1 hrozba: celosv\u011btov\u00e1 potravinov\u00e1 krize.<\/span><\/p>\n<p><span dir=\"auto\">Zpr\u00e1va Sv\u011btov\u00e9ho fondu na ochranu p\u0159\u00edrody se \u010dte jako letm\u00fd pohled do sc\u00e9n\u00e1\u0159e napsan\u00e9ho p\u0159ed d\u00e1vn\u00fdmi \u010dasy. Zpr\u00e1va s n\u00e1zvem \u201ePotravinov\u00e1 \u0159et\u011bzov\u00e1 reakce\u201c simulovala glob\u00e1ln\u00ed krizi o n\u011bkolik let d\u0159\u00edve, v n\u00ed\u017e do\u0161lo p\u0159esn\u011b k tomu, o \u010dem se dnes st\u00e1le \u010dast\u011bji diskutuje: ne\u00faroda, prudce rostouc\u00ed ceny, obchodn\u00ed konflikty a soci\u00e1ln\u00ed nepokoje.<\/span><\/p>\n<p><span dir=\"auto\">Simulace zobrazuje sc\u00e9n\u00e1\u0159, ve kter\u00e9m se sou\u010dasn\u011b prol\u00edn\u00e1 n\u011bkolik kriz\u00ed \u2013 klimatick\u00e1, politick\u00e1, tr\u017en\u00ed \u2013 a vz\u00e1jemn\u011b se posiluj\u00ed. St\u00e1ty reaguj\u00ed p\u0159\u00edli\u0161 pozd\u011b, sobecky si zaji\u0161\u0165uj\u00ed vlastn\u00ed z\u00e1soby, zastavuj\u00ed v\u00fdvoz a t\u00edm posouvaj\u00ed glob\u00e1ln\u00ed situaci d\u00e1le na pokraj. Potraviny se st\u00e1vaj\u00ed strategick\u00fdm vyjedn\u00e1vac\u00edm argumentem. Hlad se st\u00e1v\u00e1 geopolitickou zbran\u00ed.<\/span><\/p>\n<p><span dir=\"auto\">To, co bylo tehdy prezentov\u00e1no jako teoretick\u00e1 simulace, se dnes \u010dte jako pl\u00e1n.<\/span><\/p>\n<p><span dir=\"auto\">Obzvl\u00e1\u0161t\u011b pozoruhodn\u00e1 je z\u00e1kladn\u00ed logika: krize se nevyskytuj\u00ed izolovan\u011b, ale ve vln\u00e1ch \u2013 a ka\u017ed\u00e1 nov\u00e1 krize roz\u0161i\u0159uje prostor pro politick\u00e9 intervence. Zat\u00edmco pandemie legitimizovala masivn\u00ed omezen\u00ed svobody pohybu a ekonomiky, kybernetick\u00e9 hrozby se st\u00e1le \u010dast\u011bji pou\u017e\u00edvaj\u00ed k roz\u0161\u00ed\u0159en\u00ed digit\u00e1ln\u00ed kontroly a bezpe\u010dnostn\u00edch struktur.<\/span><\/p>\n<p><span dir=\"auto\">A te\u010f p\u0159ich\u00e1z\u00ed na \u0159adu dal\u0161\u00ed p\u00e1ka: nab\u00eddka.<\/span><\/p>\n<p><span dir=\"auto\">Proto\u017ee potravinov\u00e1 krize nepostihuje jen jednotliv\u00e1 odv\u011btv\u00ed \u2013 postihuje v\u0161echny. Je bezprost\u0159edn\u011bj\u0161\u00ed, existencion\u00e1ln\u011bj\u0161\u00ed a h\u016f\u0159e se j\u00ed vyhne ne\u017e jak\u00e9koli jin\u00e9 krizi. Pr\u00e1v\u011b to ji d\u011bl\u00e1 tak dopadovou.<\/span><\/p>\n<p><span dir=\"auto\">Reakce popsan\u00e9 ve zpr\u00e1v\u011b WWF to odr\u00e1\u017eej\u00ed: siln\u011bj\u0161\u00ed regulace, mezin\u00e1rodn\u00ed koordinace, intervence na trhu a nov\u00e9 kontroln\u00ed mechanismy. Opat\u0159en\u00ed, kter\u00e1 by byla za norm\u00e1ln\u00edch \u010das\u016f obt\u00ed\u017en\u011b provediteln\u00e1, se v krizov\u00fdch podm\u00ednk\u00e1ch najednou jev\u00ed jako jedin\u00e1 mo\u017enost.<\/span><\/p>\n<p><span dir=\"auto\">Kritici to nepova\u017euj\u00ed za produkt n\u00e1hody, ale za v\u00fdvoj s jasn\u00fdm sm\u011brem: Od zdravotn\u00ed krize p\u0159es digit\u00e1ln\u00ed hrozbu a\u017e po situaci v oblasti z\u00e1sobov\u00e1n\u00ed se formuje syst\u00e9m, v n\u011bm\u017e ka\u017ed\u00e1 nov\u00e1 krize slou\u017e\u00ed jako ospravedln\u011bn\u00ed pro centralizovan\u011bj\u0161\u00ed kontrolu.<\/span><\/p>\n<p><span dir=\"auto\">Zda je tento v\u00fdvoj skute\u010dn\u011b pl\u00e1novan\u00fd, nebo pouze d\u016fsledkem st\u00e1le k\u0159eh\u010d\u00edho glob\u00e1ln\u00edho syst\u00e9mu, je p\u0159edm\u011btem debaty. Nepopirateln\u00e9 v\u0161ak je, \u017ee varov\u00e1n\u00ed p\u0159ed hroz\u00edc\u00ed potravinovou kriz\u00ed nar\u016fstaj\u00ed.<\/span><\/p>\n<p><span dir=\"auto\">A ty se neobjevuj\u00ed z ni\u010deho nic.<\/span><\/p>\n<p><span dir=\"auto\">Kl\u00ed\u010dov\u00e9 proto nespo\u010d\u00edv\u00e1 ani tak v tom, zda k takov\u00e9 krizi m\u016f\u017ee doj\u00edt \u2013 ale sp\u00ed\u0161e v tom, jak se s n\u00ed vypo\u0159\u00e1dat. Pokud toti\u017e minulost n\u011bco uk\u00e1zala, pak je to toto: krize nejen m\u011bn\u00ed sv\u011bt. M\u011bn\u00ed pravidla, podle kter\u00fdch funguje.<\/span><\/p>\n<p><strong><span dir=\"auto\">Zdroje:<\/span><\/strong><\/p>\n<p><span style=\"font-size: 10pt;\"><a href=\"https:\/\/www.cna.org\/analyses\/2015\/food-chain-reaction-global-food-security-game\" target=\"_blank\" rel=\"noreferrer noopener\" data-type=\"link\" data-id=\"https:\/\/www.cna.org\/analyses\/2015\/food-chain-reaction-global-food-security-game\"><span dir=\"auto\">Reakce potravinov\u00e9ho \u0159et\u011bzce \u2013 glob\u00e1ln\u00ed hra o potravinov\u00e9 bezpe\u010dnosti<\/span><\/a><\/span><\/p>\n<p><span style=\"font-size: 10pt;\"><a href=\"https:\/\/wwf.fi\/app\/uploads\/3\/z\/d\/yu2nq30bxphq940a92flr8\/240429_report-profundo-wwf_final.pdf\" target=\"_blank\" rel=\"noreferrer noopener\" data-type=\"link\" data-id=\"https:\/\/wwf.fi\/app\/uploads\/3\/z\/d\/yu2nq30bxphq940a92flr8\/240429_report-profundo-wwf_final.pdf\"><span dir=\"auto\">Dopad potravin na klima, lesy, p\u016fdu, vodu a vzduch<\/span><\/a><\/span><\/p>\n<p><span style=\"font-size: 10pt;\"><a href=\"https:\/\/wwfint.awsassets.panda.org\/downloads\/solving-the-great-food-puzzle-wwf-2024.pdf\" target=\"_blank\" rel=\"noreferrer noopener\" data-type=\"link\" data-id=\"https:\/\/wwfint.awsassets.panda.org\/downloads\/solving-the-great-food-puzzle-wwf-2024.pdf\"><span dir=\"auto\">\u0158E\u0160EN\u00cd SKV\u011aL\u00c9 J\u00cdDELN\u00cd H\u00c1DANKY:<\/span><\/a><\/span><\/p>\n<p><span style=\"font-size: 10pt;\"><a href=\"https:\/\/files.worldwildlife.org\/wwfcmsprod\/files\/Publication\/file\/676trii9ow_food_chain_reaction_findings.pdf\" target=\"_blank\" rel=\"noreferrer noopener\" data-type=\"link\" data-id=\"https:\/\/files.worldwildlife.org\/wwfcmsprod\/files\/Publication\/file\/676trii9ow_food_chain_reaction_findings.pdf\"><span dir=\"auto\">KLIMA, KONFLIKT A GLOB\u00c1LN\u00cd POTRAVINOV\u00c9 SYST\u00c9MY<\/span><\/a><\/span><\/p>\n<\/div>\n<\/div>\n<div class=\"elementor-element elementor-element-8c57238 quelle dc-has-condition dc-condition-empty elementor-widget elementor-widget-heading\" data-id=\"8c57238\" data-element_type=\"widget\" data-e-type=\"widget\" data-widget_type=\"heading.default\">\n<div class=\"elementor-widget-container\">\n<h3 class=\"elementor-heading-title elementor-size-default\"><span style=\"font-size: 10pt;\"><a href=\"https:\/\/files.worldwildlife.org\/wwfcmsprod\/files\/Publication\/file\/676trii9ow_food_chain_reaction_findings.pdf\" target=\"_blank\" rel=\"nofollow noopener\"><span dir=\"auto\">Zdroj: KLIMA, KONFLIKT A GLOB\u00c1LN\u00cd POTRAVINOV\u00c9 SYST\u00c9MY<\/span><\/a><\/span><\/h3>\n<p>&nbsp;<\/p>\n<\/div>\n<\/div>\n","protected":false},"excerpt":{"rendered":"<p>Dal\u0161\u00ed krize je ji\u017e naps\u00e1na: Po pandemi\u00edch a kybernetick\u00fdch varov\u00e1n\u00edch se do centra pozornosti dost\u00e1v\u00e1&#8230;<\/p>\n","protected":false},"author":2,"featured_media":59446,"comment_status":"closed","ping_status":"closed","sticky":false,"template":"","format":"standard","meta":[],"categories":[7],"tags":[1941,371,750,276],"_links":{"self":[{"href":"https:\/\/www.infokuryr.cz\/n\/wp-json\/wp\/v2\/posts\/104738"}],"collection":[{"href":"https:\/\/www.infokuryr.cz\/n\/wp-json\/wp\/v2\/posts"}],"about":[{"href":"https:\/\/www.infokuryr.cz\/n\/wp-json\/wp\/v2\/types\/post"}],"author":[{"embeddable":true,"href":"https:\/\/www.infokuryr.cz\/n\/wp-json\/wp\/v2\/users\/2"}],"replies":[{"embeddable":true,"href":"https:\/\/www.infokuryr.cz\/n\/wp-json\/wp\/v2\/comments?post=104738"}],"version-history":[{"count":0,"href":"https:\/\/www.infokuryr.cz\/n\/wp-json\/wp\/v2\/posts\/104738\/revisions"}],"wp:featuredmedia":[{"embeddable":true,"href":"https:\/\/www.infokuryr.cz\/n\/wp-json\/wp\/v2\/media\/59446"}],"wp:attachment":[{"href":"https:\/\/www.infokuryr.cz\/n\/wp-json\/wp\/v2\/media?parent=104738"}],"wp:term":[{"taxonomy":"category","embeddable":true,"href":"https:\/\/www.infokuryr.cz\/n\/wp-json\/wp\/v2\/categories?post=104738"},{"taxonomy":"post_tag","embeddable":true,"href":"https:\/\/www.infokuryr.cz\/n\/wp-json\/wp\/v2\/tags?post=104738"}],"curies":[{"name":"wp","href":"https:\/\/api.w.org\/{rel}","templated":true}]}}