{"id":104735,"date":"2026-04-17T00:26:37","date_gmt":"2026-04-16T22:26:37","guid":{"rendered":"https:\/\/www.infokuryr.cz\/n\/?p=104735"},"modified":"2026-04-16T17:09:12","modified_gmt":"2026-04-16T15:09:12","slug":"trumpuv-novy-obraz-sebe-sama-jako-pracovnika-cerveneho-krize","status":"publish","type":"post","link":"https:\/\/www.infokuryr.cz\/n\/2026\/04\/17\/trumpuv-novy-obraz-sebe-sama-jako-pracovnika-cerveneho-krize\/","title":{"rendered":"Trump\u016fv nov\u00fd obraz sebe sama jako \u201epracovn\u00edka \u010cerven\u00e9ho k\u0159\u00ed\u017ee\u201c"},"content":{"rendered":"<div id=\"fb-root\"><\/div>\n<p><strong><span dir=\"auto\">V ned\u011bli\u00a0<\/span><\/strong><span dir=\"auto\"><strong>ve\u010der 12. dubna 2026 zve\u0159ejnil\u00a0<\/strong><strong>americk\u00fd prezident Donald Trump\u00a0<\/strong><strong>na soci\u00e1ln\u00ed s\u00edti Truth Social obr\u00e1zek sebe sama jako Je\u017e\u00ed\u0161e Krista, jak uzdravuje nemocn\u00e9ho. Zd\u00e1 se, \u017ee to posunulo evangelik\u00e1ln\u00ed n\u00e1bo\u017eensk\u00fd klam, kter\u00fd doposud vn\u00edmal Trumpa jako Je\u017e\u00ed\u0161ova z\u00e1stupce, jeho\u017e \u00fakolem je porazit s\u00edly zla na Zemi a p\u0159ipravit tak t\u011blesn\u00fd n\u00e1vrat Je\u017e\u00ed\u0161e Krista, na novou \u00farove\u0148.<\/strong><\/span><\/p>\n<p><em><a href=\"https:\/\/fassadenkratzer.de\/wp-content\/uploads\/2026\/04\/373fe079c3_snimok-jekrana-2026-04-13-094743.webp\"><img decoding=\"async\" loading=\"lazy\" class=\"aligncenter wp-image-19410 \" src=\"https:\/\/fassadenkratzer.de\/wp-content\/uploads\/2026\/04\/373fe079c3_snimok-jekrana-2026-04-13-094743.webp?w=840\" sizes=\"(max-width: 709px) 85vw, (max-width: 909px) 67vw, (max-width: 1362px) 62vw, 840px\" srcset=\"https:\/\/fassadenkratzer.de\/wp-content\/uploads\/2026\/04\/373fe079c3_snimok-jekrana-2026-04-13-094743.webp?w=840 840w, https:\/\/fassadenkratzer.de\/wp-content\/uploads\/2026\/04\/373fe079c3_snimok-jekrana-2026-04-13-094743.webp?w=150 150w, https:\/\/fassadenkratzer.de\/wp-content\/uploads\/2026\/04\/373fe079c3_snimok-jekrana-2026-04-13-094743.webp?w=300 300w, https:\/\/fassadenkratzer.de\/wp-content\/uploads\/2026\/04\/373fe079c3_snimok-jekrana-2026-04-13-094743.webp?w=768 768w, https:\/\/fassadenkratzer.de\/wp-content\/uploads\/2026\/04\/373fe079c3_snimok-jekrana-2026-04-13-094743.webp?w=1024 1024w, https:\/\/fassadenkratzer.de\/wp-content\/uploads\/2026\/04\/373fe079c3_snimok-jekrana-2026-04-13-094743.webp 1181w\" alt=\"\" width=\"613\" height=\"497\" data-attachment-id=\"19410\" data-permalink=\"https:\/\/fassadenkratzer.de\/2026\/04\/14\/trumps-neues-bild-von-sich-als-mitarbeiter-des-roten-kreuzes\/373fe079c3_snimok-jekrana-2026-04-13-094743\/\" data-orig-file=\"https:\/\/fassadenkratzer.de\/wp-content\/uploads\/2026\/04\/373fe079c3_snimok-jekrana-2026-04-13-094743.webp\" data-orig-size=\"1181,958\" data-comments-opened=\"0\" data-image-meta=\"{&quot;aperture&quot;:&quot;0&quot;,&quot;credit&quot;:&quot;&quot;,&quot;camera&quot;:&quot;&quot;,&quot;caption&quot;:&quot;&quot;,&quot;created_timestamp&quot;:&quot;0&quot;,&quot;copyright&quot;:&quot;&quot;,&quot;focal_length&quot;:&quot;0&quot;,&quot;iso&quot;:&quot;0&quot;,&quot;shutter_speed&quot;:&quot;0&quot;,&quot;title&quot;:&quot;&quot;,&quot;orientation&quot;:&quot;0&quot;,&quot;alt&quot;:&quot;&quot;}\" data-image-title=\"373fe079c3_snimok-jekrana-2026-04-13-094743\" data-image-description=\"\" data-image-caption=\"\" data-large-file=\"https:\/\/fassadenkratzer.de\/wp-content\/uploads\/2026\/04\/373fe079c3_snimok-jekrana-2026-04-13-094743.webp?w=840\" \/><\/a><span dir=\"auto\">P\u0159evzato z de.topwar.ru.<\/span><br \/>\n<\/em><em><span dir=\"auto\">Cel\u00fd obr\u00e1zek naleznete na\u00a0<\/span><\/em><a href=\"https:\/\/t.me\/Middle_East_Spectator\/30943\"><span dir=\"auto\">https:\/\/t.me Middle_East_Spectator\/30943<\/span><\/a><\/p>\n<p><span dir=\"auto\">Podle tiskov\u00fdch zpr\u00e1v v\u0161ak tomuto obr\u00e1zku p\u0159edch\u00e1zela kritika pape\u017ee Lva XIV. vojensk\u00fdch kampan\u00ed Trumpovy administrativy v \u00cdr\u00e1nu a Venezuele jako \u201eiluze v\u0161emohoucnosti\u201c a Trump n\u00e1sledn\u011b vyzval pape\u017ee, aby \u201ep\u0159estal podb\u00edzet se radik\u00e1ln\u00ed levici\u201c a soust\u0159edil se na to, \u201eb\u00fdt velk\u00fdm pape\u017eem, ne politikem\u201c.<\/span><\/p>\n<p><span dir=\"auto\">Je ale tak\u00e9 nepravd\u011bpodobn\u00e9, \u017ee by Trump myslel tento obr\u00e1zek pouze jako provokaci proti pape\u017ei a ne v\u00e1\u017en\u011b. Je p\u0159\u00edli\u0161 hluboce zako\u0159en\u011bn ve fanatick\u00e9m, apokalyptick\u00e9m sv\u011bton\u00e1zoru americk\u00fdch evangelik\u00e1l\u016f, kte\u0159\u00ed se mu dvo\u0159\u00ed. Hermann Ploppa ji\u017e publikoval obr\u00e1zek z t\u00e9to sc\u00e9ny ve sv\u00e9m\u00a0<\/span><a href=\"https:\/\/fassadenkratzer.de\/2026\/03\/26\/apokalyptischer-fanatismus-treibt-die-us-kriegsmaschine-gegen-den-iran\/\"><span dir=\"auto\">\u010dl\u00e1nku<\/span><\/a><span dir=\"auto\">\u00a0z 26. b\u0159ezna 2026, kde Trumpa zobrazuje jako agenta Je\u017e\u00ed\u0161e Krista:<\/span><\/p>\n<p><a href=\"https:\/\/fassadenkratzer.de\/wp-content\/uploads\/2026\/03\/mqdefault.jpg\"><img decoding=\"async\" loading=\"lazy\" class=\"aligncenter wp-image-19293\" src=\"https:\/\/fassadenkratzer.de\/wp-content\/uploads\/2026\/03\/mqdefault.jpg\" sizes=\"(max-width: 450px) 85vw, 450px\" srcset=\"https:\/\/fassadenkratzer.de\/wp-content\/uploads\/2026\/03\/mqdefault.jpg 320w, https:\/\/fassadenkratzer.de\/wp-content\/uploads\/2026\/03\/mqdefault.jpg?w=150&amp;h=84 150w, https:\/\/fassadenkratzer.de\/wp-content\/uploads\/2026\/03\/mqdefault.jpg?w=300&amp;h=169 300w\" alt=\"\" width=\"624\" height=\"351\" data-attachment-id=\"19293\" data-permalink=\"https:\/\/fassadenkratzer.de\/2026\/03\/26\/apokalyptischer-fanatismus-treibt-die-us-kriegsmaschine-gegen-den-iran\/mqdefault\/\" data-orig-file=\"https:\/\/fassadenkratzer.de\/wp-content\/uploads\/2026\/03\/mqdefault.jpg\" data-orig-size=\"320,180\" data-comments-opened=\"0\" data-image-meta=\"{&quot;aperture&quot;:&quot;0&quot;,&quot;credit&quot;:&quot;&quot;,&quot;camera&quot;:&quot;&quot;,&quot;caption&quot;:&quot;&quot;,&quot;created_timestamp&quot;:&quot;0&quot;,&quot;copyright&quot;:&quot;&quot;,&quot;focal_length&quot;:&quot;0&quot;,&quot;iso&quot;:&quot;0&quot;,&quot;shutter_speed&quot;:&quot;0&quot;,&quot;title&quot;:&quot;&quot;,&quot;orientation&quot;:&quot;0&quot;}\" data-image-title=\"mqdefault\" data-image-description=\"\" data-image-caption=\"\" data-large-file=\"https:\/\/fassadenkratzer.de\/wp-content\/uploads\/2026\/03\/mqdefault.jpg?w=320\" \/><\/a><em><span dir=\"auto\">(Obr\u00e1zek: Shutterstock AI)<\/span><\/em><\/p>\n<p><span dir=\"auto\">Nov\u00fd obr\u00e1zek v\u00fd\u0161e, na kter\u00e9m je samotn\u00fd Trump, p\u0159edstavuje v\u00fdznamnou eskalaci. Pot\u00e9, co na soci\u00e1ln\u00edch s\u00edt\u00edch vypukla masivn\u00ed kritika proti n\u011bmu, se Trump pokusil zleh\u010dit sv\u016fj autoportr\u00e9t jako Je\u017e\u00ed\u0161e.\u00a0<\/span><em><span dir=\"auto\">\u201eZve\u0159ejnil jsem ho a myslel jsem si, \u017ee jsem na n\u011bm jako l\u00e9ka\u0159<\/span><\/em><span dir=\"auto\">\u00a0,\u201c \u0159ekl \u00fadajn\u011b novin\u00e1\u0159\u016fm v B\u00edl\u00e9m dom\u011b, uv\u00e1d\u00ed Der\u00a0<\/span><a href=\"https:\/\/www.spiegel.de\/ausland\/donald-trump-us-praesident-zieht-jesus-post-nach-kritik-zurueck-a-8eecf9e6-e25c-4457-b85f-8749cbe81c60\"><span dir=\"auto\">Spiegel<\/span><\/a><span dir=\"auto\">\u00a0. P\u0159edpokl\u00e1dal, \u017ee je vykreslov\u00e1n jako \u201epracovn\u00edk \u010cerven\u00e9ho k\u0159\u00ed\u017ee\u201c.<\/span><\/p>\n<p><span dir=\"auto\">Vzhledem k jednozna\u010dn\u00e9 povaze obrazu to m\u016f\u017ee vyvolat jen unaven\u00fd \u00fasm\u011bv. Koneckonc\u016f, l\u017ei mu z \u00fast te\u010dou prakticky ze zvyku. Na\u0161t\u011bst\u00ed si mnoho lid\u00ed st\u00e1le uv\u011bdomuje nesm\u00edrn\u00e9 rouh\u00e1n\u00ed, kdy\u017e se primitivn\u00ed, v\u00e1le\u010dnick\u00fd a n\u00e1siln\u00fd jedinec, z jeho\u017e \u00fast se l\u017ei neust\u00e1le linou po cel\u00e9m sv\u011bt\u011b, aby manipulovaly s v\u011bdom\u00edm lid\u00ed, prezentuje jako Je\u017e\u00ed\u0161 Kristus, z jeho\u017e \u00fast nikdy nevy\u0161la \u017e\u00e1dn\u00e1 le\u017e, kter\u00fd byl samotnou pravdou a p\u0159edstavitelem absolutn\u00edho nen\u00e1sil\u00ed.<\/span><br \/>\n<span dir=\"auto\">Obraz je v prav\u00e9m slova smyslu satansk\u00fd v\u00fdmysl. \u0158\u00edk\u00e1 se, \u017ee ho u\u017e vymazal. Ale u mnoha naivn\u00edch lid\u00ed z\u016fstane dojem.<\/span><\/p>\n<p><span dir=\"auto\">Bez zv\u00e1\u017een\u00ed reality duchovn\u00edch protik\u0159es\u0165ansk\u00fdch sil zla, kter\u00e9 p\u016fsob\u00ed zde v lidech a skrze lidi, nelze tyto z\u00e1le\u017eitosti pochopit v jejich velk\u00e9m v\u00fdznamu a nebezpe\u010d\u00ed.<\/span><\/p>\n<p><span dir=\"auto\">\u010clov\u011bk se m\u016f\u017ee jen divit, jak\u00e9 dal\u0161\u00ed zv\u00fd\u0161en\u00ed satansk\u00e9 moci je zde mo\u017en\u00e9.<\/span><\/p>\n<p><span style=\"font-size: 10pt;\"><a href=\"https:\/\/fassadenkratzer.de\/2026\/04\/14\/trumps-neues-bild-von-sich-als-mitarbeiter-des-roten-kreuzes\/#more-19408\">ZDROJ<\/a><\/span><\/p>\n<p>&nbsp;<\/p>\n","protected":false},"excerpt":{"rendered":"<p>V ned\u011bli\u00a0ve\u010der 12. dubna 2026 zve\u0159ejnil\u00a0americk\u00fd prezident Donald Trump\u00a0na soci\u00e1ln\u00ed s\u00edti Truth Social obr\u00e1zek sebe&#8230;<\/p>\n","protected":false},"author":2,"featured_media":104736,"comment_status":"closed","ping_status":"closed","sticky":false,"template":"","format":"standard","meta":[],"categories":[7],"tags":[1003,10894,452],"_links":{"self":[{"href":"https:\/\/www.infokuryr.cz\/n\/wp-json\/wp\/v2\/posts\/104735"}],"collection":[{"href":"https:\/\/www.infokuryr.cz\/n\/wp-json\/wp\/v2\/posts"}],"about":[{"href":"https:\/\/www.infokuryr.cz\/n\/wp-json\/wp\/v2\/types\/post"}],"author":[{"embeddable":true,"href":"https:\/\/www.infokuryr.cz\/n\/wp-json\/wp\/v2\/users\/2"}],"replies":[{"embeddable":true,"href":"https:\/\/www.infokuryr.cz\/n\/wp-json\/wp\/v2\/comments?post=104735"}],"version-history":[{"count":0,"href":"https:\/\/www.infokuryr.cz\/n\/wp-json\/wp\/v2\/posts\/104735\/revisions"}],"wp:featuredmedia":[{"embeddable":true,"href":"https:\/\/www.infokuryr.cz\/n\/wp-json\/wp\/v2\/media\/104736"}],"wp:attachment":[{"href":"https:\/\/www.infokuryr.cz\/n\/wp-json\/wp\/v2\/media?parent=104735"}],"wp:term":[{"taxonomy":"category","embeddable":true,"href":"https:\/\/www.infokuryr.cz\/n\/wp-json\/wp\/v2\/categories?post=104735"},{"taxonomy":"post_tag","embeddable":true,"href":"https:\/\/www.infokuryr.cz\/n\/wp-json\/wp\/v2\/tags?post=104735"}],"curies":[{"name":"wp","href":"https:\/\/api.w.org\/{rel}","templated":true}]}}