{"id":104729,"date":"2026-04-17T00:19:42","date_gmt":"2026-04-16T22:19:42","guid":{"rendered":"https:\/\/www.infokuryr.cz\/n\/?p=104729"},"modified":"2026-04-16T12:48:01","modified_gmt":"2026-04-16T10:48:01","slug":"jana-kunstekova-nikoli-mym-jmenem-macinko","status":"publish","type":"post","link":"https:\/\/www.infokuryr.cz\/n\/2026\/04\/17\/jana-kunstekova-nikoli-mym-jmenem-macinko\/","title":{"rendered":"Jana Kun\u0161tekov\u00e1: Nikoli m\u00fdm jm\u00e9nem, Macinko!!!"},"content":{"rendered":"<div id=\"fb-root\"><\/div>\n<p><strong>Ve stejn\u00fd den, kdy se italsk\u00e1 vl\u00e1da se rozhodla pozastavit automatick\u00e9 obnoven\u00ed dohody o obrann\u00e9 spolupr\u00e1ci s Izraelem, jak uvedla v \u00fater\u00fd premi\u00e9rka Giorgia Meloniov\u00e1 s odkazem na konflikty na Bl\u00edzk\u00e9m v\u00fdchod\u011b, jel n\u00e1\u0161 ministr zahrani\u010d\u00ed uji\u0161\u0165ovat Izrael o na\u0161\u00ed nehynouc\u00ed podpo\u0159e v\u0161ech jeho zv\u011brstev.<\/strong><\/p>\n<p>Meloniov\u00e9 pravicov\u00e1 vl\u00e1da byla jedn\u00edm z nejbli\u017e\u0161\u00edch spojenc\u016f Izraele v Evrop\u011b, ale v posledn\u00edch t\u00fddnech kritizovala izraelsk\u00e9 \u00fatoky na Libanon. Mezi zasa\u017een\u00fdmi jsou i ital\u0161t\u00ed voj\u00e1ci slou\u017e\u00edc\u00ed tam na z\u00e1klad\u011b mand\u00e1tu OSN.<\/p>\n<p>\u201eVzhledem k sou\u010dasn\u00e9 situaci se vl\u00e1da rozhodla pozastavit automatick\u00e9 obnoven\u00ed obrann\u00e9 dohody s Izraelem,\u201c citovaly Meloniovou italsk\u00e9 tiskov\u00e9 agentury ve Veron\u011b v severn\u00ed It\u00e1lii.<\/p>\n<p>Zdroj z ministerstva obrany uvedl, \u017ee jedn\u00edm z d\u016fsledk\u016f je, \u017ee It\u00e1lie ji\u017e nebude s Izraelem spolupracovat na vojensk\u00e9m v\u00fdcviku.<\/p>\n<p>Meloniov\u00e1 toto rozhodnut\u00ed u\u010dinila v pond\u011bl\u00ed se sv\u00fdmi ministry zahrani\u010d\u00ed a obrany Antoniem Tajanim a Guidem Crosettem, jako\u017e i s m\u00edstop\u0159edsedou vl\u00e1dy Matteem Salvinim, uvedl zdroj, kter\u00fd si p\u0159\u00e1l z\u016fstat v anonymit\u011b.<\/p>\n<p>Mluv\u010d\u00ed izraelsk\u00e9ho ministerstva zahrani\u010d\u00ed na \u017e\u00e1dost agentury Reuters o koment\u00e1\u0159 bezprost\u0159edn\u011b nereagoval. (Tolik Al Monitor)<\/p>\n<p>U\u017e p\u0159edt\u00edm si Meloniov\u00e1 dovolila moc \u2013 kritizovala toti\u017e vt\u011blen\u00e9ho Bo\u017e\u00edho pomazance Trumpa. Trump prohl\u00e1sil, \u017ee se v\u00a0italsk\u00e9 premi\u00e9rce Giorgii Meloniov\u00e9 \u201em\u00fdlil\u201c pot\u00e9, co se zastala pape\u017ee Lva XIV. S\u00a0t\u00edm se prezident dostal do sporu kv\u016fli jeho v\u00fdrok\u016fm o\u00a0mezin\u00e1rodn\u00ed situaci a\u00a0\u00cdr\u00e1nu. Italsk\u00e1 premi\u00e9rka ozna\u010dila Trumpovy v\u00fdroky o\u00a0pape\u017ei za nep\u0159ijateln\u00e9, co\u017e americk\u00fd prezident odm\u00edtl a\u00a0prohl\u00e1sil, \u017ee \u201enep\u0159ijateln\u00e1\u201c je ona.<\/p>\n<p><strong>\u201eTo ona je nep\u0159ijateln\u00e1, proto\u017ee j\u00ed je jedno, jestli m\u00e1 \u00cdr\u00e1n jadernou zbra\u0148 a\u00a0vyhodil by It\u00e1lii do pov\u011bt\u0159\u00ed b\u011bhem dvou minut, kdyby k\u00a0tomu dostal p\u0159\u00edle\u017eitost,\u201c uvedl Trump v\u00a0rozhovoru pro den\u00edk\u00a0Corriere della Sera.<\/strong><\/p>\n<p>A te\u010f k\u00a0izraelsk\u00fdm slouh\u016fm.<\/p>\n<p>Novinky cituj\u00ed izraelsk\u00e9ho ministra zahrani\u010d\u00ed:\u00a0<strong>\u201e\u010cesk\u00e1 republika pat\u0159\u00ed k\u00a0nejv\u011bt\u0161\u00edm p\u0159\u00e1tel\u016fm Izraele na sv\u011bt\u011b. Zalo\u017eili jsme spole\u010dnou hospod\u00e1\u0159skou komisi, v\u00a0jej\u00edm\u017e \u010dele budeme osobn\u011b st\u00e1t j\u00e1 a\u00a0ministr (Macinka),\u201c napsal na s\u00edti X ministr zahrani\u010d\u00ed Izraele Saar pot\u00e9, co spole\u010dn\u011b uctili ob\u011bti holokaustu u\u00a0pam\u00e1tn\u00edku Jad Va\u0161em v\u00a0Jeruzal\u00e9m\u011b.<\/strong><\/p>\n<p>\u201eNa\u0161e strategick\u00e9 p\u0159\u00e1telstv\u00ed a\u00a0hospod\u00e1\u0159sk\u00e9 vztahy posuneme na vy\u0161\u0161\u00ed \u00farove\u0148,\u201c kvitoval v\u00fdsledky setk\u00e1n\u00ed ministr, na n\u011bm\u017e mimo jin\u00e9 Macinka prohl\u00e1sil, \u017ee chce znovu otev\u0159\u00edt debatu o\u00a0p\u0159esunut\u00ed \u010desk\u00e9 ambas\u00e1dy z\u00a0Tel Avivu do Jeruzal\u00e9ma.<\/p>\n<p>Podle Macinky by p\u0159esun nebyl jen symbolick\u00fd, v\u00a0Jeruzal\u00e9m\u011b m\u00e1 s\u00eddlo izraelsk\u00e1 vl\u00e1da, parlament i\u00a0prezident. Poprv\u00e9 se o\u00a0p\u0159esunu mluvilo v\u00a0roce 2017, kdy\u017e americk\u00fd prezident Donald Trump ozn\u00e1mil, \u017ee USA uznaj\u00ed Jeruzal\u00e9m hlavn\u00edm m\u011bstem Izraele a\u00a0v kv\u011btnu 2018\u00a0tam p\u0159esunuly sv\u016fj zastupitelsk\u00fd \u00fa\u0159ad.<\/p>\n<p>Dokonce tvrdil, Micinka, \u017ee zat\u00edmco Z\u00e1pad hnije, my stoj\u00edme p\u0159i Izraeli, z\u0159ejm\u011b symbolu \u010distoty. Meloniov\u00e1 i pape\u017e pat\u0159\u00ed asi k\u00a0prohnil\u00fdm, o S\u00e1nchezovi nemluv\u011b.<\/p>\n<p>Rozko\u0161n\u00e9. V\u00a0dob\u011b, kdy se cel\u00e9mu sv\u011btu d\u011bl\u00e1 z\u00a0Izraele zle, Macinka tam jede l\u00edbat boty sionistick\u00e9 nacistick\u00e9 vl\u00e1d\u011b. Ausgerechnet v\u00a0Den holokaustu si prob\u00edhaj\u00edc\u00edho holokaustu v\u016fbec nev\u0161iml.<\/p>\n<p>Je mi z\u00a0na\u0161ich politik\u016f \u201ena blit\u00ed\u201c. Z\u00a0jejich dev\u00f3tnosti a hlouposti. Pomohla Orb\u00e1novi podpora Izraele? Ani n\u00e1hodou. Trumpova podpora pak pro n\u011bj byla p\u0159\u00edmo polibkem smrti. P\u0159esto se jede po\u0159\u00e1d dokola \u2013 stoj\u00edme pevn\u011b za Izraelem. To se m\u00e1me \u010d\u00edm chlubit. Desetitis\u00edce mrtv\u00fdch, mo\u017en\u00e1 statis\u00edce. Muslim\u016f i k\u0159es\u0165an\u016f. A pravd\u011bpodobn\u011b i ateist\u016f. Gaza srovnan\u00e1 se zem\u00ed, ji\u017en\u00ed Libanon tak\u00e9, n\u00e1lety na \u00cdr\u00e1n, \u017ee pr\u00fd by mohl m\u00edt atomovou bombu, kterou Izrael samoz\u0159ejm\u011b m\u00e1.<\/p>\n<p>J\u00e1 nev\u00edm, jak kdo \u2013 ale j\u00e1 se daleko v\u00edce boj\u00edm Izraele a jeho bomb ne\u017e \u00cdr\u00e1nu. A co ud\u011bl\u00e1 zjevn\u011b nep\u0159\u00ed\u010detn\u00fd Trump, tla\u010den\u00fd do kouta izraelskou sionistickou lobby, to nev\u00ed ani s\u00e1m B\u016fh. I kdy\u017e je s\u00a0n\u00edm Trump podle americk\u00fdch k\u0159es\u0165ansk\u00fdch sionist\u016f \u00fadajn\u011b v\u00a0denn\u00edm spojen\u00ed, na rozd\u00edl od pape\u017ee, kter\u00fd pom\u00fdlen\u011b hl\u00e1s\u00e1, \u017ee st\u00e1tn\u00edci se maj\u00ed domluvit, m\u00edsto aby v\u00e1l\u010dili.<\/p>\n<p><strong>A n\u00e1\u0161 ministr zahrani\u010d\u00ed, kter\u00fd m\u011bl v\u00a0t\u00e9to dob\u011b domlouvat v\u00a0Moskv\u011b obnoven\u00ed dod\u00e1vek ropy a plynu, co\u017e by n\u00e1m zcela jist\u011b pomohlo, leze do zadku Netanjahuovi, co\u017e je pouze hanba a skrvna, kter\u00e1 ulp\u00ed. Fuj, Micinko.<\/strong><\/p>\n<p><a href=\"https:\/\/www.al-monitor.com\/originals\/2026\/04\/italy-suspends-defence-cooperation-deal-israel\">https:\/\/www.al-monitor.com\/originals\/2026\/04\/italy-suspends-defence-cooperation-deal-israel<\/a><\/p>\n<p><a href=\"https:\/\/www.idnes.cz\/zpravy\/domaci\/macinka-izrael-cesta-holokaust-pamatka-saar-netanjahu-jednani.A260414_122214_domaci_rtn\">https:\/\/www.idnes.cz\/zpravy\/domaci\/macinka-izrael-cesta-holokaust-pamatka-saar-netanjahu-jednani.A260414_122214_domaci_rtn<\/a><\/p>\n<p><a href=\"https:\/\/www.pokec24.cz\/nezarazene\/nikoli-mym-jmenem-macinko\/\">Jana Kun\u0161tekov\u00e1<\/a><\/p>\n<p>&nbsp;<\/p>\n","protected":false},"excerpt":{"rendered":"<p>Ve stejn\u00fd den, kdy se italsk\u00e1 vl\u00e1da se rozhodla pozastavit automatick\u00e9 obnoven\u00ed dohody o obrann\u00e9&#8230;<\/p>\n","protected":false},"author":2,"featured_media":104730,"comment_status":"closed","ping_status":"closed","sticky":false,"template":"","format":"standard","meta":[],"categories":[6],"tags":[107,1503,10377],"_links":{"self":[{"href":"https:\/\/www.infokuryr.cz\/n\/wp-json\/wp\/v2\/posts\/104729"}],"collection":[{"href":"https:\/\/www.infokuryr.cz\/n\/wp-json\/wp\/v2\/posts"}],"about":[{"href":"https:\/\/www.infokuryr.cz\/n\/wp-json\/wp\/v2\/types\/post"}],"author":[{"embeddable":true,"href":"https:\/\/www.infokuryr.cz\/n\/wp-json\/wp\/v2\/users\/2"}],"replies":[{"embeddable":true,"href":"https:\/\/www.infokuryr.cz\/n\/wp-json\/wp\/v2\/comments?post=104729"}],"version-history":[{"count":0,"href":"https:\/\/www.infokuryr.cz\/n\/wp-json\/wp\/v2\/posts\/104729\/revisions"}],"wp:featuredmedia":[{"embeddable":true,"href":"https:\/\/www.infokuryr.cz\/n\/wp-json\/wp\/v2\/media\/104730"}],"wp:attachment":[{"href":"https:\/\/www.infokuryr.cz\/n\/wp-json\/wp\/v2\/media?parent=104729"}],"wp:term":[{"taxonomy":"category","embeddable":true,"href":"https:\/\/www.infokuryr.cz\/n\/wp-json\/wp\/v2\/categories?post=104729"},{"taxonomy":"post_tag","embeddable":true,"href":"https:\/\/www.infokuryr.cz\/n\/wp-json\/wp\/v2\/tags?post=104729"}],"curies":[{"name":"wp","href":"https:\/\/api.w.org\/{rel}","templated":true}]}}