{"id":104721,"date":"2026-04-17T00:24:11","date_gmt":"2026-04-16T22:24:11","guid":{"rendered":"https:\/\/www.infokuryr.cz\/n\/?p=104721"},"modified":"2026-04-16T12:32:27","modified_gmt":"2026-04-16T10:32:27","slug":"komunismus-nejsmrtelnejsi-pandemie-v-dejinach-lidstva","status":"publish","type":"post","link":"https:\/\/www.infokuryr.cz\/n\/2026\/04\/17\/komunismus-nejsmrtelnejsi-pandemie-v-dejinach-lidstva\/","title":{"rendered":"Komunismus: Nejsmrteln\u011bj\u0161\u00ed pandemie v d\u011bjin\u00e1ch lidstva"},"content":{"rendered":"<div id=\"fb-root\"><\/div>\n<p><strong><span dir=\"auto\">Kolem roku 1960\u00a0<\/span><a href=\"https:\/\/www.sciencedirect.com\/science\/article\/pii\/S0140673618318919\"><span dir=\"auto\">prudce vzrostla celosv\u011btov\u00e1 \u00famrtnost<\/span><\/a><span dir=\"auto\">\u00a0. Nebyla za to \u017e\u00e1dn\u00e1 v\u00e1lka ani epidemie. Byl to \u010d\u00ednsk\u00fd \u201evelk\u00fd skok vp\u0159ed\u201c. Reformy pl\u00e1novan\u00e9 ekonomiky za vl\u00e1dy Mao Ce-tunga dohnaly celou zemi k hladu a zabily v\u00edce lid\u00ed ne\u017e kter\u00e1koli zn\u00e1m\u00e1 pandemie 20. stolet\u00ed.<\/span><\/strong><\/p>\n<p><span dir=\"auto\">Feng Jicai zdokumentoval teror ve sv\u00e9 knize \u201eDeset let\u00a0<\/span><em><span dir=\"auto\">\u0161\u00edlenstv\u00ed<\/span><\/em><span dir=\"auto\"> \u201c. B\u011bhem Velk\u00e9ho skoku vp\u0159ed a n\u00e1sledn\u00e9 Kulturn\u00ed revoluce byla spole\u010dnost zni\u010dena. D\u011bti se staly jak spolupachateli, tak ob\u011b\u0165mi. Nap\u0159\u00edklad osmilet\u00e1 d\u00edvka byla zat\u010dena jako \u201emal\u00e1 kontrarevolucion\u00e1\u0159ka\u201c za \u00fadajn\u00e9 naps\u00e1n\u00ed protimaoistick\u00e9ho hesla. N\u00e1sledovaly v\u00fdslechy, v\u00fdhr\u016f\u017eky a ve\u0159ejn\u00e9 poni\u017eov\u00e1n\u00ed. Nakonec byla na popravi\u0161ti um\u00edst\u011bna vedle skute\u010dn\u00fdch v\u011bz\u0148\u016f odsouzen\u00fdch k smrti; d\u00edt\u011b v\u011b\u0159ilo, \u017ee bude sama zast\u0159elena.<\/span><\/p>\n<p><span dir=\"auto\">V komunismu je jedinec dehumanizov\u00e1n a redukov\u00e1n na pouhou komoditu. Tot\u00e9\u017e se stalo v Kambod\u017ei. V roce 1975 zah\u00e1jili Rud\u00ed Khmerov\u00e9 pod Pol Potov\u00fdm veden\u00edm sv\u016fj \u201eVelk\u00fd reset\u201c, radik\u00e1ln\u00ed agr\u00e1rn\u011b-komunistickou transformaci. Cel\u00e1 m\u011bsta byla vylidn\u011bna, \u00fadajn\u00ed intelektu\u00e1lov\u00e9 byli zavra\u017ed\u011bni (sta\u010dilo pouh\u00e9 no\u0161en\u00ed br\u00fdl\u00ed) a rodiny byly rozerv\u00e1ny. B\u011bhem \u010dty\u0159 let zem\u0159elo hladem, mu\u010den\u00edm a popravami p\u0159ibli\u017en\u011b dva miliony lid\u00ed, tehdy \u010dtvrtina populace. I zde kolektivn\u00ed \u201evelk\u00fd c\u00edl\u201c slou\u017eil jako ospravedln\u011bn\u00ed pro bezprecedentn\u00ed teror.<\/span><\/p>\n<p><span dir=\"auto\">Tyto katastrofy lidstva spojuje p\u0159esv\u011bd\u010den\u00ed, \u017ee jedinec mus\u00ed b\u00fdt ob\u011btov\u00e1n kolektivu. \u017de vzne\u0161en\u00fd c\u00edl, z\u00e1jem \u201espole\u010denstv\u00ed\u201c, mor\u00e1ln\u00ed nad\u0159azenost vlastn\u00ed ideologie ospravedl\u0148uje v\u0161echny prost\u0159edky. A\u0165 u\u017e tehdy ve jm\u00e9nu \u201erovnosti\u201c a \u201epokroku\u201c, nebo dnes pro \u201espravedlnost\u201c a \u201eochranu klimatu\u201c, je jedinec opakovan\u011b degradov\u00e1n na p\u011b\u0161\u00e1ka. Komunismus nikdy nebyl pouze alternativn\u00edm ekonomick\u00fdm syst\u00e9mem. Je to totalitn\u00ed ideologie, kter\u00e1 lidi zcela dehumanizuje. Jen v \u010c\u00edn\u011b si \u201eVelk\u00fd skok vp\u0159ed\u201c vy\u017e\u00e1dal odhadem 30 a\u017e 45 milion\u016f \u017eivot\u016f. Kulturn\u00ed revoluce si vy\u017e\u00e1dala dal\u0161\u00ed miliony ob\u011bt\u00ed.<\/span><\/p>\n<p><span dir=\"auto\">V Sov\u011btsk\u00e9m svazu, v Severn\u00ed Koreji, v Kambod\u017ei \u2013 stejn\u00fd vzorec se opakoval v\u0161ude. Nejprve jsou omezov\u00e1na individu\u00e1ln\u00ed pr\u00e1va. Pak p\u0159ich\u00e1zej\u00ed pl\u00e1novan\u00e9 ekonomiky, odsuzov\u00e1n\u00ed, teror, hladomor a masov\u00e9 \u00famrt\u00ed. Dnes jsme sv\u011bdky n\u00e1vratu tohoto my\u0161len\u00ed. Kolektivistick\u00e9 po\u017eadavky na \u201esoci\u00e1ln\u00ed spravedlnost\u201c nebo radik\u00e1ln\u00ed klimatick\u00e1 politika op\u011bt ohro\u017euj\u00ed individu\u00e1ln\u00ed svobodu. Kdy\u017e mocn\u00fd st\u00e1t nebo samozvan\u00ed spasitel\u00e9 sv\u011bta rozhoduj\u00ed o tom, kdo sm\u00ed vyu\u017e\u00edvat kter\u00e9 zdroje, kdo mus\u00ed \u0159\u00eddit jak\u00e9 auto nebo jak\u00e9 n\u00e1zory jsou st\u00e1le povoleny, pak se historie opakuje. Vy\u0161\u0161\u00ed dobro ospravedl\u0148uje jak\u00e9koli prost\u0159edky.<\/span><\/p>\n<p><span dir=\"auto\">Historie n\u00e1s u\u010d\u00ed, \u017ee takov\u00e9 experimenty nikdy nekon\u010d\u00ed pouh\u00fdmi omezen\u00edmi. Vrchol\u00ed smrt\u00ed a terorem. Komunismus je v\u00fdsledkem my\u0161lenky, kter\u00e1 ob\u011btuje jednotlivce pro \u201ekomunitu\u201c. Sv\u011bdectv\u00ed o\u010dit\u00fdch sv\u011bdk\u016f Feng Jicai a masov\u00e9 hroby v Kambod\u017ei ukazuj\u00ed, kam to vede. Ka\u017ed\u00fd, kdo dnes znovu k\u00e1\u017ee kolektivistickou ideologii, nejen\u017ee se vysm\u00edv\u00e1 a ignoruje ob\u011bti komunismu 20. stolet\u00ed, ale tak\u00e9 p\u0159ipravuje p\u016fdu pro dal\u0161\u00ed ideologickou pandemii. Obrana individu\u00e1ln\u00ed svobody z\u016fst\u00e1v\u00e1 jedinou \u00fa\u010dinnou o\u010dkovac\u00ed l\u00e1tkou proti n\u00ed.<\/span><\/p>\n<p><img decoding=\"async\" loading=\"lazy\" class=\"alignnone size-full wp-image-1185\" src=\"http:\/\/www.infokuryr.cz\/n\/wp-content\/uploads\/2021\/04\/kuryr-podpis.png\" alt=\"\" width=\"84\" height=\"24\" \/><\/p>\n<p>&nbsp;<\/p>\n","protected":false},"excerpt":{"rendered":"<p>Kolem roku 1960\u00a0prudce vzrostla celosv\u011btov\u00e1 \u00famrtnost\u00a0. Nebyla za to \u017e\u00e1dn\u00e1 v\u00e1lka ani epidemie. Byl to&#8230;<\/p>\n","protected":false},"author":2,"featured_media":104722,"comment_status":"closed","ping_status":"closed","sticky":false,"template":"","format":"standard","meta":[],"categories":[7],"tags":[30,533,871],"_links":{"self":[{"href":"https:\/\/www.infokuryr.cz\/n\/wp-json\/wp\/v2\/posts\/104721"}],"collection":[{"href":"https:\/\/www.infokuryr.cz\/n\/wp-json\/wp\/v2\/posts"}],"about":[{"href":"https:\/\/www.infokuryr.cz\/n\/wp-json\/wp\/v2\/types\/post"}],"author":[{"embeddable":true,"href":"https:\/\/www.infokuryr.cz\/n\/wp-json\/wp\/v2\/users\/2"}],"replies":[{"embeddable":true,"href":"https:\/\/www.infokuryr.cz\/n\/wp-json\/wp\/v2\/comments?post=104721"}],"version-history":[{"count":0,"href":"https:\/\/www.infokuryr.cz\/n\/wp-json\/wp\/v2\/posts\/104721\/revisions"}],"wp:featuredmedia":[{"embeddable":true,"href":"https:\/\/www.infokuryr.cz\/n\/wp-json\/wp\/v2\/media\/104722"}],"wp:attachment":[{"href":"https:\/\/www.infokuryr.cz\/n\/wp-json\/wp\/v2\/media?parent=104721"}],"wp:term":[{"taxonomy":"category","embeddable":true,"href":"https:\/\/www.infokuryr.cz\/n\/wp-json\/wp\/v2\/categories?post=104721"},{"taxonomy":"post_tag","embeddable":true,"href":"https:\/\/www.infokuryr.cz\/n\/wp-json\/wp\/v2\/tags?post=104721"}],"curies":[{"name":"wp","href":"https:\/\/api.w.org\/{rel}","templated":true}]}}