{"id":104705,"date":"2026-04-17T00:15:34","date_gmt":"2026-04-16T22:15:34","guid":{"rendered":"https:\/\/www.infokuryr.cz\/n\/?p=104705"},"modified":"2026-04-16T12:06:22","modified_gmt":"2026-04-16T10:06:22","slug":"jejich-cilem-je-podmanit-si-vsechno-a-vsechny-rika-polska-europoslankyne-po-orbanove-porazce-chce-von-der-leyenova-rychle-zrusit-pravo-veta","status":"publish","type":"post","link":"https:\/\/www.infokuryr.cz\/n\/2026\/04\/17\/jejich-cilem-je-podmanit-si-vsechno-a-vsechny-rika-polska-europoslankyne-po-orbanove-porazce-chce-von-der-leyenova-rychle-zrusit-pravo-veta\/","title":{"rendered":"\u201eJejich c\u00edlem je podmanit si v\u0161echno a v\u0161echny,\u201c \u0159\u00edk\u00e1 polsk\u00e1 europoslankyn\u011b: Po Orb\u00e1nov\u011b por\u00e1\u017ece chce von der Leyenov\u00e1 rychle zru\u0161it pr\u00e1vo veta"},"content":{"rendered":"<div id=\"fb-root\"><\/div>\n<div class=\"elementor-element elementor-element-1fb4c2c elementor-widget elementor-widget-theme-post-content\" data-id=\"1fb4c2c\" data-element_type=\"widget\" data-e-type=\"widget\" data-widget_type=\"theme-post-content.default\">\n<div class=\"elementor-widget-container\">\n<p><span dir=\"auto\">Vzhledem k tomu, \u017ee se Ma\u010farsko nyn\u00ed zjevn\u011b p\u0159ipojuje k linii EU, mohla by se Komise pokusit p\u0159ej\u00edt na hlasov\u00e1n\u00ed kvalifikovanou v\u011bt\u0161inou.<\/span><\/p>\n<p><span dir=\"auto\">Po v\u00edt\u011bzstv\u00ed P\u00e9tera Magyara v Ma\u010farsku prohl\u00e1sila p\u0159edsedkyn\u011b Evropsk\u00e9 komise Ursula von der Leyenov\u00e1, \u017ee EU mus\u00ed usilovat o zru\u0161en\u00ed pr\u00e1va veta \u010dlensk\u00fdch st\u00e1t\u016f. Pro mnoho podporovatel\u016f Viktora Orb\u00e1na to byla pr\u00e1v\u011b jedna z jejich nejv\u011bt\u0161\u00edch obav: neomezen\u00e1 EU, kter\u00e1 by mohla jednat v oblasti zahrani\u010dn\u00ed politiky, zdravotnictv\u00ed a migrace, ani\u017e by ji blokovalo veto.<\/span><\/p>\n<p><span dir=\"auto\">V\u0161eobecn\u011b se p\u0159edpokl\u00e1d\u00e1, \u017ee nastupuj\u00edc\u00ed ma\u010farsk\u00fd premi\u00e9r bude usilovat o rychl\u00e9 vy\u0159e\u0161en\u00ed kl\u00ed\u010dov\u00fdch sporn\u00fdch bod\u016f s Bruselem, aby mohl uvolnit p\u0159ibli\u017en\u011b 35 miliard eur pomoci. Magyar sice z\u016fst\u00e1v\u00e1 st\u0159edopravicov\u00fd a ji\u017e zd\u016fraznil, \u017ee ochrana hranic bude i nad\u00e1le nejvy\u0161\u0161\u00ed prioritou, ale z\u00e1rove\u0148 jasn\u011b uvedl, \u017ee chce pracovat na konstruktivn\u011bj\u0161\u00edm vztahu s Bruselem a pln\u011bji integrovat Ma\u010farsko do evropsk\u00e9ho spole\u010denstv\u00ed.<\/span><\/p>\n<p><span dir=\"auto\">Jedn\u00edm ze zp\u016fsob\u016f, jak\u00fdm Viktor Orb\u00e1n d\u016fsledn\u011b p\u016fsobil jako ru\u0161iv\u00e1 s\u00edla pro ostatn\u00ed \u010dlensk\u00e9 st\u00e1ty, bylo vyu\u017e\u00edv\u00e1n\u00ed sv\u00e9ho pr\u00e1va veta, zejm\u00e9na k blokov\u00e1n\u00ed pomoci Ukrajin\u011b a sankc\u00ed proti Rusku. V posledn\u00edch \u010dty\u0159ech letech opakovan\u00e9 ma\u0159en\u00ed opat\u0159en\u00ed EU ze strany Ma\u010farska vedlo mnoho lid\u00ed k vol\u00e1n\u00ed po p\u0159echodu na hlasov\u00e1n\u00ed kvalifikovanou v\u011bt\u0161inou. Nyn\u00ed, po Magyarov\u011b v\u00edt\u011bzstv\u00ed a Orb\u00e1nov\u011b odchodu, von der Leyenov\u00e1 \u0159\u00edk\u00e1, \u017ee existuje \u201ehybnost\u201c k tomuto kroku.<\/span><\/p>\n<p><span dir=\"auto\">\u201eP\u0159echod na hlasov\u00e1n\u00ed kvalifikovanou v\u011bt\u0161inou v zahrani\u010dn\u00ed politice je d\u016fle\u017eit\u00fdm zp\u016fsobem, jak se vyhnout syst\u00e9mov\u00fdm patov\u00fdm situac\u00edm, jak\u00e9 jsme byli sv\u011bdky v minulosti,\u201c uvedla. V\u010dera tisku uvedla, \u017ee nal\u00e9hav\u011b \u017e\u00e1d\u00e1 vl\u00e1dy, kter\u00e9 by musely s takovou zm\u011bnou souhlasit, aby \u201evyu\u017eily hybn\u00e9 s\u00edly nyn\u00ed\u201c.<\/span><\/p>\n<p><span dir=\"auto\">Tak\u00e9 jasn\u011b uvedla, \u017ee \u201eMa\u010farsko se vrac\u00ed na evropskou cestu\u201c.<\/span><\/p>\n<p><span dir=\"auto\">Konzervativn\u00ed polsk\u00fd poslanec Evropsk\u00e9ho parlamentu ze strany Nov\u00e1 Nadzieja reagoval prohl\u00e1\u0161en\u00edm, \u017ee p\u0159edseda Komise neztr\u00e1c\u00ed \u010das potla\u010dov\u00e1n\u00edm pr\u00e1v \u010dlensk\u00fdch st\u00e1t\u016f postavit se proti iniciativ\u00e1m EU.<\/span><\/p>\n<p><span dir=\"auto\">\u201ePro pseudoelity EU je druho\u0159ad\u00e9, zda nov\u00e1 ma\u010farsk\u00e1 vl\u00e1da pod veden\u00edm Orb\u00e1na bude nakupovat m\u00e9n\u011b surovin z Ruska, nebo rychle schv\u00e1l\u00ed dal\u0161\u00ed sankce. Hlavn\u00ed c\u00edle eurokrat\u016f jsou jin\u00e9 \u2013 sotva skon\u010d\u00ed volby, p\u0159edseda Evropsk\u00e9 komise u\u017e prosazuje prosazov\u00e1n\u00ed ot\u00e1zky zru\u0161en\u00ed polsk\u00e9ho pr\u00e1va veta v zahrani\u010dn\u011bpolitick\u00fdch z\u00e1le\u017eitostech,\u201c napsala Ewa Zaj\u0105czkowska-Hernik.<\/span><\/p>\n<div class=\"twitter-tweet twitter-tweet-rendered\"><iframe id=\"twitter-widget-0\" class=\"\" title=\"X Post\" src=\"https:\/\/platform.twitter.com\/embed\/Tweet.html?dnt=false&amp;embedId=twitter-widget-0&amp;features=eyJ0ZndfdGltZWxpbmVfbGlzdCI6eyJidWNrZXQiOltdLCJ2ZXJzaW9uIjpudWxsfSwidGZ3X2ZvbGxvd2VyX2NvdW50X3N1bnNldCI6eyJidWNrZXQiOnRydWUsInZlcnNpb24iOm51bGx9LCJ0ZndfdHdlZXRfZWRpdF9iYWNrZW5kIjp7ImJ1Y2tldCI6Im9uIiwidmVyc2lvbiI6bnVsbH0sInRmd19yZWZzcmNfc2Vzc2lvbiI6eyJidWNrZXQiOiJvbiIsInZlcnNpb24iOm51bGx9LCJ0ZndfZm9zbnJfc29mdF9pbnRlcnZlbnRpb25zX2VuYWJsZWQiOnsiYnVja2V0Ijoib24iLCJ2ZXJzaW9uIjpudWxsfSwidGZ3X21peGVkX21lZGlhXzE1ODk3Ijp7ImJ1Y2tldCI6InRyZWF0bWVudCIsInZlcnNpb24iOm51bGx9LCJ0ZndfZXhwZXJpbWVudHNfY29va2llX2V4cGlyYXRpb24iOnsiYnVja2V0IjoxMjA5NjAwLCJ2ZXJzaW9uIjpudWxsfSwidGZ3X3Nob3dfYmlyZHdhdGNoX3Bpdm90c19lbmFibGVkIjp7ImJ1Y2tldCI6Im9uIiwidmVyc2lvbiI6bnVsbH0sInRmd19kdXBsaWNhdGVfc2NyaWJlc190b19zZXR0aW5ncyI6eyJidWNrZXQiOiJvbiIsInZlcnNpb24iOm51bGx9LCJ0ZndfdXNlX3Byb2ZpbGVfaW1hZ2Vfc2hhcGVfZW5hYmxlZCI6eyJidWNrZXQiOiJvbiIsInZlcnNpb24iOm51bGx9LCJ0ZndfdmlkZW9faGxzX2R5bmFtaWNfbWFuaWZlc3RzXzE1MDgyIjp7ImJ1Y2tldCI6InRydWVfYml0cmF0ZSIsInZlcnNpb24iOm51bGx9LCJ0ZndfbGVnYWN5X3RpbWVsaW5lX3N1bnNldCI6eyJidWNrZXQiOnRydWUsInZlcnNpb24iOm51bGx9LCJ0ZndfdHdlZXRfZWRpdF9mcm9udGVuZCI6eyJidWNrZXQiOiJvbiIsInZlcnNpb24iOm51bGx9fQ%3D%3D&amp;frame=false&amp;hideCard=false&amp;hideThread=false&amp;id=2043755728058335538&amp;lang=cs&amp;origin=https%3A%2F%2Funcutnews.ch%2Fes-soll-alles-und-jeden-unterwerfen-polnische-eu-abgeordnete-sagt-nach-orbans-verlust-will-von-der-leyen-schnell-das-vetorecht-abschaffen%2F&amp;sessionId=441b970847d557937966ad88dce053193a376893&amp;theme=light&amp;widgetsVersion=2615f7e52b7e0%3A1702314776716&amp;width=550px\" frameborder=\"0\" scrolling=\"no\" allowfullscreen=\"allowfullscreen\" data-tweet-id=\"2043755728058335538\" data-mce-fragment=\"1\"><\/iframe><\/div>\n<p><span dir=\"auto\">\u201ePodman\u011bn\u00ed si v\u0161eho a v\u0161ech, vytv\u00e1\u0159en\u00ed mechanism\u016f, kter\u00e9 m\u011bn\u00ed zem\u011b jako Polsko v dal\u0161\u00ed bezv\u00fdznamnou provincii. To v\u0161e zabalen\u00e9 do sladk\u00e9ho pozl\u00e1tka l\u00edbiv\u00fdch slogan\u016f o jednot\u011b se v\u0161emi,\u201c dodala a zd\u016fraznila d\u016fle\u017eitost budouc\u00edch voleb v \u010dlensk\u00fdch st\u00e1tech.<\/span><\/p>\n<\/div>\n<\/div>\n<div class=\"elementor-element elementor-element-8c57238 quelle dc-has-condition dc-condition-empty elementor-widget elementor-widget-heading\" data-id=\"8c57238\" data-element_type=\"widget\" data-e-type=\"widget\" data-widget_type=\"heading.default\">\n<div class=\"elementor-widget-container\">\n<h3 class=\"elementor-heading-title elementor-size-default\"><span style=\"font-size: 10pt;\"><a href=\"https:\/\/rmx.news\/article\/subjugate-everything-and-everyone-polish-mep-says-after-orban-loss-von-der-leyen-is-quickly-moving-to-abolish-veto-power\/\" target=\"_blank\" rel=\"nofollow noopener\"><span dir=\"auto\">Zdroj<\/span><\/a><\/span><\/h3>\n<p>&nbsp;<\/p>\n<\/div>\n<\/div>\n","protected":false},"excerpt":{"rendered":"<p>Vzhledem k tomu, \u017ee se Ma\u010farsko nyn\u00ed zjevn\u011b p\u0159ipojuje k linii EU, mohla by se&#8230;<\/p>\n","protected":false},"author":2,"featured_media":82728,"comment_status":"closed","ping_status":"closed","sticky":false,"template":"","format":"standard","meta":[],"categories":[7],"tags":[41,1503,48,3786],"_links":{"self":[{"href":"https:\/\/www.infokuryr.cz\/n\/wp-json\/wp\/v2\/posts\/104705"}],"collection":[{"href":"https:\/\/www.infokuryr.cz\/n\/wp-json\/wp\/v2\/posts"}],"about":[{"href":"https:\/\/www.infokuryr.cz\/n\/wp-json\/wp\/v2\/types\/post"}],"author":[{"embeddable":true,"href":"https:\/\/www.infokuryr.cz\/n\/wp-json\/wp\/v2\/users\/2"}],"replies":[{"embeddable":true,"href":"https:\/\/www.infokuryr.cz\/n\/wp-json\/wp\/v2\/comments?post=104705"}],"version-history":[{"count":0,"href":"https:\/\/www.infokuryr.cz\/n\/wp-json\/wp\/v2\/posts\/104705\/revisions"}],"wp:featuredmedia":[{"embeddable":true,"href":"https:\/\/www.infokuryr.cz\/n\/wp-json\/wp\/v2\/media\/82728"}],"wp:attachment":[{"href":"https:\/\/www.infokuryr.cz\/n\/wp-json\/wp\/v2\/media?parent=104705"}],"wp:term":[{"taxonomy":"category","embeddable":true,"href":"https:\/\/www.infokuryr.cz\/n\/wp-json\/wp\/v2\/categories?post=104705"},{"taxonomy":"post_tag","embeddable":true,"href":"https:\/\/www.infokuryr.cz\/n\/wp-json\/wp\/v2\/tags?post=104705"}],"curies":[{"name":"wp","href":"https:\/\/api.w.org\/{rel}","templated":true}]}}