{"id":104704,"date":"2026-04-17T00:14:12","date_gmt":"2026-04-16T22:14:12","guid":{"rendered":"https:\/\/www.infokuryr.cz\/n\/?p=104704"},"modified":"2026-04-16T12:03:13","modified_gmt":"2026-04-16T10:03:13","slug":"cina-se-pripravuje-na-nejhorsi-mozny-scenar-novy-zakon-jako-reakce-na-zapadni-sankce","status":"publish","type":"post","link":"https:\/\/www.infokuryr.cz\/n\/2026\/04\/17\/cina-se-pripravuje-na-nejhorsi-mozny-scenar-novy-zakon-jako-reakce-na-zapadni-sankce\/","title":{"rendered":"\u010c\u00edna se p\u0159ipravuje na nejhor\u0161\u00ed mo\u017en\u00fd sc\u00e9n\u00e1\u0159 \u2013 Nov\u00fd z\u00e1kon jako reakce na z\u00e1padn\u00ed sankce"},"content":{"rendered":"<div id=\"fb-root\"><\/div>\n<p><span dir=\"auto\">Zat\u00edmco Z\u00e1pad st\u00e1le diskutuje o sankc\u00edch, \u010c\u00edna ji\u017e podnikla kroky. Nov\u00fdm z\u00e1konem proti takzvan\u00fdm \u201eextrateritori\u00e1ln\u00edm opat\u0159en\u00edm\u201c Peking vys\u00edl\u00e1 nezam\u011bniteln\u00fd sign\u00e1l: P\u0159ipravuje se na eskalaci syst\u00e9mov\u00e9ho konfliktu.<\/span><\/p>\n<p><a href=\"http:\/\/big5.www.gov.cn\/gate\/big5\/www.gov.cn\/zhengce\/content\/202604\/content_7065398.htm\" target=\"_blank\" rel=\"noreferrer noopener\" data-type=\"link\" data-id=\"http:\/\/big5.www.gov.cn\/gate\/big5\/www.gov.cn\/zhengce\/content\/202604\/content_7065398.htm\"><span dir=\"auto\">Pravidla<\/span><\/a><span dir=\"auto\">\u00a0p\u0159ijat\u00e1 za\u010d\u00e1tkem dubna\u00a0umo\u017e\u0148uj\u00ed \u010d\u00ednsk\u00e9 vl\u00e1d\u011b p\u0159\u00edmo reagovat na zahrani\u010dn\u00ed sankce \u2013 vlastn\u00edmi protiopat\u0159en\u00edmi, sank\u010dn\u00edmi akcemi a omezen\u00edmi v\u016f\u010di spole\u010dnostem a st\u00e1t\u016fm, kter\u00e9 poru\u0161uj\u00ed \u010d\u00ednsk\u00e9 z\u00e1jmy.<\/span><\/p>\n<div class=\"twitter-tweet twitter-tweet-rendered\"><iframe id=\"twitter-widget-0\" class=\"\" title=\"X Post\" src=\"https:\/\/platform.twitter.com\/embed\/Tweet.html?dnt=false&amp;embedId=twitter-widget-0&amp;features=eyJ0ZndfdGltZWxpbmVfbGlzdCI6eyJidWNrZXQiOltdLCJ2ZXJzaW9uIjpudWxsfSwidGZ3X2ZvbGxvd2VyX2NvdW50X3N1bnNldCI6eyJidWNrZXQiOnRydWUsInZlcnNpb24iOm51bGx9LCJ0ZndfdHdlZXRfZWRpdF9iYWNrZW5kIjp7ImJ1Y2tldCI6Im9uIiwidmVyc2lvbiI6bnVsbH0sInRmd19yZWZzcmNfc2Vzc2lvbiI6eyJidWNrZXQiOiJvbiIsInZlcnNpb24iOm51bGx9LCJ0ZndfZm9zbnJfc29mdF9pbnRlcnZlbnRpb25zX2VuYWJsZWQiOnsiYnVja2V0Ijoib24iLCJ2ZXJzaW9uIjpudWxsfSwidGZ3X21peGVkX21lZGlhXzE1ODk3Ijp7ImJ1Y2tldCI6InRyZWF0bWVudCIsInZlcnNpb24iOm51bGx9LCJ0ZndfZXhwZXJpbWVudHNfY29va2llX2V4cGlyYXRpb24iOnsiYnVja2V0IjoxMjA5NjAwLCJ2ZXJzaW9uIjpudWxsfSwidGZ3X3Nob3dfYmlyZHdhdGNoX3Bpdm90c19lbmFibGVkIjp7ImJ1Y2tldCI6Im9uIiwidmVyc2lvbiI6bnVsbH0sInRmd19kdXBsaWNhdGVfc2NyaWJlc190b19zZXR0aW5ncyI6eyJidWNrZXQiOiJvbiIsInZlcnNpb24iOm51bGx9LCJ0ZndfdXNlX3Byb2ZpbGVfaW1hZ2Vfc2hhcGVfZW5hYmxlZCI6eyJidWNrZXQiOiJvbiIsInZlcnNpb24iOm51bGx9LCJ0ZndfdmlkZW9faGxzX2R5bmFtaWNfbWFuaWZlc3RzXzE1MDgyIjp7ImJ1Y2tldCI6InRydWVfYml0cmF0ZSIsInZlcnNpb24iOm51bGx9LCJ0ZndfbGVnYWN5X3RpbWVsaW5lX3N1bnNldCI6eyJidWNrZXQiOnRydWUsInZlcnNpb24iOm51bGx9LCJ0ZndfdHdlZXRfZWRpdF9mcm9udGVuZCI6eyJidWNrZXQiOiJvbiIsInZlcnNpb24iOm51bGx9fQ%3D%3D&amp;frame=false&amp;hideCard=false&amp;hideThread=false&amp;id=2043763137359597929&amp;lang=cs&amp;origin=https%3A%2F%2Funcutnews.ch%2Fchina-ruestet-sich-fuer-den-ernstfall-neues-gesetz-als-antwort-auf-westliche-sanktionen%2F&amp;sessionId=1871266ce2716b6d66b4e4c85adcc71ba826b85f&amp;theme=light&amp;widgetsVersion=2615f7e52b7e0%3A1702314776716&amp;width=550px\" frameborder=\"0\" scrolling=\"no\" allowfullscreen=\"allowfullscreen\" data-tweet-id=\"2043763137359597929\" data-mce-fragment=\"1\"><\/iframe><\/div>\n<p><span dir=\"auto\">Ofici\u00e1ln\u011b z\u00e1kon slou\u017e\u00ed k ochran\u011b n\u00e1rodn\u00ed suverenity a ekonomick\u00e9 stability. V praxi v\u0161ak p\u0159edstavuje strategick\u00fd zlom.<\/span><\/p>\n<p><span dir=\"auto\">\u010c\u00edna poprv\u00e9 institucionalizuje svou schopnost systematicky reagovat na ekonomick\u00fd tlak.<\/span><\/p>\n<p><span dir=\"auto\">Poselstv\u00ed je jasn\u00e9: sankce u\u017e nebudou jen tak akceptov\u00e1ny.<\/span><\/p>\n<p><span dir=\"auto\">Pozad\u00edm je rostouc\u00ed konfrontace se Spojen\u00fdmi st\u00e1ty a jejich spojenci. Obchodn\u00ed omezen\u00ed, z\u00e1kazy technologi\u00ed a geopolitick\u00fd tlak se v posledn\u00edch letech neust\u00e1le zvy\u0161uj\u00ed. S nov\u00fdm z\u00e1konem \u010c\u00edna nyn\u00ed vytv\u00e1\u0159\u00ed pr\u00e1vn\u00ed z\u00e1klad nejen pro defenzivn\u00ed reakci na tato opat\u0159en\u00ed, ale i pro aktivn\u00ed boj proti nim.<\/span><\/p>\n<p><span dir=\"auto\">To u\u017e nen\u00ed o individu\u00e1ln\u00edch konfliktech.<\/span><\/p>\n<p><span dir=\"auto\">Jde o p\u0159\u00edpravu na sc\u00e9n\u00e1\u0159, v n\u011bm\u017e se ekonomick\u00fd tlak stane \u00fast\u0159edn\u00edm n\u00e1strojem glob\u00e1ln\u00ed mocensk\u00e9 politiky. Sankce, obchodn\u00ed v\u00e1lky a blok\u00e1dy ji\u017e nejsou v\u00fdjimkou, ale sou\u010d\u00e1st\u00ed nov\u00e9ho norm\u00e1lu.<\/span><\/p>\n<p><span dir=\"auto\">Z\u00e1kon umo\u017e\u0148uje \u010d\u00ednsk\u00fdm \u00fa\u0159ad\u016fm podniknout c\u00edlen\u00e9 kroky proti spole\u010dnostem nebo organizac\u00edm, kter\u00e9 se \u00fa\u010dastn\u00ed zahrani\u010dn\u00edch sankc\u00ed. Z\u00e1rove\u0148 mohou b\u00fdt \u010d\u00ednsk\u00e9 spole\u010dnosti nuceny takov\u00e1 opat\u0159en\u00ed neprovedovat \u2013 i kdy\u017e je to vystav\u00ed mezin\u00e1rodn\u00edmu tlaku.<\/span><\/p>\n<p><span dir=\"auto\">To vytv\u00e1\u0159\u00ed pro glob\u00e1ln\u00ed spole\u010dnosti novou realitu: jsou chyceny mezi dv\u011bma syst\u00e9my.<\/span><\/p>\n<p><span dir=\"auto\">Tento krok nen\u00ed n\u00e1hoda. Z\u00e1rove\u0148 se geopolitick\u00e9 nap\u011bt\u00ed po cel\u00e9m sv\u011bt\u011b stup\u0148uje. USA se strategicky umis\u0165uj\u00ed pod\u00e9l kl\u00ed\u010dov\u00fdch obchodn\u00edch tras, buduj\u00ed aliance v indicko-pacifick\u00e9 oblasti a zvy\u0161uj\u00ed tlak na \u010c\u00ednu.<\/span><\/p>\n<p><span dir=\"auto\">Peking reaguje \u2013 ne otev\u0159en\u00fdmi vojensk\u00fdmi hrozbami, ale struktur\u00e1ln\u00ed p\u0159\u00edpravou.<\/span><\/p>\n<p><span dir=\"auto\">Nov\u00fd z\u00e1kon je jen jednou z jeho sou\u010d\u00e1st\u00ed.<\/span><\/p>\n<p><span dir=\"auto\">Zapad\u00e1 to do \u0161ir\u0161\u00ed strategie, jej\u00edm\u017e c\u00edlem je u\u010dinit \u010c\u00ednu odoln\u011bj\u0161\u00ed v\u016f\u010di vn\u011bj\u0161\u00edm vliv\u016fm. Dodavatelsk\u00e9 \u0159et\u011bzce se restrukturalizuj\u00ed, sni\u017euj\u00ed se z\u00e1vislosti a posiluj\u00ed se alternativn\u00ed finan\u010dn\u00ed a obchodn\u00ed syst\u00e9my.<\/span><\/p>\n<p><span dir=\"auto\">Logika je jednoduch\u00e1: ti, kte\u0159\u00ed nepodl\u00e9haj\u00ed ekonomick\u00e9mu vyd\u00edr\u00e1n\u00ed, z\u016fst\u00e1vaj\u00ed schopni jednat.<\/span><\/p>\n<p><span dir=\"auto\">Ale pr\u00e1v\u011b v tomto spo\u010d\u00edv\u00e1 probl\u00e9m.<\/span><\/p>\n<p><span dir=\"auto\">Proto\u017ee s ka\u017ed\u00fdm krokem sm\u011brem k ekonomick\u00e9 izolaci se zvy\u0161uje i riziko dal\u0161\u00ed eskalace. Kdy\u017e ob\u011b strany odd\u011bl\u00ed sv\u00e9 syst\u00e9my a p\u0159iprav\u00ed se na konflikt, ochota ke kompromisu kles\u00e1.<\/span><\/p>\n<p><span dir=\"auto\">Sankce jsou \u010dasto prvn\u00edm krokem.<\/span><\/p>\n<p><span dir=\"auto\">Historie ukazuje, \u017ee ekonomick\u00fd tlak jen z\u0159\u00eddka z\u016fst\u00e1v\u00e1 izolovan\u00fd. M\u016f\u017ee se \u0161\u00ed\u0159it, zesilovat \u2013 a v nejhor\u0161\u00edm p\u0159\u00edpad\u011b eskalovat v otev\u0159enou konfrontaci.<\/span><\/p>\n<p><span dir=\"auto\">Zd\u00e1 se, \u017ee \u010c\u00edna se zam\u011b\u0159uje p\u0159esn\u011b na tento sc\u00e9n\u00e1\u0159.<\/span><\/p>\n<p><span dir=\"auto\">Nov\u00fd z\u00e1kon nen\u00ed kr\u00e1tkodob\u00fdm politick\u00fdm krokem. Je vyj\u00e1d\u0159en\u00edm dlouhodob\u00e9 strategick\u00e9 \u00fapravy sv\u011bta, v n\u011bm\u017e se konflikty ji\u017e ne\u0159e\u0161\u00ed pouze vojensk\u00fdmi prost\u0159edky.<\/span><\/p>\n<p><span dir=\"auto\">Dnes vedou frontov\u00e9 linie p\u0159es obchodn\u00ed trasy, dodavatelsk\u00e9 \u0159et\u011bzce a finan\u010dn\u00ed syst\u00e9my.<\/span><\/p>\n<p><span dir=\"auto\">A \u010c\u00edna se na to p\u0159ipravuje.<\/span><\/p>\n<p><span dir=\"auto\">Kl\u00ed\u010dovou ot\u00e1zkou u\u017e nen\u00ed, zda konflikt eskaluje \u2013 ale jak daleko zajde.<\/span><\/p>\n<p><img decoding=\"async\" loading=\"lazy\" class=\"alignnone size-full wp-image-1185\" src=\"http:\/\/www.infokuryr.cz\/n\/wp-content\/uploads\/2021\/04\/kuryr-podpis.png\" alt=\"\" width=\"84\" height=\"24\" \/><\/p>\n<p>&nbsp;<\/p>\n","protected":false},"excerpt":{"rendered":"<p>Zat\u00edmco Z\u00e1pad st\u00e1le diskutuje o sankc\u00edch, \u010c\u00edna ji\u017e podnikla kroky. Nov\u00fdm z\u00e1konem proti takzvan\u00fdm \u201eextrateritori\u00e1ln\u00edm&#8230;<\/p>\n","protected":false},"author":2,"featured_media":83276,"comment_status":"closed","ping_status":"closed","sticky":false,"template":"","format":"standard","meta":[],"categories":[7],"tags":[30,1503,371,3769],"_links":{"self":[{"href":"https:\/\/www.infokuryr.cz\/n\/wp-json\/wp\/v2\/posts\/104704"}],"collection":[{"href":"https:\/\/www.infokuryr.cz\/n\/wp-json\/wp\/v2\/posts"}],"about":[{"href":"https:\/\/www.infokuryr.cz\/n\/wp-json\/wp\/v2\/types\/post"}],"author":[{"embeddable":true,"href":"https:\/\/www.infokuryr.cz\/n\/wp-json\/wp\/v2\/users\/2"}],"replies":[{"embeddable":true,"href":"https:\/\/www.infokuryr.cz\/n\/wp-json\/wp\/v2\/comments?post=104704"}],"version-history":[{"count":0,"href":"https:\/\/www.infokuryr.cz\/n\/wp-json\/wp\/v2\/posts\/104704\/revisions"}],"wp:featuredmedia":[{"embeddable":true,"href":"https:\/\/www.infokuryr.cz\/n\/wp-json\/wp\/v2\/media\/83276"}],"wp:attachment":[{"href":"https:\/\/www.infokuryr.cz\/n\/wp-json\/wp\/v2\/media?parent=104704"}],"wp:term":[{"taxonomy":"category","embeddable":true,"href":"https:\/\/www.infokuryr.cz\/n\/wp-json\/wp\/v2\/categories?post=104704"},{"taxonomy":"post_tag","embeddable":true,"href":"https:\/\/www.infokuryr.cz\/n\/wp-json\/wp\/v2\/tags?post=104704"}],"curies":[{"name":"wp","href":"https:\/\/api.w.org\/{rel}","templated":true}]}}