{"id":104701,"date":"2026-04-17T00:12:32","date_gmt":"2026-04-16T22:12:32","guid":{"rendered":"https:\/\/www.infokuryr.cz\/n\/?p=104701"},"modified":"2026-04-16T11:58:07","modified_gmt":"2026-04-16T09:58:07","slug":"tyler-durden-evropa-vymysli-nerealisticky-plan-na-otevreni-hormuzskeho-prulivu-bez-valecnych-stran","status":"publish","type":"post","link":"https:\/\/www.infokuryr.cz\/n\/2026\/04\/17\/tyler-durden-evropa-vymysli-nerealisticky-plan-na-otevreni-hormuzskeho-prulivu-bez-valecnych-stran\/","title":{"rendered":"Tyler Durden: Evropa vym\u00fd\u0161l\u00ed nerealistick\u00fd pl\u00e1n na otev\u0159en\u00ed Hormuzsk\u00e9ho pr\u016flivu bez \u201ev\u00e1le\u010dn\u00fdch\u201c stran"},"content":{"rendered":"<div id=\"fb-root\"><\/div>\n<div class=\"elementor-element elementor-element-1fb4c2c elementor-widget elementor-widget-theme-post-content\" data-id=\"1fb4c2c\" data-element_type=\"widget\" data-e-type=\"widget\" data-widget_type=\"theme-post-content.default\">\n<div class=\"elementor-widget-container\">\n<p><span dir=\"auto\">Toto je extr\u00e9mn\u011b ambici\u00f3zn\u00ed titulek, kter\u00fd odhaluje nejnov\u011bj\u0161\u00ed evropsk\u00fd \u201epl\u00e1n\u201c pro Hormuzsk\u00fd pr\u016fliv, zat\u00edmco kontinent ne\u010dinn\u011b sleduje, jak se USA po m\u011bs\u00edci t\u011b\u017ek\u00fdch leteck\u00fdch \u00fader\u016f proti \u00cdr\u00e1nu potenci\u00e1ln\u011b ocitnou v pasti v regionu: Evropa navrhuje pov\u00e1le\u010dn\u00fd pl\u00e1n na vy\u010di\u0161t\u011bn\u00ed Hormuzsk\u00e9ho pr\u016flivu bez \u00fa\u010dasti USA, informuje\u00a0<\/span><a href=\"https:\/\/www.wsj.com\/world\/europe\/europe-drafts-postwar-plan-to-free-up-hormuz-without-u-s-5638f5f8?mod=hp_lead_pos1\" target=\"_blank\" rel=\"noreferrer noopener\" data-type=\"link\" data-id=\"https:\/\/www.wsj.com\/world\/europe\/europe-drafts-postwar-plan-to-free-up-hormuz-without-u-s-5638f5f8?mod=hp_lead_pos1\"><span dir=\"auto\">WSJ<\/span><\/a><span dir=\"auto\">\u00a0.<\/span><\/p>\n<p><span dir=\"auto\">Zd\u00e1 se, \u017ee se jedn\u00e1 o pl\u00e1n na obdob\u00ed po hlavn\u00ed krizi, kdy pr\u016fliv z\u016fstane blokov\u00e1n (p\u0159i\u010dem\u017e ka\u017ed\u00e1 v\u00e1l\u010d\u00edc\u00ed strana trv\u00e1 na kontrole nad touto strategickou vodn\u00ed cestou). \u00dast\u0159edn\u00ed my\u0161lenkou je nakonec vylou\u010dit Spojen\u00e9 st\u00e1ty z rovnice a umo\u017enit tak vy\u010di\u0161t\u011bn\u00ed a zabezpe\u010den\u00ed Hormuzsk\u00e9ho pr\u016flivu pouze \u201eneutr\u00e1ln\u00edm\u201c zem\u00edm.<\/span><br \/>\n<span dir=\"auto\">Maj\u00ed tedy \u00cdr\u00e1nci i Ameri\u010dan\u00e9 ustoupit a p\u0159evz\u00edt mal\u00e9 francouzsk\u00e9 v\u00e1le\u010dn\u00e9 lod\u011b?<\/span><\/p>\n<p><span dir=\"auto\">Cel\u00e1 v\u011bc je ale extr\u00e9mn\u011b zvl\u00e1\u0161tn\u00ed \u2013 na jedn\u00e9 stran\u011b m\u00e1 b\u00fdt jeden z nejd\u016fle\u017eit\u011bj\u0161\u00edch hr\u00e1\u010d\u016f konfliktu, a to Spojen\u00e9 st\u00e1ty, vylou\u010den \u2013 na druh\u00e9 stran\u011b pl\u00e1n stanov\u00ed, \u017ee evropsk\u00e9\/NATO v\u00e1le\u010dn\u00e9 lod\u011b budou prov\u00e1d\u011bt operace k zaji\u0161t\u011bn\u00ed voln\u00e9 plavby, v\u010detn\u011b odminov\u00e1n\u00ed.<\/span><\/p>\n<p><span dir=\"auto\">Nap\u0159\u00edklad zpr\u00e1va v den\u00edku Journal uv\u00e1d\u00ed: \u201eFrancouzsk\u00fd prezident Emmanuel Macron v \u00fater\u00fd prohl\u00e1sil, \u017ee pl\u00e1n p\u0159edpokl\u00e1d\u00e1 mezin\u00e1rodn\u00ed obrannou misi, do kter\u00e9 se nebudou zapojovat \u201av\u00e1l\u010d\u00edc\u00ed\u2018 strany \u2013 konkr\u00e9tn\u011b USA, Izrael a \u00cdr\u00e1n. Evrop\u0161t\u00ed diplomat\u00e9 obezn\u00e1men\u00ed s pl\u00e1nem tvrd\u00ed, \u017ee evropsk\u00e9 lod\u011b by nebyly pod americk\u00fdm velen\u00edm.\u201c<\/span><\/p>\n<p><span dir=\"auto\">Podle shrnut\u00ed kl\u00ed\u010dov\u00fdch bod\u016f WSJ od Newsquawku:<\/span><\/p>\n<p><em><span dir=\"auto\">\u2014 Evropsk\u00e9 zem\u011b pracuj\u00ed na pl\u00e1nu \u0161irok\u00e9 koalice st\u00e1t\u016f, kter\u00e1 by znovu otev\u0159ela Hormuzsk\u00fd pr\u016fliv pro lodn\u00ed dopravu, v\u010detn\u011b nasazen\u00ed plavidel pro odminov\u00e1n\u00ed a dal\u0161\u00edch vojensk\u00fdch plavidel. Pl\u00e1n by v\u0161ak nem\u011bl b\u00fdt realizov\u00e1n d\u0159\u00edve ne\u017e po v\u00e1lce a mohl by z n\u011bj vylou\u010dit Spojen\u00e9 st\u00e1ty.<\/span><\/em><\/p>\n<p><em><span dir=\"auto\">\u2014 N\u011bkter\u00e9 neshody je st\u00e1le t\u0159eba vy\u0159e\u0161it: francouz\u0161t\u00ed diplomat\u00e9 se domn\u00edvaj\u00ed, \u017ee jak\u00e9koli zapojen\u00ed USA by operaci u\u010dinilo pro Teher\u00e1n m\u00e9n\u011b p\u0159ijatelnou, zat\u00edmco brit\u0161t\u00ed p\u0159edstavitel\u00e9 se ob\u00e1vaj\u00ed, \u017ee vylou\u010den\u00ed Ameri\u010dan\u016f by Trumpa rozzlobilo a omezilo by rozsah operace.<\/span><\/em><\/p>\n<p><span dir=\"auto\">\u2014 Pl\u00e1n sleduje t\u0159i hlavn\u00ed c\u00edle:<\/span><\/p>\n<ol>\n<li><span dir=\"auto\">Vytvo\u0159te logistick\u00e9 podm\u00ednky, aby stovky lod\u00ed, kter\u00e9 v sou\u010dasnosti uv\u00edzly v pr\u016flivu, mohly vyplut.<\/span><\/li>\n<li><span dir=\"auto\">Prov\u00e9st rozs\u00e1hlou odminovac\u00ed operaci, kter\u00e1 uvoln\u00ed cestu pro v\u00fdrazn\u011b v\u011bt\u0161\u00ed po\u010det lod\u00ed p\u0159es \u0161ir\u0161\u00ed oblast pr\u016flivu.<\/span><\/li>\n<li><span dir=\"auto\">Odstran\u011bn\u00ed \u00edr\u00e1nsk\u00fdch min v Hormuzsk\u00e9m pr\u016flivu je kl\u00ed\u010dov\u00e9 pro obnoven\u00ed n\u00e1mo\u0159n\u00ed dopravy.<\/span><\/li>\n<\/ol>\n<p><span dir=\"auto\">Realita je v\u0161ak takov\u00e1, \u017ee tento \u00fadajn\u00fd pl\u00e1n vrac\u00ed v\u011bci k probl\u00e9mu \u010d\u00edslo jedna\u2026 proto\u017ee ani \u00cdr\u00e1n, ani Spojen\u00e9 st\u00e1ty jen tak nepokr\u010d\u00ed rameny a nevzdaj\u00ed se kontroly, aby mohla zas\u00e1hnout evropsk\u00e1 vojensk\u00e1 koalice a p\u0159evz\u00edt veden\u00ed.<\/span><\/p>\n<p><span dir=\"auto\">Kter\u00e1 strana by s t\u00edm kdy skute\u010dn\u011b souhlasila? Z\u0159ejm\u00e1 odpov\u011b\u010f \u2013 alespo\u0148 prozat\u00edm a v dohledn\u00e9 budoucnosti \u2013 zn\u00ed: nikdo.<\/span><\/p>\n<p><span dir=\"auto\">A pak je tu ot\u00e1zka, jak\u00e9 n\u00e1tlakov\u00e9 prost\u0159edky \u010di s\u00edlu hodl\u00e1 Evropa pou\u017e\u00edt k prosazen\u00ed sv\u00e9 vojensk\u00e9 p\u0159\u00edtomnosti v pr\u016flivu, aby udr\u017eela v\u0161echny strany v souladu\u2026 snad jen ostrou r\u00e9torikou a siln\u00fdmi slovy?<\/span><\/p>\n<\/div>\n<\/div>\n<div class=\"elementor-element elementor-element-8c57238 quelle dc-has-condition dc-condition-empty elementor-widget elementor-widget-heading\" data-id=\"8c57238\" data-element_type=\"widget\" data-e-type=\"widget\" data-widget_type=\"heading.default\">\n<div class=\"elementor-widget-container\">\n<h3 class=\"elementor-heading-title elementor-size-default\"><span style=\"font-size: 10pt;\"><a href=\"https:\/\/www.zerohedge.com\/geopolitical\/europe-drafts-pie-sky-plan-free-hormuz-without-belligerent-parties\" target=\"_blank\" rel=\"nofollow noopener\"><span dir=\"auto\">Zdroj<\/span><\/a><\/span><\/h3>\n<p>&nbsp;<\/p>\n<\/div>\n<\/div>\n","protected":false},"excerpt":{"rendered":"<p>Toto je extr\u00e9mn\u011b ambici\u00f3zn\u00ed titulek, kter\u00fd odhaluje nejnov\u011bj\u0161\u00ed evropsk\u00fd \u201epl\u00e1n\u201c pro Hormuzsk\u00fd pr\u016fliv, zat\u00edmco kontinent&#8230;<\/p>\n","protected":false},"author":2,"featured_media":104702,"comment_status":"closed","ping_status":"closed","sticky":false,"template":"","format":"standard","meta":[],"categories":[7],"tags":[41,6382,1503],"_links":{"self":[{"href":"https:\/\/www.infokuryr.cz\/n\/wp-json\/wp\/v2\/posts\/104701"}],"collection":[{"href":"https:\/\/www.infokuryr.cz\/n\/wp-json\/wp\/v2\/posts"}],"about":[{"href":"https:\/\/www.infokuryr.cz\/n\/wp-json\/wp\/v2\/types\/post"}],"author":[{"embeddable":true,"href":"https:\/\/www.infokuryr.cz\/n\/wp-json\/wp\/v2\/users\/2"}],"replies":[{"embeddable":true,"href":"https:\/\/www.infokuryr.cz\/n\/wp-json\/wp\/v2\/comments?post=104701"}],"version-history":[{"count":0,"href":"https:\/\/www.infokuryr.cz\/n\/wp-json\/wp\/v2\/posts\/104701\/revisions"}],"wp:featuredmedia":[{"embeddable":true,"href":"https:\/\/www.infokuryr.cz\/n\/wp-json\/wp\/v2\/media\/104702"}],"wp:attachment":[{"href":"https:\/\/www.infokuryr.cz\/n\/wp-json\/wp\/v2\/media?parent=104701"}],"wp:term":[{"taxonomy":"category","embeddable":true,"href":"https:\/\/www.infokuryr.cz\/n\/wp-json\/wp\/v2\/categories?post=104701"},{"taxonomy":"post_tag","embeddable":true,"href":"https:\/\/www.infokuryr.cz\/n\/wp-json\/wp\/v2\/tags?post=104701"}],"curies":[{"name":"wp","href":"https:\/\/api.w.org\/{rel}","templated":true}]}}