{"id":104678,"date":"2026-04-16T00:35:41","date_gmt":"2026-04-15T22:35:41","guid":{"rendered":"https:\/\/www.infokuryr.cz\/n\/?p=104678"},"modified":"2026-04-15T18:17:09","modified_gmt":"2026-04-15T16:17:09","slug":"korupcni-bazina-ve-francii-vysetrovatelum-byl-zakazan-vstup-do-prezidentskeho-palace","status":"publish","type":"post","link":"https:\/\/www.infokuryr.cz\/n\/2026\/04\/16\/korupcni-bazina-ve-francii-vysetrovatelum-byl-zakazan-vstup-do-prezidentskeho-palace\/","title":{"rendered":"Korup\u010dn\u00ed ba\u017eina ve Francii: Vy\u0161et\u0159ovatel\u016fm byl zak\u00e1z\u00e1n vstup do prezidentsk\u00e9ho pal\u00e1ce"},"content":{"rendered":"<div id=\"fb-root\"><\/div>\n<p><strong><span dir=\"auto\">Pokud jde o francouzsk\u00e9ho prezidenta, plat\u00ed pro n\u011bj zcela jin\u00e1 pravidla ne\u017e pro b\u011b\u017en\u00e9 ob\u010dany. Vy\u0161et\u0159ovatel\u016fm korupce byl odep\u0159en vstup do prezidentsk\u00e9ho pal\u00e1ce. Co Macron skr\u00fdval?<\/span><\/strong><\/p>\n<p><span dir=\"auto\">Vy\u0161et\u0159ovatel\u00e9 korupce z finan\u010dn\u00ed prokuratury\u00a0<\/span><a href=\"https:\/\/www.ctvnews.ca\/world\/article\/french-police-search-sites-in-corruption-probe-macrons-presidential-residence-denies-access\/\"><span dir=\"auto\">dorazili v \u00fater\u00fd r\u00e1no do presti\u017en\u00edho Elysejsk\u00e9ho pal\u00e1ce v Pa\u0159\u00ed\u017ei<\/span><\/a><span dir=\"auto\"> . Jejich c\u00edlem bylo odhalit rozs\u00e1hl\u00fd skand\u00e1l zahrnuj\u00edc\u00ed zpronev\u011bru da\u0148ov\u00fdch pen\u011bz a zv\u00fdhod\u0148ov\u00e1n\u00ed v r\u00e1mci smluv na oslavy v hodnot\u011b mnoha milion\u016f eur. M\u00edsto toho, aby jim v\u0161ak bylo umo\u017en\u011bno prohledat prostory, jak je obvykl\u00e9 pro b\u011b\u017en\u00e9ho ob\u010dana nebo firmu, byli policist\u00e9 odm\u00edtnuti.<\/span><\/p>\n<p><span dir=\"auto\">\u201eP\u0159\u00edstup do kancel\u00e1\u0159\u00ed Elysejsk\u00e9ho pal\u00e1ce byl odep\u0159en,\u201c musela ozn\u00e1mit finan\u010dn\u00ed prokuratura. Pohodln\u00e1 v\u00fdmluva pa\u0159\u00ed\u017esk\u00e9 elity: prezidentsk\u00e1 rezidence je koneckonc\u016f chr\u00e1n\u011bna francouzskou \u00fastavou. M\u00edsto d\u016fkladn\u00e9 razie Elysejsk\u00fd pal\u00e1c pouze p\u0159edal vy\u0161et\u0159ovatel\u016fm n\u011bkolik vybran\u00fdch dokument\u016f od zam\u011bstnanc\u016f. Jasn\u00e9 poselstv\u00ed zn\u00ed: My rozhodujeme o tom, co sm\u00edte vid\u011bt.<\/span><\/p>\n<figure class=\"wp-block-embed is-type-rich is-provider-twitter wp-block-embed-twitter\">\n<div class=\"wp-block-embed__wrapper\">\n<div class=\"twitter-tweet twitter-tweet-rendered\"><iframe id=\"twitter-widget-0\" class=\"\" title=\"X P\u0159\u00edsp\u011bvek\" src=\"https:\/\/platform.twitter.com\/embed\/Tweet.html?dnt=true&amp;embedId=twitter-widget-0&amp;features=eyJ0ZndfdGltZWxpbmVfbGlzdCI6eyJidWNrZXQiOltdLCJ2ZXJzaW9uIjpudWxsfSwidGZ3X2ZvbGxvd2VyX2NvdW50X3N1bnNldCI6eyJidWNrZXQiOnRydWUsInZlcnNpb24iOm51bGx9LCJ0ZndfdHdlZXRfZWRpdF9iYWNrZW5kIjp7ImJ1Y2tldCI6Im9uIiwidmVyc2lvbiI6bnVsbH0sInRmd19yZWZzcmNfc2Vzc2lvbiI6eyJidWNrZXQiOiJvbiIsInZlcnNpb24iOm51bGx9LCJ0ZndfZm9zbnJfc29mdF9pbnRlcnZlbnRpb25zX2VuYWJsZWQiOnsiYnVja2V0Ijoib24iLCJ2ZXJzaW9uIjpudWxsfSwidGZ3X21peGVkX21lZGlhXzE1ODk3Ijp7ImJ1Y2tldCI6InRyZWF0bWVudCIsInZlcnNpb24iOm51bGx9LCJ0ZndfZXhwZXJpbWVudHNfY29va2llX2V4cGlyYXRpb24iOnsiYnVja2V0IjoxMjA5NjAwLCJ2ZXJzaW9uIjpudWxsfSwidGZ3X3Nob3dfYmlyZHdhdGNoX3Bpdm90c19lbmFibGVkIjp7ImJ1Y2tldCI6Im9uIiwidmVyc2lvbiI6bnVsbH0sInRmd19kdXBsaWNhdGVfc2NyaWJlc190b19zZXR0aW5ncyI6eyJidWNrZXQiOiJvbiIsInZlcnNpb24iOm51bGx9LCJ0ZndfdXNlX3Byb2ZpbGVfaW1hZ2Vfc2hhcGVfZW5hYmxlZCI6eyJidWNrZXQiOiJvbiIsInZlcnNpb24iOm51bGx9LCJ0ZndfdmlkZW9faGxzX2R5bmFtaWNfbWFuaWZlc3RzXzE1MDgyIjp7ImJ1Y2tldCI6InRydWVfYml0cmF0ZSIsInZlcnNpb24iOm51bGx9LCJ0ZndfbGVnYWN5X3RpbWVsaW5lX3N1bnNldCI6eyJidWNrZXQiOnRydWUsInZlcnNpb24iOm51bGx9LCJ0ZndfdHdlZXRfZWRpdF9mcm9udGVuZCI6eyJidWNrZXQiOiJvbiIsInZlcnNpb24iOm51bGx9fQ%3D%3D&amp;frame=false&amp;hideCard=false&amp;hideThread=false&amp;id=2044116096077177227&amp;lang=de&amp;origin=https%3A%2F%2Freport24.news%2Fkorruptions-sumpf-in-frankreich-ermittler-duerfen-praesidentenpalast-nicht-betreten%2F&amp;sessionId=02b2ff88f77fa0500012af2e449d6e8243a9eb72&amp;theme=light&amp;widgetsVersion=2615f7e52b7e0%3A1702314776716&amp;width=550px\" frameborder=\"0\" scrolling=\"no\" allowfullscreen=\"allowfullscreen\" data-tweet-id=\"2044116096077177227\" data-mce-fragment=\"1\"><\/iframe><\/div>\n<\/div>\n<\/figure>\n<p><span dir=\"auto\">D\u016fvodem vy\u0161et\u0159ov\u00e1n\u00ed je podez\u0159en\u00ed ze zneu\u017eit\u00ed pen\u011bz da\u0148ov\u00fdch poplatn\u00edk\u016f. Ji\u017e dv\u011b desetilet\u00ed \u00fadajn\u011b jedin\u00e1 spole\u010dnost po\u0159\u00e1daj\u00edc\u00ed akce s n\u00e1zvem \u201eShortcut Events\u201c z\u00edsk\u00e1v\u00e1 zisky z elitn\u00edch ceremoni\u00ed francouzsk\u00e9 vl\u00e1dy. Kdykoli byly slavn\u00e9 osobnosti s velkou pompou uvedeny do n\u00e1rodn\u00ed s\u00edn\u011b sl\u00e1vy, Panth\u00e9onu \u2013 v\u010detn\u011b oslav Josephine Baker a Simone Veil iniciovan\u00fdch Macronem \u2013 pokladna t\u00e9to spole\u010dnosti zvonila. A ne jen tak trochu.<\/span><\/p>\n<p><span dir=\"auto\">Spole\u010dnost si \u00fadajn\u011b za ka\u017ed\u00fd z t\u011bchto ceremoni\u00e1l\u016f \u00fa\u010dtovala p\u0159ibli\u017en\u011b dva miliony eur. Spole\u010dnosti byly zad\u00e1ny i gigantick\u00e9 akce, jako nap\u0159\u00edklad mezin\u00e1rodn\u00ed ceremoni\u00e1l k 80. v\u00fdro\u010d\u00ed vylod\u011bn\u00ed Spojenc\u016f v Normandii. St\u00e1tn\u00ed zastupitelstv\u00ed, kter\u00e9 p\u0159\u00edpad vy\u0161et\u0159uje od prosince 2023, m\u00e1 podez\u0159en\u00ed z masivn\u00edho zv\u00fdhod\u0148ov\u00e1n\u00ed a korupce p\u0159i zad\u00e1v\u00e1n\u00ed t\u011bchto lukrativn\u00edch ve\u0159ejn\u00fdch zak\u00e1zek.<\/span><\/p>\n<figure class=\"wp-block-embed is-type-rich is-provider-twitter wp-block-embed-twitter\">\n<div class=\"wp-block-embed__wrapper\">\n<div class=\"twitter-tweet twitter-tweet-rendered\"><iframe id=\"twitter-widget-1\" class=\"\" title=\"X P\u0159\u00edsp\u011bvek\" src=\"https:\/\/platform.twitter.com\/embed\/Tweet.html?dnt=true&amp;embedId=twitter-widget-1&amp;features=eyJ0ZndfdGltZWxpbmVfbGlzdCI6eyJidWNrZXQiOltdLCJ2ZXJzaW9uIjpudWxsfSwidGZ3X2ZvbGxvd2VyX2NvdW50X3N1bnNldCI6eyJidWNrZXQiOnRydWUsInZlcnNpb24iOm51bGx9LCJ0ZndfdHdlZXRfZWRpdF9iYWNrZW5kIjp7ImJ1Y2tldCI6Im9uIiwidmVyc2lvbiI6bnVsbH0sInRmd19yZWZzcmNfc2Vzc2lvbiI6eyJidWNrZXQiOiJvbiIsInZlcnNpb24iOm51bGx9LCJ0ZndfZm9zbnJfc29mdF9pbnRlcnZlbnRpb25zX2VuYWJsZWQiOnsiYnVja2V0Ijoib24iLCJ2ZXJzaW9uIjpudWxsfSwidGZ3X21peGVkX21lZGlhXzE1ODk3Ijp7ImJ1Y2tldCI6InRyZWF0bWVudCIsInZlcnNpb24iOm51bGx9LCJ0ZndfZXhwZXJpbWVudHNfY29va2llX2V4cGlyYXRpb24iOnsiYnVja2V0IjoxMjA5NjAwLCJ2ZXJzaW9uIjpudWxsfSwidGZ3X3Nob3dfYmlyZHdhdGNoX3Bpdm90c19lbmFibGVkIjp7ImJ1Y2tldCI6Im9uIiwidmVyc2lvbiI6bnVsbH0sInRmd19kdXBsaWNhdGVfc2NyaWJlc190b19zZXR0aW5ncyI6eyJidWNrZXQiOiJvbiIsInZlcnNpb24iOm51bGx9LCJ0ZndfdXNlX3Byb2ZpbGVfaW1hZ2Vfc2hhcGVfZW5hYmxlZCI6eyJidWNrZXQiOiJvbiIsInZlcnNpb24iOm51bGx9LCJ0ZndfdmlkZW9faGxzX2R5bmFtaWNfbWFuaWZlc3RzXzE1MDgyIjp7ImJ1Y2tldCI6InRydWVfYml0cmF0ZSIsInZlcnNpb24iOm51bGx9LCJ0ZndfbGVnYWN5X3RpbWVsaW5lX3N1bnNldCI6eyJidWNrZXQiOnRydWUsInZlcnNpb24iOm51bGx9LCJ0ZndfdHdlZXRfZWRpdF9mcm9udGVuZCI6eyJidWNrZXQiOiJvbiIsInZlcnNpb24iOm51bGx9fQ%3D%3D&amp;frame=false&amp;hideCard=false&amp;hideThread=false&amp;id=2044069774959730742&amp;lang=de&amp;origin=https%3A%2F%2Freport24.news%2Fkorruptions-sumpf-in-frankreich-ermittler-duerfen-praesidentenpalast-nicht-betreten%2F&amp;sessionId=02b2ff88f77fa0500012af2e449d6e8243a9eb72&amp;theme=light&amp;widgetsVersion=2615f7e52b7e0%3A1702314776716&amp;width=550px\" frameborder=\"0\" scrolling=\"no\" allowfullscreen=\"allowfullscreen\" data-tweet-id=\"2044069774959730742\" data-mce-fragment=\"1\"><\/iframe><\/div>\n<\/div>\n<\/figure>\n<p><span dir=\"auto\">Skand\u00e1l se t\u00fdk\u00e1 cel\u00e9ho establishmentu: Podez\u0159el\u00e9 machinace za\u010daly za Macronov\u00fdch p\u0159edch\u016fdc\u016f Fran\u00e7oise Hollanda a Nicolase Sarkozyho \u2013 a zjevn\u011b plynule pokra\u010dovaly i za Macrona. Alespo\u0148: Pokud se prezident skr\u00fdv\u00e1 za \u00fastavou, vy\u0161et\u0159ovatel\u00e9 se jednodu\u0161e zam\u011b\u0159ili na jin\u00e9 oblasti. Razie v \u00fater\u00fd skute\u010dn\u011b prob\u011bhly na jin\u00fdch m\u00edstech a v soukrom\u00fdch rezidenc\u00edch z\u00fa\u010dastn\u011bn\u00fdch osob.<\/span><\/p>\n<p><span dir=\"auto\">Skute\u010dn\u00e9 vy\u0159e\u0161en\u00ed p\u0159\u00edpadu se st\u011b\u017e\u00ed o\u010dek\u00e1v\u00e1, alespo\u0148 ne dokud se do Elysejsk\u00e9ho pal\u00e1ce budou st\u011bhovat stejn\u00ed kump\u00e1ni establishmentu. I kdyby ve\u0159ejnost na Macrona tla\u010dila, aby \u00fa\u0159ad\u016fm umo\u017enil p\u0159\u00edstup, prezidentsk\u00fd pal\u00e1c je ji\u017e v pohotovosti. Kolik spis\u016f bude do t\u00e9 doby zni\u010deno?<\/span><\/p>\n<p><img decoding=\"async\" loading=\"lazy\" class=\"alignnone size-full wp-image-1185\" src=\"http:\/\/www.infokuryr.cz\/n\/wp-content\/uploads\/2021\/04\/kuryr-podpis.png\" alt=\"\" width=\"84\" height=\"24\" \/><\/p>\n<p>&nbsp;<\/p>\n","protected":false},"excerpt":{"rendered":"<p>Pokud jde o francouzsk\u00e9ho prezidenta, plat\u00ed pro n\u011bj zcela jin\u00e1 pravidla ne\u017e pro b\u011b\u017en\u00e9 ob\u010dany&#8230;.<\/p>\n","protected":false},"author":2,"featured_media":104679,"comment_status":"closed","ping_status":"closed","sticky":false,"template":"","format":"standard","meta":[],"categories":[7],"tags":[130,1503,207,307],"_links":{"self":[{"href":"https:\/\/www.infokuryr.cz\/n\/wp-json\/wp\/v2\/posts\/104678"}],"collection":[{"href":"https:\/\/www.infokuryr.cz\/n\/wp-json\/wp\/v2\/posts"}],"about":[{"href":"https:\/\/www.infokuryr.cz\/n\/wp-json\/wp\/v2\/types\/post"}],"author":[{"embeddable":true,"href":"https:\/\/www.infokuryr.cz\/n\/wp-json\/wp\/v2\/users\/2"}],"replies":[{"embeddable":true,"href":"https:\/\/www.infokuryr.cz\/n\/wp-json\/wp\/v2\/comments?post=104678"}],"version-history":[{"count":0,"href":"https:\/\/www.infokuryr.cz\/n\/wp-json\/wp\/v2\/posts\/104678\/revisions"}],"wp:featuredmedia":[{"embeddable":true,"href":"https:\/\/www.infokuryr.cz\/n\/wp-json\/wp\/v2\/media\/104679"}],"wp:attachment":[{"href":"https:\/\/www.infokuryr.cz\/n\/wp-json\/wp\/v2\/media?parent=104678"}],"wp:term":[{"taxonomy":"category","embeddable":true,"href":"https:\/\/www.infokuryr.cz\/n\/wp-json\/wp\/v2\/categories?post=104678"},{"taxonomy":"post_tag","embeddable":true,"href":"https:\/\/www.infokuryr.cz\/n\/wp-json\/wp\/v2\/tags?post=104678"}],"curies":[{"name":"wp","href":"https:\/\/api.w.org\/{rel}","templated":true}]}}