{"id":104676,"date":"2026-04-16T00:34:21","date_gmt":"2026-04-15T22:34:21","guid":{"rendered":"https:\/\/www.infokuryr.cz\/n\/?p=104676"},"modified":"2026-04-15T18:15:06","modified_gmt":"2026-04-15T16:15:06","slug":"nemecko-vysetrovani-kritiku-islamu-ale-zesmesnovani-krestanu-zustava-bez-trestu","status":"publish","type":"post","link":"https:\/\/www.infokuryr.cz\/n\/2026\/04\/16\/nemecko-vysetrovani-kritiku-islamu-ale-zesmesnovani-krestanu-zustava-bez-trestu\/","title":{"rendered":"N\u011bmecko: Vy\u0161et\u0159ov\u00e1n\u00ed kritik\u016f isl\u00e1mu \u2013 ale zesm\u011b\u0161\u0148ov\u00e1n\u00ed k\u0159es\u0165an\u016f z\u016fst\u00e1v\u00e1 bez trestu"},"content":{"rendered":"<div id=\"fb-root\"><\/div>\n<p><strong><span dir=\"auto\">V N\u011bmecku sta\u010d\u00ed kritick\u00fd postoj k isl\u00e1mu k z\u00e1sahu mocn\u00e9ho st\u00e1tu. Dva k\u0159es\u0165an\u0161t\u00ed youtube\u0159i z Hamburku \u010del\u00ed obvin\u011bn\u00ed z rouh\u00e1n\u00ed, p\u0159esto\u017ee na n\u011b nikdo nepodal trestn\u00ed ozn\u00e1men\u00ed. Z\u00e1rove\u0148 je zesm\u011b\u0161\u0148ov\u00e1n\u00ed k\u0159es\u0165anstv\u00ed oslavov\u00e1no jako um\u011bn\u00ed a antisemitsk\u00e1 nen\u00e1vist v ulic\u00edch z\u016fst\u00e1v\u00e1 nepotrest\u00e1na. Zd\u00e1 se, \u017ee spravedlnost m\u00e1 klapky na o\u010d\u00edch.<\/span><\/strong><\/p>\n<p><span dir=\"auto\">V prosinci 2024 zve\u0159ejnili Niko a Tino na sv\u00e9m kan\u00e1lu \u201eEternal Life\u201c video s n\u00e1zvem \u201eIsl\u00e1m nen\u00ed m\u00edr\u201c. V n\u011bm uk\u00e1zali z\u00e1b\u011bry z \u201epropalestinsk\u00fdch\u201c demonstrac\u00ed v Berl\u00edn\u011b-Weddingu a Hamburku, kde \u201eMuslim Interaktiv\u201c vyz\u00fdval k vytvo\u0159en\u00ed chal\u00edf\u00e1tu. Oba citovali had\u00eds, kter\u00fd vyz\u00fdv\u00e1 muslimy k zab\u00edjen\u00ed \u017did\u016f, dokud se \u201eneschovaj\u00ed za kameny a stromy\u201c, co\u017e je pas\u00e1\u017e, kter\u00e1 se nach\u00e1z\u00ed i v chart\u011b Ham\u00e1su. Antisemitismus ozna\u010dili za \u201ed\u00e9monick\u00e9ho ducha\u201c a \u0159ekli: \u201eIsl\u00e1m a poselstv\u00ed, kter\u00e9 se za n\u00edm skr\u00fdv\u00e1, p\u0159in\u00e1\u0161ej\u00ed pouze nen\u00e1vist, moc a vra\u017edu. Toto n\u00e1bo\u017eenstv\u00ed nen\u00ed m\u00edr, nen\u00ed radost a nen\u00ed \u017eivot.\u201c<\/span><\/p>\n<p><a href=\"https:\/\/apollo-news.net\/youtuber-warnen-vor-muslimischem-antisemitismus-gegen-beide-ermittelt-jetzt-die-staatsanwaltschaft-wegen-blasphemie-paragrafen\/\"><span dir=\"auto\">To u\u017e bylo v N\u011bmecku p\u0159\u00edli\u0161<\/span><\/a><span dir=\"auto\">\u00a0. V \u00fanoru 2025 zah\u00e1jila hambursk\u00e1 st\u00e1tn\u00ed prokuratura vy\u0161et\u0159ov\u00e1n\u00ed z moci \u00fa\u0159edn\u00ed (bez st\u00ed\u017enosti), nejprve proti Nikovi, pot\u00e9 i proti Tinovi. Vy\u0161et\u0159ov\u00e1n\u00ed se op\u00edralo o paragraf 166 n\u011bmeck\u00e9ho trestn\u00edho z\u00e1kon\u00edku, \u201eur\u00e1\u017eku n\u00e1bo\u017eensk\u00e9ho p\u0159esv\u011bd\u010den\u00ed\u201c. \u00da\u0159ady pova\u017eovaly tato slova za hanoben\u00ed isl\u00e1mu, kter\u00e9 m\u016f\u017ee naru\u0161it ve\u0159ejn\u00fd po\u0159\u00e1dek. Video m\u011blo pouze 600 a\u017e 1 000 zhl\u00e9dnut\u00ed, YouTube ho rychle ozna\u010dilo za \u201enebezpe\u010dn\u00e9\u201c a odstranilo. Pr\u00e1vn\u00edk youtuber\u016f zd\u016fraz\u0148uje, \u017ee v p\u0159\u00edpadu jde o obranu k\u0159es\u0165ansk\u00e9 v\u00edry a varov\u00e1n\u00ed p\u0159ed antisemitismem, nikoli o podn\u011bcov\u00e1n\u00ed k nen\u00e1visti.\u00a0<\/span><a href=\"https:\/\/www.idea.de\/artikel\/hamburg-staatsanwaltschaft-ermittelt-gegen-christlichen-youtuber\"><span dir=\"auto\">\u0158\u00edzen\u00ed nicm\u00e9n\u011b pokra\u010duje<\/span><\/a><span dir=\"auto\">\u00a0. \u00da\u0159ady z\u0159ejm\u011b cht\u011bj\u00ed vyslat pronikav\u00fd sign\u00e1l proti \u201eantiisl\u00e1msk\u00e9mu rasismu\u201c.<\/span><\/p>\n<h3 id=\"h-verhohnung-des-christentums-wird-toleriert\" class=\"wp-block-heading\"><span dir=\"auto\">Zesm\u011b\u0161\u0148ov\u00e1n\u00ed k\u0159es\u0165anstv\u00ed je tolerov\u00e1no.<\/span><\/h3>\n<p><span dir=\"auto\">Ti, kdo se k\u0159es\u0165anstv\u00ed vysm\u00edvaj\u00ed, jsou v\u0161ak chr\u00e1n\u011bni um\u011bleckou svobodou a svobodou projevu. V roce 2020 Carolin Kebekusov\u00e1, oble\u010den\u00e1 jako jepti\u0161ka, ve sv\u00e9m po\u0159adu na ARD rapovala p\u0159ed krucifixem: \u201eU kn\u011b\u017esk\u00e9ho sv\u011bcen\u00ed se n\u00e1m neda\u0159\u00ed\u201c a \u201ePus\u0165te n\u00e1s do va\u0161eho klubu s penisy.\u201c\u00a0<\/span><strong><span dir=\"auto\">Kv\u016fli symbol\u016fm vulvy a p\u0159\u00edm\u00e9 sexualizaci Je\u017e\u00ed\u0161e byly pod\u00e1ny stovky st\u00ed\u017enost\u00ed, ale \u017e\u00e1dn\u00e9 vy\u0161et\u0159ov\u00e1n\u00ed nebylo provedeno. St\u00e1tn\u00ed zastupitelstv\u00ed v Kol\u00edn\u011b nad R\u00fdnem v\u0161echna obvin\u011bn\u00ed zam\u00edtlo.<\/span><\/strong><\/p>\n<p><span dir=\"auto\">V oblasti protik\u0159es\u0165ansk\u00e9 vysok\u00e9 kultury se v\u011bci je\u0161t\u011b v\u00edce vyhrocuj\u00ed. \u201eOpera\u201c Florentiny Holzingerov\u00e9 \u201eSancta\u201c zobrazovala nah\u00e9 jepti\u0161ky na kole\u010dkov\u00fdch brusl\u00edch, lesbick\u00e9 milostn\u00e9 sc\u00e9ny na k\u0159\u00ed\u017ei a sexu\u00e1ln\u00ed ritu\u00e1ly na olt\u00e1\u0159i.\u00a0<\/span><strong><span dir=\"auto\">\u201eOpera\u201c vyvolala masivn\u00ed obvin\u011bn\u00ed z rouh\u00e1n\u00ed, ale justice samoz\u0159ejm\u011b neud\u011blala nic. M\u00edsto soudn\u00edho procesu ji levicov\u00fd Wokoharam chv\u00e1lil jako \u201eradik\u00e1ln\u00ed\u201c a \u201einscenaci roku\u201c.<\/span><\/strong><\/p>\n<p><span dir=\"auto\">V roce 2020 satirick\u00fd \u010dasopis Titanic zve\u0159ejnil ob\u00e1lku s nah\u00fdm Je\u017e\u00ed\u0161em a pape\u017eem v obsc\u00e9nn\u00edch p\u00f3z\u00e1ch. V N\u011bmecku to samoz\u0159ejm\u011b bylo naprosto leg\u00e1ln\u00ed. Je to v\u0161echno um\u011bn\u00ed, cokoli je mo\u017en\u00e9. Tento seznam by mohl pokra\u010dovat donekone\u010dna.<\/span><\/p>\n<h3 id=\"h-auch-keine-konsequenzen-fur-antijudische-hetze\" class=\"wp-block-heading\"><span dir=\"auto\">\u017d\u00e1dn\u00e9 d\u016fsledky ani za proti\u017eidovsk\u00e9 nen\u00e1vistn\u00e9 projevy.<\/span><\/h3>\n<p><span dir=\"auto\">Z\u00e1rove\u0148 v n\u011bmeck\u00fdch ulic\u00edch zu\u0159\u00ed otev\u0159en\u00e1 nen\u00e1vist k \u017did\u016fm. Na demonstrac\u00edch islamofa\u0161ist\u016f a jejich p\u0159\u00edznivc\u016f je po\u017eadov\u00e1no zni\u010den\u00ed Izraele, cituj\u00ed se had\u00edsy vyz\u00fdvaj\u00edc\u00ed k zab\u00edjen\u00ed nev\u011b\u0159\u00edc\u00edch a \u017did\u00e9 jsou ur\u00e1\u017eeni jako prasata.\u00a0<\/span><strong><span dir=\"auto\">Ve\u0159ejn\u00ed z\u00e1stupci podivn\u011b ml\u010d\u00ed. Tent\u00fd\u017e paragraf 166, kter\u00fd vede k trestn\u00edmu st\u00edh\u00e1n\u00ed v p\u0159\u00edpadech kritiky isl\u00e1mu, z\u016fst\u00e1v\u00e1 n\u00e1padn\u011b ne\u00fa\u010dinn\u00fd v p\u0159\u00edpadech proti\u017eidovsk\u00e9ho podn\u011bcov\u00e1n\u00ed.<\/span><\/strong><\/p>\n<p><span dir=\"auto\">Pokrytectv\u00ed nemohlo b\u00fdt do o\u010d\u00ed bij\u00edc\u00ed. Mocn\u00fd st\u00e1t, kter\u00fd se jinak prezentuje jako tak rozmanit\u00fd, inkluzivn\u00ed a tolerantn\u00ed, chr\u00e1n\u00ed pouze jedno konkr\u00e9tn\u00ed n\u00e1bo\u017eenstv\u00ed plnou silou sv\u00e9ho trestn\u00edho z\u00e1kona. Kritika isl\u00e1mu je prohl\u00e1\u0161ena za \u201enaru\u0161en\u00ed m\u00edru\u201c, zat\u00edmco systematick\u00e9 zesm\u011b\u0161\u0148ov\u00e1n\u00ed k\u0159es\u0165anstv\u00ed je pova\u017eov\u00e1no za pokrok. Ka\u017ed\u00fd, kdo se na \u201en\u00e1bo\u017eenstv\u00ed m\u00edru\u201c d\u00edv\u00e1 se skepticismem, riskuje trestn\u00ed st\u00edh\u00e1n\u00ed. Ti, kdo znesv\u011bcuj\u00ed k\u0159\u00ed\u017ee nebo sexualizuj\u00ed Je\u017e\u00ed\u0161e, dost\u00e1vaj\u00ed finan\u010dn\u00ed prost\u0159edky a potlesk samolib\u00fdch.<\/span><\/p>\n<p><span dir=\"auto\">Spravedlnost nen\u00ed slep\u00e1. Je zaujat\u00e1. Svoboda projevu se z\u0159ejm\u011b vztahuje pouze na jeden n\u00e1zor. K\u0159es\u0165an\u0161t\u00ed youtube\u0159i Niko a Tino v podstat\u011b jen \u0159ekli, \u017ee antisemitismus je tolerov\u00e1n, pokud poch\u00e1z\u00ed z ur\u010dit\u00e9ho zdroje. Mocn\u00fd st\u00e1t ale zasahuje pouze tehdy, kdy\u017e je kritizov\u00e1no \u201enespr\u00e1vn\u00e9\u201c n\u00e1bo\u017eenstv\u00ed. To nen\u00ed pr\u00e1vn\u00ed st\u00e1t; to je politick\u00e9 pron\u00e1sledov\u00e1n\u00ed. Ale to mi nevad\u00ed. Koneckonc\u016f, kritika isl\u00e1mu je v isl\u00e1msk\u00fdch zem\u00edch tak\u00e9 zak\u00e1z\u00e1na.<\/span><\/p>\n<p><span dir=\"auto\">Mimochodem, jsem pro zru\u0161en\u00ed v\u0161ech z\u00e1kon\u016f o rouh\u00e1n\u00ed. Ka\u017ed\u00e9 n\u00e1bo\u017eenstv\u00ed mus\u00ed b\u00fdt schopno p\u0159ijmout kritiku, stejn\u011b jako ka\u017ed\u00e1 ideologie. O to se v Evrop\u011b bojuje u\u017e dlouho.<\/span><\/p>\n<p><em><span dir=\"auto\">Koment\u00e1\u0159 <a href=\"https:\/\/report24.news\/deutschland-ermittlungen-gegen-islamkritiker-aber-christenverhoehnung-bleibt-straffrei\/\">Chrise Vebera<\/a><\/span><\/em><\/p>\n<p>&nbsp;<\/p>\n","protected":false},"excerpt":{"rendered":"<p>V N\u011bmecku sta\u010d\u00ed kritick\u00fd postoj k isl\u00e1mu k z\u00e1sahu mocn\u00e9ho st\u00e1tu. Dva k\u0159es\u0165an\u0161t\u00ed youtube\u0159i z&#8230;<\/p>\n","protected":false},"author":2,"featured_media":104677,"comment_status":"closed","ping_status":"closed","sticky":false,"template":"","format":"standard","meta":[],"categories":[7],"tags":[2141,44,84,10888],"_links":{"self":[{"href":"https:\/\/www.infokuryr.cz\/n\/wp-json\/wp\/v2\/posts\/104676"}],"collection":[{"href":"https:\/\/www.infokuryr.cz\/n\/wp-json\/wp\/v2\/posts"}],"about":[{"href":"https:\/\/www.infokuryr.cz\/n\/wp-json\/wp\/v2\/types\/post"}],"author":[{"embeddable":true,"href":"https:\/\/www.infokuryr.cz\/n\/wp-json\/wp\/v2\/users\/2"}],"replies":[{"embeddable":true,"href":"https:\/\/www.infokuryr.cz\/n\/wp-json\/wp\/v2\/comments?post=104676"}],"version-history":[{"count":0,"href":"https:\/\/www.infokuryr.cz\/n\/wp-json\/wp\/v2\/posts\/104676\/revisions"}],"wp:featuredmedia":[{"embeddable":true,"href":"https:\/\/www.infokuryr.cz\/n\/wp-json\/wp\/v2\/media\/104677"}],"wp:attachment":[{"href":"https:\/\/www.infokuryr.cz\/n\/wp-json\/wp\/v2\/media?parent=104676"}],"wp:term":[{"taxonomy":"category","embeddable":true,"href":"https:\/\/www.infokuryr.cz\/n\/wp-json\/wp\/v2\/categories?post=104676"},{"taxonomy":"post_tag","embeddable":true,"href":"https:\/\/www.infokuryr.cz\/n\/wp-json\/wp\/v2\/tags?post=104676"}],"curies":[{"name":"wp","href":"https:\/\/api.w.org\/{rel}","templated":true}]}}