{"id":104674,"date":"2026-04-16T00:32:19","date_gmt":"2026-04-15T22:32:19","guid":{"rendered":"https:\/\/www.infokuryr.cz\/n\/?p=104674"},"modified":"2026-04-15T18:12:29","modified_gmt":"2026-04-15T16:12:29","slug":"von-der-leyenova-oznamuje-zavedeni-internetoveho-pasu-digitalni-kontroly-pod-rouskou-ochrany-mladeze","status":"publish","type":"post","link":"https:\/\/www.infokuryr.cz\/n\/2026\/04\/16\/von-der-leyenova-oznamuje-zavedeni-internetoveho-pasu-digitalni-kontroly-pod-rouskou-ochrany-mladeze\/","title":{"rendered":"Von der Leyenov\u00e1 oznamuje zaveden\u00ed internetov\u00e9ho pasu \u2013 digit\u00e1ln\u00ed kontroly pod rou\u0161kou ochrany ml\u00e1de\u017ee"},"content":{"rendered":"<div id=\"fb-root\"><\/div>\n<div class=\"elementor-element elementor-element-1fb4c2c elementor-widget elementor-widget-theme-post-content\" data-id=\"1fb4c2c\" data-element_type=\"widget\" data-e-type=\"widget\" data-widget_type=\"theme-post-content.default\">\n<div class=\"elementor-widget-container\">\n<p><span dir=\"auto\">To, co se prod\u00e1v\u00e1 jako opat\u0159en\u00ed na ochranu d\u011bt\u00ed, by se mohlo uk\u00e1zat jako jeden z nejrozs\u00e1hlej\u0161\u00edch z\u00e1sah\u016f do digit\u00e1ln\u00edho soukrom\u00ed Evropan\u016f. S novou aplikac\u00ed pro ov\u011b\u0159ov\u00e1n\u00ed v\u011bku Brusel prosazuje projekt, kter\u00fd m\u00e1 ofici\u00e1ln\u011b omezit p\u0159\u00edstup nezletil\u00fdch k pornografick\u00fdm webov\u00fdm str\u00e1nk\u00e1m a soci\u00e1ln\u00edm m\u00e9di\u00edm \u2013 ale ve skute\u010dnosti otev\u00edr\u00e1 dve\u0159e zcela nov\u00e9 form\u011b digit\u00e1ln\u00ed kontroly.<\/span><\/p>\n<h2 class=\"wp-block-heading\"><span dir=\"auto\">Za\u010d\u00e1tek tot\u00e1ln\u00edho ov\u011b\u0159ov\u00e1n\u00ed identity<\/span><\/h2>\n<p><span dir=\"auto\">N\u00e1pad zn\u00ed zpo\u010d\u00e1tku ne\u0161kodn\u011b: u\u017eivatel\u00e9 budou brzy moci prok\u00e1zat sv\u016fj v\u011bk prost\u0159ednictv\u00edm aplikace \u2013 nap\u0159\u00edklad naskenov\u00e1n\u00edm pr\u016fkazu toto\u017enosti, podobn\u011b jako p\u0159i n\u00e1kupu alkoholu. (\u00a0<\/span><a href=\"https:\/\/www.headliner.nl\/item\/brussel-lanceert-leeftijdsverificatie-app-nieuwe-stap-naar-kinderslot-op-pornosites-en-sociale-media-telegraaf-2224604\" target=\"_blank\" rel=\"noreferrer noopener\"><span dir=\"auto\">Headliner<\/span><\/a><span dir=\"auto\">\u00a0)<\/span><\/p>\n<p><span dir=\"auto\">Ale pr\u00e1v\u011b to je kl\u00ed\u010dov\u00fd bod:<\/span><br \/>\n<span dir=\"auto\">Poprv\u00e9 by byl p\u0159\u00edstup k velk\u00fdm \u010d\u00e1stem internetu spojen s ov\u011b\u0159ov\u00e1n\u00edm toto\u017enosti ze strany st\u00e1tu nebo st\u00e1tem ovlivn\u011bn\u00e9ho ov\u011b\u0159ov\u00e1n\u00ed toto\u017enosti.<\/span><\/p>\n<figure class=\"wp-block-embed is-type-video is-provider-youtube wp-block-embed-youtube wp-embed-aspect-16-9 wp-has-aspect-ratio\">\n<div class=\"wp-block-embed__wrapper\"><iframe loading=\"lazy\" title=\"Ursula von der Leyen p\u0159edstavuje aplikaci pro ov\u011b\u0159ov\u00e1n\u00ed v\u011bku EU\" src=\"https:\/\/www.youtube.com\/embed\/4VRRriyDKKk?feature=oembed\" width=\"800\" height=\"450\" frameborder=\"0\" allowfullscreen=\"allowfullscreen\" data-mce-fragment=\"1\"><\/iframe><\/div>\n<\/figure>\n<p><span dir=\"auto\">Co dnes za\u010d\u00edn\u00e1 jako \u201edobrovoln\u00e9 \u0159e\u0161en\u00ed\u201c, se z\u00edtra m\u016f\u017ee st\u00e1t po\u017eadavkem.<\/span><\/p>\n<h2 class=\"wp-block-heading\"><span dir=\"auto\">Od ochrany ml\u00e1de\u017ee k infrastruktu\u0159e dohledu<\/span><\/h2>\n<p><span dir=\"auto\">Ofici\u00e1ln\u011b jde o ochranu d\u011bt\u00ed p\u0159ed \u0161kodliv\u00fdm obsahem, kyber\u0161ikanou a kriminalitou.<\/span><\/p>\n<p><span dir=\"auto\">Kritici to v\u0161ak vn\u00edmaj\u00ed jako rozvoj infrastruktury, kter\u00e1 tento \u00fa\u010del daleko p\u0159esahuje:<\/span><\/p>\n<ul>\n<li><span dir=\"auto\">Centr\u00e1ln\u00ed ov\u011b\u0159ov\u00e1n\u00ed identity pro online p\u0159\u00edstup<\/span><\/li>\n<li><span dir=\"auto\">potenci\u00e1ln\u00ed souvislost mezi chov\u00e1n\u00edm u\u017eivatel\u016f a skute\u010dn\u00fdmi identitami<\/span><\/li>\n<li><span dir=\"auto\">postupn\u00e9 zru\u0161en\u00ed anonymn\u00edho pou\u017e\u00edv\u00e1n\u00ed internetu<\/span><\/li>\n<\/ul>\n<p><span dir=\"auto\">Technick\u00fd z\u00e1klad pro to ji\u017e existuje \u2013 a byl v podobn\u00e9 podob\u011b testov\u00e1n b\u011bhem pandemie s digit\u00e1ln\u00edmi certifik\u00e1ty.<\/span><\/p>\n<h2 class=\"wp-block-heading\"><span dir=\"auto\">Tlak na platformy \u2013 nep\u0159\u00edm\u00fd n\u00e1tlak na u\u017eivatele<\/span><\/h2>\n<p><span dir=\"auto\">Brusel (zat\u00edm) p\u0159\u00edmo nenut\u00ed ob\u010dany pou\u017e\u00edvat aplikaci. M\u00edsto toho se na platformy zvy\u0161uje tlak \u2013 nap\u0159\u00edklad prost\u0159ednictv\u00edm z\u00e1kona o digit\u00e1ln\u00edch slu\u017eb\u00e1ch.<\/span><\/p>\n<p><span dir=\"auto\">V d\u016fsledku toho<\/span><br \/>\n<span dir=\"auto\">jsou TikTok, Pornhub, Snapchat a dal\u0161\u00ed slu\u017eby st\u00e1le v\u00edce pod tlakem, aby zavedly p\u0159\u00edsn\u011bj\u0161\u00ed v\u011bkovou kontrolu.<\/span><\/p>\n<p><span dir=\"auto\">U\u017eivatel\u00e9 v kone\u010dn\u00e9m d\u016fsledku nemaj\u00ed na v\u00fdb\u011br:<\/span><br \/>\n<span dir=\"auto\">\u017e\u00e1dn\u00e9 ov\u011b\u0159en\u00ed v\u011bku, \u017e\u00e1dn\u00fd p\u0159\u00edstup.<\/span><\/p>\n<h2 class=\"wp-block-heading\"><span dir=\"auto\">Dal\u0161\u00ed krok: z\u00e1kaz soci\u00e1ln\u00edch m\u00e9di\u00ed pro nezletil\u00e9?<\/span><\/h2>\n<p><span dir=\"auto\">Soub\u011b\u017en\u011b s t\u00edm evropsk\u00e9 vl\u00e1dy ji\u017e diskutuj\u00ed o dal\u0161\u00edch opat\u0159en\u00edch, v\u010detn\u011b mo\u017en\u00e9ho z\u00e1kazu soci\u00e1ln\u00edch m\u00e9di\u00ed pro nezletil\u00e9 na \u00farovni EU.<\/span><\/p>\n<p><span dir=\"auto\">Aplikace pro ov\u011b\u0159ov\u00e1n\u00ed v\u011bku by pro to byla perfektn\u00edm technick\u00fdm z\u00e1kladem.<\/span><\/p>\n<p><span dir=\"auto\">Co dnes za\u010d\u00edn\u00e1 jako ochrana, m\u016f\u017ee z\u00edtra v\u00e9st ke komplexn\u00ed regulaci digit\u00e1ln\u00ed komunikace.<\/span><\/p>\n<h2 class=\"wp-block-heading\"><span dir=\"auto\">Iluze soukrom\u00ed<\/span><\/h2>\n<p><span dir=\"auto\">EU zd\u016fraz\u0148uje, \u017ee aplikace funguje zp\u016fsobem \u0161et\u0159\u00edc\u00edm data a spl\u0148uje vysok\u00e9 standardy ochrany \u00fadaj\u016f.<\/span><\/p>\n<p><span dir=\"auto\">Toto uji\u0161t\u011bn\u00ed v\u0161ak vyvol\u00e1v\u00e1 z\u00e1sadn\u00ed ot\u00e1zky:<\/span><\/p>\n<ul>\n<li><span dir=\"auto\">Kdo ovl\u00e1d\u00e1 infrastrukturu?<\/span><\/li>\n<li><span dir=\"auto\">Kdo zaru\u010d\u00ed, \u017ee data nebudou roz\u0161i\u0159ov\u00e1na nebo propojov\u00e1na?<\/span><\/li>\n<li><span dir=\"auto\">Co se stane s budouc\u00edmi zm\u011bnami z\u00e1kona?<\/span><\/li>\n<\/ul>\n<p><span dir=\"auto\">Technick\u00e9 syst\u00e9my z\u0159\u00eddka z\u016fst\u00e1vaj\u00ed omezeny na sv\u016fj p\u016fvodn\u00ed \u00fa\u010del.<\/span><\/p>\n<h2 class=\"wp-block-heading\"><span dir=\"auto\">Precedent s dalekos\u00e1hl\u00fdmi d\u016fsledky<\/span><\/h2>\n<p><span dir=\"auto\">Skute\u010dn\u00fd probl\u00e9m nespo\u010d\u00edv\u00e1 v samotn\u00e9 aplikaci, ale v principu, na kter\u00e9m je zalo\u017eena:<\/span><\/p>\n<p><span dir=\"auto\">Internet, kde se identita st\u00e1v\u00e1 p\u0159edpokladem pro p\u0159\u00edstup.<\/span><\/p>\n<p><span dir=\"auto\">To by m\u011blo hlubok\u00e9 d\u016fsledky:<\/span><\/p>\n<ul>\n<li><span dir=\"auto\">m\u00e9n\u011b anonymity<\/span><\/li>\n<li><span dir=\"auto\">v\u00edce autocenzury<\/span><\/li>\n<li><span dir=\"auto\">siln\u011bj\u0161\u00ed kontrola ze strany st\u00e1tu a soukrom\u00fdch subjekt\u016f<\/span><\/li>\n<\/ul>\n<h2 class=\"wp-block-heading\"><span dir=\"auto\">Z\u00e1v\u011br<\/span><\/h2>\n<p><span dir=\"auto\">Aplikace pro ov\u011b\u0159ov\u00e1n\u00ed v\u011bku je v\u00edc ne\u017e jen \u201ed\u011btsk\u00e1 hra\u010dka\u201c. Je to potenci\u00e1ln\u00ed zlomov\u00fd bod v digit\u00e1ln\u00edm rozvoji Evropy.<\/span><\/p>\n<p><span dir=\"auto\">Pod hlavi\u010dkou ochrany se vytv\u00e1\u0159\u00ed syst\u00e9m, kter\u00fd \u2013 jakmile je zaveden \u2013 lze vyu\u017e\u00edvat daleko nad r\u00e1mec sv\u00e9ho p\u016fvodn\u00edho \u00fa\u010delu.<\/span><\/p>\n<p><span dir=\"auto\">Kl\u00ed\u010dovou ot\u00e1zkou tedy nen\u00ed, zda by d\u011bti m\u011bly b\u00fdt chr\u00e1n\u011bny.<\/span><br \/>\n<span dir=\"auto\">Sp\u00ed\u0161e zn\u00ed: Jakou cenu je spole\u010dnost ochotna za to zaplatit?<\/span><\/p>\n<\/div>\n<\/div>\n<div class=\"elementor-element elementor-element-8c57238 quelle dc-has-condition dc-condition-empty elementor-widget elementor-widget-heading\" data-id=\"8c57238\" data-element_type=\"widget\" data-e-type=\"widget\" data-widget_type=\"heading.default\">\n<div class=\"elementor-widget-container\">\n<h3 class=\"elementor-heading-title elementor-size-default\"><span style=\"font-size: 10pt;\"><a href=\"https:\/\/www.reuters.com\/world\/eu-age-verification-app-ready-europe-moves-curb-childrens-social-media-access-2026-04-15\/\" target=\"_blank\" rel=\"nofollow noopener\"><span dir=\"auto\">Zdroj<\/span><\/a><\/span><\/h3>\n<p>&nbsp;<\/p>\n<\/div>\n<\/div>\n","protected":false},"excerpt":{"rendered":"<p>To, co se prod\u00e1v\u00e1 jako opat\u0159en\u00ed na ochranu d\u011bt\u00ed, by se mohlo uk\u00e1zat jako jeden&#8230;<\/p>\n","protected":false},"author":2,"featured_media":104675,"comment_status":"closed","ping_status":"closed","sticky":false,"template":"","format":"standard","meta":[],"categories":[7],"tags":[245,8658,41,647,637,3251],"_links":{"self":[{"href":"https:\/\/www.infokuryr.cz\/n\/wp-json\/wp\/v2\/posts\/104674"}],"collection":[{"href":"https:\/\/www.infokuryr.cz\/n\/wp-json\/wp\/v2\/posts"}],"about":[{"href":"https:\/\/www.infokuryr.cz\/n\/wp-json\/wp\/v2\/types\/post"}],"author":[{"embeddable":true,"href":"https:\/\/www.infokuryr.cz\/n\/wp-json\/wp\/v2\/users\/2"}],"replies":[{"embeddable":true,"href":"https:\/\/www.infokuryr.cz\/n\/wp-json\/wp\/v2\/comments?post=104674"}],"version-history":[{"count":0,"href":"https:\/\/www.infokuryr.cz\/n\/wp-json\/wp\/v2\/posts\/104674\/revisions"}],"wp:featuredmedia":[{"embeddable":true,"href":"https:\/\/www.infokuryr.cz\/n\/wp-json\/wp\/v2\/media\/104675"}],"wp:attachment":[{"href":"https:\/\/www.infokuryr.cz\/n\/wp-json\/wp\/v2\/media?parent=104674"}],"wp:term":[{"taxonomy":"category","embeddable":true,"href":"https:\/\/www.infokuryr.cz\/n\/wp-json\/wp\/v2\/categories?post=104674"},{"taxonomy":"post_tag","embeddable":true,"href":"https:\/\/www.infokuryr.cz\/n\/wp-json\/wp\/v2\/tags?post=104674"}],"curies":[{"name":"wp","href":"https:\/\/api.w.org\/{rel}","templated":true}]}}