{"id":104656,"date":"2026-04-16T00:16:57","date_gmt":"2026-04-15T22:16:57","guid":{"rendered":"https:\/\/www.infokuryr.cz\/n\/?p=104656"},"modified":"2026-04-15T10:23:24","modified_gmt":"2026-04-15T08:23:24","slug":"cerni-zacinaji-terorizovat-bile-cechy-policie-je-na-jejich-strane-vlada-lzidokracie-prinasi-jedovate-ovoce","status":"publish","type":"post","link":"https:\/\/www.infokuryr.cz\/n\/2026\/04\/16\/cerni-zacinaji-terorizovat-bile-cechy-policie-je-na-jejich-strane-vlada-lzidokracie-prinasi-jedovate-ovoce\/","title":{"rendered":"\u010cern\u00ed za\u010d\u00ednaj\u00ed terorizovat b\u00edl\u00e9 \u010cechy, policie je na jejich stran\u011b\u2026 vl\u00e1da l\u017eidokracie p\u0159in\u00e1\u0161\u00ed jedovat\u00e9 ovoce"},"content":{"rendered":"<div id=\"fb-root\"><\/div>\n<p>Provincie \u010cesko je kone\u010dn\u011b z\u00e1padn\u00ed! I tady u\u017e \u010dern\u00ed imigranti boj\u00ed b\u00edl\u00e9 m\u00edstn\u00ed a policie d\u011bl\u00e1, \u017ee se nic ned\u011bje.\u00a0<strong>Obr\u00e1zky, kter\u00e9 jsme znali pouze ze z\u00e1padn\u00ed Evropy, u\u017e za\u010d\u00ednaj\u00ed b\u00fdt m\u00edstn\u00ed realito<\/strong>u.<\/p>\n<p><strong>U\u017e to nen\u00ed je \u010dern\u00fd zn\u00e1sil\u0148ova\u010d z Terez\u00edna, se sm\u011b\u0161n\u00fdm trestem, \u010di afg\u00e1nsk\u00fd pacient, kter\u00fd se pokusil zn\u00e1silnit zdravotn\u00ed sestru, ten nebyl v\u016fbec potrest\u00e1n. U\u017e je to realita b\u011b\u017en\u00fdch ulic. \u010cern\u00ed imigranti bij\u00ed m\u00edstn\u00ed b\u00edl\u00e9 a policie je na jejich stran\u011b. Vietnam\u0161t\u00ed a ture\u010dt\u00ed drogov\u00ed deale\u0159i prod\u00e1vaj\u00ed \u010desk\u00fdm d\u011btem drogy a policie se d\u00edv\u00e1 stranou! To nen\u00ed probl\u00e9m \u0159adov\u00fdch policist\u016f, to je rozkaz z veden\u00ed.\u00a0<\/strong>Kdy p\u0159\u00edslu\u0161n\u00edci m\u00edstn\u00ed l\u017eidokracie, kter\u00fdm se poda\u0159ilo ovl\u00e1dnout zemi, pracuj\u00ed na rozvratu zem\u011b a zni\u010den\u00ed \u010desk\u00e9ho n\u00e1roda. Jako spr\u00e1vn\u00ed parazit\u00e9 se c\u00edt\u00ed loaj\u00e1ln\u00ed pouze ke sv\u00fdm pobratim\u016fm od Mrtv\u00e9ho mo\u0159e, k b\u00edl\u00fdm evropsk\u00fdm n\u00e1rod\u016fm, kter\u00e9 je \u017eiv\u00ed, \u017e\u00e1dn\u00fd pozitivn\u00ed vztah nem\u011bli a nemaj\u00ed.<\/p>\n<p><strong>Dok\u00e1\u017e\u00ed se \u010ce\u0161i probrat a postavit se jim? \u010ce\u0161i jsou ve v\u00e1lce, ale nen\u00ed to v\u00e1lka s Rusem\u2026.!<\/strong><\/p>\n<p><img decoding=\"async\" loading=\"lazy\" class=\"aligncenter\" src=\"https:\/\/ceskavec.com\/wp-content\/uploads\/2026\/04\/image-512x1024.png\" width=\"535\" height=\"1070\" \/><\/p>\n<p><a href=\"https:\/\/ceskavec.com\/2026\/04\/cerni-zacinaji-terorizovat-bile-cechy-policie-je-na-jejich-strane-vlada-lzidokracie-prinasi-jedovate-ovoce\">Aron G.<\/a><\/p>\n<p>&nbsp;<\/p>\n","protected":false},"excerpt":{"rendered":"<p>Provincie \u010cesko je kone\u010dn\u011b z\u00e1padn\u00ed! I tady u\u017e \u010dern\u00ed imigranti boj\u00ed b\u00edl\u00e9 m\u00edstn\u00ed a policie&#8230;<\/p>\n","protected":false},"author":2,"featured_media":104657,"comment_status":"closed","ping_status":"closed","sticky":false,"template":"","format":"standard","meta":[],"categories":[6],"tags":[101,670,1503,1300],"_links":{"self":[{"href":"https:\/\/www.infokuryr.cz\/n\/wp-json\/wp\/v2\/posts\/104656"}],"collection":[{"href":"https:\/\/www.infokuryr.cz\/n\/wp-json\/wp\/v2\/posts"}],"about":[{"href":"https:\/\/www.infokuryr.cz\/n\/wp-json\/wp\/v2\/types\/post"}],"author":[{"embeddable":true,"href":"https:\/\/www.infokuryr.cz\/n\/wp-json\/wp\/v2\/users\/2"}],"replies":[{"embeddable":true,"href":"https:\/\/www.infokuryr.cz\/n\/wp-json\/wp\/v2\/comments?post=104656"}],"version-history":[{"count":0,"href":"https:\/\/www.infokuryr.cz\/n\/wp-json\/wp\/v2\/posts\/104656\/revisions"}],"wp:featuredmedia":[{"embeddable":true,"href":"https:\/\/www.infokuryr.cz\/n\/wp-json\/wp\/v2\/media\/104657"}],"wp:attachment":[{"href":"https:\/\/www.infokuryr.cz\/n\/wp-json\/wp\/v2\/media?parent=104656"}],"wp:term":[{"taxonomy":"category","embeddable":true,"href":"https:\/\/www.infokuryr.cz\/n\/wp-json\/wp\/v2\/categories?post=104656"},{"taxonomy":"post_tag","embeddable":true,"href":"https:\/\/www.infokuryr.cz\/n\/wp-json\/wp\/v2\/tags?post=104656"}],"curies":[{"name":"wp","href":"https:\/\/api.w.org\/{rel}","templated":true}]}}