{"id":104655,"date":"2026-04-16T00:13:42","date_gmt":"2026-04-15T22:13:42","guid":{"rendered":"https:\/\/www.infokuryr.cz\/n\/?p=104655"},"modified":"2026-04-15T10:20:06","modified_gmt":"2026-04-15T08:20:06","slug":"erik-best-zaujata-ale-ferova-verejnopravni-media","status":"publish","type":"post","link":"https:\/\/www.infokuryr.cz\/n\/2026\/04\/16\/erik-best-zaujata-ale-ferova-verejnopravni-media\/","title":{"rendered":"Erik Best: Zaujat\u00e1, ale \u201ef\u00e9rov\u00e1\u201c ve\u0159ejnopr\u00e1vn\u00ed m\u00e9dia"},"content":{"rendered":"<div id=\"fb-root\"><\/div>\n<p>Mnoz\u00ed z\u00a0t\u011bch sam\u00fdch \u010cech\u016f, kte\u0159\u00ed tleskali P\u00e9teru Magyarovi, kdy\u017e prohl\u00e1sil, \u017ee pozastav\u00ed vys\u00edl\u00e1n\u00ed zpr\u00e1v ve st\u00e1tn\u00edch m\u00e9di\u00edch, dokud nebude zaru\u010dena jejich f\u00e9rovost a\u00a0nestrannost, by vy\u0161li do ulic, kdyby tot\u00e9\u017e po \u0159\u00edjnov\u00fdch sn\u011bmovn\u00edch volb\u00e1ch \u0159ekl Andrej Babi\u0161.<\/p>\n<p>U mnoh\u00fdch z t\u011bch sam\u00fdch u\u010ditel\u016f nebo profesor\u016f zvolen\u00fdch do parlamentu, kte\u0159\u00ed pova\u017euj\u00ed m\u011bs\u00ed\u010dn\u00ed koncesion\u00e1\u0159sk\u00e9 poplatky pro \u010ceskou televizi a \u010cesk\u00fd rozhlas za kl\u00ed\u010dovou z\u00e1ruku demokracie, by studenti neprosp\u011bli, kdyby ve sv\u00fdch p\u00edsemn\u00fdch prac\u00edch argumentovali, \u017ee tyto poplatky byly kl\u00ed\u010dovou z\u00e1rukou totality za minul\u00e9ho re\u017eimu.<\/p>\n<p>V\u011b\u0159\u00ed snad n\u011bkdo, \u017ee Magyar chce \u201ef\u00e9rov\u00e9 a\u00a0nestrann\u00e9 zpravodajstv\u00ed\u201c? \u010cesk\u00e1 opozice m\u00e1 pravdu, kdy\u017e podez\u00edr\u00e1 vl\u00e1dn\u00ed koalici, \u017ee chce p\u0159evz\u00edt kontrolu nad ve\u0159ejnopr\u00e1vn\u00edmi m\u00e9dii, ale \u010d\u00edm tvrd\u011bji bude bojovat, aby se nemusela vzd\u00e1t toho, co pova\u017euje za sv\u00e9, t\u00edm hor\u0161\u00edho v\u00fdsledku pro sebe sama dos\u00e1hne.<\/p>\n<p>Opozice m\u016f\u017ee ve skute\u010dnosti doufat nanejv\u00fd\u0161 v\u00a0to, \u017ee reforma ve\u0159ejnopr\u00e1vn\u00edch m\u00e9di\u00ed zajist\u00ed, \u017ee se \u010cesk\u00e1 televize a\u00a0\u010cesk\u00fd rozhlas budou v\u017edy \u201ef\u00e9rov\u011b\u201c stav\u011bt na stranu v\u00edt\u011bz\u016f voleb.<\/p>\n<p><a href=\"https:\/\/www.fsfinalword.cz\/?page=archive&amp;day=2026-04-15\">Erik Best<\/a><\/p>\n<p><img decoding=\"async\" loading=\"lazy\" class=\"alignnone  wp-image-1179\" src=\"http:\/\/www.infokuryr.cz\/n\/wp-content\/uploads\/2021\/04\/erik-best.jpg\" alt=\"\" width=\"167\" height=\"188\" \/><\/p>\n<p>&nbsp;<\/p>\n","protected":false},"excerpt":{"rendered":"<p>Mnoz\u00ed z\u00a0t\u011bch sam\u00fdch \u010cech\u016f, kte\u0159\u00ed tleskali P\u00e9teru Magyarovi, kdy\u017e prohl\u00e1sil, \u017ee pozastav\u00ed vys\u00edl\u00e1n\u00ed zpr\u00e1v ve&#8230;<\/p>\n","protected":false},"author":2,"featured_media":99001,"comment_status":"closed","ping_status":"closed","sticky":false,"template":"","format":"standard","meta":[],"categories":[6],"tags":[1503,158,546,1698],"_links":{"self":[{"href":"https:\/\/www.infokuryr.cz\/n\/wp-json\/wp\/v2\/posts\/104655"}],"collection":[{"href":"https:\/\/www.infokuryr.cz\/n\/wp-json\/wp\/v2\/posts"}],"about":[{"href":"https:\/\/www.infokuryr.cz\/n\/wp-json\/wp\/v2\/types\/post"}],"author":[{"embeddable":true,"href":"https:\/\/www.infokuryr.cz\/n\/wp-json\/wp\/v2\/users\/2"}],"replies":[{"embeddable":true,"href":"https:\/\/www.infokuryr.cz\/n\/wp-json\/wp\/v2\/comments?post=104655"}],"version-history":[{"count":0,"href":"https:\/\/www.infokuryr.cz\/n\/wp-json\/wp\/v2\/posts\/104655\/revisions"}],"wp:featuredmedia":[{"embeddable":true,"href":"https:\/\/www.infokuryr.cz\/n\/wp-json\/wp\/v2\/media\/99001"}],"wp:attachment":[{"href":"https:\/\/www.infokuryr.cz\/n\/wp-json\/wp\/v2\/media?parent=104655"}],"wp:term":[{"taxonomy":"category","embeddable":true,"href":"https:\/\/www.infokuryr.cz\/n\/wp-json\/wp\/v2\/categories?post=104655"},{"taxonomy":"post_tag","embeddable":true,"href":"https:\/\/www.infokuryr.cz\/n\/wp-json\/wp\/v2\/tags?post=104655"}],"curies":[{"name":"wp","href":"https:\/\/api.w.org\/{rel}","templated":true}]}}