{"id":104630,"date":"2026-04-16T00:13:32","date_gmt":"2026-04-15T22:13:32","guid":{"rendered":"https:\/\/www.infokuryr.cz\/n\/?p=104630"},"modified":"2026-04-15T09:43:57","modified_gmt":"2026-04-15T07:43:57","slug":"prezident-burkiny-faso-nechceme-demokracii-ktera-zabiji","status":"publish","type":"post","link":"https:\/\/www.infokuryr.cz\/n\/2026\/04\/16\/prezident-burkiny-faso-nechceme-demokracii-ktera-zabiji\/","title":{"rendered":"Prezident Burkiny Faso: \u201eNechceme demokracii, kter\u00e1 zab\u00edj\u00ed\u201c"},"content":{"rendered":"<div id=\"fb-root\"><\/div>\n<p><strong>Ned\u00e1vn\u00e1 prohl\u00e1\u0161en\u00ed Ibrahima Traor\u00e9ho ohledn\u011b demokracie se v z\u00e1padn\u00edch m\u00e9di\u00edch setkala se zna\u010dnou pozornost\u00ed. Interpretace nazna\u010duj\u00edc\u00ed, \u017ee z\u00e1sadn\u011b odm\u00edt\u00e1 demokracii, jeho postoj zcela zkresluj\u00ed.<\/strong><\/p>\n<p><span dir=\"auto\">Ned\u00e1vn\u00fd\u00a0<\/span><a href=\"https:\/\/www.youtube.com\/watch?v=Z0xroLNltHk\" target=\"_blank\" rel=\"noopener noreferrer\"><span dir=\"auto\">rozhovor<\/span><\/a><span dir=\"auto\">\u00a0s Ibrahimem Traor\u00e9m, prezidentem Burkiny Faso, vyvolal \u0161irokou debatu pot\u00e9, co se stal vir\u00e1ln\u00edm na glob\u00e1ln\u00edch medi\u00e1ln\u00edch platform\u00e1ch. Titulky, zejm\u00e9na v mainstreamov\u00fdch m\u00e9di\u00edch, rychle interpretovaly jeho v\u00fdroky jako plo\u0161n\u00e9 odm\u00edtnut\u00ed demokracie. N\u011bkte\u0159\u00ed ho dokonce obvinili z \u00famyslu zav\u00e9st trval\u00fd vojensk\u00fd re\u017eim.<\/span><\/p>\n<p><span dir=\"auto\">Tato interpretace, a\u010dkoliv je senza\u010dn\u00ed, je zcela zav\u00e1d\u011bj\u00edc\u00ed. Ignoruje politick\u00fd, historick\u00fd a v\u011bcn\u00fd kontext Traor\u00e9ho prohl\u00e1\u0161en\u00ed, kter\u00fd je kl\u00ed\u010dov\u00fd pro pochopen\u00ed jak jeho slov, tak celkov\u00e9ho v\u00fdvoje Sahelu.<\/span><\/p>\n<h3><strong><span dir=\"auto\">Demokracie, ale jak\u00fd druh demokracie?<\/span><\/strong><\/h3>\n<p><span dir=\"auto\">Tyto pozn\u00e1mky nevych\u00e1zely z abstraktn\u00ed diskuse, ale z fundovan\u00e9 konverzace o bezpe\u010dnosti, suverenit\u011b a p\u0159e\u017eit\u00ed. Rozhovor se t\u00e9m\u011b\u0159 p\u016fl hodiny zam\u011b\u0159oval na prob\u00edhaj\u00edc\u00ed nepokoje v oblasti Sahelu, zejm\u00e9na na hrozbu, kterou p\u0159edstavuj\u00ed d\u017eih\u00e1distick\u00e9 skupiny napojen\u00e9 na al-K\u00e1idu, a na obecn\u011bj\u0161\u00ed krizi stability st\u00e1t\u016f.<\/span><\/p>\n<p><span dir=\"auto\">Teprve kdy\u017e se Traor\u00e9ho zeptali na volby \u2013 konkr\u00e9tn\u011b na to, zda by mu nov\u011b p\u0159ijat\u00e1 revolu\u010dn\u00ed \u00fastava umo\u017enila prodlou\u017eit si funk\u010dn\u00ed obdob\u00ed \u2013, objevilo se t\u00e9ma demokracie.<\/span><\/p>\n<p><span dir=\"auto\">Jeho odpov\u011b\u010f: Volby nebyly bezprost\u0159edn\u00edm probl\u00e9mem. Burkina Faso \u010delila existen\u010dn\u00edm v\u00fdzv\u00e1m a prioritou bylo \u0159e\u0161en\u00ed t\u011bchto hrozeb a obnova st\u00e1tu. Jeho nyn\u00ed hojn\u011b citovan\u00fd v\u00fdrok \u201eLid mus\u00ed zapomenout na demokracii\u201c je t\u0159eba ch\u00e1pat v tomto kontextu.<\/span><\/p>\n<p><span dir=\"auto\">Pokra\u010doval : \u201eMus\u00edme \u0159\u00edct pravdu. Demokracie nen\u00ed pro n\u00e1s, takov\u00e1 demokracie\u00a0<\/span><a href=\"https:\/\/www.youtube.com\/watch?v=Z0xroLNltHk\" target=\"_blank\" rel=\"noopener noreferrer\"><span dir=\"auto\">,<\/span><\/a><span dir=\"auto\">\u00a0jakou n\u00e1m tito lid\u00e9 prezentuj\u00ed. O to nem\u00e1me z\u00e1jem.\u201c<\/span><\/p>\n<p><span dir=\"auto\">Kdy\u017e Traor\u00e9 prohla\u0161uje: \u201eDemokracie nen\u00ed pro n\u00e1s,\u201c nemluv\u00ed ve vzduchopr\u00e1zdnu. Jeho kritika je nam\u00ed\u0159ena proti konkr\u00e9tn\u00edmu modelu: Historicky byla z\u00e1padn\u00ed liber\u00e1ln\u00ed demokracie do Afriky exportov\u00e1na prost\u0159ednictv\u00edm intervenc\u00ed, n\u00e1tlaku a podm\u00edn\u011bn\u00e9 pomoci.<\/span><\/p>\n<p><span dir=\"auto\">Zm\u00ednil Libyi, jej\u00ed\u017e zni\u010den\u00ed po intervenci NATO slou\u017e\u00ed jako p\u0159\u00edklad pro cel\u00fd kontinent. Pro Traor\u00e9ho p\u0159edstavuje Libye varov\u00e1n\u00ed: st\u00e1t, kter\u00fd byl rozebr\u00e1n ve jm\u00e9nu \u201edemokracie\u201c a zanechal po sob\u011b chaos, vys\u00eddlen\u00ed a humanit\u00e1rn\u00ed katastrofu.<\/span><\/p>\n<p><em><span dir=\"auto\">\u201eP\u0159i\u0161li jsme z\u00e1sadn\u011b zm\u011bnit zp\u016fsob, jak\u00fdm v\u011bci funguj\u00ed. Ale p\u0159edev\u0161\u00edm zm\u011bnit zp\u016fsob my\u0161len\u00ed, aby lid\u00e9 otev\u0159eli o\u010di, vid\u011bli sv\u011bt a abychom u\u017e nikdy nespadli do t\u00e9to pasti. Lid\u00e9 jsou tady. Demokracie je otroctv\u00ed. V tomto sv\u011bt\u011b \u017e\u00e1dn\u00e1 demokracie neexistuje. P\u0159edst\u00edraj\u00ed, \u017ee existuje. D\u011blaj\u00ed, co cht\u011bj\u00ed. A aby ji nastolili, zab\u00edjej\u00ed. Demokracii, kter\u00e1 zab\u00edj\u00ed. My demokracii nechceme. K\u00e9\u017e n\u00e1s B\u016fh p\u0159ed t\u00edmto druhem demokracie ochr\u00e1n\u00ed. Soust\u0159ed\u00edme se na na\u0161e \u00fasp\u011bchy, na na\u0161i rekonstrukci a na revoluci. To je jedin\u00e1 cesta k rozvoji.\u201c<\/span><\/em><\/p>\n<p><span dir=\"auto\">Tak\u017ee kdy\u017e \u0159\u00edk\u00e1, \u017ee \u201edemokracie zab\u00edj\u00ed\u201c, lze to tak\u00e9 interpretovat jako odsouzen\u00ed geopolitick\u00e9ho procesu, v n\u011bm\u017e se \u201edemokracie\u201c st\u00e1v\u00e1 ospravedln\u011bn\u00edm pro zm\u011bnu re\u017eim\u016f, zahrani\u010dn\u00ed nadvl\u00e1du a n\u00e1silnou restrukturalizaci. Tyto narativy byly ned\u00e1vno pou\u017eity ve Venezuele i \u00cdr\u00e1nu, kde jsou akce proti v\u016fdc\u016fm prezentov\u00e1ny jako opr\u00e1vn\u011bn\u00e9 intervence.<\/span><\/p>\n<p><span dir=\"auto\">Traor\u00e9ho postoj je t\u0159eba zasadit do kontextu krize suverenity v Sahelu. Zem\u011b jako Mali, Niger a Burkina Faso opakovan\u011b za\u017e\u00edvaly cykly nestability, zahrani\u010dn\u00ed vojensk\u00e9 p\u0159\u00edtomnosti a ekonomick\u00e9 z\u00e1vislosti.<\/span><\/p>\n<p><span dir=\"auto\">Vzestup vojensky veden\u00fdch vl\u00e1d v regionu je spojen s odm\u00edt\u00e1n\u00edm neokoloni\u00e1ln\u00edch podm\u00ednek obyvatelstvem, zejm\u00e9na t\u011bmi, kte\u0159\u00ed byli spojeni s b\u00fdval\u00fdmi koloni\u00e1ln\u00edmi mocnostmi, jako je Francie.<\/span><\/p>\n<p><span dir=\"auto\">Toto je politick\u00e1 p\u016fda, z n\u00ed\u017e Traor\u00e9 hovo\u0159\u00ed. Jeho d\u016fraz na \u201erevoluci\u201c, \u201erekonstrukci\u201c a \u201ezm\u011bnu my\u0161len\u00ed\u201c odr\u00e1\u017e\u00ed pokus o rozchod s modelem vl\u00e1dy, kter\u00fd je vn\u00edm\u00e1n jako vnucen\u00fd zven\u010d\u00ed a zevnit\u0159 pr\u00e1zdn\u00fd.<\/span><\/p>\n<h3><strong><span dir=\"auto\">Chybn\u00fd odhad regionu Sahel<\/span><\/strong><\/h3>\n<p><span dir=\"auto\">Mnoho liber\u00e1ln\u011b-demokratick\u00fdch koment\u00e1tor\u016f se na Traor\u00e9ho prohl\u00e1\u0161en\u00ed d\u00edvalo optikou \u00fazk\u00e9, u\u010debnicov\u00e9 definice demokracie. Tento r\u00e1mec v\u0161ak nen\u00ed dosta\u010duj\u00edc\u00ed k vysv\u011btlen\u00ed situac\u00ed, kdy je ohro\u017een samotn\u00fd st\u00e1t, \u00fazemn\u00ed kontrola je rozt\u0159\u00ed\u0161t\u011bn\u00e1 a extern\u00ed akt\u00e9\u0159i hraj\u00ed rozhoduj\u00edc\u00ed roli p\u0159i formov\u00e1n\u00ed dom\u00e1c\u00ed politiky.<\/span><\/p>\n<p><span dir=\"auto\">V\u00fdsledkem je opakuj\u00edc\u00ed se vzorec chybn\u00fdch interpretac\u00ed: Slo\u017eit\u00e1 politick\u00e1 prohl\u00e1\u0161en\u00ed jsou redukov\u00e1na na autorit\u00e1\u0159sk\u00e9 impulsy a debaty o suverenit\u011b jsou ozna\u010dov\u00e1ny za antidemokratickou r\u00e9toriku.<\/span><\/p>\n<p><span dir=\"auto\">Je zaj\u00edmav\u00e9, \u017ee podobn\u00e9 ot\u00e1zky se objevuj\u00ed i \u200b\u200bjinde. Na Ukrajin\u011b prezident Volodymyr Zelenskyj odlo\u017eil volby s argumentem, \u017ee tv\u00e1\u0159\u00ed v tv\u00e1\u0159 v\u00e1lce mus\u00ed m\u00edt p\u0159ednost n\u00e1rodn\u00ed p\u0159e\u017eit\u00ed.<\/span><\/p>\n<p><span dir=\"auto\">A\u010dkoli se kontexty zna\u010dn\u011b li\u0161\u00ed, z\u00e1kladn\u00ed princip je srovnateln\u00fd: sled politick\u00fdch proces\u016f v dob\u00e1ch krize. Glob\u00e1ln\u00ed reakce na tato rozhodnut\u00ed v\u0161ak zdaleka nejsou jednotn\u00e9.<\/span><\/p>\n<p><span dir=\"auto\">To v \u017e\u00e1dn\u00e9m p\u0159\u00edpad\u011b neznamen\u00e1, \u017ee sou\u010dasn\u00fd v\u00fdvoj v Sahelu je bez obt\u00ed\u017e\u00ed. Region \u010del\u00ed obrovsk\u00fdm v\u00fdzv\u00e1m \u2013 politick\u00fdm, ekonomick\u00fdm a soci\u00e1ln\u00edm.<\/span><\/p>\n<p><span dir=\"auto\">Redukce Traor\u00e9ho postoje na odm\u00edtnut\u00ed demokracie v\u0161ak zcela m\u00edj\u00ed podstatu v\u011bci. Nejde jen o ot\u00e1zku \u201edemokracie versus autorit\u00e1\u0159stv\u00ed\u201c, ale sp\u00ed\u0161e o hlubok\u00fd boj za suverenitu, rozvoj a pr\u00e1vo spole\u010dnost\u00ed ur\u010dovat si vlastn\u00ed politickou cestu.<\/span><\/p>\n<p><span dir=\"auto\">A\u0165 u\u017e s jeho z\u00e1v\u011bry souhlas\u00edme, nebo ne, historick\u00e9 reality, kter\u00e9 utv\u00e1\u0159ej\u00ed Sahel, je t\u0159eba vn\u00edmat v kontextu.<\/span><\/p>\n<p><em><strong><span dir=\"auto\">Nicholas Mwangi<\/span><\/strong><span dir=\"auto\">\u00a0z Keni je autor a \u010dlen knihovny Ukombozi v Keni. Pravideln\u011b p\u0159isp\u00edv\u00e1 do \u010dasopisu People&#8217;s Dispatch. Mwangi je spolueditorem knihy \u201e\u00a0<\/span><a href=\"https:\/\/www.book2look.com\/book\/W8n3GrLADI\" target=\"_blank\" rel=\"noopener noreferrer\"><span dir=\"auto\">Breaking the Silence on NGOs in Africa\u201c (Prolomen\u00ed ml\u010den\u00ed o nevl\u00e1dn\u00edch organizac\u00edch v Africe<\/span><\/a><\/em><\/p>\n<p>&nbsp;<\/p>\n","protected":false},"excerpt":{"rendered":"<p>Ned\u00e1vn\u00e1 prohl\u00e1\u0161en\u00ed Ibrahima Traor\u00e9ho ohledn\u011b demokracie se v z\u00e1padn\u00edch m\u00e9di\u00edch setkala se zna\u010dnou pozornost\u00ed. Interpretace&#8230;<\/p>\n","protected":false},"author":2,"featured_media":104631,"comment_status":"closed","ping_status":"closed","sticky":false,"template":"","format":"standard","meta":[],"categories":[7],"tags":[3270,169,165,365],"_links":{"self":[{"href":"https:\/\/www.infokuryr.cz\/n\/wp-json\/wp\/v2\/posts\/104630"}],"collection":[{"href":"https:\/\/www.infokuryr.cz\/n\/wp-json\/wp\/v2\/posts"}],"about":[{"href":"https:\/\/www.infokuryr.cz\/n\/wp-json\/wp\/v2\/types\/post"}],"author":[{"embeddable":true,"href":"https:\/\/www.infokuryr.cz\/n\/wp-json\/wp\/v2\/users\/2"}],"replies":[{"embeddable":true,"href":"https:\/\/www.infokuryr.cz\/n\/wp-json\/wp\/v2\/comments?post=104630"}],"version-history":[{"count":0,"href":"https:\/\/www.infokuryr.cz\/n\/wp-json\/wp\/v2\/posts\/104630\/revisions"}],"wp:featuredmedia":[{"embeddable":true,"href":"https:\/\/www.infokuryr.cz\/n\/wp-json\/wp\/v2\/media\/104631"}],"wp:attachment":[{"href":"https:\/\/www.infokuryr.cz\/n\/wp-json\/wp\/v2\/media?parent=104630"}],"wp:term":[{"taxonomy":"category","embeddable":true,"href":"https:\/\/www.infokuryr.cz\/n\/wp-json\/wp\/v2\/categories?post=104630"},{"taxonomy":"post_tag","embeddable":true,"href":"https:\/\/www.infokuryr.cz\/n\/wp-json\/wp\/v2\/tags?post=104630"}],"curies":[{"name":"wp","href":"https:\/\/api.w.org\/{rel}","templated":true}]}}