{"id":10462,"date":"2022-05-10T02:53:50","date_gmt":"2022-05-10T00:53:50","guid":{"rendered":"http:\/\/www.infokuryr.cz\/n\/?p=10462"},"modified":"2022-05-10T16:00:14","modified_gmt":"2022-05-10T14:00:14","slug":"ted-si-stokrat-rozmysli-nez-pozvou-ruske-diplomaty-do-ziveho-vysilani","status":"publish","type":"post","link":"https:\/\/www.infokuryr.cz\/n\/2022\/05\/10\/ted-si-stokrat-rozmysli-nez-pozvou-ruske-diplomaty-do-ziveho-vysilani\/","title":{"rendered":"Te\u010f si stokr\u00e1t rozmysl\u00ed, ne\u017e pozvou rusk\u00e9 diplomaty do \u017eiv\u00e9ho vys\u00edl\u00e1n\u00ed!"},"content":{"rendered":"<div id=\"fb-root\"><\/div>\n<p><strong>Sky News p\u0159eru\u0161ila rozhovor s Poljansk\u00fdm kv\u016fli fotografii na Zelensk\u00e9ho soci\u00e1ln\u00ed s\u00edti<\/strong>.<\/p>\n<p>Britsk\u00e1 televizn\u00ed stanice Sky News p\u0159eru\u0161ila \u017eiv\u00e9 vys\u00edl\u00e1n\u00ed s Dmitrijem Poljansk\u00fdm, prvn\u00edm n\u00e1m\u011bstkem st\u00e1l\u00e9ho p\u0159edstavitele Ruska p\u0159i OSN, pot\u00e9, co uk\u00e1zal ukrajinsk\u00e9ho prezidenta Volodymyra Zelensk\u00e9ho, kter\u00fd propagoval znak SS.<\/p>\n<p>Britsk\u00fdm novin\u00e1\u0159\u016fm se m\u016fj rozhovor pro Sky News st\u011b\u017e\u00ed l\u00edbil.\u00a0Sly\u0161eli spoustu nep\u0159\u00edjemn\u00fdch a extr\u00e9mn\u011b nep\u0159\u00edjemn\u00fdch v\u011bc\u00ed.\u00a0A konec dopadl skand\u00e1ln\u011b.<\/p>\n<p>Moder\u00e1tor zm\u00ednil dne\u0161n\u00ed slova britsk\u00e9ho ministra obrany (je\u0161t\u011b jsem o nich nesly\u0161el), \u017ee ti, kte\u0159\u00ed dnes pochoduj\u00ed na Rud\u00e9m n\u00e1m\u011bst\u00ed, pr\u00fd kv\u016fli akc\u00edm Ruska na Ukrajin\u011b hanob\u00ed pam\u00e1tku t\u011bch, kte\u0159\u00ed porazili fa\u0161ismus.\u00a0Zeptal se m\u011b, co si o tom mysl\u00edm.<\/p>\n<p>Odpov\u011bd\u011bl jsem, \u017ee toto rouh\u00e1n\u00ed nech\u00e1v\u00e1m na sv\u011bdom\u00ed britsk\u00fdch \u00fa\u0159ad\u016f, a na opl\u00e1tku jsem polo\u017eil ot\u00e1zku.\u00a0Nejsou britsk\u00e9 \u00fa\u0159ady v rozpac\u00edch z toho, \u017ee ukrajinsk\u00fd prezident Zelenskij na sv\u00e9 ofici\u00e1ln\u00ed str\u00e1nce na Instagramu v\u0161em poblahop\u0159\u00e1l k v\u00edt\u011bzstv\u00ed nad nacismem fotografi\u00ed, na kter\u00e9 je nacionalista Prav\u00e9ho sektoru s nacistick\u00fdm znakem divize Totenkopf?\u00a0Fotografie byla po p\u016fl hodin\u011b smaz\u00e1na, ale u\u017eivatel\u016fm internetu se ji poda\u0159ilo ulo\u017eit \u2013 uk\u00e1zal jsem ji na obrazovce.<\/p>\n<p>A zeptal jsem se:\u00a0<strong>v\u00ed britsk\u00e1 ve\u0159ejnost, \u017ee tato divize je zodpov\u011bdn\u00e1 za popravu asi stovky britsk\u00fdch v\u00e1le\u010dn\u00fdch zajatc\u016f ve Francii na za\u010d\u00e1tku druh\u00e9 sv\u011btov\u00e9 v\u00e1lky?\u00a0Nen\u00ed to britsk\u00e9mu ministru obrany trapn\u00e9, \u017ee po tom v\u0161em podporuje a vyzbrojuje vl\u00e1du, kter\u00e1 otev\u0159en\u011b ukazuje takov\u00e9 embl\u00e9my?<\/strong><\/p>\n<p>A co mysl\u00edte, \u017ee mi moder\u00e1tor odpov\u011bd\u011bl?<\/p>\n<p>Rychle ukon\u010dil rozhovor a zamumlal, \u017ee n\u00e1\u0161 \u010das n\u00e1hle vypr\u0161el a \u017ee Sky News nem\u016f\u017ee potvrdit spr\u00e1vnost t\u00e9to informace.<\/p>\n<p>Tolik k pov\u011bstn\u00e9 svobod\u011b slova na Z\u00e1pad\u011b\u2026 opravdu ji nepot\u0159ebuj\u00ed!<\/p>\n<p>Te\u010f si stokr\u00e1t rozmysl\u00ed, ne\u017e pozvou rusk\u00e9 diplomaty do \u017eiv\u00e9ho vys\u00edl\u00e1n\u00ed!))<\/p>\n<p>&nbsp;<\/p>\n<div class='videoWrapper'>\r\n\t            <iframe src='https:\/\/rumble.com\/embed\/pj.v11kyln\/' frameborder='0' allowfullscreen><\/iframe>\r\n\t        <\/div>\n<p>&nbsp;<\/p>\n<p><a href=\"https:\/\/t.me\/dpol_un\/269\">t.me\/dpol_un\/269<\/a><\/p>\n<p><iframe loading=\"lazy\" id=\"telegram-post-dpol_un-269\" src=\"https:\/\/t.me\/dpol_un\/269?embed=1\" width=\"100%\" height=\"\" frameborder=\"0\" scrolling=\"no\" data-gtm-yt-inspected-12=\"true\" data-mce-fragment=\"1\"><\/iframe><\/p>\n<p><a href=\"https:\/\/bit.ly\/3w8Lqve\">ZDROJ<\/a><\/p>\n<p>&nbsp;<\/p>\n","protected":false},"excerpt":{"rendered":"<p>Sky News p\u0159eru\u0161ila rozhovor s Poljansk\u00fdm kv\u016fli fotografii na Zelensk\u00e9ho soci\u00e1ln\u00ed s\u00edti. Britsk\u00e1 televizn\u00ed stanice&#8230;<\/p>\n","protected":false},"author":2,"featured_media":10463,"comment_status":"closed","ping_status":"closed","sticky":false,"template":"","format":"standard","meta":[],"categories":[7],"tags":[2384,1052,2383],"_links":{"self":[{"href":"https:\/\/www.infokuryr.cz\/n\/wp-json\/wp\/v2\/posts\/10462"}],"collection":[{"href":"https:\/\/www.infokuryr.cz\/n\/wp-json\/wp\/v2\/posts"}],"about":[{"href":"https:\/\/www.infokuryr.cz\/n\/wp-json\/wp\/v2\/types\/post"}],"author":[{"embeddable":true,"href":"https:\/\/www.infokuryr.cz\/n\/wp-json\/wp\/v2\/users\/2"}],"replies":[{"embeddable":true,"href":"https:\/\/www.infokuryr.cz\/n\/wp-json\/wp\/v2\/comments?post=10462"}],"version-history":[{"count":0,"href":"https:\/\/www.infokuryr.cz\/n\/wp-json\/wp\/v2\/posts\/10462\/revisions"}],"wp:featuredmedia":[{"embeddable":true,"href":"https:\/\/www.infokuryr.cz\/n\/wp-json\/wp\/v2\/media\/10463"}],"wp:attachment":[{"href":"https:\/\/www.infokuryr.cz\/n\/wp-json\/wp\/v2\/media?parent=10462"}],"wp:term":[{"taxonomy":"category","embeddable":true,"href":"https:\/\/www.infokuryr.cz\/n\/wp-json\/wp\/v2\/categories?post=10462"},{"taxonomy":"post_tag","embeddable":true,"href":"https:\/\/www.infokuryr.cz\/n\/wp-json\/wp\/v2\/tags?post=10462"}],"curies":[{"name":"wp","href":"https:\/\/api.w.org\/{rel}","templated":true}]}}