{"id":104531,"date":"2026-04-14T00:33:11","date_gmt":"2026-04-13T22:33:11","guid":{"rendered":"https:\/\/www.infokuryr.cz\/n\/?p=104531"},"modified":"2026-04-13T17:41:30","modified_gmt":"2026-04-13T15:41:30","slug":"ondrej-prokop-novotny-se-z-vezeni-vraci-do-ods-a-zdenek-hrib-na-me-posila-pravniky-nabity-tyden","status":"publish","type":"post","link":"https:\/\/www.infokuryr.cz\/n\/2026\/04\/14\/ondrej-prokop-novotny-se-z-vezeni-vraci-do-ods-a-zdenek-hrib-na-me-posila-pravniky-nabity-tyden\/","title":{"rendered":"Ond\u0159ej Prokop: Novotn\u00fd se z v\u011bzen\u00ed vrac\u00ed do ODS a Zden\u011bk H\u0159ib na m\u011b pos\u00edl\u00e1 pr\u00e1vn\u00edky. Nabit\u00fd t\u00fdden!"},"content":{"rendered":"<div id=\"fb-root\"><\/div>\n<p>Recidivista Novotn\u00fd zam\u00ed\u0159il z v\u011bzen\u00ed p\u0159\u00edmo zp\u00e1tky do ODS! No kam taky jinam!? Je to pr\u00e1v\u011b ODS, pod kterou se v Praze kupuj\u00ed p\u0159edra\u017een\u00e9 budovy za stovky milion\u016f a stav\u00ed se mosty za dvojn\u00e1sobek odhadn\u00ed ceny. Martin Kupka u\u017e se pr\u00fd na spolupr\u00e1ci s Novotn\u00fdm ale t\u011b\u0161\u00ed.<\/p>\n<p>\ud83d\udc49 Zdechovsk\u00fd kritizuje premi\u00e9ra Babi\u0161e za dovolenou. P\u0159itom to byl pr\u00e1v\u011b Zdechovsk\u00fd, kdo si u\u017e\u00edval na Malediv\u00e1ch v luxusn\u00edm 5* hotelu za 68 000 K\u010d za jedinou noc a cel\u00e9 si to nechal platit oby\u010dejn\u00fdmi lidmi a da\u0148ov\u00fdmi poplatn\u00edky. Klasick\u00fd dvoj\u00ed metr p\u011btikoalice.<\/p>\n<p>\ud83d\udc49 Zden\u011bk H\u0159ib kumuluje funkce za 180 000 K\u010d m\u011bs\u00ed\u010dn\u011b. M\u00e9dia psala: &#8222;Pra\u017e\u0161t\u00ed Pir\u00e1ti pod tlakem. H\u0159ibova kumulace otev\u00edr\u00e1 ot\u00e1zku, kam se strana vlastn\u011b posunula.&#8220;<\/p>\n<p>\ud83d\udc49 H\u0159ibovi se ale nel\u00edb\u00ed, kdy\u017e se na jeho kauzy ukazuje! Poslal na m\u011b pr\u00e1vn\u00edky a zaslal mi p\u0159ed\u017ealobn\u00ed v\u00fdzvu. A za co \u017ee m\u011b chce \u017ealovat? Pr\u00fd \u0161kod\u00edm jeho dobr\u00e9mu jm\u00e9nu! Tak to je vtip.<\/p>\n<p>\ud83d\udc49 &#8222;Televizn\u00ed poplatky zru\u0161\u00edme,&#8220; potvrdil ministr Klemp\u00ed\u0159 a p\u0159edstavil pl\u00e1n krok\u016f. Vl\u00e1da dr\u017e\u00ed sv\u00e9 slovo a sv\u016fj slib spln\u00ed. Mezit\u00edm st\u00ednov\u00fd ministr ODS chce vid\u011bt \u010cT na burze. Decroix o n\u011bm (nejsp\u00ed\u0161e pr\u00e1vem) prohl\u00e1sila, \u017ee je mimo\u0148.<\/p>\n<p>\ud83d\udc49 \u0160\u00edlenost pod Pir\u00e1ty a ODS. Parkovac\u00ed d\u016fm na Zli\u010d\u00edn\u011b bude st\u00e1t 4x v\u00edc ne\u017e podobn\u00fd v Pardubic\u00edch. Jedno parkovac\u00ed m\u00edsto vyjde na neuv\u011b\u0159iteln\u00fdch 1,3 milionu korun. Dva kilometry cyklostezky pod\u00e9l Vltavy postavili za p\u016fl miliardy korun a Barrandovsk\u00fd i Dvoreck\u00fd most se jim poda\u0159ilo prodra\u017eit na dvojn\u00e1sobek. Je to jen neschopnost, nebo n\u011bco v\u00edc?<\/p>\n<p>\ud83d\udc49 \u201eNeviditeln\u00e1&#8220; pir\u00e1tsk\u00e1 cykloinfrastruktura fascinuje Pra\u017eany. Na rozkopan\u00e9m V\u00e1clavsk\u00e9m n\u00e1m\u011bst\u00ed se objevilo zna\u010den\u00ed pro cyklisty, kter\u00e9 nen\u00ed t\u00e9m\u011b\u0159 vid\u011bt. Velmi symbolick\u00e9 pro celou pr\u00e1ci t\u00e9to koalice. D\u011blaj\u00ed, \u017ee n\u011bco d\u011blaj\u00ed, ale v\u00fdsledek nikde.<\/p>\n<p>\ud83d\udc49 Pir\u00e1ti a ODS p\u0159ed ned\u00e1vnem zru\u0161ili n\u00e1\u0161 projekt na \u0159\u00ed\u010dn\u00ed l\u00e1zn\u011b u Vltavy a te\u010f p\u016fl roku p\u0159ed volbami slibuj\u00ed, \u017ee se Pra\u017ean\u00e9 budou ve Vltav\u011b op\u011bt brzy koupat. Ch\u00e1pete to?<\/p>\n<p>To v\u0161e a mnohem v\u00edc se dozv\u00edte ve 176. epizod\u011b m\u00e9ho politick\u00e9ho podcastu. D\u011bkuji v\u00e1m p\u0159edem za zhl\u00e9dnut\u00ed a pros\u00edm o dal\u0161\u00ed sd\u00edlen\u00ed, a\u0165 se pravdu dozv\u00ed co nejv\u00edc lid\u00ed! T\u011b\u0161\u00edm se na dotazy i koment\u00e1\u0159e!<\/p>\n<p><iframe loading=\"lazy\" title=\"Novotn\u00fd se z v\u011bzen\u00ed vrac\u00ed do ODS a Zden\u011bk H\u0159ib na m\u011b pos\u00edl\u00e1 pr\u00e1vn\u00edky. Nabit\u00fd t\u00fdden! | \u010cau Praho #176\" width=\"640\" height=\"360\" src=\"https:\/\/www.youtube.com\/embed\/EQLr3AvQDkE?feature=oembed\" frameborder=\"0\" allow=\"accelerometer; autoplay; clipboard-write; encrypted-media; gyroscope; picture-in-picture; web-share\" referrerpolicy=\"strict-origin-when-cross-origin\" allowfullscreen><\/iframe><\/p>\n<h4>Ing. Ond\u0159ej Prokop \/ \u010cau Praho<\/h4>\n<p>&nbsp;<\/p>\n<p>&nbsp;<\/p>\n","protected":false},"excerpt":{"rendered":"<p>Recidivista Novotn\u00fd zam\u00ed\u0159il z v\u011bzen\u00ed p\u0159\u00edmo zp\u00e1tky do ODS! No kam taky jinam!? Je to&#8230;<\/p>\n","protected":false},"author":2,"featured_media":103368,"comment_status":"closed","ping_status":"closed","sticky":false,"template":"","format":"standard","meta":[],"categories":[6],"tags":[1001,1503,4567,889],"_links":{"self":[{"href":"https:\/\/www.infokuryr.cz\/n\/wp-json\/wp\/v2\/posts\/104531"}],"collection":[{"href":"https:\/\/www.infokuryr.cz\/n\/wp-json\/wp\/v2\/posts"}],"about":[{"href":"https:\/\/www.infokuryr.cz\/n\/wp-json\/wp\/v2\/types\/post"}],"author":[{"embeddable":true,"href":"https:\/\/www.infokuryr.cz\/n\/wp-json\/wp\/v2\/users\/2"}],"replies":[{"embeddable":true,"href":"https:\/\/www.infokuryr.cz\/n\/wp-json\/wp\/v2\/comments?post=104531"}],"version-history":[{"count":0,"href":"https:\/\/www.infokuryr.cz\/n\/wp-json\/wp\/v2\/posts\/104531\/revisions"}],"wp:featuredmedia":[{"embeddable":true,"href":"https:\/\/www.infokuryr.cz\/n\/wp-json\/wp\/v2\/media\/103368"}],"wp:attachment":[{"href":"https:\/\/www.infokuryr.cz\/n\/wp-json\/wp\/v2\/media?parent=104531"}],"wp:term":[{"taxonomy":"category","embeddable":true,"href":"https:\/\/www.infokuryr.cz\/n\/wp-json\/wp\/v2\/categories?post=104531"},{"taxonomy":"post_tag","embeddable":true,"href":"https:\/\/www.infokuryr.cz\/n\/wp-json\/wp\/v2\/tags?post=104531"}],"curies":[{"name":"wp","href":"https:\/\/api.w.org\/{rel}","templated":true}]}}