{"id":104501,"date":"2026-04-14T00:21:45","date_gmt":"2026-04-13T22:21:45","guid":{"rendered":"https:\/\/www.infokuryr.cz\/n\/?p=104501"},"modified":"2026-04-13T11:05:15","modified_gmt":"2026-04-13T09:05:15","slug":"smrt-ve-42-letech-psychologicka-zatez-politicke-perzekuce","status":"publish","type":"post","link":"https:\/\/www.infokuryr.cz\/n\/2026\/04\/14\/smrt-ve-42-letech-psychologicka-zatez-politicke-perzekuce\/","title":{"rendered":"Smrt ve 42 letech: Psychologick\u00e1 z\u00e1t\u011b\u017e politick\u00e9 perzekuce"},"content":{"rendered":"<div id=\"fb-root\"><\/div>\n<p><strong><span dir=\"auto\">Jen p\u0159ed n\u011bkolika m\u011bs\u00edci zp\u016fsobila zpr\u00e1va\u00a0<\/span><a href=\"https:\/\/report24.news\/schwachkopf-eklat-stefan-niehoff-ist-tot-und-wieder-entlarvt-die-linke-sich-selbst\/\"><span dir=\"auto\">o<\/span><\/a><span dir=\"auto\">\u00a0smrti d\u016fchodce Stefana Niehoffa celost\u00e1tn\u00ed \u0161ok: Vl\u00e1dn\u00ed kritik, zn\u00e1m\u00fd sv\u00fdm memem \u201eidiot\u201c a n\u00e1sledn\u00fdm politick\u00fdm pron\u00e1sledov\u00e1n\u00edm, podlehl krv\u00e1cen\u00ed do mozku. Byl by je\u0161t\u011b na\u017eivu, kdyby st\u00e1t proti n\u011bmu nezakro\u010dil tak tvrd\u011b? Faktem je, \u017ee domovn\u00ed prohl\u00eddky a soudn\u00ed procesy za \u201eur\u00e1\u017eku monarchie\u201c a \u201epodn\u011bcov\u00e1n\u00ed k nen\u00e1visti\u201c p\u0159edstavuj\u00ed obrovsk\u00fd psychick\u00fd stres. Pr\u00e1vni\u010dka Viktoria Dannenmaier ned\u00e1vno informovala na Haintz.Media o smrti klienta: Mu\u017e zem\u0159el ve v\u011bku pouh\u00fdch 42 let. Jak\u00fd dopad m\u011blo politick\u00e9 pron\u00e1sledov\u00e1n\u00ed, kter\u00e9 sn\u00e1\u0161el, na jeho zdrav\u00ed?<\/span><\/strong><\/p>\n<p><span dir=\"auto\">Bohu\u017eel se a\u017e p\u0159\u00edli\u0161 \u010dasto st\u00e1v\u00e1, \u017ee klienti b\u011bhem trestn\u00edho \u0159\u00edzen\u00ed um\u00edraj\u00ed. Psychologick\u00e1 z\u00e1t\u011b\u017e, kterou takov\u00e9 \u0159\u00edzen\u00ed klade na posti\u017een\u00e9, je obrovsk\u00e1.<\/span><\/p>\n<p><span dir=\"auto\">Jeden m\u016fj klient zem\u0159el ve v\u011bku 42 let. Trp\u011bl ji\u017e l\u00e9ta du\u0161evn\u00edmi probl\u00e9my. K tomu se p\u0159idalo trestn\u00ed \u0159\u00edzen\u00ed a nakonec odsouzen\u00ed podle \u00a7 86a n\u011bmeck\u00e9ho trestn\u00edho z\u00e1kon\u00edku (StGB) za p\u0159\u00edsp\u011bvek na soci\u00e1ln\u00edch s\u00edt\u00edch. Na \u017e\u00e1dost m\u00e9ho klienta jsem odvol\u00e1n\u00ed st\u00e1hl, proto\u017ee ji\u017e nemohl sn\u00e1\u0161et dodate\u010dnou psychickou z\u00e1t\u011b\u017e, kter\u00e1 br\u00e1nila nebo v\u00e1\u017en\u011b znemo\u017e\u0148ovala jeho uzdraven\u00ed.<\/span><\/p>\n<p><span dir=\"auto\">O n\u011bkolik m\u011bs\u00edc\u016f pozd\u011bji proti n\u011bmu zah\u00e1jilo mnichovsk\u00e9 st\u00e1tn\u00ed zastupitelstv\u00ed disciplin\u00e1rn\u00ed \u0159\u00edzen\u00ed kv\u016fli jeho statusu st\u00e1tn\u00edho \u00fa\u0159edn\u00edka. Tento proces mu zp\u016fsoboval je\u0161t\u011b v\u011bt\u0161\u00ed psychickou \u00fajmu, proto\u017ee m\u016fj klient neust\u00e1le \u017eil ve strachu, \u017ee mu bude sn\u00ed\u017een nebo dokonce zcela odebr\u00e1n d\u016fchod. Cel\u00e1 situace byla mnichovsk\u00e9mu st\u00e1tn\u00edmu zastupitelstv\u00ed podrobn\u011b vysv\u011btlena a opakovan\u011b byl zd\u016fraz\u0148ov\u00e1n \u0161patn\u00fd psychick\u00fd stav m\u00e9ho klienta. Nicm\u00e9n\u011b st\u00e1tn\u00ed zastupitelstv\u00ed pova\u017eovalo sn\u00ed\u017een\u00ed jeho d\u016fchodu za vhodn\u00e9, i kdy\u017e na\u0161t\u011bst\u00ed jen velmi mal\u00e9. \u010clov\u011bk m\u00e1 dojem, \u017ee m\u00e9ho klienta cht\u011bli jednodu\u0161e potrestat, a to krom\u011b pokuty z trestn\u00edho \u0159\u00edzen\u00ed.\u00a0<\/span><\/p>\n<p><span dir=\"auto\">Nicm\u00e9n\u011b byl dostate\u010dn\u011b potrest\u00e1n obrovskou (dodate\u010dnou) psychickou z\u00e1t\u011b\u017e\u00ed trestn\u00edho a disciplin\u00e1rn\u00edho \u0159\u00edzen\u00ed. I kdy\u017e jeho smrt nelze p\u0159ipsat pouze t\u011bmto dv\u011bma proces\u016fm, nelze ignorovat mo\u017enost, \u017ee by neb\u00fdt jich mohl b\u00fdt st\u00e1le na\u017eivu\u2026<\/span><\/p>\n<p><em><span dir=\"auto\">\u010cl\u00e1nek Viktorie Dannenmaierov\u00e9 se poprv\u00e9 objevil na <\/span><a href=\"https:\/\/haintz.media\/artikel\/recht\/psychische-belastung-durch-politische-verfolgung\/\"><span dir=\"auto\">Haintz.Media<\/span><\/a><span dir=\"auto\">\u00a0<\/span><\/em><\/p>\n<p>&nbsp;<\/p>\n","protected":false},"excerpt":{"rendered":"<p>Jen p\u0159ed n\u011bkolika m\u011bs\u00edci zp\u016fsobila zpr\u00e1va\u00a0o\u00a0smrti d\u016fchodce Stefana Niehoffa celost\u00e1tn\u00ed \u0161ok: Vl\u00e1dn\u00ed kritik, zn\u00e1m\u00fd sv\u00fdm&#8230;<\/p>\n","protected":false},"author":2,"featured_media":104502,"comment_status":"closed","ping_status":"closed","sticky":false,"template":"","format":"standard","meta":[],"categories":[7],"tags":[1503,1757,9978,523],"_links":{"self":[{"href":"https:\/\/www.infokuryr.cz\/n\/wp-json\/wp\/v2\/posts\/104501"}],"collection":[{"href":"https:\/\/www.infokuryr.cz\/n\/wp-json\/wp\/v2\/posts"}],"about":[{"href":"https:\/\/www.infokuryr.cz\/n\/wp-json\/wp\/v2\/types\/post"}],"author":[{"embeddable":true,"href":"https:\/\/www.infokuryr.cz\/n\/wp-json\/wp\/v2\/users\/2"}],"replies":[{"embeddable":true,"href":"https:\/\/www.infokuryr.cz\/n\/wp-json\/wp\/v2\/comments?post=104501"}],"version-history":[{"count":0,"href":"https:\/\/www.infokuryr.cz\/n\/wp-json\/wp\/v2\/posts\/104501\/revisions"}],"wp:featuredmedia":[{"embeddable":true,"href":"https:\/\/www.infokuryr.cz\/n\/wp-json\/wp\/v2\/media\/104502"}],"wp:attachment":[{"href":"https:\/\/www.infokuryr.cz\/n\/wp-json\/wp\/v2\/media?parent=104501"}],"wp:term":[{"taxonomy":"category","embeddable":true,"href":"https:\/\/www.infokuryr.cz\/n\/wp-json\/wp\/v2\/categories?post=104501"},{"taxonomy":"post_tag","embeddable":true,"href":"https:\/\/www.infokuryr.cz\/n\/wp-json\/wp\/v2\/tags?post=104501"}],"curies":[{"name":"wp","href":"https:\/\/api.w.org\/{rel}","templated":true}]}}