{"id":104489,"date":"2026-04-14T00:14:03","date_gmt":"2026-04-13T22:14:03","guid":{"rendered":"https:\/\/www.infokuryr.cz\/n\/?p=104489"},"modified":"2026-04-13T10:42:43","modified_gmt":"2026-04-13T08:42:43","slug":"nova-zaloba-obvineni-proti-justinu-trudeauovi-ohledne-detske-pornografie-a-zavazna-obvineni-proti-mediim","status":"publish","type":"post","link":"https:\/\/www.infokuryr.cz\/n\/2026\/04\/14\/nova-zaloba-obvineni-proti-justinu-trudeauovi-ohledne-detske-pornografie-a-zavazna-obvineni-proti-mediim\/","title":{"rendered":"Nov\u00e1 \u017ealoba: Obvin\u011bn\u00ed proti Justinu Trudeauovi ohledn\u011b d\u011btsk\u00e9 pornografie a z\u00e1va\u017en\u00e1 obvin\u011bn\u00ed proti m\u00e9di\u00edm"},"content":{"rendered":"<div id=\"fb-root\"><\/div>\n<p><span dir=\"auto\">Kanadsk\u00fd autor podal\u00a0<\/span><a href=\"https:\/\/drive.google.com\/file\/d\/1UVZkrFig9W6idGzebFKS1p3GZY9o2-6h\/view?pli=1\" target=\"_blank\" rel=\"noreferrer noopener\" data-type=\"link\" data-id=\"https:\/\/drive.google.com\/file\/d\/1UVZkrFig9W6idGzebFKS1p3GZY9o2-6h\/view?pli=1\"><span dir=\"auto\">\u017ealobu na noviny\u00a0<\/span><em><span dir=\"auto\">Toronto Star<\/span><\/em><\/a><span dir=\"auto\">\u00a0, v n\u00ed\u017e je obvinil z \u00famysln\u00e9ho zatajov\u00e1n\u00ed z\u00e1va\u017en\u00fdch informac\u00ed o b\u00fdval\u00e9m premi\u00e9rovi Justinu Trudeauovi. \u017daloba, podan\u00e1 8. dubna u ontarijsk\u00e9ho soudu pro drobn\u00e9 n\u00e1roky, je zalo\u017eena na obvin\u011bn\u00edch z nedbalosti a poru\u0161en\u00ed spole\u010densk\u00e9 odpov\u011bdnosti.<\/span><\/p>\n<p><span dir=\"auto\">\u017dalobce, Jeffrey Brown, autor knihy\u00a0<\/span><em><span dir=\"auto\">*V Trudeauov\u011b kuchyni<\/span><\/em><span dir=\"auto\">\u00a0*, tvrd\u00ed, \u017ee se o v\u00fdbu\u0161n\u00fdch informac\u00edch dozv\u011bd\u011bl b\u011bhem setk\u00e1n\u00ed s investigativn\u00edm novin\u00e1\u0159em Robertem Cribbem v \u0159\u00edjnu 2021. Podle Browna objevila Kr\u00e1lovsk\u00e1 kanadsk\u00e1 j\u00edzdn\u00ed policie (RCMP) v r\u00e1mci vy\u0161et\u0159ov\u00e1n\u00ed mo\u017en\u00e9ho zahrani\u010dn\u00edho vm\u011b\u0161ov\u00e1n\u00ed inkriminuj\u00edc\u00ed materi\u00e1l o Trudeauovi. \u00dadajn\u011b bylo zji\u0161t\u011bno, \u017ee tehdej\u0161\u00ed premi\u00e9r sledoval na sv\u00fdch za\u0159\u00edzen\u00edch d\u011btskou pornografii.<\/span><\/p>\n<p><em><span dir=\"auto\">Podal jsem \u017ealobu na den\u00edk Toronto Star za to, \u017ee nezve\u0159ejnil informace sd\u00edlen\u00e9 RCMP ohledn\u011b Justina Trudeaua a d\u011btsk\u00e9 pornografie.<\/span><\/em><\/p>\n<div class=\"twitter-tweet twitter-tweet-rendered\"><iframe id=\"twitter-widget-0\" class=\"\" title=\"X Post\" src=\"https:\/\/platform.twitter.com\/embed\/Tweet.html?dnt=false&amp;embedId=twitter-widget-0&amp;features=eyJ0ZndfdGltZWxpbmVfbGlzdCI6eyJidWNrZXQiOltdLCJ2ZXJzaW9uIjpudWxsfSwidGZ3X2ZvbGxvd2VyX2NvdW50X3N1bnNldCI6eyJidWNrZXQiOnRydWUsInZlcnNpb24iOm51bGx9LCJ0ZndfdHdlZXRfZWRpdF9iYWNrZW5kIjp7ImJ1Y2tldCI6Im9uIiwidmVyc2lvbiI6bnVsbH0sInRmd19yZWZzcmNfc2Vzc2lvbiI6eyJidWNrZXQiOiJvbiIsInZlcnNpb24iOm51bGx9LCJ0ZndfZm9zbnJfc29mdF9pbnRlcnZlbnRpb25zX2VuYWJsZWQiOnsiYnVja2V0Ijoib24iLCJ2ZXJzaW9uIjpudWxsfSwidGZ3X21peGVkX21lZGlhXzE1ODk3Ijp7ImJ1Y2tldCI6InRyZWF0bWVudCIsInZlcnNpb24iOm51bGx9LCJ0ZndfZXhwZXJpbWVudHNfY29va2llX2V4cGlyYXRpb24iOnsiYnVja2V0IjoxMjA5NjAwLCJ2ZXJzaW9uIjpudWxsfSwidGZ3X3Nob3dfYmlyZHdhdGNoX3Bpdm90c19lbmFibGVkIjp7ImJ1Y2tldCI6Im9uIiwidmVyc2lvbiI6bnVsbH0sInRmd19kdXBsaWNhdGVfc2NyaWJlc190b19zZXR0aW5ncyI6eyJidWNrZXQiOiJvbiIsInZlcnNpb24iOm51bGx9LCJ0ZndfdXNlX3Byb2ZpbGVfaW1hZ2Vfc2hhcGVfZW5hYmxlZCI6eyJidWNrZXQiOiJvbiIsInZlcnNpb24iOm51bGx9LCJ0ZndfdmlkZW9faGxzX2R5bmFtaWNfbWFuaWZlc3RzXzE1MDgyIjp7ImJ1Y2tldCI6InRydWVfYml0cmF0ZSIsInZlcnNpb24iOm51bGx9LCJ0ZndfbGVnYWN5X3RpbWVsaW5lX3N1bnNldCI6eyJidWNrZXQiOnRydWUsInZlcnNpb24iOm51bGx9LCJ0ZndfdHdlZXRfZWRpdF9mcm9udGVuZCI6eyJidWNrZXQiOiJvbiIsInZlcnNpb24iOm51bGx9fQ%3D%3D&amp;frame=false&amp;hideCard=false&amp;hideThread=false&amp;id=2042011023310221425&amp;lang=cs&amp;origin=https%3A%2F%2Funcutnews.ch%2Fneue-klage-vorwuerfe-gegen-justin-trudeau-wegen-kinderpornografische-inhalten-und-schwere-anschuldigungen-gegen-medien%2F&amp;sessionId=76ba81970eb3d95cf6d80ae0099aa2ab119182e9&amp;theme=light&amp;widgetsVersion=2615f7e52b7e0%3A1702314776716&amp;width=550px\" frameborder=\"0\" scrolling=\"no\" allowfullscreen=\"allowfullscreen\" data-tweet-id=\"2042011023310221425\" data-mce-fragment=\"1\"><\/iframe><\/div>\n<p><span dir=\"auto\">Podle Browna novin\u00e1\u0159 v t\u00e9 dob\u011b pova\u017eoval zdroj za d\u016fv\u011bryhodn\u00fd a pova\u017eoval zve\u0159ejn\u011bn\u00ed zpr\u00e1vy za pravd\u011bpodobn\u00e9. K jej\u00edmu zve\u0159ejn\u011bn\u00ed v\u0161ak nikdy nedo\u0161lo.<\/span><\/p>\n<h3 class=\"wp-block-heading\"><span dir=\"auto\">Osobn\u00ed spojen\u00ed s rodinou Trudeau\u016f<\/span><\/h3>\n<p><span dir=\"auto\">Brown ve sv\u00e9 \u017ealob\u011b tak\u00e9 popisuje osobn\u00ed vztahy s rodinou Trudeau\u016f. Ti za\u010dali v roce 2017 pot\u00e9, co se Sophie Gr\u00e9goire Trudeau dozv\u011bd\u011bla o jeho pr\u00e1ci na soci\u00e1ln\u00edch s\u00edt\u00edch.<\/span><\/p>\n<p><span dir=\"auto\">To vedlo k intenzivn\u011bj\u0161\u00edmu kontaktu, v\u010detn\u011b v\u00fdm\u011bny e-mail\u016f, telefonick\u00e9ho rozhovoru a osobn\u00edho setk\u00e1n\u00ed v Rideau Cottage, ofici\u00e1ln\u00ed rezidenci kanadsk\u00e9ho premi\u00e9ra.<\/span><\/p>\n<p><span dir=\"auto\">Brown vysv\u011btluje, \u017ee se mezi lety 2019 a 2021 n\u011bkolikr\u00e1t pokusil od tohoto vztahu distancovat a nakonec kontaktoval novin\u00e1\u0159e, aby svou zpr\u00e1vu zve\u0159ejnili.<\/span><\/p>\n<h3 class=\"wp-block-heading\"><span dir=\"auto\">Obvin\u011bn\u00ed proti novin\u00e1m<\/span><\/h3>\n<p><span dir=\"auto\">J\u00e1drem \u017ealoby je Brown\u016fv argument, \u017ee\u00a0<\/span><em><span dir=\"auto\">Toronto Star<\/span><\/em><span dir=\"auto\">\u00a0m\u00e1 v\u016f\u010di ve\u0159ejnosti tzv. fiduci\u00e1rn\u00ed povinnost. Tvrd\u00ed, \u017ee tato povinnost je obzvl\u00e1\u0161t\u011b vysok\u00e1, proto\u017ee noviny dost\u00e1vaj\u00ed finan\u010dn\u00ed podporu z ve\u0159ejn\u00fdch prost\u0159edk\u016f.<\/span><\/p>\n<p><span dir=\"auto\">Obvi\u0148uje medi\u00e1ln\u00ed spole\u010dnost ze zatajov\u00e1n\u00ed kl\u00ed\u010dov\u00fdch informac\u00ed, a t\u00edm klam\u00e1n\u00ed ve\u0159ejnosti. D\u00e1le noviny obvi\u0148uje z up\u0159ednost\u0148ov\u00e1n\u00ed komer\u010dn\u00edch a politick\u00fdch z\u00e1jm\u016f p\u0159ed novin\u00e1\u0159skou integritou.<\/span><\/p>\n<h3 class=\"wp-block-heading\"><span dir=\"auto\">N\u00e1rok na n\u00e1hradu \u0161kody<\/span><\/h3>\n<p><span dir=\"auto\">Brown po\u017eaduje celkovou n\u00e1hradu \u0161kody ve v\u00fd\u0161i 50 000 kanadsk\u00fdch dolar\u016f, co\u017e je maxim\u00e1ln\u00ed \u010d\u00e1stka, kterou tento soud m\u016f\u017ee vyplatit. N\u00e1rok \u00fadajn\u011b zahrnuje citovou \u00fajmu, finan\u010dn\u00ed ztr\u00e1ty a sank\u010dn\u00ed slo\u017eku.<\/span><\/p>\n<p><span dir=\"auto\">Ve sv\u00e9 argumentaci tak\u00e9 prokazuje souvislost mezi \u00fadajn\u011b zatajovan\u00fdmi informacemi a \u0161ir\u0161\u00edm spole\u010densk\u00fdm v\u00fdvojem. Pat\u0159\u00ed mezi n\u011b rostouc\u00ed \u017eivotn\u00ed n\u00e1klady, probl\u00e9my na trhu s bydlen\u00edm a obavy o ve\u0159ejnou bezpe\u010dnost. Podle jeho n\u00e1zoru mohlo m\u00edt d\u0159\u00edv\u011bj\u0161\u00ed zve\u0159ejn\u011bn\u00ed politick\u00e9 d\u016fsledky, kter\u00e9 by tento v\u00fdvoj ovlivnily.<\/span><\/p>\n<p><span dir=\"auto\">Obvin\u011bn\u00ed dosud nebyla pr\u00e1vn\u011b p\u0159ezkoum\u00e1na. Soudn\u00ed projedn\u00e1n\u00ed p\u0159\u00edpadu st\u00e1le \u010dek\u00e1 na od\u016fvodn\u011bn\u00ed.<\/span><\/p>\n<p><img decoding=\"async\" loading=\"lazy\" class=\"alignnone size-full wp-image-1185\" src=\"http:\/\/www.infokuryr.cz\/n\/wp-content\/uploads\/2021\/04\/kuryr-podpis.png\" alt=\"\" width=\"84\" height=\"24\" \/><\/p>\n<p>&nbsp;<\/p>\n","protected":false},"excerpt":{"rendered":"<p>Kanadsk\u00fd autor podal\u00a0\u017ealobu na noviny\u00a0Toronto Star\u00a0, v n\u00ed\u017e je obvinil z \u00famysln\u00e9ho zatajov\u00e1n\u00ed z\u00e1va\u017en\u00fdch informac\u00ed&#8230;<\/p>\n","protected":false},"author":2,"featured_media":104490,"comment_status":"closed","ping_status":"closed","sticky":false,"template":"","format":"standard","meta":[],"categories":[7],"tags":[248,529,621,422],"_links":{"self":[{"href":"https:\/\/www.infokuryr.cz\/n\/wp-json\/wp\/v2\/posts\/104489"}],"collection":[{"href":"https:\/\/www.infokuryr.cz\/n\/wp-json\/wp\/v2\/posts"}],"about":[{"href":"https:\/\/www.infokuryr.cz\/n\/wp-json\/wp\/v2\/types\/post"}],"author":[{"embeddable":true,"href":"https:\/\/www.infokuryr.cz\/n\/wp-json\/wp\/v2\/users\/2"}],"replies":[{"embeddable":true,"href":"https:\/\/www.infokuryr.cz\/n\/wp-json\/wp\/v2\/comments?post=104489"}],"version-history":[{"count":0,"href":"https:\/\/www.infokuryr.cz\/n\/wp-json\/wp\/v2\/posts\/104489\/revisions"}],"wp:featuredmedia":[{"embeddable":true,"href":"https:\/\/www.infokuryr.cz\/n\/wp-json\/wp\/v2\/media\/104490"}],"wp:attachment":[{"href":"https:\/\/www.infokuryr.cz\/n\/wp-json\/wp\/v2\/media?parent=104489"}],"wp:term":[{"taxonomy":"category","embeddable":true,"href":"https:\/\/www.infokuryr.cz\/n\/wp-json\/wp\/v2\/categories?post=104489"},{"taxonomy":"post_tag","embeddable":true,"href":"https:\/\/www.infokuryr.cz\/n\/wp-json\/wp\/v2\/tags?post=104489"}],"curies":[{"name":"wp","href":"https:\/\/api.w.org\/{rel}","templated":true}]}}