{"id":10444,"date":"2022-05-10T01:10:57","date_gmt":"2022-05-09T23:10:57","guid":{"rendered":"http:\/\/www.infokuryr.cz\/n\/?p=10444"},"modified":"2022-05-09T18:17:49","modified_gmt":"2022-05-09T16:17:49","slug":"sef-polskeho-ministerstva-vnitra-s-pochopenim-reagoval-na-utok-na-ruskeho-velvyslance","status":"publish","type":"post","link":"https:\/\/www.infokuryr.cz\/n\/2022\/05\/10\/sef-polskeho-ministerstva-vnitra-s-pochopenim-reagoval-na-utok-na-ruskeho-velvyslance\/","title":{"rendered":"\u0160\u00e9f polsk\u00e9ho ministerstva vnitra &#8222;s pochopen\u00edm&#8220; reagoval na \u00fatok na rusk\u00e9ho velvyslance"},"content":{"rendered":"<div id=\"fb-root\"><\/div>\n<p><strong>Polsk\u00fd ministr vnitra a spr\u00e1vy Mariusz Kaminski tvrd\u00ed, \u017ee \u201ech\u00e1pe emoce\u201c lid\u00ed, kte\u0159\u00ed polili rusk\u00fdm velvyslancem Sergejem Andrejevem rudou barvou, kdy\u017e p\u0159i\u0161el polo\u017eit v\u011bnec na h\u0159bitov sov\u011btsk\u00fdch voj\u00e1k\u016f ve Var\u0161av\u011b.<\/strong><\/p>\n<p>\u201eEmoce ukrajinsk\u00fdch \u017een \u00fa\u010dastn\u00edc\u00edch se demonstrace, jejich\u017e man\u017eel\u00e9 odv\u00e1\u017en\u011b bojuj\u00ed za obranu sv\u00e9 vlasti, jsou pochopiteln\u00e9, \u201c\u00a0<a href=\"https:\/\/ria.ru\/20220509\/napadenie-1787661076.html?utm_source=yxnews&amp;utm_medium=desktop\" target=\"_blank\" rel=\"noopener noreferrer\">\u0159ekl<\/a> ministry , kter\u00e9ho citovala RIA Novosti.<\/p>\n<p>Polsk\u00e9 \u00fa\u0159ady podle n\u011bj nedoporu\u010dily rusk\u00e9mu velvyslanci polo\u017eit kv\u011btiny 9. kv\u011btna ve Var\u0161av\u011b.<\/p>\n<p>Odpoledne 9. kv\u011btna byl napaden rusk\u00fd velvyslanec v Polsku Sergej Andrejev,\u00a0\u00a0<a href=\"https:\/\/russian.rt.com\/world\/news\/1000680-posol-rossiya-polsha-napadenie\">kter\u00fd byl polit\u00fd \u010dervenou barvou<\/a>\u00a0\u00a0p\u0159i pokusu polo\u017eit v\u011bnec na h\u0159bitov\u011b sov\u011btsk\u00fdch voj\u00e1k\u016f ve Var\u0161av\u011b.<\/p>\n<p>Rusk\u00e9 ministerstvo zahrani\u010d\u00ed proti\u00a0\u00fatoku\u00a0<a href=\"https:\/\/russian.rt.com\/russia\/news\/1000724-mid-rossii-protest-napadeniye\" target=\"_blank\" rel=\"noopener noreferrer\">ost\u0159e protestovalo .<\/a><\/p>\n<p>Polsk\u00fd ministr zahrani\u010d\u00ed Zbigniew Rau prohl\u00e1sil, \u017ee \u00fatok na Andrejeva byl\u00a0<a href=\"https:\/\/russian.rt.com\/world\/news\/1000753-glava-mid-polsha-napadenie-posol-rossiya\" target=\"_blank\" rel=\"noopener noreferrer\">\u201epolitov\u00e1n\u00edhodn\u00fd\u201c incident<\/a>\u00a0.\u00a0To se podle n\u011bj st\u00e1t nem\u011blo.<\/p>\n<p>Cel\u00fd incident tak\u00e9 m\u016f\u017ee v\u00e9st k v\u00e1le\u010dn\u00e9mu konfliktu. Jsou to op\u011bt Pol\u00e1ci, kte\u0159\u00ed ji\u017e d\u0159\u00edve spolu s N\u011bmci rozpoutali II. sv\u011btovou v\u00e1lku a to t\u00edm, \u017ee se pod\u00edleli na okupaci \u010ceskoslovenska sou\u010dasn\u011b\u00a0 s hitlerovsk\u00fdm N\u011bmeckem.<\/p>\n<p>Napaden\u00ed velvyslance je v\u00e1le\u010dn\u00fd akt proti suverenit\u011b zem\u011b, kterou zastupuje. Hostuj\u00edc\u00ed zem\u011b m\u00e1 povinnost dle v\u00edde\u0148sk\u00fdch konvenc\u00ed ochra\u0148ovat vyslance zem\u00ed s kter\u00fdmi m\u00e1 nav\u00e1zan\u00e9 diplomatick\u00e9 vztahy. Souhlas s \u00fatoky na z\u00e1stupce s diplomatickou imunitou je vyhl\u00e1\u0161en\u00ed v\u00e1le\u010dn\u00e9ho stavu!<\/p>\n<p><img decoding=\"async\" loading=\"lazy\" class=\"alignnone size-full wp-image-1185\" src=\"http:\/\/www.infokuryr.cz\/n\/wp-content\/uploads\/2021\/04\/kuryr-podpis.png\" alt=\"\" width=\"84\" height=\"24\" \/><\/p>\n<p>&nbsp;<\/p>\n","protected":false},"excerpt":{"rendered":"<p>Polsk\u00fd ministr vnitra a spr\u00e1vy Mariusz Kaminski tvrd\u00ed, \u017ee \u201ech\u00e1pe emoce\u201c lid\u00ed, kte\u0159\u00ed polili rusk\u00fdm&#8230;<\/p>\n","protected":false},"author":2,"featured_media":10445,"comment_status":"closed","ping_status":"closed","sticky":false,"template":"","format":"standard","meta":[],"categories":[7],"tags":[31,22,723,977],"_links":{"self":[{"href":"https:\/\/www.infokuryr.cz\/n\/wp-json\/wp\/v2\/posts\/10444"}],"collection":[{"href":"https:\/\/www.infokuryr.cz\/n\/wp-json\/wp\/v2\/posts"}],"about":[{"href":"https:\/\/www.infokuryr.cz\/n\/wp-json\/wp\/v2\/types\/post"}],"author":[{"embeddable":true,"href":"https:\/\/www.infokuryr.cz\/n\/wp-json\/wp\/v2\/users\/2"}],"replies":[{"embeddable":true,"href":"https:\/\/www.infokuryr.cz\/n\/wp-json\/wp\/v2\/comments?post=10444"}],"version-history":[{"count":0,"href":"https:\/\/www.infokuryr.cz\/n\/wp-json\/wp\/v2\/posts\/10444\/revisions"}],"wp:featuredmedia":[{"embeddable":true,"href":"https:\/\/www.infokuryr.cz\/n\/wp-json\/wp\/v2\/media\/10445"}],"wp:attachment":[{"href":"https:\/\/www.infokuryr.cz\/n\/wp-json\/wp\/v2\/media?parent=10444"}],"wp:term":[{"taxonomy":"category","embeddable":true,"href":"https:\/\/www.infokuryr.cz\/n\/wp-json\/wp\/v2\/categories?post=10444"},{"taxonomy":"post_tag","embeddable":true,"href":"https:\/\/www.infokuryr.cz\/n\/wp-json\/wp\/v2\/tags?post=10444"}],"curies":[{"name":"wp","href":"https:\/\/api.w.org\/{rel}","templated":true}]}}