{"id":104407,"date":"2026-04-13T00:21:55","date_gmt":"2026-04-12T22:21:55","guid":{"rendered":"https:\/\/www.infokuryr.cz\/n\/?p=104407"},"modified":"2026-04-12T12:04:53","modified_gmt":"2026-04-12T10:04:53","slug":"zadne-primeri-ale-co-kdyz-je-to-bozi-vule","status":"publish","type":"post","link":"https:\/\/www.infokuryr.cz\/n\/2026\/04\/13\/zadne-primeri-ale-co-kdyz-je-to-bozi-vule\/","title":{"rendered":"\u017d\u00e1dn\u00e9 p\u0159\u00edm\u011b\u0159\u00ed, ale co kdy\u017e je to Bo\u017e\u00ed v\u016fle?"},"content":{"rendered":"<div id=\"fb-root\"><\/div>\n<h3><strong><span dir=\"auto\">Co kdyby to byl B\u016fh, kdo necht\u011bl p\u0159\u00edm\u011b\u0159\u00ed?<\/span><\/strong><\/h3>\n<p><span dir=\"auto\">V \u00fater\u00fd 7. dubna v 19 hodin, hodinu p\u0159edt\u00edm, ne\u017e Trump pohrozil ukon\u010den\u00edm \u201epersk\u00e9 civilizace\u201c (podle jeho vlastn\u00edch slov), jeho administrativa souhlasila s p\u0159\u00edm\u011b\u0159\u00edm s \u00cdr\u00e1nem. To byl jeden z obrat\u016f.\u00a0<\/span><\/p>\n<p><span dir=\"auto\">nejpozoruhodn\u011bj\u0161\u00ed zahrani\u010dn\u011bpolitick\u00e9 ud\u00e1losti ned\u00e1vn\u00e9 historie, a to znepokojiv\u011b shodn\u011b s obdob\u00edm, kdy Svat\u00fd t\u00fdden za\u010d\u00ednal a kon\u010dil dva dny po Velikono\u010dn\u00ed ned\u011bli:<\/span><\/p>\n<p><em><span dir=\"auto\">Nejbl\u00e1zniv\u011bj\u0161\u00edch 24 hodin v geopolitice Bl\u00edzk\u00e9ho v\u00fdchodu za posledn\u00ed desetilet\u00ed, z nich\u017e polovinu v\u011bt\u0161ina lid\u00ed zme\u0161kala. \u00cdr\u00e1n vyhr\u00e1l v\u00e1lku proti Spojen\u00fdm st\u00e1t\u016fm a z\u00edskal kontrolu nad Hormuzsk\u00fdm pr\u016flivem jako poctu v\u00edt\u011bzi. Podm\u00ednky p\u0159\u00edm\u011b\u0159\u00ed stanov\u00ed 2 miliony dolar\u016f za ka\u017edou lo\u010f proplouvaj\u00edc\u00ed pr\u016flivem&#8230; to je 100 miliard dolar\u016f ro\u010dn\u011b. V\u0160ECHNY americk\u00e9 sankce proti \u00cdr\u00e1nu byly zru\u0161eny&#8230; a 40 let ekonomick\u00e9 v\u00e1lky skon\u010dilo. [P\u0159ijet\u00edm p\u0159\u00edm\u011b\u0159\u00ed] Trump ignoroval v\u0161echny jest\u0159\u00e1by kolem sebe a ode\u0161el, \u010d\u00edm\u017e si vytvo\u0159il vlastn\u00ed narativ v podob\u011b \u201ev\u00edt\u011bzstv\u00ed\u201c. \u010c\u00edna se stala nejv\u011bt\u0161\u00edm strategick\u00fdm v\u00edt\u011bzem, ani\u017e by musela nasadit jedin\u00e9ho voj\u00e1ka. St\u00e1ty Persk\u00e9ho z\u00e1livu jsou na pokraji normalizace vztah\u016f s \u00cdr\u00e1nem; region\u00e1ln\u00ed \u0159\u00e1d se hrout\u00ed. Izraelsk\u00e1 rovnov\u00e1ha sil na Bl\u00edzk\u00e9m v\u00fdchod\u011b pr\u00e1v\u011b utrp\u011bla nejv\u011bt\u0161\u00ed por\u00e1\u017eku v modern\u00ed historii. Hizball\u00e1h je p\u0159ipraven vyj\u00edt siln\u011bj\u0161\u00ed ne\u017e za cel\u00e1 desetilet\u00ed, a to v\u0161e za jedin\u00fd den<\/span><\/em><span dir=\"auto\">\u00a0.<\/span><span id=\"easy-footnote-1-523854\" class=\"easy-footnote-margin-adjust\"><\/span><span class=\"easy-footnote\"><a title=\"\" href=\"https:\/\/reseauinternational.net\/pas-de-cessez-le-feu-et-si-cetait-la-volonte-de-dieu\/#easy-footnote-bottom-1-523854\" data-hasqtip=\"0\" aria-describedby=\"qtip-0\"><sup><span dir=\"auto\">1<\/span><\/sup><\/a><\/span><\/p>\n<p><span dir=\"auto\">1. dubna promluvil Franklin Graham na modlitebn\u00ed bohoslu\u017eb\u011b v B\u00edl\u00e9m dom\u011b v dob\u011b, kdy se vojensk\u00e1 intervence USA v \u00cdr\u00e1nu d\u00e1le stup\u0148ovala.<\/span><span id=\"easy-footnote-2-523854\" class=\"easy-footnote-margin-adjust\"><\/span><span class=\"easy-footnote\"><a title=\"\" href=\"https:\/\/reseauinternational.net\/pas-de-cessez-le-feu-et-si-cetait-la-volonte-de-dieu\/#easy-footnote-bottom-2-523854\" data-hasqtip=\"1\" aria-describedby=\"qtip-1\"><sup><span dir=\"auto\">2<\/span><\/sup><\/a><\/span><span dir=\"auto\">\u00a0\u00a0Graham zah\u00e1jil svou modlitbu citac\u00ed z knihy Ester, kde uvedl, \u017ee \u201e<\/span><em><span dir=\"auto\">Per\u0161an\u00e9, \u00cdr\u00e1nci, cht\u011bli zab\u00edt v\u0161echny \u017didy, \u017eeny [a] d\u011bti a ud\u011blat to v jeden den. Ale ty jsi, Ot\u010de, vzbudil Ester, aby zachr\u00e1nila \u017eidovsk\u00fd lid, a my ti d\u011bkujeme<\/span><\/em><span dir=\"auto\">.\u201c<\/span><\/p>\n<p><span dir=\"auto\">Jak by se dalo o\u010dek\u00e1vat od k\u0159es\u0165ansk\u00fdch sionist\u016f a jejich interpretace\u00a0\u00a0<\/span><em><span dir=\"auto\">sola scriptura<\/span><\/em><span dir=\"auto\">\u00a0, Graham extrapoloval z knihy Ester a aplikoval ji na sou\u010dasnou geopolitickou situaci, kdy\u017e \u0159ekl V\u0161emohouc\u00edmu: \u201e\u00a0<\/span><em><span dir=\"auto\">Dnes cht\u011bj\u00ed \u00cdr\u00e1nci (zl\u00fd re\u017eim t\u00e9to vl\u00e1dy) zab\u00edt v\u0161echny \u017didy a zni\u010dit je atomovou palbou. Ale vy jste zp\u016fsobil vzestup prezidenta Trumpa. Vy jste ho vyzdvihl na vrchol pro dobu, jako je tato. A Ot\u010de, modl\u00edme se, abys mu dal v\u00edt\u011bzstv\u00ed.\u201c Graham se pot\u00e9 modlil za \u201epor\u00e1\u017eku \u00edr\u00e1nsk\u00e9ho re\u017eimu a za svobodu \u00edr\u00e1nsk\u00e9ho lidu<\/span><\/em><span dir=\"auto\">\u00a0\u201c.<\/span><span id=\"easy-footnote-3-523854\" class=\"easy-footnote-margin-adjust\"><\/span><span class=\"easy-footnote\"><a title=\"\" href=\"https:\/\/reseauinternational.net\/pas-de-cessez-le-feu-et-si-cetait-la-volonte-de-dieu\/#easy-footnote-bottom-3-523854\" data-hasqtip=\"2\" aria-describedby=\"qtip-2\"><sup><span dir=\"auto\">3<\/span><\/sup><\/a><\/span><\/p>\n<p><span dir=\"auto\">Biskup Robert Barron, kter\u00fd byl tak\u00e9 p\u0159\u00edtomen na stejn\u00e9 modlitebn\u00ed bohoslu\u017eb\u011b, se modlil m\u00e9n\u011b stranick\u00fdm zp\u016fsobem.<\/span><\/p>\n<p><strong><em><span dir=\"auto\">\u201eNebesk\u00fd Ot\u010de, V\u0161emohouc\u00ed a V\u011b\u010dn\u00fd Bo\u017ee, Proz\u0159eteln\u00fd Pane d\u011bjin, dnes p\u0159edstupujeme p\u0159ed Tebe s postojem pokorn\u00e9 vd\u011b\u010dnosti. D\u011bkujeme Ti, Pane, za tuto p\u0159\u00edle\u017eitost b\u00fdt spole\u010dn\u011b ve spole\u010denstv\u00ed, za v\u00edru, kter\u00e1 n\u00e1s spojuje, a za po\u017eehn\u00e1n\u00ed svobody, kterou si jako Ameri\u010dan\u00e9 u\u017e\u00edv\u00e1me. Ale ze v\u0161eho nejv\u00edc jsme v tomto nejsv\u011bt\u011bj\u0161\u00edm t\u00fddnu roku vd\u011b\u010dn\u00ed za dar Tv\u00e9ho Syna Je\u017e\u00ed\u0161e Krista, kter\u00fd je B\u016fh od Boha, Sv\u011btlo od Sv\u011btla, prav\u00fd B\u016fh od prav\u00e9ho Boha; kter\u00fd je \u201eAno\u201c na v\u0161echna zasl\u00edben\u00ed dan\u00e1 Izraeli; kter\u00fd je Ber\u00e1nek zabit\u00fd, ale nesmrteln\u00fd; kter\u00fd je Alfa a Omega; kdo je Lev Jud\u016fv; kdo je touha po v\u011b\u010dn\u00fdch pahorc\u00edch; a kdo je Slovo, kter\u00e9 se stalo t\u011blem.<\/span><\/em><\/strong><span dir=\"auto\">\u00a0\u201c<\/span><\/p>\n<p><span dir=\"auto\">Mnoho katol\u00edk\u016f kritizovalo Barrona za \u00fa\u010dast na n\u011b\u010dem, co vypadalo jako demonstrace na podporu v\u00e1le\u010dn\u00fdch zlo\u010din\u016f. Barron reagoval na Instagramu a obvinil sv\u00e9 kritiky z \u201epomluvy\u201c:<\/span><\/p>\n<p><span dir=\"auto\">Pokud jde o ud\u00e1lost v B\u00edl\u00e9m dom\u011b, nem\u011bl jsem absolutn\u011b \u017e\u00e1dnou kontrolu nad t\u00edm, co \u0159\u00edkali ostatn\u00ed minist\u0159i. M\u016fj vlastn\u00ed p\u0159\u00edsp\u011bvek se zam\u011b\u0159oval na Je\u017e\u00ed\u0161e a ud\u00e1losti Svat\u00e9ho t\u00fddne \u2013 a modlil jsem se za zemi a za to, aby prezident vl\u00e1dl podle Bo\u017e\u00ed v\u016fle. Vyvodit z toho, \u017ee jsem slep\u00fdm zast\u00e1ncem hnut\u00ed MAGA, je pomluva.<\/span><\/p>\n<p><span dir=\"auto\">Barronova tich\u00e1 podpora Trumpovy zahrani\u010dn\u00ed politiky zakr\u00fdvala mocensk\u00fd boj mezi katol\u00edky a k\u0159es\u0165ansk\u00fdmi sionisty v Trumpov\u011b administrativ\u011b. P\u0159ibli\u017en\u011b ve stejnou dobu, kdy arcibiskup Barron k\u00e1ral sv\u00e9 kritiky, se objevila zpr\u00e1va o pokusu Trumpovy administrativy zastra\u0161it vatik\u00e1nsk\u00e9ho velvyslance ve Spojen\u00fdch st\u00e1tech.<\/span><\/p>\n<p><span dir=\"auto\">V lednu 2026 si n\u00e1m\u011bstek ministra obrany pro politick\u00e9 z\u00e1le\u017eitosti Elbridge Colby p\u0159edvolal vatik\u00e1nsk\u00e9ho velvyslance, francouzsk\u00e9ho kardin\u00e1la Christophea Pierra, vatik\u00e1nsk\u00e9ho apo\u0161tolsk\u00e9ho nuncia ve Spojen\u00fdch st\u00e1tech, na uzav\u0159enou sch\u016fzku v Pentagonu, kr\u00e1tce pot\u00e9, co pape\u017e Lev XIV. p\u0159ednesl projev o \u201estavu sv\u011bta\u201c, v n\u011bm\u017e kritizoval americkou zahrani\u010dn\u00ed politiku za Trumpovy administrativy.<\/span><span id=\"easy-footnote-4-523854\" class=\"easy-footnote-margin-adjust\"><\/span><span class=\"easy-footnote\"><a title=\"\" href=\"https:\/\/reseauinternational.net\/pas-de-cessez-le-feu-et-si-cetait-la-volonte-de-dieu\/#easy-footnote-bottom-4-523854\" data-hasqtip=\"3\" aria-describedby=\"qtip-3\"><sup><span dir=\"auto\">4<\/span><\/sup><\/a><\/span><span dir=\"auto\">\u00a0\u00a0B\u011bhem tohoto setk\u00e1n\u00ed Colby \u0159ekl kardin\u00e1lu Peterovi, \u017ee Spojen\u00e9 st\u00e1ty maj\u00ed drtivou vojenskou s\u00edlu a \u017ee \u201e<\/span><em><span dir=\"auto\">katolick\u00e1 c\u00edrkev by se m\u011bla rad\u011bji postavit na jejich stranu<\/span><\/em><span dir=\"auto\">\u201c, jinak bude \u010delit d\u016fsledk\u016fm, kter\u00e9 popsal nep\u0159\u00edmou nar\u00e1\u017ekou na avignonsk\u00e9 pape\u017ee, obdob\u00ed (1309-1418), b\u011bhem kter\u00e9ho francouzsk\u00e1 monarchie vykon\u00e1vala zna\u010dnou kontrolu nad c\u00edrkv\u00ed, zejm\u00e9na p\u0159enesen\u00edm Petrova stolce do Avignonu a jmenov\u00e1n\u00edm sedmi francouzsk\u00fdch protipape\u017e\u016f. V t\u00e9 dob\u011b m\u011bla v\u00fdznam v\u00fdraz, kter\u00fdm se avignonsk\u00e9 pape\u017estv\u00ed st\u00e1v\u00e1 zn\u00e1m\u00fdm jako \u201ebabylonsk\u00e9 zajet\u00ed pape\u017estv\u00ed\u201c pot\u00e9, co italsk\u00fd b\u00e1sn\u00edk a humanista Petrarca nav\u0161t\u00edvil Avignon a ve sv\u00fdch dopisech a spisech jej popsal jako \u201eBabylon Z\u00e1padu\u201c, p\u0159i\u010dem\u017e kritizoval to, co vn\u00edmal jako sv\u011btskost, luxus a korupci pape\u017esk\u00e9ho dvora.<\/span><\/p>\n<p><span dir=\"auto\">Colbyho pou\u017eit\u00ed t\u011bchto odkaz\u016f \u201e\u00a0<\/span><em><span dir=\"auto\">bylo vatik\u00e1nsk\u00fdmi p\u0159edstaviteli \u0161iroce interpretov\u00e1no jako taktika zastra\u0161ov\u00e1n\u00ed \u2013 nazna\u010duj\u00edc\u00ed, \u017ee Spojen\u00e9 st\u00e1ty by mohly vyv\u00edjet podobn\u00fd tlak nebo vnutit svou v\u016fli Svat\u00e9mu stolci, pokud se neshodne s americk\u00fdmi z\u00e1jmy.<\/span><\/em><span dir=\"auto\">\u00a0\u201c<\/span><span id=\"easy-footnote-5-523854\" class=\"easy-footnote-margin-adjust\"><\/span><span class=\"easy-footnote\"><a title=\"\" href=\"https:\/\/reseauinternational.net\/pas-de-cessez-le-feu-et-si-cetait-la-volonte-de-dieu\/#easy-footnote-bottom-5-523854\" data-hasqtip=\"4\" aria-describedby=\"qtip-4\"><sup><span dir=\"auto\">5<\/span><\/sup><\/a><\/span><span dir=\"auto\">\u00a0\u00a0Tato hrozba vyvolala hn\u011bv Vatik\u00e1nu, kter\u00fd vn\u00edmal nar\u00e1\u017eku na Avignon jako skrytou hrozbu vojensk\u00e9ho \u010di donucovac\u00edho z\u00e1sahu proti Svat\u00e9mu stolci. V reakci na tuto hrozbu Vatik\u00e1n zru\u0161il pl\u00e1novanou pape\u017eovu n\u00e1v\u0161t\u011bvu Spojen\u00fdch st\u00e1t\u016f v \u010dervenci, kter\u00e1 m\u011bla oslavit 250.<\/span><sup><span dir=\"auto\">v\u00fdro\u010d\u00ed<\/span><\/sup><span dir=\"auto\">\u00a0Deklarace nez\u00e1vislosti. Viceprezident J. D. Vance se ocitl v k\u0159\u00ed\u017eov\u00e9 palb\u011b report\u00e9ra \u2013 stoj\u00edc\u00edho na leti\u0161tn\u00ed plo\u0161e v Budape\u0161ti \u2013 kter\u00fd cht\u011bl zn\u00e1t jeho postoj ke konfliktu. Vance tvrdil, \u017ee o incidentu nev\u011bd\u011bl, a uvedl, \u017ee o kardin\u00e1lovi Christophe Pierrovi nikdy nesly\u0161el, ale rozkol mezi katol\u00edky a k\u0159es\u0165ansk\u00fdmi sionisty v koalici MAGA se stal p\u0159\u00edli\u0161 hlubok\u00fdm na to, aby se dal ignorovat, kdy\u017e ministr v\u00e1lky Pete Hegseth ozn\u00e1mil modlitbu na Velk\u00fd p\u00e1tek v Pentagonu, vyhrazenou pro protestanty.<\/span><\/p>\n<p><span dir=\"auto\">N\u011bkdy mezi m\u0161\u00ed P\u00e1n\u011b na Zelen\u00fd \u010dtvrtek a modlitbou na Velk\u00fd p\u00e1tek, kde se shrom\u00e1\u017edili k\u0159es\u0165an\u0161t\u00ed sionist\u00e9 ve st\u00e1tn\u00ed spr\u00e1v\u011b, aby prosili o Bo\u017e\u00ed po\u017eehn\u00e1n\u00ed nad nemor\u00e1ln\u00ed izraelsko-americkou v\u00e1lkou proti \u00cdr\u00e1nu, byl nad odlehlou hornatou oblast\u00ed ji\u017en\u00edho \u00cdr\u00e1nu pobl\u00ed\u017e Isfah\u00e1nu sest\u0159elen letoun F-15E Strike Eagle, co\u017e spustilo misi CSAR (Combat Search and Rescue) s c\u00edlem vyzvednout sest\u0159elen\u00e9 piloty. Tato operace mobilizovala 150 letadel a vedla ke ztr\u00e1t\u011b dvou transportn\u00edch letadel C-150 Hercules p\u0159epravuj\u00edc\u00edch vrtuln\u00edky, pozemn\u00ed vozidla a 150 bojov\u00fdch voj\u00e1k\u016f, co\u017e vedlo mnoho pozorovatel\u016f k z\u00e1v\u011bru, \u017ee skute\u010dn\u00fdm c\u00edlem mise byla konfiskace\u00a0<\/span><strong><span dir=\"auto\">400 kilogram\u016f uranu<\/span><\/strong><span dir=\"auto\">\u00a0\u00a0z tajn\u00fdch tunel\u016f pobl\u00ed\u017e Isfah\u00e1nu. C\u00edlem t\u00e9to mise bylo poskytnout Trumpovi p\u0159\u00edle\u017eitost k zajet\u00ed venezuelsk\u00e9ho stylu, kter\u00e9 by mu umo\u017enilo prohl\u00e1sit v\u00edt\u011bzstv\u00ed a opustit \u00cdr\u00e1n narychlo vybudovanou \u00fanikovou cestou, \u010d\u00edm\u017e by se ukon\u010dila v\u00e1lka, kterou Spojen\u00e9 st\u00e1ty \u017ealostn\u011b prohr\u00e1valy.<\/span><\/p>\n<p><span dir=\"auto\">M\u00edsto toho se v\u0161ak Trump do\u010dkal podivn\u00e9ho opakov\u00e1n\u00ed operace Orl\u00ed dr\u00e1p, kter\u00e1 se odehr\u00e1la 24. a 25. dubna 1980 b\u011bhem ne\u00fasp\u011b\u0161n\u00e9ho pokusu o z\u00e1chranu 53 americk\u00fdch rukojm\u00edch dr\u017een\u00fdch na americk\u00e9m velvyslanectv\u00ed v Teher\u00e1nu po jejich zajet\u00ed v listopadu 1979. Ne\u00fasp\u011bch operace Orl\u00ed dr\u00e1p zpe\u010detil osud prezidentstv\u00ed Jimmyho Cartera a debakl u Isfah\u00e1nu hrozil, \u017ee tot\u00e9\u017e ud\u011bl\u00e1 i s prezidentstv\u00edm Donalda Trumpa.<\/span><\/p>\n<p><span dir=\"auto\">Kdy\u017e vy\u0161lo najevo, \u017ee mise na kr\u00e1de\u017e \u00edr\u00e1nsk\u00e9ho uranu selhala, Trump na Velikono\u010dn\u00ed ned\u011bli tweetoval zpr\u00e1vu, kter\u00e1 m\u011bla pomaten\u00fd t\u00f3n mu\u017ee, kter\u00e9mu do\u0161ly mo\u017enosti: \u201e\u00a0<\/span><em><span dir=\"auto\">\u00dater\u00fd bude v \u00cdr\u00e1nu Dnem elektr\u00e1ren a Dnem most\u016f, z\u00e1rove\u0148. Nic nezbude!!! Otev\u0159ete ten zatracen\u00fd pr\u016fliv, vy \u0161\u00edlen\u00ed parchanti, nebo uvid\u00edte peklo \u2013 uvid\u00edte! Sl\u00e1va All\u00e1hovi. Prezident DONALD J. TRUMP<\/span><\/em><span dir=\"auto\">\u00a0.\u201c<\/span><\/p>\n<p><span dir=\"auto\">Trumpovo pou\u017eit\u00ed slova \u201e\u00a0<\/span><em><span dir=\"auto\">kurva<\/span><\/em><span dir=\"auto\">\u00a0\u201c na Velikono\u010dn\u00ed ned\u011bli vyvolalo rozs\u00e1hlou kritiku. Tucker Carlson ozna\u010dil toto sd\u011blen\u00ed za \u201eopovr\u017een\u00edhodn\u00e9 na v\u0161ech \u00farovn\u00edch\u201c a popsal ho jako \u201eznesv\u011bcen\u00ed\u201c Velikonoc, prvn\u00ed krok k jadern\u00e9 v\u00e1lce a hrozbu v\u00e1le\u010dn\u00fdch zlo\u010din\u016f zam\u011b\u0159en\u00fdch na civiln\u00ed infrastrukturu (elektr\u00e1rny a mosty) v \u00cdr\u00e1nu.<\/span><span id=\"easy-footnote-6-523854\" class=\"easy-footnote-margin-adjust\"><\/span><span class=\"easy-footnote\"><a title=\"\" href=\"https:\/\/reseauinternational.net\/pas-de-cessez-le-feu-et-si-cetait-la-volonte-de-dieu\/#easy-footnote-bottom-6-523854\" data-hasqtip=\"5\" aria-describedby=\"qtip-5\"><sup><span dir=\"auto\">6<\/span><\/sup><\/a><\/span><\/p>\n<p><span dir=\"auto\">Carlson prezentoval tuto r\u00e9toriku jako eskalaci sm\u011brem k \u0161ir\u0161\u00edmu konfliktu, nal\u00e9hal na k\u0159es\u0165any, aby si uv\u011bdomili sm\u011br, kter\u00fdm Trump zemi vede, a navrhl, aby vl\u00e1dn\u00ed \u00fa\u0159edn\u00edci a zam\u011bstnanci odm\u00edtli nez\u00e1konn\u00e9 nebo nemor\u00e1ln\u00ed rozkazy. Spojil to tak\u00e9 s \u0161ir\u0161\u00ed kritikou n\u011bkter\u00fdch evangelik\u00e1ln\u00edch osobnost\u00ed (jako je Paula White) a toho, co vn\u00edmal jako korupci nebo zneu\u017e\u00edv\u00e1n\u00ed k\u0159es\u0165anstv\u00ed v politick\u00fdch kruz\u00edch.<\/span><span id=\"easy-footnote-7-523854\" class=\"easy-footnote-margin-adjust\"><\/span><span class=\"easy-footnote\"><a title=\"\" href=\"https:\/\/reseauinternational.net\/pas-de-cessez-le-feu-et-si-cetait-la-volonte-de-dieu\/#easy-footnote-bottom-7-523854\" data-hasqtip=\"6\" aria-describedby=\"qtip-6\"><sup><span dir=\"auto\">7<\/span><\/sup><\/a><\/span><\/p>\n<p><span dir=\"auto\">V \u00fater\u00fd 7. dubna r\u00e1no Donald Trump u\u010dinil rozhodn\u00fd krok k eskalaci, kdy\u017e \u00cdr\u00e1nu \u0159ekl: \u201e\u00a0<\/span><em><span dir=\"auto\">Cel\u00e1 civilizace dnes ve\u010der zem\u0159e a u\u017e se nikdy neznovuzrod\u00ed. Nechci, aby se to stalo, ale pravd\u011bpodobn\u011b se to stane.<\/span><\/em><span dir=\"auto\">\u00a0\u201c<\/span><span id=\"easy-footnote-8-523854\" class=\"easy-footnote-margin-adjust\"><\/span><span class=\"easy-footnote\"><a title=\"\" href=\"https:\/\/reseauinternational.net\/pas-de-cessez-le-feu-et-si-cetait-la-volonte-de-dieu\/#easy-footnote-bottom-8-523854\" data-hasqtip=\"7\" aria-describedby=\"qtip-7\"><sup><span dir=\"auto\">8<\/span><\/sup><\/a><\/span><\/p>\n<p><span dir=\"auto\">T\u00e9ho\u017e dne pape\u017e Lev I. odsoudil Trumpovu hrozbu jako \u201eskute\u010dn\u011b nep\u0159ijatelnou\u201c. Pape\u017e se pot\u00e9 zab\u00fdval \u201e\u00a0<\/span><em><span dir=\"auto\">ot\u00e1zkami mezin\u00e1rodn\u00edho pr\u00e1va, ale je\u0161t\u011b v\u00edce mor\u00e1ln\u00ed ot\u00e1zkou pro dobro cel\u00e9 populace\u2026 R\u00e1d bych v\u0161echny vyzval, aby se up\u0159\u00edmn\u011b zamysleli nad mnoha nevinn\u00fdmi lidmi, tolika d\u011btmi, tolika star\u00fdmi lidmi, zcela nevinn\u00fdmi, kte\u0159\u00ed se tak\u00e9 stanou ob\u011b\u0165mi t\u00e9to eskalace v\u00e1lky.<\/span><\/em><span dir=\"auto\">\u00a0\u201c<\/span><span id=\"easy-footnote-9-523854\" class=\"easy-footnote-margin-adjust\"><\/span><span class=\"easy-footnote\"><a title=\"\" href=\"https:\/\/reseauinternational.net\/pas-de-cessez-le-feu-et-si-cetait-la-volonte-de-dieu\/#easy-footnote-bottom-9-523854\" data-hasqtip=\"8\" aria-describedby=\"qtip-8\"><sup><span dir=\"auto\">9<\/span><\/sup><\/a><\/span><\/p>\n<p><span dir=\"auto\">Devades\u00e1t minut p\u0159ed \u00fatern\u00edm term\u00ednem ve 20:00 ozn\u00e1mil Trump dvout\u00fddenn\u00ed pozastaven\u00ed pl\u00e1novan\u00fdch americk\u00fdch leteck\u00fdch \u00fader\u016f za p\u0159edpokladu, \u017ee \u00cdr\u00e1n souhlas\u00ed s \u00fapln\u00fdm, okam\u017eit\u00fdm a bezpe\u010dn\u00fdm znovuotev\u0159en\u00edm Gibraltarsk\u00e9ho pr\u016flivu. Trump odvolal svou v\u00fdzvu k \u201ebezpodm\u00edne\u010dn\u00e9 kapitulaci\u201c z po\u010d\u00e1tku konfliktu a p\u0159ijal desetibodov\u00fd m\u00edrov\u00fd pl\u00e1n \u00cdr\u00e1nu.<\/span><\/p>\n<ol>\n<li><span dir=\"auto\">Z\u00e1vazek USA k ne\u00fato\u010den\u00ed \u2013 Z\u00e1kladn\u00ed z\u00e1ruka, \u017ee Spojen\u00e9 st\u00e1ty (a Izrael) znovu neza\u00fato\u010d\u00ed na \u00cdr\u00e1n, s bezpe\u010dnostn\u00edmi z\u00e1rukami proti budouc\u00edm \u00fader\u016fm.<\/span><\/li>\n<li><span dir=\"auto\">Zachov\u00e1n\u00ed kontroln\u00ed\/dozor\u010d\u00ed role \u00cdr\u00e1nu nad Hormuzsk\u00fdm pr\u016flivem \u2013 uzn\u00e1n\u00ed pravomoci nebo role \u00cdr\u00e1nu jako\u017eto hlavn\u00edho koordin\u00e1tora nad touto vodn\u00ed cestou, v\u010detn\u011b zaveden\u00ed bezpe\u010dn\u00e9ho tranzitn\u00edho protokolu nebo form\u00e1ln\u00edho mechanismu pro plavbu.<\/span><\/li>\n<li><span dir=\"auto\">P\u0159ijet\u00ed obohacov\u00e1n\u00ed uranu \u00cdr\u00e1nem \u2013 V\u00fdslovn\u00e9 uzn\u00e1n\u00ed pr\u00e1va \u00cdr\u00e1nu obohacovat uran pro jeho jadern\u00fd program ze strany Spojen\u00fdch st\u00e1t\u016f a mezin\u00e1rodn\u00edho spole\u010denstv\u00ed.<\/span><\/li>\n<li><span dir=\"auto\">Zru\u0161en\u00ed v\u0161ech prim\u00e1rn\u00edch sankc\u00ed USA v\u016f\u010di \u00cdr\u00e1nu.<\/span><\/li>\n<li><span dir=\"auto\">Zru\u0161en\u00ed v\u0161ech sekund\u00e1rn\u00edch sankc\u00ed (proti zahrani\u010dn\u00edm subjekt\u016fm nebo zem\u00edm obchoduj\u00edc\u00edm s \u00cdr\u00e1nem).<\/span><\/li>\n<li><span dir=\"auto\">Zru\u0161en\u00ed v\u0161ech rezoluc\u00ed Rady bezpe\u010dnosti OSN nam\u00ed\u0159en\u00fdch proti \u00cdr\u00e1nu.<\/span><\/li>\n<li><span dir=\"auto\">Zru\u0161en\u00ed v\u0161ech rezoluc\u00ed MAAE (Mezin\u00e1rodn\u00ed agentury pro atomovou energii) nebo rozhodnut\u00ed Rady guvern\u00e9r\u016f t\u00fdkaj\u00edc\u00edch se \u00edr\u00e1nsk\u00e9ho jadern\u00e9ho programu.<\/span><\/li>\n<li><span dir=\"auto\">Konec v\u0161ech region\u00e1ln\u00edch konflikt\u016f a \u00fatok\u016f proti spojenc\u016fm \u00cdr\u00e1nu \u2013 To zahrnuje ukon\u010den\u00ed izraelsk\u00fdch \u00fader\u016f proti Hizball\u00e1hu v Libanonu, jako\u017e i obecn\u011bj\u0161\u00ed ukon\u010den\u00ed nep\u0159\u00e1telsk\u00fdch akc\u00ed zahrnuj\u00edc\u00edch \u201eOsu odporu\u201c (nap\u0159. v Ir\u00e1ku, Jemenu, Libanonu).<\/span><\/li>\n<li><span dir=\"auto\">Sta\u017een\u00ed americk\u00fdch vojensk\u00fdch sil ze z\u00e1kladen a m\u00edst rozm\u00edst\u011bn\u00ed v cel\u00e9m regionu Bl\u00edzk\u00e9ho v\u00fdchodu.<\/span><\/li>\n<li><span dir=\"auto\">Kompenzace\/pomoc s rekonstrukc\u00ed a uvoln\u011bn\u00ed zmrazen\u00e9ho majetku \u2013 \u00dapln\u00e9 zaplacen\u00ed nebo zaveden\u00ed mechanism\u016f (prost\u0159ednictv\u00edm tranzitn\u00edch poplatk\u016f \u010di jinak) pro v\u00e1le\u010dn\u00e9 \u0161kody a rekonstrukci v \u00cdr\u00e1nu, jako\u017e i uvoln\u011bn\u00ed \u00edr\u00e1nsk\u00e9ho majetku zmrazen\u00e9ho v zahrani\u010d\u00ed. N\u011bkter\u00e9 verze rovn\u011b\u017e zmi\u0148uj\u00ed z\u00e1vaznou rezoluci Rady bezpe\u010dnosti OSN k formalizaci dohody.<\/span><span id=\"easy-footnote-10-523854\" class=\"easy-footnote-margin-adjust\"><\/span><span class=\"easy-footnote\"><a title=\"\" href=\"https:\/\/reseauinternational.net\/pas-de-cessez-le-feu-et-si-cetait-la-volonte-de-dieu\/#easy-footnote-bottom-10-523854\" data-hasqtip=\"9\" aria-describedby=\"qtip-9\"><sup><span dir=\"auto\">10<\/span><\/sup><\/a><\/span><\/li>\n<\/ol>\n<p><span dir=\"auto\">Pape\u017e Lev XIV. uv\u00edtal Trumpovo p\u0159\u00edm\u011b\u0159\u00ed v \u00cdr\u00e1nu a vyzval k trval\u00e9mu dialogu, kter\u00fd by ukon\u010dil konflikt: \u201e\u00a0<\/span><em><span dir=\"auto\">Po t\u011bchto hodin\u00e1ch velk\u00e9ho nap\u011bt\u00ed na Bl\u00edzk\u00e9m v\u00fdchod\u011b a po cel\u00e9m sv\u011bt\u011b v\u00edt\u00e1m s uspokojen\u00edm a jako znamen\u00ed hlubok\u00e9 nad\u011bje ozn\u00e1men\u00ed okam\u017eit\u00e9ho dvout\u00fddenn\u00edho p\u0159\u00edm\u011b\u0159\u00ed. V\u00e1lka m\u016f\u017ee skon\u010dit pouze n\u00e1vratem k jedn\u00e1n\u00edm. Zvu v\u00e1s, abyste tento delik\u00e1tn\u00ed okam\u017eik diplomatick\u00e9 pr\u00e1ce doprov\u00e1zeli modlitbou v nad\u011bji, \u017ee v\u016fle k dialogu se stane n\u00e1strojem k \u0159e\u0161en\u00ed dal\u0161\u00edch konflikt\u016f po cel\u00e9m sv\u011bt\u011b. Znovu zvu v\u0161echny, aby se ke mn\u011b p\u0159ipojili k modlitebn\u00ed vigilii za m\u00edr, kterou budeme slavit zde v bazilice svat\u00e9ho Petra v sobotu 11. dubna.<\/span><\/em><span dir=\"auto\">\u00a0\u201c<\/span><span id=\"easy-footnote-11-523854\" class=\"easy-footnote-margin-adjust\"><\/span><span class=\"easy-footnote\"><a title=\"\" href=\"https:\/\/reseauinternational.net\/pas-de-cessez-le-feu-et-si-cetait-la-volonte-de-dieu\/#easy-footnote-bottom-11-523854\" data-hasqtip=\"10\" aria-describedby=\"qtip-10\"><sup><span dir=\"auto\">11<\/span><\/sup><\/a><\/span><\/p>\n<p><span dir=\"auto\">Co p\u0159im\u011blo Trumpa ke zm\u011bn\u011b n\u00e1zoru? Podle Mika Adamse:<\/span><\/p>\n<p><em><span dir=\"auto\">Odpov\u011b\u010f spo\u010d\u00edv\u00e1 v katastrof\u00e1ln\u00ed tajn\u00e9 misi, kter\u00e1 byla jeho posledn\u00edm zoufal\u00fdm riskem. Zpr\u00e1vy nazna\u010duj\u00ed, \u017ee B\u00edl\u00fd d\u016fm \u201ev\u00e1\u017en\u011b zva\u017eoval pozemn\u00ed operaci s c\u00edlem zabavit \u00edr\u00e1nsk\u00e9 z\u00e1soby obohacen\u00e9ho uranu\u201c. Tato mise byla pokusem o vytvo\u0159en\u00ed \u201e\u00fanikov\u00e9 cesty\u201c \u2013 fyzicky eliminovat jadernou z\u00e1minku k v\u00e1lce a vyhl\u00e1sit v\u00edt\u011bzstv\u00ed. Pl\u00e1n selhal spektakul\u00e1rn\u011b. \u00cdr\u00e1n sest\u0159elil americk\u00e9 st\u00edha\u010dky, v\u010detn\u011b F-35, a operace m\u011bla za n\u00e1sledek zni\u010den\u00ed letadel a mrtv\u00fdch voj\u00e1k\u016f. Toto selh\u00e1n\u00ed p\u0159ipravilo Trumpa o jeho posledn\u00ed v\u011brohodnou vojenskou mo\u017enost. Dom\u00e1c\u00ed tlak ho pak donutil jednat. V\u00edce ne\u017e 100 pr\u00e1vn\u00edch expert\u016f z USA ozna\u010dilo \u00fatoky proti \u00cdr\u00e1nu za \u201epotenci\u00e1ln\u00ed v\u00e1le\u010dn\u00e9 zlo\u010diny\u201c. Vol\u00e1n\u00ed po jeho impeachmentu zes\u00edlila. Bez sch\u016fdn\u00e9 cesty k v\u00edt\u011bzstv\u00ed na zemi a tv\u00e1\u0159\u00ed v tv\u00e1\u0159 politick\u00e9mu kolapsu doma nem\u011bl Trump jinou mo\u017enost, ne\u017e usilovat o dohodu z pozice hlubok\u00e9 slabosti. Jeho odlo\u017een\u00ed lh\u016fty na 6. dubna nebylo zn\u00e1mkou pokroku, ale uzn\u00e1n\u00edm hroz\u00edc\u00ed katastrofy. M\u00fdtus o americk\u00e9 vojensk\u00e9 neporazitelnosti v Persk\u00e9m z\u00e1livu se rozpadl<\/span><\/em><span dir=\"auto\">\u00a0.<\/span><span id=\"easy-footnote-12-523854\" class=\"easy-footnote-margin-adjust\"><\/span><span class=\"easy-footnote\"><a title=\"\" href=\"https:\/\/reseauinternational.net\/pas-de-cessez-le-feu-et-si-cetait-la-volonte-de-dieu\/#easy-footnote-bottom-12-523854\" data-hasqtip=\"11\" aria-describedby=\"qtip-11\"><sup><span dir=\"auto\">12<\/span><\/sup><\/a><\/span><\/p>\n<p><span dir=\"auto\">Druhou stranou tohoto p\u0159\u00edb\u011bhu je J. D. Vance, ten, kdo p\u0159esv\u011bd\u010dil \u201eTrumpa, aby odm\u00edtl vz\u00edt eskal\u00e1tor do pekel. Bez n\u011bj by se to nestalo. Dnes Trump dok\u00e1zal svou odvahu cel\u00e9mu sv\u011btu, ale zejm\u00e9na americk\u00e9mu lidu, kter\u00fd v n\u011bj vlo\u017eil d\u016fv\u011bru.\u201c<\/span><span id=\"easy-footnote-13-523854\" class=\"easy-footnote-margin-adjust\"><\/span><span class=\"easy-footnote\"><a title=\"\" href=\"https:\/\/reseauinternational.net\/pas-de-cessez-le-feu-et-si-cetait-la-volonte-de-dieu\/#easy-footnote-bottom-13-523854\" data-hasqtip=\"12\" aria-describedby=\"qtip-12\"><sup><span dir=\"auto\">13<\/span><\/sup><\/a><\/span><span dir=\"auto\">\u00a0\u00a0Podle \u00fa\u0159edn\u00edka z jedn\u00e9 ze zprost\u0159edkovatelsk\u00fdch zem\u00ed sehr\u00e1l JD Vance kl\u00ed\u010dovou roli p\u0159i vyjedn\u00e1v\u00e1n\u00ed dohody mezi Spojen\u00fdmi st\u00e1ty a \u00cdr\u00e1nem na posledn\u00ed chv\u00edli, a to s pomoc\u00ed \u010c\u00edny, kter\u00e1 pomohla z\u00edskat \u00cdr\u00e1n.\u00a0<\/span><em><span dir=\"auto\">Politico<\/span><\/em><span dir=\"auto\">\u00a0uv\u00e1d\u00ed, \u017ee:<\/span><\/p>\n<p><span dir=\"auto\">Vance se aktivn\u011b \u00fa\u010dastnil nep\u0159\u00edm\u00fdch rozhovor\u016f prost\u0159ednictv\u00edm medi\u00e1tor\u016f, v\u010detn\u011b kontaktov\u00e1n\u00ed p\u00e1kist\u00e1nsk\u00fdch vojensk\u00fdch a politick\u00fdch v\u016fdc\u016f (nap\u0159\u00edklad gener\u00e1la Asima Munira), zat\u00edmco Isl\u00e1m\u00e1b\u00e1d \u0161\u00ed\u0159il n\u00e1vrhy na p\u0159\u00edm\u011b\u0159\u00ed. Byl pops\u00e1n jako \u201ev pohotovosti\u201c k p\u0159\u00edm\u00e9mu jedn\u00e1n\u00ed s \u00edr\u00e1nsk\u00fdmi p\u0159edstaviteli, pokud by to pokrok v paraleln\u00edch jedn\u00e1n\u00edch (p\u016fvodn\u011b veden\u00fdch zvl\u00e1\u0161tn\u00edm vyslancem Stevem Witkoffem a Jaredem Kushnerem) od\u016fvodnil. Trump ve\u0159ejn\u011b potvrdil Vanceovo zapojen\u00ed do \u201evyjedn\u00e1v\u00e1n\u00ed\u201c. Vance \u201epomohl\u00a0<\/span><em><span dir=\"auto\">nast\u00ednit dv\u011b mo\u017en\u00e9 cesty pro \u00cdr\u00e1n: vyjedn\u00e1v\u00e1n\u00ed a integraci do glob\u00e1ln\u00edho obchodu nebo pokra\u010duj\u00edc\u00ed konfrontaci<\/span><\/em><span dir=\"auto\">\u00a0\u201c.<\/span><span id=\"easy-footnote-14-523854\" class=\"easy-footnote-margin-adjust\"><\/span><span class=\"easy-footnote\"><a title=\"\" href=\"https:\/\/reseauinternational.net\/pas-de-cessez-le-feu-et-si-cetait-la-volonte-de-dieu\/#easy-footnote-bottom-14-523854\" data-hasqtip=\"13\" aria-describedby=\"qtip-13\"><sup><span dir=\"auto\">14<\/span><\/sup><\/a><\/span><\/p>\n<p><span dir=\"auto\">Hlavn\u00edm probl\u00e9mem byla d\u016fv\u011bryhodnost. Jmenov\u00e1n\u00edm Jareda Kushnera a Steva Witkoffa zvl\u00e1\u0161tn\u00edmi vyslanci Trump zni\u010dil ve\u0161kerou svou d\u016fv\u011bryhodnost u \u00cdr\u00e1nc\u016f, kte\u0159\u00ed v\u011bd\u011bli, \u017ee \u017did\u00e9 nemaj\u00ed \u017e\u00e1dn\u00e9 v\u00fd\u010ditky sv\u011bdom\u00ed lh\u00e1t sv\u00fdm vyjedn\u00e1vac\u00edm partner\u016fm a, co je je\u0161t\u011b hor\u0161\u00ed, byli p\u0159ipraveni vyu\u017e\u00edt jedn\u00e1n\u00ed jako p\u0159\u00edle\u017eitost k jejich atent\u00e1tu. Vance\u016fv katolicismus mu dod\u00e1val mor\u00e1ln\u00ed d\u016fv\u011bryhodnost, kter\u00e1 \u017did\u016fm chyb\u011bla a kter\u00e1 byla nezbytn\u00e1 pro jak\u00fdkoli p\u0159\u00edzniv\u00fd v\u00fdsledek. Vance byl vn\u00edm\u00e1n jako v\u00edtan\u00e1 \u00faleva od ministra v\u00e1lky Peta Hegsetha, kter\u00fd uvalil na gener\u00e1ly vedouc\u00ed tuto ne\u0161\u0165astnou v\u00e1lku z\u00e1sadn\u00ed n\u00e1bo\u017eenskou zkou\u0161ku a propustil ty, kte\u0159\u00ed odm\u00edtli souhlasit s jeho apokalyptickou, k\u0159es\u0165ansko-sionistickou interpretac\u00ed aktu\u00e1ln\u00edho d\u011bn\u00ed.<\/span><\/p>\n<p><strong><span dir=\"auto\">P\u0159\u00edm\u011b\u0159\u00ed znamenalo posun od kontroly k\u0159es\u0165ansk\u00fdch sionist\u016f za Trumpovy administrativy k\u00a0\u00a0<\/span><em><span dir=\"auto\">faktick\u00e9<\/span><\/em><span dir=\"auto\">\u00a0kontrole katolick\u00fdch p\u0159\u00edslu\u0161n\u00edk\u016f \u00a0za J. D. Vance. Svou roli v tomto posunu sehr\u00e1l i pape\u017e. Vrcholem vlivu k\u0159es\u0165ansk\u00fdch sionist\u016f byla velkop\u00e1te\u010dn\u00ed bohoslu\u017eba v Pentagonu, kter\u00e9 se katol\u00edci nemohli z\u00fa\u010dastnit.<\/span><\/strong><\/p>\n<p><strong><span dir=\"auto\">Rezignace Joea Kenta zt\u011bles\u0148ovala i druhou stranu p\u0159\u00edb\u011bhu<\/span><\/strong><span dir=\"auto\">\u00a0. Joe Kent, \u0159editel N\u00e1rodn\u00edho protiteroristick\u00e9ho centra, p\u0159edv\u00eddal sm\u011br, kter\u00fdm se Trumpova administrativa ub\u00edrala, a 17. b\u0159ezna 2026 podal rezignaci. Kent svou rezignaci od\u016fvodnil mor\u00e1ln\u00edmi \u00favahami: \u201e\u00a0<\/span><em><span dir=\"auto\">Po pe\u010dliv\u00e9m zv\u00e1\u017een\u00ed jsem se rozhodl rezignovat na svou pozici \u0159editele N\u00e1rodn\u00edho protiteroristick\u00e9ho centra s okam\u017eitou platnost\u00ed. S \u010dist\u00fdm sv\u011bdom\u00edm nemohu podporovat prob\u00edhaj\u00edc\u00ed v\u00e1lku v \u00cdr\u00e1nu. \u00cdr\u00e1n nep\u0159edstavoval pro n\u00e1\u0161 n\u00e1rod \u017e\u00e1dnou bezprost\u0159edn\u00ed hrozbu a je jasn\u00e9, \u017ee jsme tuto v\u00e1lku zah\u00e1jili pod tlakem Izraele a jeho mocn\u00e9 americk\u00e9 lobby.<\/span><\/em><span dir=\"auto\">\u00a0\u201c<\/span><\/p>\n<p><span dir=\"auto\">Na Velikono\u010dn\u00ed ned\u011bli 5. dubna, kr\u00e1tce pot\u00e9, co Trump na\u0159\u00eddil \u00cdr\u00e1nc\u016fm \u201eotev\u0159\u00edt\u00a0<\/span><em><span dir=\"auto\">ten zatracen\u00fd pr\u016fliv<\/span><\/em><span dir=\"auto\">\u00a0\u201c, arcibiskup Timothy Broglio, hlava vojensk\u00e9 arcidiec\u00e9ze, v po\u0159adu\u00a0\u00a0<\/span><em><span dir=\"auto\">Face the Nation<\/span><\/em><span dir=\"auto\">\u00a0na stanici CBS prohl\u00e1sil \u00a0, \u017ee v\u00e1lka proti \u00cdr\u00e1nu nespl\u0148uje krit\u00e9ria teorie spravedliv\u00e9 v\u00e1lky katolick\u00e9 c\u00edrkve, proto\u017ee \u201e\u00a0<\/span><em><span dir=\"auto\">jej\u00edm c\u00edlem je \u010delit hrozb\u011b je\u0161t\u011b p\u0159edt\u00edm, ne\u017e se v\u016fbec zhmotn\u00ed<\/span><\/em><span dir=\"auto\">\u00a0\u201c.<\/span><span id=\"easy-footnote-15-523854\" class=\"easy-footnote-margin-adjust\"><\/span><span class=\"easy-footnote\"><a title=\"\" href=\"https:\/\/reseauinternational.net\/pas-de-cessez-le-feu-et-si-cetait-la-volonte-de-dieu\/#easy-footnote-bottom-15-523854\" data-hasqtip=\"14\" aria-describedby=\"qtip-14\"><sup><span dir=\"auto\">15<\/span><\/sup><\/a><\/span><\/p>\n<p><span dir=\"auto\">Broglio dodal, \u017ee je \u201et\u011b\u017ek\u00e9\u201c vn\u00edmat tuto v\u00e1lku \u201ejako n\u011bco, co by podporoval P\u00e1n\u201c, zopakoval v\u00fdzvy pape\u017ee Lva XIV. k jedn\u00e1n\u00ed a m\u00edru a ozna\u010dil vz\u00fdv\u00e1n\u00ed Je\u017e\u00ed\u0161e ministrem obrany Petem Hegsethem k ospravedln\u011bn\u00ed v\u00e1lky za \u201epon\u011bkud problematick\u00e9\u201c. Tak\u00e9 katolick\u00fdm voj\u00e1k\u016fm doporu\u010dil, aby argumentovali t\u00edm, \u017ee nejsou mor\u00e1ln\u011b povinni poslouchat rozkazy, kter\u00e9 jasn\u011b poru\u0161uj\u00ed jejich sv\u011bdom\u00ed nebo principy spravedliv\u00e9 v\u00e1lky, a nal\u00e9hal na n\u011b, aby \u201e\u00a0<\/span><em><span dir=\"auto\">zp\u016fsobili co nejm\u00e9n\u011b \u0161kody a sna\u017eili se chr\u00e1nit nevinn\u00e9 \u017eivoty<\/span><\/em><span dir=\"auto\">\u00a0\u201c.<\/span><span id=\"easy-footnote-16-523854\" class=\"easy-footnote-margin-adjust\"><\/span><span class=\"easy-footnote\"><a title=\"\" href=\"https:\/\/reseauinternational.net\/pas-de-cessez-le-feu-et-si-cetait-la-volonte-de-dieu\/#easy-footnote-bottom-16-523854\" data-hasqtip=\"15\" aria-describedby=\"qtip-15\"><sup><span dir=\"auto\">16<\/span><\/sup><\/a><\/span><\/p>\n<p><span dir=\"auto\">Broglio nepou\u017eil p\u0159esn\u00e9 zn\u011bn\u00ed \u201eKatol\u00edci nemohou v\u00e1lku podporovat\u201c. Sp\u00ed\u0161e uvedl, \u017ee konflikt nespl\u0148uje krit\u00e9ria katolick\u00e9 teorie spravedliv\u00e9 v\u00e1lky, co\u017e nazna\u010duje, \u017ee v\u011b\u0159\u00edc\u00ed katol\u00edci \u2013 zejm\u00e9na ti v arm\u00e1d\u011b \u2013 maj\u00ed v\u00e1\u017en\u00e9 mor\u00e1ln\u00ed d\u016fvody zpochyb\u0148ovat nebo odm\u00edtat svou podporu v\u00e1lce z d\u016fvodu sv\u011bdom\u00ed.<\/span><\/p>\n<p><strong><span dir=\"auto\">Dosp\u011bl\u00ed, na kter\u00e9 jsme \u010dekali, kone\u010dn\u011b vstoupili na sc\u00e9nu a v\u0161ichni jsou katol\u00edci.<\/span><\/strong><span dir=\"auto\">\u00a0\u00a0Koment\u00e1\u0159e arcibiskupa Broglia \u201e\u00a0<\/span><em><span dir=\"auto\">byly \u0161iroce ozna\u010dov\u00e1ny za v\u00fdznamnou v\u00fdtku od nejvy\u0161\u0161\u00edho americk\u00e9ho katolick\u00e9ho vojensk\u00e9ho kaplana, zejm\u00e9na vzhledem k jeho konzervativn\u00ed pov\u011bsti a jeho roli v dohledu nad katolick\u00fdmi kaplany v ozbrojen\u00fdch sil\u00e1ch<\/span><\/em><span dir=\"auto\">\u00a0.\u201c<\/span><span id=\"easy-footnote-17-523854\" class=\"easy-footnote-margin-adjust\"><\/span><span class=\"easy-footnote\"><a title=\"\" href=\"https:\/\/reseauinternational.net\/pas-de-cessez-le-feu-et-si-cetait-la-volonte-de-dieu\/#easy-footnote-bottom-17-523854\" data-hasqtip=\"16\" aria-describedby=\"qtip-16\"><sup><span dir=\"auto\">17<\/span><\/sup><\/a><\/span><\/p>\n<p><span dir=\"auto\">Necel\u00fd m\u011bs\u00edc po sv\u00e9 rezignaci se Joe Kent, b\u00fdval\u00fd \u0159editel N\u00e1rodn\u00edho protiteroristick\u00e9ho centra, oddan\u00fd katol\u00edk, vyslou\u017eil\u00fd p\u0159\u00edslu\u0161n\u00edk zelen\u00fdch baret\u016f americk\u00e9 arm\u00e1dy (speci\u00e1ln\u00ed jednotky) a b\u00fdval\u00fd d\u016fstojn\u00edk paramilit\u00e1rn\u00ed jednotky CIA, \u201eznovu zapojil do debaty\u201c. Ve snaze vy\u0159e\u0161it dilema, kter\u00e9 Trump vytvo\u0159il pro katolick\u00e9 voj\u00e1ky pot\u00e9, co jm\u00e9nem Izraele zah\u00e1jil nemor\u00e1ln\u00ed v\u00e1lku, prohl\u00e1sil Kent z\u0159ejm\u00e9: \u201e\u00a0<\/span><em><span dir=\"auto\">Abychom zajistili \u00fasp\u011bch p\u0159\u00edm\u011b\u0159\u00ed, mus\u00edme nejprve zajistit, abychom Izraelce omezili. [\u2026] Pokud se Spojen\u00e9 st\u00e1ty postav\u00ed proti jak\u00e9koli dohod\u011b s \u00cdr\u00e1nem, je to v rozporu se strategick\u00fdmi c\u00edli Izraelc\u016f. [\u2026] Mus\u00edme pochopit, \u017ee v sou\u010dasn\u00e9 dob\u011b neexistuje \u017e\u00e1dn\u00e9 vojensk\u00e9 \u0159e\u0161en\u00ed konfliktu. Ka\u017ed\u00e1 vojensk\u00e1 akce, kterou jsme podnikli, pouze stabilizovala [\u00edr\u00e1nsk\u00fd] re\u017eim. Nastolen\u00edm m\u00edru se staneme nejmocn\u011bj\u0161\u00edm n\u00e1rodem.\u201c Z eskalace konfliktu nem\u00e1me co z\u00edskat. Abychom dos\u00e1hli trval\u00e9ho m\u00edru a udr\u017eeli pr\u016fliv otev\u0159en\u00fd, mus\u00edme Izraelce omezit. I nad\u00e1le se modl\u00edm za m\u00edr, modl\u00edm se za prezidenta Trumpa, modl\u00edm se, aby spat\u0159il sv\u011btlo. Modlete se, aby m\u00edrov\u00e1 jedn\u00e1n\u00ed byla \u00fasp\u011b\u0161n\u00e1. Modlete se za na\u0161e mu\u017ee a \u017eeny v ter\u00e9nu, v nebezpe\u010d\u00ed. D\u011bkujeme v\u00e1m. B\u016fh v\u00e1m \u017eehnej<\/span><\/em><span dir=\"auto\">\u00a0.<\/span><span id=\"easy-footnote-18-523854\" class=\"easy-footnote-margin-adjust\"><\/span><span class=\"easy-footnote\"><a title=\"\" href=\"https:\/\/reseauinternational.net\/pas-de-cessez-le-feu-et-si-cetait-la-volonte-de-dieu\/#easy-footnote-bottom-18-523854\" data-hasqtip=\"17\" aria-describedby=\"qtip-17\"><sup><span dir=\"auto\">18 let<\/span><\/sup><\/a><\/span><\/p>\n<p><span dir=\"auto\">N\u011bkolik hodin po ozn\u00e1men\u00ed p\u0159\u00edm\u011b\u0159\u00ed Benjamin Netanjahu tweetoval v angli\u010dtin\u011b, ve kter\u00e9m cht\u011bl varovat Trumpovu administrativu a jej\u00ed k\u0159es\u0165ansko-sionistick\u00e9 stoupence, \u017ee Izrael bude pokra\u010dovat ve sv\u00fdch vojensk\u00fdch operac\u00edch v Libanonu, a to v naprost\u00e9m rozporu s dohodou o p\u0159\u00edm\u011b\u0159\u00ed. Netanjahuova reakce byla, jak se dalo o\u010dek\u00e1vat, slep\u00e1 nejen k mor\u00e1ln\u00edm princip\u016fm, ale tak\u00e9 k d\u016fsledk\u016fm jeho \u010din\u016f v Libanonu, kde se r\u00fdsuje katastrofa, proto\u017ee \u201eIzrael utrp\u011bl t\u011b\u017ek\u00e9 ztr\u00e1ty na zemi\u201c.<\/span><span id=\"easy-footnote-19-523854\" class=\"easy-footnote-margin-adjust\"><\/span><span class=\"easy-footnote\"><a title=\"\" href=\"https:\/\/reseauinternational.net\/pas-de-cessez-le-feu-et-si-cetait-la-volonte-de-dieu\/#easy-footnote-bottom-19-523854\" data-hasqtip=\"18\" aria-describedby=\"qtip-18\"><sup><span dir=\"auto\">19<\/span><\/sup><\/a><\/span><span dir=\"auto\">\u00a0\u00a0Kr\u00e1tce po zah\u00e1jen\u00ed izraelsk\u00e9ho bombardov\u00e1n\u00ed Bejr\u00fatu zp\u016fsobil Hizball\u00e1h sionistick\u00e9mu subjektu jednu z nejhor\u0161\u00edch por\u00e1\u017eek v\u00e1lky. P\u0159\u00edb\u011bh izraelsk\u00e9 elitn\u00ed jednotky p\u0159epaden\u00e9 pobl\u00ed\u017e \u0159eky Litani informoval izraelsk\u00fd Channel 12. Izraelsk\u00fd voj\u00e1k z elitn\u00ed jednotky Yahalom popsal p\u0159epaden\u00ed na \u0159ece Litani naproti hradu Beaufort: \u201e<\/span><em><span dir=\"auto\">Bojuji u\u017e t\u00e9m\u011b\u0159 t\u0159i roky a v \u017eivot\u011b jsem nevid\u011bl takovou palebnou s\u00edlu.<\/span><\/em><span dir=\"auto\">\u201c Hizball\u00e1h b\u011bhem n\u011bkolika minut vyp\u00e1lil p\u0159ibli\u017en\u011b 400 raket a gran\u00e1t\u016f, v\u010detn\u011b kazetov\u00e9 munice. Voj\u00e1ci nemohli zvednout hlavy. Plazili se po zemi, aby se mohli dostat na \u00fastup. V\u011bt\u0161ina jednotek byla zasa\u017eena b\u011bhem n\u011bkolika minut, v\u010detn\u011b podplukovn\u00edka, kter\u00fd byl v\u00e1\u017en\u011b zran\u011bn. Zvrhla se to ve velkou katastrofu s \u010detn\u00fdmi ob\u011b\u0165mi. Bojovn\u00edci popsali tuto bitvu jako nejt\u011b\u017e\u0161\u00ed, s jakou se kdy setkali, hor\u0161\u00ed ne\u017e ty v Gaze nebo lo\u0148sk\u00e9 operace v Libanonu. Jeden voj\u00e1k \u0159ekl: \u201e<\/span><em><span dir=\"auto\">Le\u017e\u00ed\u0161 na zemi, plaz\u00ed\u0161 se, abys o\u0161et\u0159il zran\u011bn\u00e9, zat\u00edmco se ti cel\u00e9 t\u011blo t\u0159ese z nekone\u010dn\u00fdch exploz\u00ed.<\/span><\/em><span dir=\"auto\">\u201c Kv\u016fli velk\u00fdm ztr\u00e1t\u00e1m velitel\u00e9 na\u0159\u00eddili okam\u017eit\u00fd \u00fastup a misi opustili. Dokonce zanechali cenn\u00e9 \u017eenijn\u00ed vybaven\u00ed Jahalomu. Rozhodnut\u00ed schv\u00e1lilo na nejvy\u0161\u0161\u00ed \u00farovni Severn\u00ed velen\u00ed a n\u00e1\u010deln\u00edk \u0161t\u00e1bu. Po \u00fastupu Hizball\u00e1h m\u00edsto za b\u00edl\u00e9ho dne nav\u0161t\u00edvil, vyfotografoval vozidla a \u010d\u00e1st vybaven\u00ed zabavil. \u017d\u00e1dn\u00e9 izraelsk\u00e9 n\u00e1lety jej nezni\u010dily. Vysoc\u00ed izrael\u0161t\u00ed d\u016fstojn\u00edci ozna\u010duj\u00ed tento incident za jedno z nejhor\u0161\u00edch opera\u010dn\u00edch a zpravodajsk\u00fdch selh\u00e1n\u00ed cel\u00e9 v\u00e1lky.<\/span><span id=\"easy-footnote-21-523854\" class=\"easy-footnote-margin-adjust\"><\/span><span class=\"easy-footnote\"><a title=\"\" href=\"https:\/\/reseauinternational.net\/pas-de-cessez-le-feu-et-si-cetait-la-volonte-de-dieu\/#easy-footnote-bottom-21-523854\" data-hasqtip=\"19\" aria-describedby=\"qtip-19\"><sup><span dir=\"auto\">21<\/span><\/sup><\/a><\/span><\/p>\n<p><span dir=\"auto\">Joe Kent m\u011bl pravdu, kdy\u017e \u0159ekl, \u017ee Trump mus\u00ed Izrael zkrotit, pokud chce p\u0159\u00edm\u011b\u0159\u00ed. V\u00edme, \u017ee B\u016fh tou\u017e\u00ed po m\u00edru, ale co kdy\u017e p\u0159\u00edm\u011b\u0159\u00ed nechce? Co kdy\u017e jeho c\u00edlem pro tento region je \u00fapln\u00e9 zni\u010den\u00ed Izraele jako jedin\u00e9 z\u00e1ruky trval\u00e9ho m\u00edru? Toho by mohl dos\u00e1hnout t\u00edm, \u017ee by nechal Netanjahua ud\u011blat pr\u00e1ci za n\u011bj. V\u0161echno, co Netanjahu ud\u011blal pro spln\u011bn\u00ed sv\u00e9ho megalomansk\u00e9ho snu o Velk\u00e9m Izraeli, p\u0159ibl\u00ed\u017eilo Izrael o krok bl\u00ed\u017ee k z\u00e1niku. Nyn\u00ed jsme v z\u00e1v\u011bre\u010dn\u00e9 f\u00e1zi t\u00e9to kampan\u011b. Nikdo by si to p\u0159ed rokem nedok\u00e1zal p\u0159edstavit, ale Tel Aviv te\u010f vypad\u00e1 sp\u00ed\u0161 jako Gaza ne\u017e p\u0159ed za\u010d\u00e1tkem \u00edr\u00e1nsko-izraelsk\u00e9 v\u00e1lky. \u017didovsk\u00e9 krysy opou\u0161t\u011bj\u00ed pot\u00e1p\u011bj\u00edc\u00ed se lo\u010f zn\u00e1mou jako USS Israel. Sen o Velk\u00e9m Izraeli se nyn\u00ed pro Izraelce stal no\u010dn\u00ed m\u016frou. Na zdi je naps\u00e1no: \u201e\u00a0\u00a0<\/span><strong><em><span dir=\"auto\">Israel delenda est\u201c<\/span><\/em><span dir=\"auto\">\u00a0(Izrael delenda est) . Vysvobozen\u00ed sv\u011bta je bl\u00edzko.<\/span><\/strong><\/p>\n<p><em><span dir=\"auto\">od\u00a0<\/span><strong><span dir=\"auto\">E. Michaela Jonese<\/span><\/strong><\/em><\/p>\n<p><span dir=\"auto\">Zdroj:\u00a0<\/span><a title=\"Mezi perem a kovadlinou\" href=\"https:\/\/plumenclume.com\/2026\/04\/11\/pas-de-cessez-le-feu-et-si-cetait-la-volonte-de-dieu\/\" target=\"_blank\" rel=\"noopener\"><span dir=\"auto\">Mezi perem a kovadlinou<\/span><\/a><\/p>\n<ol>\n<li><span id=\"easy-footnote-bottom-1-523854\" class=\"easy-footnote-margin-adjust\"><\/span><span dir=\"auto\">Faisal Al Ketb\u00a0<\/span><strong><span dir=\"auto\">i<\/span><\/strong><\/li>\n<li><span id=\"easy-footnote-bottom-2-523854\" class=\"easy-footnote-margin-adjust\"><\/span><span dir=\"auto\">medium.com<\/span><\/li>\n<li><span id=\"easy-footnote-bottom-3-523854\" class=\"easy-footnote-margin-adjust\"><\/span><span dir=\"auto\">medium.com<\/span><\/li>\n<li><span id=\"easy-footnote-bottom-4-523854\" class=\"easy-footnote-margin-adjust\"><\/span><span dir=\"auto\">9news.com.au<\/span><\/li>\n<li><span id=\"easy-footnote-bottom-5-523854\" class=\"easy-footnote-margin-adjust\"><\/span><span dir=\"auto\">yahoo.com<\/span><\/li>\n<li><span id=\"easy-footnote-bottom-6-523854\" class=\"easy-footnote-margin-adjust\"><\/span><span dir=\"auto\">politico.com<\/span><\/li>\n<li><span id=\"easy-footnote-bottom-7-523854\" class=\"easy-footnote-margin-adjust\"><\/span><span dir=\"auto\">yahoo.com<\/span><\/li>\n<li><span id=\"easy-footnote-bottom-8-523854\" class=\"easy-footnote-margin-adjust\"><\/span><span dir=\"auto\">politico.com<\/span><\/li>\n<li><span id=\"easy-footnote-bottom-9-523854\" class=\"easy-footnote-margin-adjust\"><\/span><span dir=\"auto\">PBS NewsHour (hlavn\u00ed anglick\u00fd p\u0159eklad a video):\u00a0\u00a0<\/span><a title=\"\" href=\"https:\/\/www.pbs.org\/newshour\/world\/watch-pope-leo-xiv-calls-trumps-iran-threat-truly-unacceptable\" target=\"_blank\" rel=\"noopener\"><span dir=\"auto\">https:\/\/www.pbs.org\/newshour\/world\/watch-pope-leo-xiv-calls-trumps-iran-threat-truly-unacceptable<\/span><\/a><\/li>\n<li><span id=\"easy-footnote-bottom-10-523854\" class=\"easy-footnote-margin-adjust\"><\/span><span dir=\"auto\">gulfbusiness.com<\/span><\/li>\n<li><span id=\"easy-footnote-bottom-11-523854\" class=\"easy-footnote-margin-adjust\"><\/span><span dir=\"auto\">@CatholicSat<\/span><\/li>\n<li><span id=\"easy-footnote-bottom-12-523854\" class=\"easy-footnote-margin-adjust\"><\/span><span dir=\"auto\">Autorem tohoto textu je Mike Adams (tak\u00e9 zn\u00e1m\u00fd jako Health Ranger). Je p\u0159evzat z jeho \u010dl\u00e1nku s n\u00e1zvem \u201eTrump se v \u00fater\u00fd TACO vzd\u00e1v\u00e1 \u00cdr\u00e1nu\u201c, publikovan\u00e9ho 8. dubna 2026 na NaturalNews.com (a znovu publikovan\u00e9ho na jeho Substacku a dal\u0161\u00edch platform\u00e1ch, kter\u00e9 ovl\u00e1d\u00e1).<\/span><\/li>\n<li><span id=\"easy-footnote-bottom-13-523854\" class=\"easy-footnote-margin-adjust\"><\/span><span dir=\"auto\">Robert\u00a0<a title=\"\" href=\"https:\/\/x.com\/barnes_law\" target=\"_blank\" rel=\"noopener\">Barnes\u00a0<\/a><\/span><strong><span dir=\"auto\">@barnes_law\u00a0<\/span><\/strong><\/li>\n<li><span id=\"easy-footnote-bottom-14-523854\" class=\"easy-footnote-margin-adjust\"><\/span><span dir=\"auto\">arabnews.jp<\/span><\/li>\n<li><span id=\"easy-footnote-bottom-15-523854\" class=\"easy-footnote-margin-adjust\"><\/span><span dir=\"auto\">cbsnews.com<\/span><\/li>\n<li><span id=\"easy-footnote-bottom-16-523854\" class=\"easy-footnote-margin-adjust\"><\/span><span dir=\"auto\">ncronline.org<\/span><\/li>\n<li><span id=\"easy-footnote-bottom-17-523854\" class=\"easy-footnote-margin-adjust\"><\/span><span dir=\"auto\">ncronline.org<\/span><\/li>\n<li><span id=\"easy-footnote-bottom-18-523854\" class=\"easy-footnote-margin-adjust\"><\/span><span dir=\"auto\">@joekent16jan19<\/span><\/li>\n<li><span id=\"easy-footnote-bottom-19-523854\" class=\"easy-footnote-margin-adjust\"><\/span><span dir=\"auto\">@RyLiberty<\/span><\/li>\n<li><\/li>\n<li><span id=\"easy-footnote-bottom-21-523854\" class=\"easy-footnote-margin-adjust\"><\/span><span dir=\"auto\">@HalaJaber[\/efn_note\u00a0<\/span><a href=\"https:\/\/www.deepl.com\/fr\/translator#_edn20\"><span dir=\"auto\">]<\/span><\/a><\/li>\n<li><span dir=\"auto\">Ka\u017ed\u00e9 opat\u0159en\u00ed, kter\u00e9 Netanjahu p\u0159ijal, p\u0159ibl\u00ed\u017eilo Izrael k z\u00e1niku. Bibi Netanjahu je nejhor\u0161\u00edm nep\u0159\u00edtelem Izraele, jak jasn\u011b dokazuje tento tweet p\u0159elo\u017een\u00fd z hebrej\u0161tiny:<\/span><\/li>\n<li><span dir=\"auto\">V cel\u00e9 na\u0161\u00ed historii se nikdy nestala takov\u00e1 politick\u00e1 katastrofa. Izrael ani nesed\u011bl u jednac\u00edho stolu, kdy\u017e se rozhodovalo o j\u00e1dru na\u0161\u00ed n\u00e1rodn\u00ed bezpe\u010dnosti. Arm\u00e1da splnila v\u0161e, co bylo po n\u00ed po\u017eadov\u00e1no, lid prok\u00e1zal neuv\u011b\u0159itelnou odolnost, ale Netanjahu selhal politicky, strategicky a nedos\u00e1hl \u017e\u00e1dn\u00e9ho z c\u00edl\u016f, kter\u00e9 si stanovil. Napravit politick\u00e9 a strategick\u00e9 \u0161kody, kter\u00e9 Netanjahu zp\u016fsobil svou aroganc\u00ed, bezohlednost\u00ed a nedostatkem strategick\u00e9ho pl\u00e1nov\u00e1n\u00ed, bude trvat roky.<\/span><span id=\"easy-footnote-20-523854\" class=\"easy-footnote-margin-adjust\"><\/span><span class=\"easy-footnote\"><a title=\"\" href=\"https:\/\/reseauinternational.net\/pas-de-cessez-le-feu-et-si-cetait-la-volonte-de-dieu\/#easy-footnote-bottom-20-523854\"><sup><span dir=\"auto\">20<\/span><\/sup><\/a><\/span><span dir=\"auto\">\u00a0@yairlapid<\/span><\/li>\n<\/ol>\n<p>&nbsp;<\/p>\n","protected":false},"excerpt":{"rendered":"<p>Co kdyby to byl B\u016fh, kdo necht\u011bl p\u0159\u00edm\u011b\u0159\u00ed? V \u00fater\u00fd 7. dubna v 19 hodin,&#8230;<\/p>\n","protected":false},"author":2,"featured_media":104408,"comment_status":"closed","ping_status":"closed","sticky":false,"template":"","format":"standard","meta":[],"categories":[7],"tags":[1042,38,1060,2521,37],"_links":{"self":[{"href":"https:\/\/www.infokuryr.cz\/n\/wp-json\/wp\/v2\/posts\/104407"}],"collection":[{"href":"https:\/\/www.infokuryr.cz\/n\/wp-json\/wp\/v2\/posts"}],"about":[{"href":"https:\/\/www.infokuryr.cz\/n\/wp-json\/wp\/v2\/types\/post"}],"author":[{"embeddable":true,"href":"https:\/\/www.infokuryr.cz\/n\/wp-json\/wp\/v2\/users\/2"}],"replies":[{"embeddable":true,"href":"https:\/\/www.infokuryr.cz\/n\/wp-json\/wp\/v2\/comments?post=104407"}],"version-history":[{"count":0,"href":"https:\/\/www.infokuryr.cz\/n\/wp-json\/wp\/v2\/posts\/104407\/revisions"}],"wp:featuredmedia":[{"embeddable":true,"href":"https:\/\/www.infokuryr.cz\/n\/wp-json\/wp\/v2\/media\/104408"}],"wp:attachment":[{"href":"https:\/\/www.infokuryr.cz\/n\/wp-json\/wp\/v2\/media?parent=104407"}],"wp:term":[{"taxonomy":"category","embeddable":true,"href":"https:\/\/www.infokuryr.cz\/n\/wp-json\/wp\/v2\/categories?post=104407"},{"taxonomy":"post_tag","embeddable":true,"href":"https:\/\/www.infokuryr.cz\/n\/wp-json\/wp\/v2\/tags?post=104407"}],"curies":[{"name":"wp","href":"https:\/\/api.w.org\/{rel}","templated":true}]}}