{"id":104406,"date":"2026-04-13T00:20:37","date_gmt":"2026-04-12T22:20:37","guid":{"rendered":"https:\/\/www.infokuryr.cz\/n\/?p=104406"},"modified":"2026-04-12T12:01:13","modified_gmt":"2026-04-12T10:01:13","slug":"americko-iranske-rozhovory-v-pakistanu-selhaly-trump-naznacuje-namorni-blokadu","status":"publish","type":"post","link":"https:\/\/www.infokuryr.cz\/n\/2026\/04\/13\/americko-iranske-rozhovory-v-pakistanu-selhaly-trump-naznacuje-namorni-blokadu\/","title":{"rendered":"Americko-\u00edr\u00e1nsk\u00e9 rozhovory v P\u00e1kist\u00e1nu selhaly, Trump nazna\u010duje n\u00e1mo\u0159n\u00ed blok\u00e1du"},"content":{"rendered":"<div id=\"fb-root\"><\/div>\n<p><strong><span dir=\"auto\">Viceprezident Spojen\u00fdch st\u00e1t\u016f J. D. Vance 12. dubna ozn\u00e1mil, \u017ee jedn\u00e1n\u00ed s \u00cdr\u00e1nem skon\u010dila bez m\u00edrov\u00e9 dohody pot\u00e9, co \u00cdr\u00e1nci odm\u00edtli p\u0159ijmout americk\u00e9 podm\u00ednky nevyv\u00edjet jadern\u00e9 zbran\u011b.<\/span><\/strong><\/p>\n<p><span dir=\"auto\">Vance novin\u00e1\u0159\u016fm v P\u00e1kist\u00e1nu \u0159ekl, \u017ee ameri\u010dt\u00ed p\u0159edstavitel\u00e9 opou\u0161t\u011bj\u00ed jedn\u00e1n\u00ed s \u00cdr\u00e1nem bez dohody a pl\u00e1nuj\u00ed se vr\u00e1tit do Spojen\u00fdch st\u00e1t\u016f.<\/span><\/p>\n<p><span dir=\"auto\">Rozhovory skon\u010dily po 21 hodin\u00e1ch, uvedl Vance, p\u0159i\u010dem\u017e viceprezident byl v neust\u00e1l\u00e9m kontaktu s americk\u00fdm prezidentem Donaldem Trumpem a dal\u0161\u00edmi \u010dleny administrativy.<\/span><\/p>\n<p><em><span dir=\"auto\">\u201eAle prost\u00fdm faktem je, \u017ee pot\u0159ebujeme vid\u011bt afirmativn\u00ed z\u00e1vazek, \u017ee nebudou usilovat o jadernou zbra\u0148 a nebudou usilovat o n\u00e1stroje, kter\u00e9 by jim umo\u017enily jadern\u00e9 zbran\u011b rychle z\u00edskat,\u201c \u0159ekl Vance b\u011bhem tiskov\u00e9 konference v Isl\u00e1m\u00e1b\u00e1du.<\/span><\/em><\/p>\n<p><em><span dir=\"auto\">\u201eTo je hlavn\u00ed c\u00edl prezidenta Spojen\u00fdch st\u00e1t\u016f. A toho jsme se sna\u017eili dos\u00e1hnout prost\u0159ednictv\u00edm t\u011bchto jedn\u00e1n\u00ed,\u201c dodal.<\/span><\/em><\/p>\n<p><span dir=\"auto\">\u00cdr\u00e1nsk\u00e1 poloofici\u00e1ln\u00ed tiskov\u00e1 agentura Tasnim rovn\u011b\u017e potvrdila, \u017ee jedn\u00e1n\u00ed s USA skon\u010dila bez dohody, a poznamenala, \u017ee \u201enadm\u011brn\u00e9 po\u017eadavky br\u00e1nily spole\u010dn\u00e9mu r\u00e1mci\u201c.<\/span><\/p>\n<p><span dir=\"auto\">Televizn\u00ed stanice Press TV uvedla, \u017ee mezi sporn\u00fdmi body byly r\u016fzn\u00e9 ot\u00e1zky, v\u010detn\u011b pr\u00e1va na pr\u016fjezd Hormuzsk\u00fdm pr\u016flivem a jadern\u00fdch pr\u00e1v \u00cdr\u00e1nu.<\/span><\/p>\n<p><span dir=\"auto\">Mluv\u010d\u00ed \u00edr\u00e1nsk\u00e9ho ministerstva zahrani\u010d\u00ed pozd\u011bji uvedl, \u017ee nikdo neo\u010dek\u00e1val, \u017ee by rozhovory se Spojen\u00fdmi st\u00e1ty mohly dosp\u011bt k dohod\u011b b\u011bhem jednoho zased\u00e1n\u00ed.<\/span><\/p>\n<p><em><span dir=\"auto\">\u201eSamoz\u0159ejm\u011b jsme od za\u010d\u00e1tku nem\u011bli o\u010dek\u00e1vat, \u017ee dos\u00e1hneme dohody b\u011bhem jedin\u00e9ho zased\u00e1n\u00ed. Nikdo nic takov\u00e9ho neo\u010dek\u00e1val,\u201c \u0159ekl mluv\u010d\u00ed Esmaeil Baqaei podle st\u00e1tn\u00ed televize IRIB.<\/span><\/em><\/p>\n<p><span dir=\"auto\">Dodal, \u017ee Isl\u00e1msk\u00e1 republika je \u201ep\u0159esv\u011bd\u010dena, \u017ee kontakty mezi n\u00e1mi a P\u00e1kist\u00e1nem, stejn\u011b jako s na\u0161imi dal\u0161\u00edmi p\u0159\u00e1teli v regionu, budou pokra\u010dovat.\u201c<\/span><\/p>\n<p><span dir=\"auto\">P\u00e1kist\u00e1nsk\u00fd ministr zahrani\u010d\u00ed Ishak Dar vyzval USA a \u00cdr\u00e1n, aby dodr\u017eely sv\u016fj z\u00e1vazek a dodr\u017eely dvout\u00fddenn\u00ed p\u0159\u00edm\u011b\u0159\u00ed.<\/span><\/p>\n<p><em><span dir=\"auto\">\u201eJe nezbytn\u00e9, aby strany i nad\u00e1le dodr\u017eovaly sv\u016fj z\u00e1vazek k p\u0159\u00edm\u011b\u0159\u00ed,\u201c uvedl Dar podle prohl\u00e1\u0161en\u00ed zve\u0159ejn\u011bn\u00e9ho jeho kancel\u00e1\u0159\u00ed.<\/span><\/em><\/p>\n<p><span dir=\"auto\">P\u00e1kist\u00e1n bude i nad\u00e1le hr\u00e1t roli zprost\u0159edkovatele a v nadch\u00e1zej\u00edc\u00edch dnech se bude sna\u017eit usnadnit dialog mezi USA a \u00cdr\u00e1nem, dodal.<\/span><\/p>\n<p><span dir=\"auto\">Kr\u00e1tce pot\u00e9 Trump sd\u00edlel s Truth Social \u010dl\u00e1nek z Just the News, v n\u011bm\u017e nazna\u010doval, \u017ee by mohl zav\u00e9st n\u00e1mo\u0159n\u00ed blok\u00e1du \u00cdr\u00e1nu, pokud nep\u0159ijme po\u017eadavky USA.<\/span><\/p>\n<p><span dir=\"auto\">\u010cl\u00e1nek s n\u00e1zvem \u201eTrumpova karta, kterou prezident dr\u017e\u00ed, pokud se \u00cdr\u00e1n nepodvol\u00ed: n\u00e1mo\u0159n\u00ed blok\u00e1da\u201c uv\u00e1d\u00ed, \u017ee blok\u00e1da by udusila \u00edr\u00e1nskou ekonomiku a vyvinula tlak na \u00edr\u00e1nsk\u00e9 spojence \u010c\u00ednu a Indii, kte\u0159\u00ed jsou z\u00e1visl\u00ed na \u00edr\u00e1nsk\u00e9m v\u00fdvozu ropy.<\/span><\/p>\n<p><span dir=\"auto\">\u010cl\u00e1nek uv\u00e1d\u00ed, \u017ee takov\u00fd Trump\u016fv krok by \u201erepr\u00edzou jeho \u00fasp\u011b\u0161n\u00e9 strategie blok\u00e1dy\u201c pot\u00e9, co p\u0159edchoz\u00ed n\u00e1mo\u0159n\u00ed blok\u00e1da \u201esrazila venezuelskou ekonomiku na kolena\u201c p\u0159ed americk\u00fdm zajet\u00edm venezuelsk\u00e9ho v\u016fdce Nicol\u00e1se Madura v lednu.<\/span><\/p>\n<p><span dir=\"auto\">Takov\u00fd krok by v\u0161ak byl pro USA velmi riskantn\u00ed, proto\u017ee by m\u011bl velmi negativn\u00ed dopad na glob\u00e1ln\u00ed trh s energi\u00ed, zejm\u00e9na proto, \u017ee \u00cdr\u00e1n by pravd\u011bpodobn\u011b reagoval \u00fapln\u00fdm uzav\u0159en\u00edm Hormuzsk\u00e9ho pr\u016flivu.<\/span><\/p>\n<p><span dir=\"auto\">Ne\u00fasp\u011bch rozhovor\u016f nebyl p\u0159ekvapiv\u00fd. Jen o den d\u0159\u00edve izraelsk\u00fd premi\u00e9r Benjamin Netanjahu ve video prohl\u00e1\u0161en\u00ed uvedl, \u017ee kampa\u0148 proti \u00cdr\u00e1nu \u201enen\u00ed u konce\u201c.<\/span><\/p>\n<p><em><span dir=\"auto\">\u201eZas\u00e1hli jsme je, st\u00e1le m\u00e1me co d\u011blat,\u201c dodal.<\/span><\/em><\/p>\n<p><span dir=\"auto\">P\u0159\u00edm\u011b\u0159\u00ed bude pravd\u011bpodobn\u011b pokra\u010dovat a ob\u011b strany by mohly uspo\u0159\u00e1dat dal\u0161\u00ed kolo rozhovor\u016f, ale zd\u00e1 se, \u017ee jsou st\u00e1le velmi vzd\u00e1len\u00e9. Obnoven\u00ed boj\u016f je velmi pravd\u011bpodobn\u00e9 asi za t\u00fdden. Pokud k tomu dojde, USA by mohly situaci eskalovat zah\u00e1jen\u00edm pozemn\u00edch operac\u00ed v \u00cdr\u00e1nu.<\/span><\/p>\n<p><img decoding=\"async\" loading=\"lazy\" class=\"alignnone size-full wp-image-1185\" src=\"http:\/\/www.infokuryr.cz\/n\/wp-content\/uploads\/2021\/04\/kuryr-podpis.png\" alt=\"\" width=\"84\" height=\"24\" \/><\/p>\n<p>&nbsp;<\/p>\n","protected":false},"excerpt":{"rendered":"<p>Viceprezident Spojen\u00fdch st\u00e1t\u016f J. D. Vance 12. dubna ozn\u00e1mil, \u017ee jedn\u00e1n\u00ed s \u00cdr\u00e1nem skon\u010dila bez&#8230;<\/p>\n","protected":false},"author":2,"featured_media":98582,"comment_status":"closed","ping_status":"closed","sticky":false,"template":"","format":"standard","meta":[],"categories":[7],"tags":[38,1060,2521,37],"_links":{"self":[{"href":"https:\/\/www.infokuryr.cz\/n\/wp-json\/wp\/v2\/posts\/104406"}],"collection":[{"href":"https:\/\/www.infokuryr.cz\/n\/wp-json\/wp\/v2\/posts"}],"about":[{"href":"https:\/\/www.infokuryr.cz\/n\/wp-json\/wp\/v2\/types\/post"}],"author":[{"embeddable":true,"href":"https:\/\/www.infokuryr.cz\/n\/wp-json\/wp\/v2\/users\/2"}],"replies":[{"embeddable":true,"href":"https:\/\/www.infokuryr.cz\/n\/wp-json\/wp\/v2\/comments?post=104406"}],"version-history":[{"count":0,"href":"https:\/\/www.infokuryr.cz\/n\/wp-json\/wp\/v2\/posts\/104406\/revisions"}],"wp:featuredmedia":[{"embeddable":true,"href":"https:\/\/www.infokuryr.cz\/n\/wp-json\/wp\/v2\/media\/98582"}],"wp:attachment":[{"href":"https:\/\/www.infokuryr.cz\/n\/wp-json\/wp\/v2\/media?parent=104406"}],"wp:term":[{"taxonomy":"category","embeddable":true,"href":"https:\/\/www.infokuryr.cz\/n\/wp-json\/wp\/v2\/categories?post=104406"},{"taxonomy":"post_tag","embeddable":true,"href":"https:\/\/www.infokuryr.cz\/n\/wp-json\/wp\/v2\/tags?post=104406"}],"curies":[{"name":"wp","href":"https:\/\/api.w.org\/{rel}","templated":true}]}}