{"id":104398,"date":"2026-04-13T00:15:48","date_gmt":"2026-04-12T22:15:48","guid":{"rendered":"https:\/\/www.infokuryr.cz\/n\/?p=104398"},"modified":"2026-04-12T12:38:53","modified_gmt":"2026-04-12T10:38:53","slug":"cina-tezi-z-soku-cen-paliv-export-elektromobilu-prudce-vzrostl-o-140-procent","status":"publish","type":"post","link":"https:\/\/www.infokuryr.cz\/n\/2026\/04\/13\/cina-tezi-z-soku-cen-paliv-export-elektromobilu-prudce-vzrostl-o-140-procent\/","title":{"rendered":"\u010c\u00edna t\u011b\u017e\u00ed z \u0161oku cen paliv: Export elektromobil\u016f prudce vzrostl o 140 procent"},"content":{"rendered":"<div id=\"fb-root\"><\/div>\n<p><strong><span dir=\"auto\">Sou\u010dasn\u00e9 ot\u0159esy na trz\u00edch s ropou a nejistoty ohledn\u011b budouc\u00ed nab\u00eddky zvy\u0161uj\u00ed popt\u00e1vku po elektromobilech. Hlavn\u00edm p\u0159\u00edjemcem tohoto v\u00fdvoje je \u010c\u00edna. \u010c\u00edn\u0161t\u00ed v\u00fdrobci automobil\u016f vyv\u00e1\u017eej\u00ed rekordn\u00ed mno\u017estv\u00ed elektromobil\u016f.<\/span><\/strong><\/p>\n<p><span dir=\"auto\">Prob\u00edhaj\u00edc\u00ed krize na Bl\u00edzk\u00e9m v\u00fdchod\u011b a faktick\u00e9 uzav\u0159en\u00ed Hormuzsk\u00e9ho pr\u016flivu \u00cdr\u00e1nem zp\u016fsobily prudk\u00fd n\u00e1r\u016fst cen ropy a n\u00e1sledn\u011b i cen paliv, jako je nafta, benz\u00edn a petrolej. V mnoha zem\u00edch \u2013 zejm\u00e9na v Asii \u2013 vedlo naru\u0161en\u00ed dod\u00e1vek k nedostatku. V n\u011bkter\u00fdch p\u0159\u00edpadech musel b\u00fdt prodej p\u0159\u00edd\u011blov\u011b omezov\u00e1n a v jin\u00fdch bylo mnoho \u010derpac\u00edch stanic kv\u016fli nedostatku paliva uzav\u0159eno.<\/span><\/p>\n<figure class=\"wp-block-embed is-type-rich is-provider-twitter wp-block-embed-twitter\">\n<div class=\"wp-block-embed__wrapper\">\n<div class=\"twitter-tweet twitter-tweet-rendered\"><iframe id=\"twitter-widget-0\" class=\"\" title=\"X P\u0159\u00edsp\u011bvek\" src=\"https:\/\/platform.twitter.com\/embed\/Tweet.html?dnt=true&amp;embedId=twitter-widget-0&amp;features=eyJ0ZndfdGltZWxpbmVfbGlzdCI6eyJidWNrZXQiOltdLCJ2ZXJzaW9uIjpudWxsfSwidGZ3X2ZvbGxvd2VyX2NvdW50X3N1bnNldCI6eyJidWNrZXQiOnRydWUsInZlcnNpb24iOm51bGx9LCJ0ZndfdHdlZXRfZWRpdF9iYWNrZW5kIjp7ImJ1Y2tldCI6Im9uIiwidmVyc2lvbiI6bnVsbH0sInRmd19yZWZzcmNfc2Vzc2lvbiI6eyJidWNrZXQiOiJvbiIsInZlcnNpb24iOm51bGx9LCJ0ZndfZm9zbnJfc29mdF9pbnRlcnZlbnRpb25zX2VuYWJsZWQiOnsiYnVja2V0Ijoib24iLCJ2ZXJzaW9uIjpudWxsfSwidGZ3X21peGVkX21lZGlhXzE1ODk3Ijp7ImJ1Y2tldCI6InRyZWF0bWVudCIsInZlcnNpb24iOm51bGx9LCJ0ZndfZXhwZXJpbWVudHNfY29va2llX2V4cGlyYXRpb24iOnsiYnVja2V0IjoxMjA5NjAwLCJ2ZXJzaW9uIjpudWxsfSwidGZ3X3Nob3dfYmlyZHdhdGNoX3Bpdm90c19lbmFibGVkIjp7ImJ1Y2tldCI6Im9uIiwidmVyc2lvbiI6bnVsbH0sInRmd19kdXBsaWNhdGVfc2NyaWJlc190b19zZXR0aW5ncyI6eyJidWNrZXQiOiJvbiIsInZlcnNpb24iOm51bGx9LCJ0ZndfdXNlX3Byb2ZpbGVfaW1hZ2Vfc2hhcGVfZW5hYmxlZCI6eyJidWNrZXQiOiJvbiIsInZlcnNpb24iOm51bGx9LCJ0ZndfdmlkZW9faGxzX2R5bmFtaWNfbWFuaWZlc3RzXzE1MDgyIjp7ImJ1Y2tldCI6InRydWVfYml0cmF0ZSIsInZlcnNpb24iOm51bGx9LCJ0ZndfbGVnYWN5X3RpbWVsaW5lX3N1bnNldCI6eyJidWNrZXQiOnRydWUsInZlcnNpb24iOm51bGx9LCJ0ZndfdHdlZXRfZWRpdF9mcm9udGVuZCI6eyJidWNrZXQiOiJvbiIsInZlcnNpb24iOm51bGx9fQ%3D%3D&amp;frame=false&amp;hideCard=false&amp;hideThread=false&amp;id=2042338218910101665&amp;lang=de&amp;origin=https%3A%2F%2Freport24.news%2Fchina-profitiert-vom-spritpreis-schock-e-auto-exporte-explodieren-um-140-prozent%2F&amp;sessionId=9014155784b6e785d3cafcbed8650f62fa9411f0&amp;theme=light&amp;widgetsVersion=2615f7e52b7e0%3A1702314776716&amp;width=550px\" frameborder=\"0\" scrolling=\"no\" allowfullscreen=\"allowfullscreen\" data-tweet-id=\"2042338218910101665\" data-mce-fragment=\"1\"><\/iframe><\/div>\n<\/div>\n<\/figure>\n<p><span dir=\"auto\">Ti, kte\u0159\u00ed si to mohou dovolit, si nyn\u00ed kupuj\u00ed elektromobily. Ukazuj\u00ed to \u00fadaje o v\u00fdvozu z \u010c\u00edny, kter\u00e9 cituje\u00a0<\/span><a href=\"https:\/\/archive.is\/V9bWC\"><span dir=\"auto\">agentura Bloomberg<\/span><\/a><span dir=\"auto\">\u00a0. V b\u0159eznu \u0158\u00ed\u0161e st\u0159edu vyvezla ohromuj\u00edc\u00edch 349 000 elektromobil\u016f. To je neuv\u011b\u0159iteln\u00fd n\u00e1r\u016fst o 140 procent a historick\u00fd rekord! \u010c\u00edna nikdy p\u0159edt\u00edm nevyvezla tolik aut za jedin\u00fd m\u011bs\u00edc.<\/span><\/p>\n<p><span dir=\"auto\">V dne\u0161n\u00ed dob\u011b se v autosalonech odehr\u00e1vaj\u00ed \u0161\u00edlen\u00e9 sc\u00e9ny. A\u0165 u\u017e v asijsko-pacifick\u00e9m regionu, Evrop\u011b nebo USA \u2013 lid\u00e9 hledaj\u00ed alternativy ke spalovac\u00edm motor\u016fm. V Austr\u00e1lii byl dokonce vyhl\u00e1\u0161en skute\u010dn\u00fd stav nouze: podle\u00a0<\/span><a href=\"https:\/\/archive.is\/5wgmE\"><span dir=\"auto\">Australian Financial Review<\/span><\/a><span dir=\"auto\">\u00a0se \u010dekac\u00ed doby na elektromobily prodlou\u017eily o n\u011bkolik m\u011bs\u00edc\u016f. Podobn\u00e1 situace je na Filip\u00edn\u00e1ch a v dal\u0161\u00edch zem\u00edch jihov\u00fdchodn\u00ed Asie.<\/span><\/p>\n<figure class=\"wp-block-embed is-type-rich is-provider-twitter wp-block-embed-twitter\">\n<div class=\"wp-block-embed__wrapper\">\n<div class=\"twitter-tweet twitter-tweet-rendered\"><iframe id=\"twitter-widget-1\" class=\"\" title=\"X P\u0159\u00edsp\u011bvek\" src=\"https:\/\/platform.twitter.com\/embed\/Tweet.html?dnt=true&amp;embedId=twitter-widget-1&amp;features=eyJ0ZndfdGltZWxpbmVfbGlzdCI6eyJidWNrZXQiOltdLCJ2ZXJzaW9uIjpudWxsfSwidGZ3X2ZvbGxvd2VyX2NvdW50X3N1bnNldCI6eyJidWNrZXQiOnRydWUsInZlcnNpb24iOm51bGx9LCJ0ZndfdHdlZXRfZWRpdF9iYWNrZW5kIjp7ImJ1Y2tldCI6Im9uIiwidmVyc2lvbiI6bnVsbH0sInRmd19yZWZzcmNfc2Vzc2lvbiI6eyJidWNrZXQiOiJvbiIsInZlcnNpb24iOm51bGx9LCJ0ZndfZm9zbnJfc29mdF9pbnRlcnZlbnRpb25zX2VuYWJsZWQiOnsiYnVja2V0Ijoib24iLCJ2ZXJzaW9uIjpudWxsfSwidGZ3X21peGVkX21lZGlhXzE1ODk3Ijp7ImJ1Y2tldCI6InRyZWF0bWVudCIsInZlcnNpb24iOm51bGx9LCJ0ZndfZXhwZXJpbWVudHNfY29va2llX2V4cGlyYXRpb24iOnsiYnVja2V0IjoxMjA5NjAwLCJ2ZXJzaW9uIjpudWxsfSwidGZ3X3Nob3dfYmlyZHdhdGNoX3Bpdm90c19lbmFibGVkIjp7ImJ1Y2tldCI6Im9uIiwidmVyc2lvbiI6bnVsbH0sInRmd19kdXBsaWNhdGVfc2NyaWJlc190b19zZXR0aW5ncyI6eyJidWNrZXQiOiJvbiIsInZlcnNpb24iOm51bGx9LCJ0ZndfdXNlX3Byb2ZpbGVfaW1hZ2Vfc2hhcGVfZW5hYmxlZCI6eyJidWNrZXQiOiJvbiIsInZlcnNpb24iOm51bGx9LCJ0ZndfdmlkZW9faGxzX2R5bmFtaWNfbWFuaWZlc3RzXzE1MDgyIjp7ImJ1Y2tldCI6InRydWVfYml0cmF0ZSIsInZlcnNpb24iOm51bGx9LCJ0ZndfbGVnYWN5X3RpbWVsaW5lX3N1bnNldCI6eyJidWNrZXQiOnRydWUsInZlcnNpb24iOm51bGx9LCJ0ZndfdHdlZXRfZWRpdF9mcm9udGVuZCI6eyJidWNrZXQiOiJvbiIsInZlcnNpb24iOm51bGx9fQ%3D%3D&amp;frame=false&amp;hideCard=false&amp;hideThread=false&amp;id=2036869991413539195&amp;lang=de&amp;origin=https%3A%2F%2Freport24.news%2Fchina-profitiert-vom-spritpreis-schock-e-auto-exporte-explodieren-um-140-prozent%2F&amp;sessionId=9014155784b6e785d3cafcbed8650f62fa9411f0&amp;theme=light&amp;widgetsVersion=2615f7e52b7e0%3A1702314776716&amp;width=550px\" frameborder=\"0\" scrolling=\"no\" allowfullscreen=\"allowfullscreen\" data-tweet-id=\"2036869991413539195\" data-mce-fragment=\"1\"><\/iframe><\/div>\n<\/div>\n<\/figure>\n<p><span dir=\"auto\">\u010c\u00ednsk\u00fd pr\u016fmyslov\u00fd gigant BYD, kter\u00fd dlouhodob\u011b zaplavuje sv\u011btov\u00fd trh sv\u00fdmi elektromobily, otev\u0159en\u011b p\u0159izn\u00e1v\u00e1: Ka\u017ed\u00fd, kdo chce jeden z jeho nejprod\u00e1van\u011bj\u0161\u00edch model\u016f, jako je \u201eSealion 7\u201c nebo \u201eAtto 2\u201c, u\u017e nemus\u00ed \u010dekat dva a\u017e t\u0159i t\u00fddny, ale nyn\u00ed dva a\u017e t\u0159i m\u011bs\u00edce. \u010c\u00edn\u0161t\u00ed v\u00fdrobci automobil\u016f sotva st\u00edhaj\u00ed v\u00fdrobu.<\/span><\/p>\n<p><span dir=\"auto\">Panika sv\u00edr\u00e1 i Brit\u00e1nii. Na Autotraderu, nejv\u011bt\u0161\u00edm britsk\u00e9m tr\u017ei\u0161ti s automobily, prudce vzrostl po\u010det vyhled\u00e1vac\u00edch dotaz\u016f na elektromobily od prvn\u00edch bombov\u00fdch \u00fatok\u016f na \u00cdr\u00e1n na konci \u00fanora. Ian Plummer, vedouc\u00ed port\u00e1lu,\u00a0<\/span><a href=\"https:\/\/plc.autotrader.co.uk\/news-views\/press-releases\/sharp-rise-in-ev-interest-on-autotrader-following-middle-east-bombing\/\"><span dir=\"auto\">tento n\u00e1r\u016fst potvrzuje<\/span><\/a><span dir=\"auto\"> : \u201eOjet\u00e9 elektromobily zaznamen\u00e1vaj\u00ed rekordn\u00ed po\u010det dotaz\u016f.\u201c Plummer vysv\u011btluje: \u201eKdy\u017e si lid\u00e9 mysl\u00ed, \u017ee tradi\u010dn\u00ed paliva jsou ohro\u017eena glob\u00e1ln\u00edmi ud\u00e1lostmi, enormn\u011b roste atraktivita elektromobil\u016f. Konflikt je masivn\u00edm katalyz\u00e1torem.\u201c<\/span><\/p>\n<p><span dir=\"auto\">A to i p\u0159esto, \u017ee dod\u00e1vky elekt\u0159iny ve Velk\u00e9 Brit\u00e1nii zdaleka nejsou bezpe\u010dn\u00e9 a ceny elekt\u0159iny dosahuj\u00ed rekordn\u00edch maxim. Dal\u0161\u00ed n\u00e1r\u016fst po\u010dtu elektromobil\u016f na britsk\u00fdch silnic\u00edch by mohl je\u0161t\u011b v\u00edce zat\u00ed\u017eit ji\u017e tak p\u0159et\u00ed\u017een\u00e9 elektrick\u00e9 s\u00edt\u011b. Nemluv\u011b o\u00a0<\/span><a href=\"https:\/\/report24.news\/grossbritannien-38-500-preisexplosion-e-auto-ladesaeulen-vor-dem-finanziellen-kollaps\/\"><span dir=\"auto\">probl\u00e9mech s n\u00e1klady provozovatel\u016f nab\u00edjec\u00edch stanic<\/span><\/a><span dir=\"auto\">\u00a0.<\/span><\/p>\n<p><span dir=\"auto\">Dokonce i v USA, domovin\u011b motor\u016f V8, se odpor hrout\u00ed. Od doby, kdy ceny benzinu v cel\u00e9 zemi p\u0159ekonaly psychologicky d\u016fle\u017eitou hranici 4 dolar\u016f za galon, se \u0161\u00ed\u0159\u00ed hore\u010dka elektromobil\u016f. Odborn\u00edci z Morgan Stanley dokonce p\u0159edpov\u00eddaj\u00ed, \u017ee skute\u010dn\u00e1 z\u00e1plava objedn\u00e1vek v USA teprve p\u0159ijde, pokud by tento palivov\u00fd \u0161ok pokra\u010doval dal\u0161\u00edch \u0161est m\u011bs\u00edc\u016f.<\/span><\/p>\n<p><span dir=\"auto\">Pro pr\u016fmysl elektromobil\u016f \u2013 zejm\u00e9na pro \u010d\u00ednsk\u00fd sektor \u2013 je tato krize prakticky \u0161\u0165astn\u00e1 n\u00e1hoda. Pot\u00e9, co byly tr\u017eby d\u0159\u00edve poh\u00e1n\u011bny p\u0159edev\u0161\u00edm n\u00e1kupy od firemn\u00edch klient\u016f (da\u0148ov\u00e9 \u00falevy), nyn\u00ed st\u00e1le \u010dast\u011bji nakupuj\u00ed soukrom\u00ed z\u00e1kazn\u00edci. Takzvanou \u201edopravn\u00ed revoluci\u201c klimatick\u00fdch aktivist\u016f nyn\u00ed vede nikdo jin\u00fd ne\u017e Trumpova administrativa, pot\u00e9, co se pl\u00e1ny na zm\u011bnu re\u017eimu v \u00cdr\u00e1nu neuskute\u010dnily. Z\u00e1rove\u0148 z t\u00e9to krize ekonomicky profituje i samotn\u00e1 \u010c\u00edna. Eskalace posledn\u00edch t\u00fddn\u016f, od vojensk\u00e9 intervence proti islamistick\u00e9mu teroristick\u00e9mu re\u017eimu v \u00cdr\u00e1nu, zjevn\u011b urychlila v\u00fdvoj, kter\u00fd pravd\u011bpodobn\u011b nebyl zam\u00fd\u0161len.<\/span><\/p>\n<p><img decoding=\"async\" loading=\"lazy\" class=\"alignnone size-full wp-image-1185\" src=\"http:\/\/www.infokuryr.cz\/n\/wp-content\/uploads\/2021\/04\/kuryr-podpis.png\" alt=\"\" width=\"84\" height=\"24\" \/><\/p>\n<p>&nbsp;<\/p>\n","protected":false},"excerpt":{"rendered":"<p>Sou\u010dasn\u00e9 ot\u0159esy na trz\u00edch s ropou a nejistoty ohledn\u011b budouc\u00ed nab\u00eddky zvy\u0161uj\u00ed popt\u00e1vku po elektromobilech&#8230;.<\/p>\n","protected":false},"author":2,"featured_media":104399,"comment_status":"closed","ping_status":"closed","sticky":false,"template":"","format":"standard","meta":[],"categories":[7],"tags":[30,7956,371,2343,2007],"_links":{"self":[{"href":"https:\/\/www.infokuryr.cz\/n\/wp-json\/wp\/v2\/posts\/104398"}],"collection":[{"href":"https:\/\/www.infokuryr.cz\/n\/wp-json\/wp\/v2\/posts"}],"about":[{"href":"https:\/\/www.infokuryr.cz\/n\/wp-json\/wp\/v2\/types\/post"}],"author":[{"embeddable":true,"href":"https:\/\/www.infokuryr.cz\/n\/wp-json\/wp\/v2\/users\/2"}],"replies":[{"embeddable":true,"href":"https:\/\/www.infokuryr.cz\/n\/wp-json\/wp\/v2\/comments?post=104398"}],"version-history":[{"count":0,"href":"https:\/\/www.infokuryr.cz\/n\/wp-json\/wp\/v2\/posts\/104398\/revisions"}],"wp:featuredmedia":[{"embeddable":true,"href":"https:\/\/www.infokuryr.cz\/n\/wp-json\/wp\/v2\/media\/104399"}],"wp:attachment":[{"href":"https:\/\/www.infokuryr.cz\/n\/wp-json\/wp\/v2\/media?parent=104398"}],"wp:term":[{"taxonomy":"category","embeddable":true,"href":"https:\/\/www.infokuryr.cz\/n\/wp-json\/wp\/v2\/categories?post=104398"},{"taxonomy":"post_tag","embeddable":true,"href":"https:\/\/www.infokuryr.cz\/n\/wp-json\/wp\/v2\/tags?post=104398"}],"curies":[{"name":"wp","href":"https:\/\/api.w.org\/{rel}","templated":true}]}}