{"id":104394,"date":"2026-04-13T00:14:40","date_gmt":"2026-04-12T22:14:40","guid":{"rendered":"https:\/\/www.infokuryr.cz\/n\/?p=104394"},"modified":"2026-04-12T11:32:50","modified_gmt":"2026-04-12T09:32:50","slug":"sokujici-zprava-o-cenzure-v-rakousku-kazdy-kdo-poskodi-povest-eu-brzy-skonci-za-mrizemi","status":"publish","type":"post","link":"https:\/\/www.infokuryr.cz\/n\/2026\/04\/13\/sokujici-zprava-o-cenzure-v-rakousku-kazdy-kdo-poskodi-povest-eu-brzy-skonci-za-mrizemi\/","title":{"rendered":"\u0160okuj\u00edc\u00ed zpr\u00e1va o cenzu\u0159e v Rakousku: Ka\u017ed\u00fd, kdo po\u0161kod\u00ed \u201epov\u011bst EU\u201c, brzy skon\u010d\u00ed za m\u0159\u00ed\u017eemi!"},"content":{"rendered":"<div id=\"fb-root\"><\/div>\n<p><strong><span dir=\"auto\">Pod rou\u0161kou \u201ekontra\u0161pion\u00e1\u017ee\u201c pl\u00e1nuje rakousk\u00e1 vl\u00e1da bezprecedentn\u00ed front\u00e1ln\u00ed \u00fatok na tisk a svobodu projevu. V budoucnu bude pouh\u00e1 hrozba pro \u201ereputaci\u201c st\u00e1tu nebo EU dostate\u010dn\u00fdm d\u016fvodem k potrest\u00e1n\u00ed kritik\u016f drakonick\u00fdmi tresty odn\u011bt\u00ed svobody. Front\u00e1ln\u00ed \u00fatok na ka\u017ed\u00e9ho, kdo se odv\u00e1\u017e\u00ed kritizovat ty, kte\u0159\u00ed jsou u moci ve V\u00eddni nebo Bruselu.<\/span><\/strong><\/p>\n<p><span dir=\"auto\">Ka\u017ed\u00fd, kdo v Rakousku p\u0159\u00edli\u0161 kriticky informuje o Evropsk\u00e9 unii nebo dom\u00e1c\u00ed vl\u00e1d\u011b a t\u00edm si po\u0161kozuje pov\u011bst,\u00a0<\/span><a href=\"https:\/\/jungefreiheit.de\/politik\/ausland\/2026\/oesterreich-will-gefaehrdung-des-ansehens-der-eu-unter-strafe-stellen\/\"><span dir=\"auto\">brzy \u010del\u00ed v\u011bzen\u00ed<\/span><\/a><span dir=\"auto\"> . Koali\u010dn\u00ed vl\u00e1da veden\u00e1 \u00d6VP (\u00d6VP, SP\u00d6 a NEOS) v sou\u010dasn\u00e9 dob\u011b pracuje na masivn\u00edm zp\u0159\u00edsn\u011bn\u00ed trestn\u00edho z\u00e1kon\u00edku. Ve\u0159ejnosti se to prezentuje jako nezbytn\u00fd z\u00e1sah proti nep\u0159\u00e1telsk\u00fdm zpravodajsk\u00fdm slu\u017eb\u00e1m. P\u0159\u00edpad podez\u0159el\u00e9ho rusk\u00e9ho \u0161piona Egista Otta slou\u017e\u00ed jako vhodn\u00e1 z\u00e1minka k uta\u017een\u00ed \u0161roubk\u016f v\u0161em. Ministryn\u011b spravedlnosti Anna Sporrer (SP\u00d6) hovo\u0159\u00ed o \u201evelmi aktu\u00e1ln\u00edm t\u00e9matu\u201c, zat\u00edmco ministryn\u011b zahrani\u010d\u00ed Beate Meinl-Reisinger (NEOS) oslavuje \u201ejasnou zm\u011bnu kurzu\u201c.<\/span><\/p>\n<p><span dir=\"auto\">Bli\u017e\u0161\u00ed pohled na n\u00e1vrh z\u00e1kona v\u0161ak odhal\u00ed, \u017ee to, co se zde oslavuje jako zm\u011bna kurzu, je ve skute\u010dnosti d\u011bsiv\u00e1 cenzurn\u00ed zr\u016fda. V budoucnu nebude trestn\u00e1 jen klasick\u00e1 \u0161pion\u00e1\u017e (tj. skute\u010dn\u00e1 zrada). Sta\u010d\u00ed, kdy\u017e je \u010din pouze zp\u016fsobil\u00fd po\u0161kodit \u201epov\u011bst\u201c, bezpe\u010dnost nebo ekonomick\u00e9 z\u00e1jmy republiky \u010di instituc\u00ed Evropsk\u00e9 unie (stejn\u011b jako OSN \u010di OPEC)! Bez ohledu na to, zda tyto \u010diny po\u0161kozuj\u00ed jejich vlastn\u00ed pov\u011bst.<\/span><\/p>\n<p><span dir=\"auto\">Ke skute\u010dn\u00e9 \u0161kod\u011b ani nemus\u00ed doj\u00edt. Pouh\u00e1 mo\u017enost teoretick\u00e9ho po\u0161kozen\u00ed pov\u011bsti elit EU sta\u010d\u00ed k zah\u00e1jen\u00ed vy\u0161et\u0159ov\u00e1n\u00ed. Tresty se pohybuj\u00ed od \u0161esti m\u011bs\u00edc\u016f a\u017e po ohromuj\u00edc\u00edch p\u011bt let v\u011bzen\u00ed. Novin\u00e1\u0159i, oznamovatel\u00e9 a aktivist\u00e9 za ob\u010dansk\u00e1 pr\u00e1va opr\u00e1vn\u011bn\u011b bij\u00ed na poplach. Proto\u017ee co p\u0159esn\u011b p\u0159edstavuje \u201eriziko po\u0161kozen\u00ed pov\u011bsti\u201c? Je to klasick\u00e1 univerz\u00e1ln\u00ed klauzule, kterou lze vykl\u00e1dat libovoln\u011b.<\/span><\/p>\n<p><span dir=\"auto\">P\u0159edstavte si to: Investigativn\u00ed report\u00e9\u0159i odhal\u00ed masivn\u00ed korup\u010dn\u00ed skand\u00e1l ve vl\u00e1d\u011b nebo zve\u0159ejn\u00ed usv\u011bd\u010duj\u00edc\u00ed zpr\u00e1vu o selh\u00e1n\u00edch bruselsk\u00fdch eurokrat\u016f. \u010cl\u00e1nek se dostane na tituln\u00ed str\u00e1nky mezin\u00e1rodn\u00edch m\u00e9di\u00ed. Mocn\u00e9 osobnosti ve V\u00eddni nebo Bruselu jsou ve \u0161patn\u00e9m sv\u011btle \u2013 jejich pov\u011bst je po\u0161kozena. A najednou se uvoln\u00ed cesta k pr\u00e1vn\u00edmu vy\u0161et\u0159ov\u00e1n\u00ed za po\u0161kozov\u00e1n\u00ed st\u00e1tn\u00edch z\u00e1jm\u016f. Dokonce i legitimn\u00ed kritika vl\u00e1dy je nakonec zadn\u00edmi vr\u00e1tky kriminalizov\u00e1na. Novin\u00e1\u0159i jsou tak prohl\u00e1\u0161eni za nep\u0159\u00e1tele st\u00e1tu.<\/span><\/p>\n<p><span dir=\"auto\">Ter\u010dem by se mohli st\u00e1t i b\u011b\u017en\u00ed ob\u010dan\u00e9: Trestn\u00fd m\u00e1 b\u00fdt i tzv. \u201en\u00e1bor agent\u016f\u201c. V extr\u00e9mn\u00edch p\u0159\u00edpadech, varuj\u00ed pr\u00e1vn\u00ed experti, by se mohlo jednat i o jednoduch\u00e9 kontakty prost\u0159ednictv\u00edm soci\u00e1ln\u00edch m\u00e9di\u00ed, za p\u0159edpokladu, \u017ee paranoidn\u00ed \u00fa\u0159ady budou m\u00edt pouh\u00e9 podez\u0159en\u00ed na zahrani\u010dn\u00ed vliv. C\u00edlem je ochr\u00e1nit elity a jejich instituce p\u0159ed kontrolou a kritikou prost\u0159ednictv\u00edm legislativy. C\u00edlem je zabr\u00e1nit komukoli, aby se v\u016fbec zamyslel nad bli\u017e\u0161\u00edm zkoum\u00e1n\u00edm pr\u00e1ce n\u011bmeck\u00e9 vl\u00e1dy nebo Evropsk\u00e9 unie \u2013 koneckonc\u016f by se mohlo n\u011bco objevit.<\/span><\/p>\n<p><span dir=\"auto\">Nav\u00edc \u00d6VP, SP\u00d6 a Neos projevuj\u00ed zjevn\u011b autokratick\u00e9 tendence \u2013 a z\u00e1rove\u0148 ukazuj\u00ed prstem na FP\u00d6, kter\u00e1 se na rozd\u00edl od vl\u00e1dnouc\u00edch stran d\u016fsledn\u011b stav\u00ed proti dal\u0161\u00edmu omezov\u00e1n\u00ed svobody n\u00e1zoru a projevu a rostouc\u00ed moci bruselsk\u00fdch eurokrat\u016f. Je z\u0159ejm\u00e9, \u017ee se feder\u00e1ln\u00ed vl\u00e1da v\u0161emi prost\u0159edky sna\u017e\u00ed zajistit absolutn\u00ed v\u011bt\u0161inu pro Stranu svobody a kancl\u00e9\u0159e Herberta Kickla.<\/span><\/p>\n<p><img decoding=\"async\" loading=\"lazy\" class=\"alignnone size-full wp-image-1185\" src=\"http:\/\/www.infokuryr.cz\/n\/wp-content\/uploads\/2021\/04\/kuryr-podpis.png\" alt=\"\" width=\"84\" height=\"24\" \/><\/p>\n<p>&nbsp;<\/p>\n","protected":false},"excerpt":{"rendered":"<p>Pod rou\u0161kou \u201ekontra\u0161pion\u00e1\u017ee\u201c pl\u00e1nuje rakousk\u00e1 vl\u00e1da bezprecedentn\u00ed front\u00e1ln\u00ed \u00fatok na tisk a svobodu projevu. V&#8230;<\/p>\n","protected":false},"author":2,"featured_media":104395,"comment_status":"closed","ping_status":"closed","sticky":false,"template":"","format":"standard","meta":[],"categories":[7],"tags":[2257,120,553],"_links":{"self":[{"href":"https:\/\/www.infokuryr.cz\/n\/wp-json\/wp\/v2\/posts\/104394"}],"collection":[{"href":"https:\/\/www.infokuryr.cz\/n\/wp-json\/wp\/v2\/posts"}],"about":[{"href":"https:\/\/www.infokuryr.cz\/n\/wp-json\/wp\/v2\/types\/post"}],"author":[{"embeddable":true,"href":"https:\/\/www.infokuryr.cz\/n\/wp-json\/wp\/v2\/users\/2"}],"replies":[{"embeddable":true,"href":"https:\/\/www.infokuryr.cz\/n\/wp-json\/wp\/v2\/comments?post=104394"}],"version-history":[{"count":0,"href":"https:\/\/www.infokuryr.cz\/n\/wp-json\/wp\/v2\/posts\/104394\/revisions"}],"wp:featuredmedia":[{"embeddable":true,"href":"https:\/\/www.infokuryr.cz\/n\/wp-json\/wp\/v2\/media\/104395"}],"wp:attachment":[{"href":"https:\/\/www.infokuryr.cz\/n\/wp-json\/wp\/v2\/media?parent=104394"}],"wp:term":[{"taxonomy":"category","embeddable":true,"href":"https:\/\/www.infokuryr.cz\/n\/wp-json\/wp\/v2\/categories?post=104394"},{"taxonomy":"post_tag","embeddable":true,"href":"https:\/\/www.infokuryr.cz\/n\/wp-json\/wp\/v2\/tags?post=104394"}],"curies":[{"name":"wp","href":"https:\/\/api.w.org\/{rel}","templated":true}]}}