{"id":104392,"date":"2026-04-13T00:13:23","date_gmt":"2026-04-12T22:13:23","guid":{"rendered":"https:\/\/www.infokuryr.cz\/n\/?p=104392"},"modified":"2026-04-12T11:30:44","modified_gmt":"2026-04-12T09:30:44","slug":"profesor-mohammad-marandi-o-jednanich-s-trumpovym-rezimem-pocita-se-na-cinech-ne-na-slovech","status":"publish","type":"post","link":"https:\/\/www.infokuryr.cz\/n\/2026\/04\/13\/profesor-mohammad-marandi-o-jednanich-s-trumpovym-rezimem-pocita-se-na-cinech-ne-na-slovech\/","title":{"rendered":"Profesor Mohammad Marandi o jedn\u00e1n\u00edch s Trumpov\u00fdm re\u017eimem: \u201ePo\u010d\u00edt\u00e1 se na \u010dinech, ne na slovech\u201c"},"content":{"rendered":"<div id=\"fb-root\"><\/div>\n<p><span dir=\"auto\">\u00cdr\u00e1nsk\u00fd profesor Mohammad Marandi, renomovan\u00fd politolog a v\u00e1\u0161niv\u00fd pozorovatel aktu\u00e1ln\u00edho v\u00fdvoje na Bl\u00edzk\u00e9m v\u00fdchod\u011b, v podrobn\u00e9m \u017eiv\u00e9m rozhovoru vysv\u011btlil postoj \u00cdr\u00e1nu k prob\u00edhaj\u00edc\u00edmu konfliktu s USA a Izraelem.<\/span><\/p>\n<p><span dir=\"auto\">Marandi, kter\u00fd se pravideln\u011b objevuje v mezin\u00e1rodn\u00edch m\u00e9di\u00edch, zd\u016fraznil odhodl\u00e1n\u00ed Teher\u00e1nu a ost\u0159e kritizoval roli USA, Izraele a st\u00e1t\u016f Persk\u00e9ho z\u00e1livu.<\/span><\/p>\n<p><span dir=\"auto\">N\u011bmeck\u00e9 titulky lze aktivovat v nastaven\u00ed YouTube.<\/span><\/p>\n<figure class=\"wp-block-embed is-type-video is-provider-youtube wp-block-embed-youtube wp-embed-aspect-16-9 wp-has-aspect-ratio\">\n<div class=\"wp-block-embed__wrapper\"><iframe loading=\"lazy\" title=\"Profesor Mohammad Marandi hovo\u0159\u00ed o vyjedn\u00e1v\u00e1n\u00ed s Trumpov\u00fdm re\u017eimem\" src=\"https:\/\/www.youtube.com\/embed\/KuRcDa9A8sw?feature=oembed\" width=\"800\" height=\"450\" frameborder=\"0\" allowfullscreen=\"allowfullscreen\" data-mce-fragment=\"1\"><\/iframe><\/div>\n<\/figure>\n<h2 class=\"wp-block-heading\"><span dir=\"auto\">Trump\u016fv projev: Slova bez v\u00fdznamu<\/span><\/h2>\n<p><span dir=\"auto\">Profesor Marandi hned na za\u010d\u00e1tku jasn\u011b uvedl, \u017ee Trump\u016fv posledn\u00ed projev nesledoval cel\u00fd \u2013 ne z nez\u00e1jmu, ale proto, \u017ee mu to \u010das v Teher\u00e1nu (4:30) a napjat\u00fd program neumo\u017e\u0148ovaly.<\/span><\/p>\n<p><span dir=\"auto\">Pro n\u011bj nen\u00ed d\u016fle\u017eit\u00e9, co Trump \u0159\u00edk\u00e1, ale co Trump\u016fv re\u017eim a re\u017eim Netanjahua skute\u010dn\u011b d\u011blaj\u00ed.<\/span><\/p>\n<p><span dir=\"auto\">\u201e\u017d\u00e1dn\u00fd \u00edr\u00e1nsk\u00fd politik nebere Trumpa v\u00e1\u017en\u011b,\u201c \u0159ekl Marandi. Mnoz\u00ed v \u00cdr\u00e1nu se domn\u00edvaj\u00ed, \u017ee skute\u010dn\u00e9 rozkazy nevyd\u00e1v\u00e1 Trump, ale Netanjahu a \u201esionistick\u00e1 t\u0159\u00edda\u201c.<\/span><\/p>\n<p><span dir=\"auto\">Je dokonce mo\u017en\u00e9, \u017ee kompromituj\u00edc\u00ed materi\u00e1l (\u201e\u0161p\u00edna\u201c) by mohl vyvinout tlak na Trumpa. D\u016fle\u017eit\u00e1 je pouze prob\u00edhaj\u00edc\u00ed agrese proti \u00edr\u00e1nsk\u00e9 infrastruktu\u0159e.<\/span><\/p>\n<p><span dir=\"auto\">\u00cdr\u00e1n je p\u0159ipraven reagovat stejnou silou a za\u00fato\u010dit na americk\u00e9 z\u00e1stupn\u00e9 c\u00edle v regionu.<\/span><\/p>\n<p><span dir=\"auto\">USA lhaly sv\u00e9mu vlastn\u00edmu obyvatelstvu v\u00edce ne\u017e m\u011bs\u00edc tvrzen\u00edm, \u017ee v\u00e1lka bude trvat jen jeden nebo dva dny a \u017ee \u00edr\u00e1nsk\u00e9 vojensk\u00e9 kapacity byly zni\u010deny.<\/span><\/p>\n<p><span dir=\"auto\">Intenzita \u00edr\u00e1nsk\u00fdch \u00fader\u016f ve skute\u010dnosti roste a \u201eosa odporu\u201c je st\u00e1le v\u00edce zapojov\u00e1na.<\/span><\/p>\n<h2 class=\"wp-block-heading\"><span dir=\"auto\">\u017d\u00e1dn\u00e1 vyjedn\u00e1v\u00e1n\u00ed \u2013 pouze zpr\u00e1vy.<\/span><\/h2>\n<p><span dir=\"auto\">Marandi jasn\u011b reagoval na Trumpova opakovan\u00e1 tvrzen\u00ed, \u017ee s \u00cdr\u00e1nem prob\u00edhaj\u00ed jedn\u00e1n\u00ed:<\/span><\/p>\n<p><span dir=\"auto\">Nejde o vyjedn\u00e1v\u00e1n\u00ed, ale pouze o v\u00fdm\u011bnu zpr\u00e1v.<\/span><\/p>\n<p><span dir=\"auto\">P\u00e1kist\u00e1n, jak bylo v p\u0159edchoz\u00edch desetilet\u00edch zvykem, p\u0159edal zpr\u00e1vu z USA prost\u0159ednictv\u00edm Om\u00e1nu, Ruska, \u0161v\u00fdcarsk\u00e9ho velvyslanectv\u00ed nebo p\u0159\u00edm\u00fdmi kan\u00e1ly.<\/span><\/p>\n<p><span dir=\"auto\">\u201eTrump si tohle vym\u00fd\u0161l\u00ed, stejn\u011b jako si vym\u00fd\u0161l\u00ed spoustu dal\u0161\u00edch v\u011bc\u00ed. Je jedn\u00edm z nejproduktivn\u011bj\u0161\u00edch lh\u00e1\u0159\u016f mezi politiky,\u201c \u0159ekl Marandi.<\/span><\/p>\n<p><span dir=\"auto\">\u00cdr\u00e1n nebude souhlasit s p\u0159\u00edm\u011b\u0159\u00edm, proto\u017ee aliance Trump-Netanjahu-Epstein by jen z\u00edskala \u010das na dal\u0161\u00ed \u00fatok za \u0161est nebo dvan\u00e1ct m\u011bs\u00edc\u016f.<\/span><\/p>\n<p><span dir=\"auto\">Skute\u010dn\u00fd m\u00edr je mo\u017en\u00fd pouze tehdy, pokud se z\u00e1sadn\u011b zm\u011bn\u00ed fakta v ter\u00e9nu.<\/span><\/p>\n<h2 class=\"wp-block-heading\"><span dir=\"auto\">St\u00e1ty Persk\u00e9ho z\u00e1livu jako platforma pro americkou agresi<\/span><\/h2>\n<p><span dir=\"auto\">Kl\u00ed\u010dov\u00fdm bodem byla role st\u00e1t\u016f Persk\u00e9ho z\u00e1livu (Sa\u00fadsk\u00e1 Ar\u00e1bie, Spojen\u00e9 arabsk\u00e9 emir\u00e1ty, Katar, Kuvajt, Bahrajn).<\/span><\/p>\n<p><span dir=\"auto\">Tyto z\u00e1kladny by ji\u017e nem\u011bly slou\u017eit jako odrazov\u00e9 m\u016fstky pro \u00fatoky na \u00cdr\u00e1n. Bez jejich z\u00e1kladen, jejich vzdu\u0161n\u00e9ho prostoru a jejich \u00fazem\u00ed by sou\u010dasn\u00e1 v\u00e1lka nebyla mo\u017en\u00e1.<\/span><\/p>\n<p><span dir=\"auto\">\u00cdr\u00e1n dosud projevoval velkou zdr\u017eenlivost a zdr\u017eel se tak i p\u0159es mo\u017enost zni\u010den\u00ed cel\u00e9 kritick\u00e9 infrastruktury t\u011bchto st\u00e1t\u016f.<\/span><\/p>\n<p><span dir=\"auto\">Marandi zd\u016fraznil, \u017ee \u00cdr\u00e1n nechce zni\u010dit sv\u00e9 sousedn\u00ed zem\u011b, ale sp\u00ed\u0161e je donutit ke zm\u011bn\u011b jejich politiky.<\/span><\/p>\n<p><span dir=\"auto\">Z\u00e1kladny by musely zmizet a musely by b\u00fdt zaplaceny reparace.<\/span><\/p>\n<p><span dir=\"auto\">St\u00e1ty Persk\u00e9ho z\u00e1livu by mohly pokra\u010dovat v obchodov\u00e1n\u00ed s USA \u2013 ale ne na \u00fakor \u00edr\u00e1nsk\u00e9 bezpe\u010dnosti.<\/span><\/p>\n<p><span dir=\"auto\">Historicky v\u0161em p\u0159ipomn\u011bl, \u017ee tyt\u00e9\u017e re\u017eimy podporovaly Sadd\u00e1ma Husajna v \u00edr\u00e1nsko-ir\u00e1ck\u00e9 v\u00e1lce stovkami miliard dolar\u016f a \u017ee mu Z\u00e1pad dodal chemick\u00e9 zbran\u011b.<\/span><\/p>\n<p><span dir=\"auto\">Pozd\u011bji podporovali americk\u00e9 invaze do Ir\u00e1ku, S\u00fdrie a Jemenu.<\/span><\/p>\n<p><span dir=\"auto\">\u00cdr\u00e1n v t\u00e9 dob\u011b dokonce protestoval proti invazi do Ir\u00e1ku, a to i p\u0159es nen\u00e1vist k Sadd\u00e1movi \u2013 z principu proti neleg\u00e1ln\u00ed agresi.<\/span><\/p>\n<h2 class=\"wp-block-heading\"><span dir=\"auto\">Odolnost \u00edr\u00e1nsk\u00e9ho lidu a pokrytectv\u00ed diaspory<\/span><\/h2>\n<p><span dir=\"auto\">Marandi popsal vysokou mor\u00e1lku \u00edr\u00e1nsk\u00e9ho obyvatelstva: navzdory ka\u017edodenn\u00edm \u00fatok\u016fm vy\u0161ly ve\u010der do ulic tis\u00edce lid\u00ed, a to i pod raketovou palbou.<\/span><\/p>\n<p><span dir=\"auto\">Informoval o incidentu, p\u0159i kter\u00e9m byla na demonstraci zabita \u017eena \u2013 lid\u00e9 neutekli, ale nad\u00e1le k\u0159i\u010deli slogany.<\/span><\/p>\n<p><span dir=\"auto\">Jeho popis Dne Jeruzal\u00e9ma (Dne Kuds), kdy statis\u00edce lid\u00ed vytrvaly navzdory bombardov\u00e1n\u00ed, byl obzvl\u00e1\u0161t\u011b pozoruhodn\u00fd.<\/span><\/p>\n<p><span dir=\"auto\">Pokud jde o \u00edr\u00e1nskou diasporu v USA, Kanad\u011b a Velk\u00e9 Brit\u00e1nii, vyj\u00e1d\u0159il odli\u0161n\u00fd n\u00e1zor: v\u011bt\u0161ina z nich nebyla v\u016f\u010di sv\u00e9 vlastn\u00ed zemi nep\u0159\u00e1telsk\u00e1.<\/span><\/p>\n<p><span dir=\"auto\">Podle zpr\u00e1v je v\u0161ak za to zodpov\u011bdn\u00e1 mal\u00e1, dob\u0159e placen\u00e1 men\u0161ina \u2013 v\u010detn\u011b b\u00fdval\u00fdch elit \u0161\u00e1hova re\u017eimu, kter\u00e9 vyplenily miliardy \u2013 a tak\u00e9 farmy troll\u016f (nap\u0159. jedna se 4000 lidmi v Alb\u00e1nii) a m\u00e9dia financovan\u00e1 Z\u00e1padem.<\/span><\/p>\n<p><span dir=\"auto\">Tato skupina odhaluje svou pravou tv\u00e1\u0159 m\u00e1v\u00e1n\u00edm izraelsk\u00fdmi vlajkami a dokonce i \u00fatoky na propalestinsk\u00e9 studenty baseballov\u00fdmi p\u00e1lkami.<\/span><\/p>\n<p><span dir=\"auto\">Sou\u010dasn\u00e1 v\u00e1lka otev\u0159ela o\u010di mnoha mlad\u00fdm \u00cdr\u00e1nc\u016fm.<\/span><\/p>\n<h2 class=\"wp-block-heading\"><span dir=\"auto\">Civilizace versus barbarstv\u00ed \u2013 dopis prezidenta<\/span><\/h2>\n<p><span dir=\"auto\">Marandi ocenil otev\u0159en\u00fd dopis \u00edr\u00e1nsk\u00e9ho prezidenta americk\u00e9mu lidu, kter\u00fd zd\u016fraznil civiliza\u010dn\u00ed p\u0159\u00edstup \u00cdr\u00e1nu a postavil jej do kontrastu s brutalitou \u201eimp\u00e9ria t\u0159\u00eddy Epstein\u201c.<\/span><\/p>\n<p><span dir=\"auto\">Posledn\u00ed dva a p\u016fl roku \u2013 zejm\u00e9na v\u00e1lka v Gaze \u2013 otev\u0159ely sv\u011btu o\u010di: Narativ \u201ecivilizovan\u00e9ho Z\u00e1padu\u201c proti \u201ezaostal\u00e9mu \u00cdr\u00e1nu\u201c se obr\u00e1til.<\/span><\/p>\n<p><span dir=\"auto\">Je obzvl\u00e1\u0161t\u011b tragick\u00e9, \u017ee Palestinci, Libanonci a \u00cdr\u00e1nci um\u00edraj\u00ed ka\u017ed\u00fd den, zat\u00edmco z\u00e1padn\u00ed m\u00e9dia do zna\u010dn\u00e9 m\u00edry ml\u010d\u00ed.<\/span><\/p>\n<h2 class=\"wp-block-heading\"><span dir=\"auto\">V\u00fdhled a odhodl\u00e1n\u00ed<\/span><\/h2>\n<p><span dir=\"auto\">Z\u00e1v\u011brem Marandi zd\u016fraznil, \u017ee \u00cdr\u00e1n je p\u0159ipraven na jakoukoli eskalaci, v\u010detn\u011b mo\u017en\u00e9 pozemn\u00ed invaze.<\/span><\/p>\n<p><span dir=\"auto\">Zku\u0161enosti z dvan\u00e1ctidenn\u00ed v\u00e1lky uk\u00e1zaly, \u017ee soupe\u0159\u00edc\u00ed strana masivn\u011b podcenila s\u00edlu \u00cdr\u00e1nu.<\/span><\/p>\n<p><span dir=\"auto\">Na humornou pozn\u00e1mku moder\u00e1tora, \u017ee by se Marandi v p\u0159\u00edpad\u011b zm\u011bny re\u017eimu v USA v roce 2028 mohl st\u00e1t prezidentem s\u00e1m, su\u0161e odpov\u011bd\u011bl: Nejd\u0159\u00edv mus\u00ed p\u0159e\u017e\u00edt v\u00e1lku.<\/span><\/p>\n<p><span dir=\"auto\">Anal\u00fdza profesora Marandiho vykresluje obraz sebev\u011bdom\u00e9ho a odoln\u00e9ho \u00cdr\u00e1nu, kter\u00fd nep\u0159ijme \u017e\u00e1dn\u00e9 kompromisy t\u00fdkaj\u00edc\u00ed se sv\u00e9 suverenity a bezpe\u010dnosti.<\/span><\/p>\n<p><span dir=\"auto\">Konflikt nelze vy\u0159e\u0161it pr\u00e1zdn\u00fdmi slovy, ale pouze konkr\u00e9tn\u00edmi zm\u011bnami v ter\u00e9nu \u2013 zejm\u00e9na ukon\u010den\u00edm vojensk\u00e9 p\u0159\u00edtomnosti USA v st\u00e1tech Persk\u00e9ho z\u00e1livu.<\/span><\/p>\n<p><img decoding=\"async\" loading=\"lazy\" class=\"alignnone size-full wp-image-1185\" src=\"http:\/\/www.infokuryr.cz\/n\/wp-content\/uploads\/2021\/04\/kuryr-podpis.png\" alt=\"\" width=\"84\" height=\"24\" \/><\/p>\n<p>&nbsp;<\/p>\n","protected":false},"excerpt":{"rendered":"<p>\u00cdr\u00e1nsk\u00fd profesor Mohammad Marandi, renomovan\u00fd politolog a v\u00e1\u0161niv\u00fd pozorovatel aktu\u00e1ln\u00edho v\u00fdvoje na Bl\u00edzk\u00e9m v\u00fdchod\u011b, v&#8230;<\/p>\n","protected":false},"author":2,"featured_media":104393,"comment_status":"closed","ping_status":"closed","sticky":false,"template":"","format":"standard","meta":[],"categories":[7],"tags":[38,1052,37],"_links":{"self":[{"href":"https:\/\/www.infokuryr.cz\/n\/wp-json\/wp\/v2\/posts\/104392"}],"collection":[{"href":"https:\/\/www.infokuryr.cz\/n\/wp-json\/wp\/v2\/posts"}],"about":[{"href":"https:\/\/www.infokuryr.cz\/n\/wp-json\/wp\/v2\/types\/post"}],"author":[{"embeddable":true,"href":"https:\/\/www.infokuryr.cz\/n\/wp-json\/wp\/v2\/users\/2"}],"replies":[{"embeddable":true,"href":"https:\/\/www.infokuryr.cz\/n\/wp-json\/wp\/v2\/comments?post=104392"}],"version-history":[{"count":0,"href":"https:\/\/www.infokuryr.cz\/n\/wp-json\/wp\/v2\/posts\/104392\/revisions"}],"wp:featuredmedia":[{"embeddable":true,"href":"https:\/\/www.infokuryr.cz\/n\/wp-json\/wp\/v2\/media\/104393"}],"wp:attachment":[{"href":"https:\/\/www.infokuryr.cz\/n\/wp-json\/wp\/v2\/media?parent=104392"}],"wp:term":[{"taxonomy":"category","embeddable":true,"href":"https:\/\/www.infokuryr.cz\/n\/wp-json\/wp\/v2\/categories?post=104392"},{"taxonomy":"post_tag","embeddable":true,"href":"https:\/\/www.infokuryr.cz\/n\/wp-json\/wp\/v2\/tags?post=104392"}],"curies":[{"name":"wp","href":"https:\/\/api.w.org\/{rel}","templated":true}]}}