{"id":104391,"date":"2026-04-13T00:12:41","date_gmt":"2026-04-12T22:12:41","guid":{"rendered":"https:\/\/www.infokuryr.cz\/n\/?p=104391"},"modified":"2026-04-12T11:29:12","modified_gmt":"2026-04-12T09:29:12","slug":"usa-zahajuji-odminovani-hormuzskeho-prulivu-jako-laskavost-zbytku-sveta-zatimco-hormuzsky-pruliv-zustava-ustrednim-bodem-sporu-v-jednanich","status":"publish","type":"post","link":"https:\/\/www.infokuryr.cz\/n\/2026\/04\/13\/usa-zahajuji-odminovani-hormuzskeho-prulivu-jako-laskavost-zbytku-sveta-zatimco-hormuzsky-pruliv-zustava-ustrednim-bodem-sporu-v-jednanich\/","title":{"rendered":"USA zahajuj\u00ed odminov\u00e1n\u00ed Hormuzsk\u00e9ho pr\u016flivu jako \u201elaskavost\u201c zbytku sv\u011bta, zat\u00edmco Hormuzsk\u00fd pr\u016fliv z\u016fst\u00e1v\u00e1 \u00fast\u0159edn\u00edm bodem sporu v jedn\u00e1n\u00edch"},"content":{"rendered":"<div id=\"fb-root\"><\/div>\n<h3 class=\"elementor-heading-title elementor-size-default\"><span dir=\"auto\">Rozhovory selhaly, USA se stahuj\u00ed a dal\u0161\u00ed informace se brzy objev\u00ed<\/span><\/h3>\n<div class=\"elementor-element elementor-element-1fb4c2c elementor-widget elementor-widget-theme-post-content\" data-id=\"1fb4c2c\" data-element_type=\"widget\" data-e-type=\"widget\" data-widget_type=\"theme-post-content.default\">\n<div class=\"elementor-widget-container\">\n<p class=\"has-medium-font-size\"><strong><span dir=\"auto\">Shrnut\u00ed:<\/span><\/strong><\/p>\n<ul class=\"wp-block-list\">\n<li><strong><em><span dir=\"auto\">CENTCOM potvrzuje, \u017ee dv\u011b minolovky \u010dist\u00ed pr\u016fliv<\/span><\/em><\/strong><em><span dir=\"auto\">\u00a0; \u00cdr\u00e1n tvrd\u00ed, \u017ee v\u00e1le\u010dn\u00e9 lod\u011b poslal zp\u011bt.<\/span><\/em><\/li>\n<li><strong><em><span dir=\"auto\">Prezident Trump ozn\u00e1mil zah\u00e1jen\u00ed \u201evy\u010di\u0161t\u011bn\u00ed pr\u016flivu\u201c<\/span><\/em><\/strong><em><span dir=\"auto\">\u00a0jako laskavost zbytku sv\u011bta<\/span><\/em><span dir=\"auto\">\u00a0.<\/span><\/li>\n<li><strong><em><span dir=\"auto\">M\u00edrov\u00e9 rozhovory v P\u00e1kist\u00e1nu za\u010d\u00ednaj\u00ed nep\u0159\u00edmo, vede je Vance, a na \u00edr\u00e1nsk\u00e9 stran\u011b \u2013 Ghalibaf, Arachchi \u2013 by m\u011bly pokra\u010dovat z\u00edtra.<\/span><\/em><\/strong><\/li>\n<li><em><span dir=\"auto\">V sobotu dojde k dal\u0161\u00edm izraelsk\u00fdm \u00fatok\u016fm na Libanon, p\u0159i\u010dem\u017e\u00a0<\/span><\/em><strong><em><span dir=\"auto\">Hizball\u00e1h podpo\u0159\u00ed rozhovory v P\u00e1kist\u00e1nu, ale odm\u00edtne \u201esamostatnou dohodu\u201c uzav\u0159enou p\u0159\u00edmo s Izraelem<\/span><\/em><\/strong><em><span dir=\"auto\">\u00a0.<\/span><\/em><\/li>\n<li><em><span dir=\"auto\">Trump o rozhovorech a mo\u017en\u00fdch rozs\u00e1hlej\u0161\u00edch budouc\u00edch \u00fatoc\u00edch na \u00cdr\u00e1n:\u00a0<\/span><\/em><strong><em><span dir=\"auto\">\u201eNen\u00ed t\u0159eba pl\u00e1nu B\u201c, proto\u017ee \u00edr\u00e1nsk\u00e1 \u201earm\u00e1da je pora\u017eena\u201c<\/span><\/em><\/strong><em><span dir=\"auto\">\u00a0.<\/span><\/em><\/li>\n<\/ul>\n<div class=\"twitter-tweet twitter-tweet-rendered\"><iframe id=\"twitter-widget-0\" class=\"\" title=\"X Post\" src=\"https:\/\/platform.twitter.com\/embed\/Tweet.html?dnt=false&amp;embedId=twitter-widget-0&amp;features=eyJ0ZndfdGltZWxpbmVfbGlzdCI6eyJidWNrZXQiOltdLCJ2ZXJzaW9uIjpudWxsfSwidGZ3X2ZvbGxvd2VyX2NvdW50X3N1bnNldCI6eyJidWNrZXQiOnRydWUsInZlcnNpb24iOm51bGx9LCJ0ZndfdHdlZXRfZWRpdF9iYWNrZW5kIjp7ImJ1Y2tldCI6Im9uIiwidmVyc2lvbiI6bnVsbH0sInRmd19yZWZzcmNfc2Vzc2lvbiI6eyJidWNrZXQiOiJvbiIsInZlcnNpb24iOm51bGx9LCJ0ZndfZm9zbnJfc29mdF9pbnRlcnZlbnRpb25zX2VuYWJsZWQiOnsiYnVja2V0Ijoib24iLCJ2ZXJzaW9uIjpudWxsfSwidGZ3X21peGVkX21lZGlhXzE1ODk3Ijp7ImJ1Y2tldCI6InRyZWF0bWVudCIsInZlcnNpb24iOm51bGx9LCJ0ZndfZXhwZXJpbWVudHNfY29va2llX2V4cGlyYXRpb24iOnsiYnVja2V0IjoxMjA5NjAwLCJ2ZXJzaW9uIjpudWxsfSwidGZ3X3Nob3dfYmlyZHdhdGNoX3Bpdm90c19lbmFibGVkIjp7ImJ1Y2tldCI6Im9uIiwidmVyc2lvbiI6bnVsbH0sInRmd19kdXBsaWNhdGVfc2NyaWJlc190b19zZXR0aW5ncyI6eyJidWNrZXQiOiJvbiIsInZlcnNpb24iOm51bGx9LCJ0ZndfdXNlX3Byb2ZpbGVfaW1hZ2Vfc2hhcGVfZW5hYmxlZCI6eyJidWNrZXQiOiJvbiIsInZlcnNpb24iOm51bGx9LCJ0ZndfdmlkZW9faGxzX2R5bmFtaWNfbWFuaWZlc3RzXzE1MDgyIjp7ImJ1Y2tldCI6InRydWVfYml0cmF0ZSIsInZlcnNpb24iOm51bGx9LCJ0ZndfbGVnYWN5X3RpbWVsaW5lX3N1bnNldCI6eyJidWNrZXQiOnRydWUsInZlcnNpb24iOm51bGx9LCJ0ZndfdHdlZXRfZWRpdF9mcm9udGVuZCI6eyJidWNrZXQiOiJvbiIsInZlcnNpb24iOm51bGx9fQ%3D%3D&amp;frame=false&amp;hideCard=false&amp;hideThread=false&amp;id=2043158292747424227&amp;lang=cs&amp;origin=https%3A%2F%2Funcutnews.ch%2Fdie-usa-beginnen-mit-der-minenraeumung-in-der-meerenge-als-gefaelligkeit-gegenueber-der-uebrigen-welt-waehrend-der-hormus-kanal-weiterhin-ein-zentraler-streitpunkt-in-den-verhandlun%2F&amp;sessionId=c1cd191700854c2a6c94e114b4768d4ee7948f86&amp;theme=light&amp;widgetsVersion=2615f7e52b7e0%3A1702314776716&amp;width=550px\" frameborder=\"0\" scrolling=\"no\" allowfullscreen=\"allowfullscreen\" data-tweet-id=\"2043158292747424227\" data-mce-fragment=\"1\"><\/iframe><\/div>\n<p><em><span dir=\"auto\">* * *<\/span><\/em><\/p>\n<h2 class=\"wp-block-heading has-medium-font-size\"><strong><span dir=\"auto\">Jedn\u00e1n\u00ed pokra\u010duj\u00ed, Hormuz z\u016fst\u00e1v\u00e1 \u00fast\u0159edn\u00edm bodem sporu.<\/span><\/strong><\/h2>\n<p><strong><span dir=\"auto\">\u00cdr\u00e1nsk\u00e1 m\u00e9dia vyjad\u0159uj\u00ed opatrn\u00fd optimismus ohledn\u011b pr\u016fb\u011bhu rozhovor\u016f.<\/span><\/strong><\/p>\n<p><span dir=\"auto\">Hl\u00e1s\u00ed pokrok v prov\u00e1d\u011bn\u00ed p\u0159\u00edm\u011b\u0159\u00ed v Libanonu, technick\u00e1 jedn\u00e1n\u00ed, kter\u00e1 \u0161la nad r\u00e1mec obecn\u00fdch prohl\u00e1\u0161en\u00ed, a nyn\u00ed i v\u00fdm\u011bnu n\u00e1vrh\u016f text\u016f, aby se jak\u00fdkoli pokrok zaznamenal p\u00edsemn\u011b.<\/span><\/p>\n<p><span dir=\"auto\">Je pravda, \u017ee americk\u00e1 strana byla dosud mnohem zdr\u017eenliv\u011bj\u0161\u00ed a jakmile budou dohody \u010dern\u00e9 na b\u00edl\u00e9m, mohly by se sporn\u00e9 body st\u00e1t z\u0159eteln\u011bj\u0161\u00edmi.<\/span><\/p>\n<p><strong><span dir=\"auto\">Asi po hodin\u011b se k hlavn\u00edm vyjednava\u010d\u016fm p\u0159ipojily t\u00fdmy expert\u016f<\/span><\/strong><span dir=\"auto\">\u00a0, informovala poloofici\u00e1ln\u00ed \u00edr\u00e1nsk\u00e1 tiskov\u00e1 agentura Tasnim.<\/span><\/p>\n<p><span dir=\"auto\">Tato technick\u00e1 jedn\u00e1n\u00ed v Isl\u00e1m\u00e1b\u00e1du\u00a0<\/span><strong><span dir=\"auto\">se zam\u011b\u0159ila na Hormuzsk\u00fd pr\u016fliv<\/span><\/strong><span dir=\"auto\">\u00a0, mo\u017en\u00e9 prodlou\u017een\u00ed p\u0159\u00edm\u011b\u0159\u00ed a postupn\u00e9 uvol\u0148ov\u00e1n\u00ed sankc\u00ed, uvedla poloofici\u00e1ln\u00ed \u00edr\u00e1nsk\u00e1 tiskov\u00e1 agentura Tasnim s odvol\u00e1n\u00edm na sv\u00e9ho report\u00e9ra z m\u00edsta \u010dinu.<\/span><\/p>\n<p><em><span dir=\"auto\">\u201eOt\u00e1zka Hormuzsk\u00e9ho pr\u016flivu je jedn\u00edm z bod\u016f, v nich\u017e panuj\u00ed zna\u010dn\u00e9 rozd\u00edly v n\u00e1zorech,\u201c dodal a vysv\u011btlil, \u017ee americk\u00e1 delegace \u201ebrzdila pokrok\u201c b\u011bhem p\u00edsemn\u00e9 f\u00e1ze v\u00fdm\u011bny n\u00e1zor\u016f \u201esv\u00fdmi obvykl\u00fdmi p\u0159ehnan\u00fdmi po\u017eadavky\u201c.<\/span><\/em><\/p>\n<p><strong><span dir=\"auto\">Podle zpr\u00e1v byly kl\u00ed\u010dov\u00e9 probl\u00e9my, kter\u00e9 Trumpova administrativa ozna\u010dila za spou\u0161t\u011b\u010d v\u00e1lky, v rozhovorech do zna\u010dn\u00e9 m\u00edry ignorov\u00e1ny,<\/span><\/strong><span dir=\"auto\">\u00a0uvedl americk\u00fd a p\u00e1kist\u00e1nsk\u00fd p\u0159edstavitel obezn\u00e1men\u00fd s touto z\u00e1le\u017eitost\u00ed.<\/span><\/p>\n<p><span dir=\"auto\">Mezi tyto probl\u00e9my pat\u0159\u00ed podpora ozbrojen\u00fdch z\u00e1stupc\u016f ze strany \u00cdr\u00e1nu a jeho jadern\u00fd a raketov\u00fd program, co\u017e byly \u00fast\u0159edn\u00ed d\u016fvody, pro\u010d Trump zah\u00e1jil \u00fatok na \u00cdr\u00e1n 28. \u00fanora.<\/span><\/p>\n<p><strong><em><span dir=\"auto\">\u201eM\u00e1me dobrou v\u016fli, ale nem\u00e1me \u017e\u00e1dnou d\u016fv\u011bru,\u201c<\/span><\/em><\/strong><em><span dir=\"auto\">\u00a0\u0159ekl Ghalibaf novin\u00e1\u0159\u016fm po p\u0159\u00edletu do Isl\u00e1m\u00e1b\u00e1du, uvedla poloofici\u00e1ln\u00ed \u00edr\u00e1nsk\u00e1 tiskov\u00e1 agentura Fars.<\/span><\/em><\/p>\n<p><em><span dir=\"auto\">\u201ePokud bude americk\u00e1 strana p\u0159ipravena na skute\u010dnou dohodu v nadch\u00e1zej\u00edc\u00edch jedn\u00e1n\u00edch a bude ochotna uznat pr\u00e1va \u00edr\u00e1nsk\u00e9ho n\u00e1roda, uvid\u00ed ochotu dos\u00e1hnout dohody i z na\u0161\u00ed strany.\u201c<\/span><\/em><\/p>\n<p><span dir=\"auto\">Tasnim informoval, \u017ee v\u00a0<\/span><strong><span dir=\"auto\">71\u010dlenn\u00e9 delegaci z Teher\u00e1nu<\/span><\/strong><span dir=\"auto\">\u00a0byl tak\u00e9 guvern\u00e9r Centr\u00e1ln\u00ed banky Isl\u00e1msk\u00e9 republiky Abdolnaser Hemmati.<\/span><\/p>\n<p><span dir=\"auto\">Na programu je tak\u00e9 osud \u00edr\u00e1nsk\u00fdch z\u00e1sob uranu a v\u00fdroby raket, stejn\u011b jako americk\u00e9 sankce proti Isl\u00e1msk\u00e9 republice a celkov\u00e1 vojensk\u00e1 p\u0159\u00edtomnost na Bl\u00edzk\u00e9m v\u00fdchod\u011b. Mnoh\u00e9 z t\u011bchto ot\u00e1zek byly tyt\u00e9\u017e, kter\u00e9 ob\u011b strany nedok\u00e1zaly vy\u0159e\u0161it v \u00fanorov\u00fdch jedn\u00e1n\u00edch p\u0159ed vypuknut\u00edm v\u00e1lky.<\/span><\/p>\n<p><span dir=\"auto\">\u00cdr\u00e1nsk\u00fd n\u00e1m\u011bstek ministra zahrani\u010d\u00ed Kazem\u00a0<\/span><strong><span dir=\"auto\">Gharibabadi uvedl, \u017ee Teher\u00e1n vstoupil do jedn\u00e1n\u00ed ze siln\u00e9 pozice<\/span><\/strong><span dir=\"auto\">\u00a0a argumentoval t\u00edm, \u017ee v\u00e1lka proti \u00cdr\u00e1nu nep\u0159inesla USA \u017e\u00e1dn\u00e9 rozhoduj\u00edc\u00ed strategick\u00e9 v\u00fdhody.<\/span><\/p>\n<p><span dir=\"auto\">Trump \u2013 jak podrobn\u011bji vysv\u011btl\u00edme n\u00ed\u017ee \u2013 dal jasn\u011b najevo, \u017ee \u00cdr\u00e1n podle n\u011bj \u201enem\u00e1 \u017e\u00e1dn\u00e9 trumfy\u201c.<\/span><\/p>\n<h2 class=\"wp-block-heading has-medium-font-size\"><strong><span dir=\"auto\">USA zah\u00e1jily odminov\u00e1n\u00ed v Hormuzsk\u00e9m pr\u016flivu<\/span><\/strong><\/h2>\n<p><span dir=\"auto\">Americk\u00e9 \u00dast\u0159edn\u00ed velen\u00ed (CENTCOM) zd\u00e1nliv\u011b potvrdilo d\u0159\u00edv\u011bj\u0161\u00ed prohl\u00e1\u0161en\u00ed prezidenta Trumpa o \u201evy\u010di\u0161t\u011bn\u00ed pr\u016flivu\u201c a\u00a0<\/span><strong><span dir=\"auto\">potvrdilo, \u017ee dva americk\u00e9 raketov\u00e9 torp\u00e9doborce zah\u00e1jily 11. dubna odminovac\u00ed operace v Hormuzsk\u00e9m pr\u016flivu<\/span><\/strong><span dir=\"auto\">\u00a0, kdy\u017e za\u010daly m\u00edrov\u00e9 rozhovory mezi Washingtonem a \u00edr\u00e1nsk\u00fdm re\u017eimem.<\/span><\/p>\n<p><span dir=\"auto\">\u201e\u00a0<\/span><em><span dir=\"auto\">Dnes jsme za\u010dali se z\u0159izov\u00e1n\u00edm nov\u00e9 trasy a brzy tuto bezpe\u010dnou n\u00e1mo\u0159n\u00ed trasu zp\u0159\u00edstupn\u00edme lodn\u00edmu pr\u016fmyslu na podporu voln\u00e9ho obchodu<\/span><\/em><span dir=\"auto\">\u00a0,\u201c uvedl v sobotn\u00edm prohl\u00e1\u0161en\u00ed velitel CENTCOM admir\u00e1l Brad Cooper.<\/span><\/p>\n<p><strong><span dir=\"auto\">Nen\u00ed jasn\u00e9, zda to souviselo s odminovac\u00ed mis\u00ed CENTCOM.<\/span><\/strong><\/p>\n<h2 class=\"wp-block-heading has-medium-font-size\"><strong><span dir=\"auto\">Trump ozn\u00e1mil zah\u00e1jen\u00ed \u201e\u010di\u0161t\u011bn\u00ed\u201c pr\u016flivu jako \u201elaskavost\u201c zbytku sv\u011bta.<\/span><\/strong><\/h2>\n<p><span dir=\"auto\">Zd\u00e1 se, \u017ee d\u0159\u00edv\u011bj\u0161\u00ed zpr\u00e1vy byly potvrzeny, jeliko\u017e t\u0159i ameri\u010dt\u00ed p\u0159edstavitel\u00e9 listu Wall Street Journal sd\u011blili, \u017ee\u00a0<\/span><strong><span dir=\"auto\">dva torp\u00e9doborce americk\u00e9ho n\u00e1mo\u0159nictva s \u0159\u00edzen\u00fdmi st\u0159elami v sobotu propluly Hormuzsk\u00fdm pr\u016flivem, co\u017e znamenalo prvn\u00ed pr\u016fjezd americk\u00fdch v\u00e1le\u010dn\u00fdch lod\u00ed touto vodn\u00ed cestou od za\u010d\u00e1tku v\u00e1lky p\u0159ed \u0161esti t\u00fddny<\/span><\/strong><span dir=\"auto\">\u00a0.<\/span><\/p>\n<p><span dir=\"auto\">Prezident Trump vyu\u017eil soci\u00e1ln\u00edch m\u00e9di\u00ed k vysv\u011btlen\u00ed, co se d\u011bje. Nejprve ale \u201em\u00e9di\u00edm \u0161\u00ed\u0159\u00edc\u00edm fale\u0161n\u00e9 zpr\u00e1vy\u201c objasnil n\u011bkolik v\u011bc\u00ed&#8230;<\/span><\/p>\n<p><em><span dir=\"auto\">M\u00e9dia zab\u00fdvaj\u00edc\u00ed se fale\u0161n\u00fdmi zpr\u00e1vami ztratila ve\u0161kerou d\u016fv\u011bryhodnost \u2013 ne \u017ee by n\u011bjakou kdy m\u011bla. Kv\u016fli sv\u00e9mu masivn\u00edmu \u201esyndromu Trumpovy \u0161\u00edlenosti\u201c (n\u011bkdy naz\u00fdvan\u00e9mu TDS!)\u00a0<\/span><\/em><strong><em><span dir=\"auto\">r\u00e1da tvrd\u00ed, \u017ee \u00cdr\u00e1n \u201ev\u00edt\u011bz\u00ed\u201c, i kdy\u017e v\u0161ichni v\u011bd\u00ed, \u017ee prohr\u00e1v\u00e1, a prohr\u00e1v\u00e1 velkou \u010d\u00e1stku!<\/span><\/em><\/strong><\/p>\n<p><em><span dir=\"auto\">Jejich n\u00e1mo\u0159nictvo je pry\u010d, jejich letectvo je pry\u010d, jejich protivzdu\u0161n\u00e1 obrana neexistuje, jejich radar je mrtv\u00fd, jejich tov\u00e1rny na rakety a drony byly z velk\u00e9 \u010d\u00e1sti zni\u010deny, stejn\u011b jako samotn\u00e9 rakety a drony, a co je nejd\u016fle\u017eit\u011bj\u0161\u00ed, jejich dlouholet\u00ed \u201ev\u016fdci\u201c u\u017e mezi n\u00e1mi nejsou, chv\u00e1la All\u00e1hovi!<\/span><\/em><\/p>\n<p><em><strong><span dir=\"auto\">Zb\u00fdv\u00e1 jim jen hrozba, \u017ee by lo\u010f mohla \u201enajet na m\u011bl\u010dinu\u201c na jednu z jejich n\u00e1mo\u0159n\u00edch min, a\u010dkoli na mo\u0159sk\u00e9m dn\u011b le\u017e\u00ed i v\u0161ech 28 jejich minonosi\u010d\u016f.<\/span><\/strong><\/em><\/p>\n<p><span dir=\"auto\">Pot\u00e9, co si tohle v\u0161echno vy\u0159\u00edkal, potvrdil operaci k otev\u0159en\u00ed pr\u016flivu:<\/span><\/p>\n<p><em><span dir=\"auto\">Nyn\u00ed za\u010d\u00edn\u00e1me\u00a0<\/span><\/em><strong><em><span dir=\"auto\">s vykl\u00edzen\u00edm Hormuzsk\u00e9ho pr\u016flivu \u2013 jako laskavost pro zem\u011b po cel\u00e9m sv\u011bt\u011b<\/span><\/em><\/strong><em><span dir=\"auto\">\u00a0, v\u010detn\u011b \u010c\u00edny, Japonska, Ji\u017en\u00ed Koreje, Francie, N\u011bmecka a mnoha dal\u0161\u00edch.<\/span><\/em><\/p>\n<p><em><strong><span dir=\"auto\">Neuv\u011b\u0159iteln\u011b jim chyb\u00ed odvaha nebo v\u016fle d\u011blat tuto pr\u00e1ci sami.<\/span><\/strong><\/em><\/p>\n<p><em><span dir=\"auto\">Je v\u0161ak velmi zaj\u00edmav\u00e9, \u017ee pr\u00e1zdn\u00e9 ropn\u00e9 tankery z mnoha zem\u00ed m\u00ed\u0159\u00ed do Spojen\u00fdch st\u00e1t\u016f americk\u00fdch, aby byly nalo\u017eeny ropou.<\/span><\/em><\/p>\n<p><em><span dir=\"auto\">D\u011bkuji v\u00e1m za pozornost v\u011bnovanou t\u00e9to z\u00e1le\u017eitosti! Prezident Donald J. Trump<\/span><\/em><\/p>\n<p><strong><span dir=\"auto\">Ale je\u0161t\u011b neskon\u010dil. O n\u011bkolik minut pozd\u011bji pokra\u010doval krat\u0161\u00ed a v\u00fdsti\u017en\u011bj\u0161\u00ed verz\u00ed t\u00e9ho\u017e p\u0159\u00edb\u011bhu:<\/span><\/strong><\/p>\n<p><em><span dir=\"auto\">M\u00e9dia s fale\u0161n\u00fdmi zpr\u00e1vami jsou \u0160\u00cdLEN\u00c1 nebo prost\u011b ZKORUP\u010cEN\u00c1!<\/span><\/em><\/p>\n<p><em><span dir=\"auto\">Spojen\u00e9 st\u00e1ty kompletn\u011b zni\u010dily \u00edr\u00e1nskou arm\u00e1du, v\u010detn\u011b cel\u00e9ho n\u00e1mo\u0159nictva a letectva, stejn\u011b jako v\u0161echny ostatn\u00ed ozbrojen\u00e9 s\u00edly. \u00cdr\u00e1nsk\u00e9 veden\u00ed je MRTV\u00c9!<\/span><\/em><\/p>\n<p><em><strong><span dir=\"auto\">Hormuzsk\u00fd pr\u016fliv bude brzy op\u011bt otev\u0159en\u00fd a pr\u00e1zdn\u00e9 lod\u011b se hnaj\u00ed do Spojen\u00fdch st\u00e1t\u016f, aby byly \u201epln\u011b nalo\u017eeny\u201c.<\/span><\/strong><\/em><\/p>\n<p><em><span dir=\"auto\">Ale pokud v\u011b\u0159\u00edte fale\u0161n\u00fdm zpr\u00e1v\u00e1m, prohr\u00e1v\u00e1me!<\/span><\/em><\/p>\n<p><strong><span dir=\"auto\">B\u011bhem rozhovor\u016f \u00cdr\u00e1n p\u00e1kist\u00e1nsk\u00e9ho medi\u00e1tora v\u00fdslovn\u011b informoval, \u017ee pokud lo\u010f bude pokra\u010dovat v plavb\u011b, bude do 30 minut napadena, \u010d\u00edm\u017e ohroz\u00ed jedn\u00e1n\u00ed mezi \u00cdr\u00e1nem a USA.<\/span><\/strong><\/p>\n<figure class=\"wp-block-image aligncenter size-large\"><img decoding=\"async\" loading=\"lazy\" class=\"aligncenter\" src=\"https:\/\/www.zerohedge.com\/_next\/image?url=https%3A%2F%2Fassets.zerohedge.com%2Fs3fs-public%2Finline-images%2F2026-04-11_07-40-23.jpg&amp;w=1080&amp;q=75\" alt=\"\" width=\"601\" height=\"419\" \/><\/figure>\n<p><span dir=\"auto\">B\u011bhem plavby lod\u00ed \u00fa\u017einou v\u0161ak nebyly hl\u00e1\u0161eny \u017e\u00e1dn\u00e9 incidenty a akce byla\u00a0<\/span><strong><span dir=\"auto\">pops\u00e1na jako mise na ochranu svobody plavby<\/span><\/strong><span dir=\"auto\">\u00a0.<\/span><\/p>\n<p><span dir=\"auto\">(\u00dasp\u011b\u0161n\u00e9) na\u010dasov\u00e1n\u00ed t\u00e9to akce \u2013 hned na za\u010d\u00e1tku rozhovor\u016f v Isl\u00e1m\u00e1b\u00e1du \u2013 je nepochybn\u011b demonstrac\u00ed s\u00edly uprost\u0159ed delik\u00e1tn\u00edch vyjedn\u00e1v\u00e1n\u00ed.<\/span><\/p>\n<h2 class=\"wp-block-heading has-medium-font-size\"><strong><span dir=\"auto\">N\u011bkolik americk\u00fdch v\u00e1le\u010dn\u00fdch lod\u00ed proplouv\u00e1 Hormuzsk\u00fdm pr\u016flivem, tvrd\u00ed Axios<\/span><\/strong><\/h2>\n<p><span dir=\"auto\">Pr\u00e1v\u011b kdy\u017e v Isl\u00e1m\u00e1b\u00e1du za\u010d\u00ednaj\u00ed nep\u0159\u00edm\u00e1 jedn\u00e1n\u00ed, Barak Ravid z Axiosu informuje o \u0161okuj\u00edc\u00edm a p\u0159ekvapiv\u00e9m v\u00fdvoji, kter\u00fd v\u0161ak dosud nebyl potvrzen:<\/span><\/p>\n<div class=\"twitter-tweet twitter-tweet-rendered\"><iframe id=\"twitter-widget-1\" class=\"\" title=\"X Post\" src=\"https:\/\/platform.twitter.com\/embed\/Tweet.html?dnt=false&amp;embedId=twitter-widget-1&amp;features=eyJ0ZndfdGltZWxpbmVfbGlzdCI6eyJidWNrZXQiOltdLCJ2ZXJzaW9uIjpudWxsfSwidGZ3X2ZvbGxvd2VyX2NvdW50X3N1bnNldCI6eyJidWNrZXQiOnRydWUsInZlcnNpb24iOm51bGx9LCJ0ZndfdHdlZXRfZWRpdF9iYWNrZW5kIjp7ImJ1Y2tldCI6Im9uIiwidmVyc2lvbiI6bnVsbH0sInRmd19yZWZzcmNfc2Vzc2lvbiI6eyJidWNrZXQiOiJvbiIsInZlcnNpb24iOm51bGx9LCJ0ZndfZm9zbnJfc29mdF9pbnRlcnZlbnRpb25zX2VuYWJsZWQiOnsiYnVja2V0Ijoib24iLCJ2ZXJzaW9uIjpudWxsfSwidGZ3X21peGVkX21lZGlhXzE1ODk3Ijp7ImJ1Y2tldCI6InRyZWF0bWVudCIsInZlcnNpb24iOm51bGx9LCJ0ZndfZXhwZXJpbWVudHNfY29va2llX2V4cGlyYXRpb24iOnsiYnVja2V0IjoxMjA5NjAwLCJ2ZXJzaW9uIjpudWxsfSwidGZ3X3Nob3dfYmlyZHdhdGNoX3Bpdm90c19lbmFibGVkIjp7ImJ1Y2tldCI6Im9uIiwidmVyc2lvbiI6bnVsbH0sInRmd19kdXBsaWNhdGVfc2NyaWJlc190b19zZXR0aW5ncyI6eyJidWNrZXQiOiJvbiIsInZlcnNpb24iOm51bGx9LCJ0ZndfdXNlX3Byb2ZpbGVfaW1hZ2Vfc2hhcGVfZW5hYmxlZCI6eyJidWNrZXQiOiJvbiIsInZlcnNpb24iOm51bGx9LCJ0ZndfdmlkZW9faGxzX2R5bmFtaWNfbWFuaWZlc3RzXzE1MDgyIjp7ImJ1Y2tldCI6InRydWVfYml0cmF0ZSIsInZlcnNpb24iOm51bGx9LCJ0ZndfbGVnYWN5X3RpbWVsaW5lX3N1bnNldCI6eyJidWNrZXQiOnRydWUsInZlcnNpb24iOm51bGx9LCJ0ZndfdHdlZXRfZWRpdF9mcm9udGVuZCI6eyJidWNrZXQiOiJvbiIsInZlcnNpb24iOm51bGx9fQ%3D%3D&amp;frame=false&amp;hideCard=false&amp;hideThread=false&amp;id=2042946011400753294&amp;lang=cs&amp;origin=https%3A%2F%2Funcutnews.ch%2Fdie-usa-beginnen-mit-der-minenraeumung-in-der-meerenge-als-gefaelligkeit-gegenueber-der-uebrigen-welt-waehrend-der-hormus-kanal-weiterhin-ein-zentraler-streitpunkt-in-den-verhandlun%2F&amp;sessionId=c1cd191700854c2a6c94e114b4768d4ee7948f86&amp;theme=light&amp;widgetsVersion=2615f7e52b7e0%3A1702314776716&amp;width=550px\" frameborder=\"0\" scrolling=\"no\" allowfullscreen=\"allowfullscreen\" data-tweet-id=\"2042946011400753294\" data-mce-fragment=\"1\"><\/iframe><\/div>\n<p><em><strong><span dir=\"auto\">P\u0159eklad \u201eX\u201c<\/span><\/strong><span dir=\"auto\">\u00a0: N\u011bkolik americk\u00fdch v\u00e1le\u010dn\u00fdch lod\u00ed v sobotu p\u0159ekro\u010dilo Hormuzsk\u00fd pr\u016fliv, uvedl americk\u00fd \u00fa\u0159edn\u00edk. Tento krok nebyl koordinov\u00e1n s \u00cdr\u00e1nem. Je to poprv\u00e9 od za\u010d\u00e1tku v\u00e1lky.<\/span><\/em><\/p>\n<p><span dir=\"auto\">Pokud je to pravda, vid\u00edme Trumpa, jak n\u00e1hle vyv\u00edj\u00ed je\u0161t\u011b v\u011bt\u0161\u00ed tlak je\u0161t\u011b p\u0159edt\u00edm, ne\u017e jedn\u00e1n\u00ed v\u016fbec za\u010dala? Zd\u00e1 se, \u017ee si \u00cdr\u00e1nci v\u0161imli pr\u016fjezdu n\u011bkolika americk\u00fdch v\u00e1le\u010dn\u00fdch lod\u00ed. Bu\u010f se v z\u00e1jmu m\u00edru zdr\u017eeli \u00fatoku, nebo se tak skute\u010dn\u011b stalo \u201etajn\u011b\u201c a \u00edr\u00e1nsk\u00e9 kapacity jsou tak oslaben\u00e9, \u017ee to mo\u017en\u00e1 \u201ep\u0159ehl\u00e9dli\u201c. Nebo se jedn\u00e1 o pokus zkomplikovat jedn\u00e1n\u00ed? Sabot\u00e1\u017e? Koneckonc\u016f, Ravid je ve sv\u00fdch report\u00e1\u017e\u00edch ji\u017e dlouho obvi\u0148ov\u00e1n z prosazov\u00e1n\u00ed izraelsk\u00e9 agendy.<\/span><\/p>\n<h2 class=\"wp-block-heading has-medium-font-size\"><strong><span dir=\"auto\">Rozhovory za\u010dnou nep\u0159\u00edmo, zprost\u0159edkovan\u00e9 P\u00e1kist\u00e1nem.<\/span><\/strong><\/h2>\n<p><span dir=\"auto\">V sobotu odpoledne (m\u00edstn\u00edho \u010dasu) za\u010daly v Isl\u00e1m\u00e1b\u00e1du rozhovory na nejvy\u0161\u0161\u00ed \u00farovni mezi USA a \u00cdr\u00e1nem od isl\u00e1msk\u00e9 revoluce v roce 1979. Viceprezident J. D. Vance se kr\u00e1tce p\u0159ed jedn\u00e1n\u00edmi setkal s p\u00e1kist\u00e1nsk\u00fdm prezidentem \u0160ehb\u00e1zem \u0160ar\u00edfem a \u0160ar\u00edf a dal\u0161\u00ed p\u00e1kist\u00e1n\u0161t\u00ed v\u016fdci p\u0159ijali tak\u00e9 vysok\u00e9 \u00edr\u00e1nsk\u00e9 p\u0159edstavitele. \u00cdr\u00e1nskou delegaci\u00a0<\/span><strong><span dir=\"auto\">vede p\u0159edseda parlamentu Mohammad Bagher Ghalibaf a ministr zahrani\u010d\u00ed Abb\u00e1s Aragh\u010di<\/span><\/strong><span dir=\"auto\">\u00a0. Rozhovory mezi ob\u011bma stranami za\u010daly\u00a0<\/span><em><span dir=\"auto\">nep\u0159\u00edmo<\/span><\/em><span dir=\"auto\">\u00a0.<\/span><\/p>\n<p><span dir=\"auto\">P\u00e1kist\u00e1n dal jasn\u011b najevo, \u017ee pracuje na usnadn\u011bn\u00ed p\u0159\u00edm\u00fdch jedn\u00e1n\u00ed mezi USA a \u00cdr\u00e1nem s c\u00edlem pln\u011b ukon\u010dit \u0161estit\u00fddenn\u00ed v\u00e1lku na Bl\u00edzk\u00e9m v\u00fdchod\u011b. \u0160ar\u00edf ocenil odhodl\u00e1n\u00ed obou stran ke konstruktivn\u00edmu dialogu a \u201evyj\u00e1d\u0159il nad\u011bji, \u017ee tato jedn\u00e1n\u00ed poslou\u017e\u00ed jako odrazov\u00fd m\u016fstek k trval\u00e9mu m\u00edru v regionu,\u201c uvedla jeho kancel\u00e1\u0159 v tiskov\u00e9 zpr\u00e1v\u011b.<\/span><\/p>\n<p><span dir=\"auto\">\u201eKrom\u011b Vance se bilater\u00e1ln\u00edho setk\u00e1n\u00ed z\u00fa\u010dastnili tak\u00e9 zvl\u00e1\u0161tn\u00ed vyslanec Steve Witkoff a ze\u0165 Donalda Trumpa Jared Kushner,\u201c informuje CNN. \u201ePodle tiskov\u00e9 zpr\u00e1vy kancel\u00e1\u0159e p\u00e1kist\u00e1nsk\u00e9ho premi\u00e9ra \u0160ar\u00edfa doprov\u00e1zel m\u00edstop\u0159edseda vl\u00e1dy a ministr zahrani\u010d\u00ed sen\u00e1tor Mohammad Ishaq Dar a ministr vnitra sen\u00e1tor Syed Mohsin Raza Naqvi. O sch\u016fzce se v tisku neinformovalo.\u201c<\/span><\/p>\n<figure class=\"wp-block-image aligncenter size-large\"><img decoding=\"async\" loading=\"lazy\" class=\"aligncenter\" src=\"https:\/\/www.zerohedge.com\/_next\/image?url=https%3A%2F%2Fassets.zerohedge.com%2Fs3fs-public%2Finline-images%2Fvanceislamabad.jpg&amp;w=1080&amp;q=75\" alt=\"\" width=\"703\" height=\"469\" \/><\/figure>\n<p><span dir=\"auto\">CNN tak\u00e9 uv\u00e1d\u00ed zaj\u00edmav\u00fd detail ohledn\u011b po\u010dtu \u00edr\u00e1nsk\u00fdch z\u00e1stupc\u016f, kte\u0159\u00ed se sch\u016fzky z\u00fa\u010dastnili: \u201e\u00cdr\u00e1nsk\u00e1 delegace v Isl\u00e1m\u00e1b\u00e1du se skl\u00e1d\u00e1 ze 71 osob, v\u010detn\u011b vyjednava\u010d\u016f, expert\u016f, z\u00e1stupc\u016f m\u00e9di\u00ed a bezpe\u010dnostn\u00edch slo\u017eek, jak uvedla agentura Tasnim.\u201c Podle nejnov\u011bj\u0161\u00edch informac\u00ed:<\/span><\/p>\n<p><strong><em><span dir=\"auto\">Teher\u00e1n \u00fadajn\u011b stanovil dv\u011b hlavn\u00ed podm\u00ednky<\/span><\/em><\/strong><em><span dir=\"auto\">\u00a0. Ot\u00e1zku zmrazen\u00fdch finan\u010dn\u00edch prost\u0159edk\u016f ji\u017e Washington akceptoval. A\u010dkoli nedo\u0161lo k \u017e\u00e1dn\u00fdm leteck\u00fdm \u00fader\u016fm na Bejr\u00fat, \u00fatoky v ji\u017en\u00edm Libanonu pokra\u010duj\u00ed a nyn\u00ed jsou sou\u010d\u00e1st\u00ed jedn\u00e1n\u00ed.<\/span><\/em><\/p>\n<p><span dir=\"auto\">Dole: Ghalibaf (p\u0159edseda parlamentu) \u2013 Araghchi (ministr zahrani\u010d\u00ed) \u2013 Ahmadian (tajemn\u00edk Rady obrany) \u2013 Hemmati (guvern\u00e9r centr\u00e1ln\u00ed banky)<\/span><\/p>\n<figure class=\"wp-block-image aligncenter size-large\"><img decoding=\"async\" loading=\"lazy\" class=\"aligncenter\" src=\"https:\/\/www.zerohedge.com\/_next\/image?url=https%3A%2F%2Fassets.zerohedge.com%2Fs3fs-public%2Finline-images%2Firandel1.jpg&amp;w=1080&amp;q=75\" alt=\"\" width=\"691\" height=\"415\" \/><\/figure>\n<h2 class=\"wp-block-heading has-medium-font-size\"><strong><span dir=\"auto\">V Libanonu pokra\u010duj\u00ed boje, ale doch\u00e1z\u00ed k vz\u00e1cn\u00fdm diplomatick\u00fdm kontakt\u016fm.<\/span><\/strong><\/h2>\n<p><span dir=\"auto\">Boje v Libanonu dosud zcela neustaly, co\u017e vyvol\u00e1v\u00e1 obavy, \u017ee by rozhovory v P\u00e1kist\u00e1nu mohly zhatit pot\u00e9, co Teher\u00e1n za\u010d\u00e1tkem tohoto t\u00fddne pohrozil sta\u017een\u00edm vojsk, pokud Izrael bude v \u00fatoc\u00edch pokra\u010dovat. Libanonsk\u00e9 ministerstvo zdravotnictv\u00ed v sobotu zv\u00fd\u0161ilo po\u010det ob\u011bt\u00ed st\u0159ede\u010dn\u00edch p\u0159ekvapiv\u00fdch izraelsk\u00fdch \u00fatok\u016f na 357, co\u017e nazna\u010duje, \u017ee by se toto \u010d\u00edslo mohlo s pokra\u010duj\u00edc\u00ed p\u00e1trac\u00ed a z\u00e1chrannou operac\u00ed je\u0161t\u011b n\u011bkolik dn\u00ed zvy\u0161ovat.<\/span><\/p>\n<p><span dir=\"auto\">Nicm\u00e9n\u011b se objevil vz\u00e1cn\u00fd z\u00e1blesk nad\u011bje ohledn\u011b diplomatick\u00fdch kontakt\u016f: Podle mezin\u00e1rodn\u00edch zpr\u00e1v vedli libanonsk\u00fd a izraelsk\u00fd velvyslanec ve Spojen\u00fdch st\u00e1tech telefonick\u00fd rozhovor \u2013 prvn\u00ed p\u0159\u00edm\u00fd kontakt mezi ob\u011bma zem\u011bmi \u2013 p\u0159ed jedn\u00e1n\u00edmi o p\u0159\u00edm\u011b\u0159\u00ed pl\u00e1novan\u00fdmi na p\u0159\u00ed\u0161t\u00ed t\u00fdden ve Washingtonu.<\/span><\/p>\n<p><span dir=\"auto\">\u00cdr\u00e1n mezit\u00edm potvrdil, \u017ee koordinuje s Libanonem dodr\u017eov\u00e1n\u00ed z\u00e1vazk\u016f k p\u0159\u00edm\u011b\u0159\u00ed na v\u0161ech front\u00e1ch, uvedl mluv\u010d\u00ed ministerstva zahrani\u010d\u00ed ve st\u00e1tn\u00ed televizi z Isl\u00e1m\u00e1b\u00e1du, kde vysoc\u00ed ameri\u010dt\u00ed a \u00edr\u00e1n\u0161t\u00ed p\u0159edstavitel\u00e9 jednaj\u00ed o ukon\u010den\u00ed \u0161estit\u00fddenn\u00ed v\u00e1lky. Libanon\u0161t\u00ed p\u0159edstavitel\u00e9 bl\u00edzc\u00ed Hizball\u00e1hu z\u00e1rove\u0148 agentu\u0159e\u00a0<\/span><em><span dir=\"auto\">Reuters<\/span><\/em><span dir=\"auto\">\u00a0sd\u011blili, \u017ee skupina\u00a0<\/span><strong><span dir=\"auto\">podporuje dialog v P\u00e1kist\u00e1nu a pova\u017euje ho za spr\u00e1vnou cestu vp\u0159ed, zat\u00edmco odm\u00edt\u00e1 samostatn\u00e9 kolo rozhovor\u016f pl\u00e1novan\u00e9 na p\u0159\u00ed\u0161t\u00ed t\u00fdden ve Washingtonu<\/span><\/strong><span dir=\"auto\">\u00a0.<\/span><\/p>\n<p><em><span dir=\"auto\">\u00cdr\u00e1nsk\u00e1 delegace v P\u00e1kist\u00e1nu chce demonstrovat \u201ejednotu\u201c vl\u00e1dy a vojensk\u00e9ho veden\u00ed a jejich koordinaci:<\/span><\/em><\/p>\n<div class=\"twitter-tweet twitter-tweet-rendered\"><iframe id=\"twitter-widget-2\" class=\"\" title=\"X Post\" src=\"https:\/\/platform.twitter.com\/embed\/Tweet.html?dnt=false&amp;embedId=twitter-widget-2&amp;features=eyJ0ZndfdGltZWxpbmVfbGlzdCI6eyJidWNrZXQiOltdLCJ2ZXJzaW9uIjpudWxsfSwidGZ3X2ZvbGxvd2VyX2NvdW50X3N1bnNldCI6eyJidWNrZXQiOnRydWUsInZlcnNpb24iOm51bGx9LCJ0ZndfdHdlZXRfZWRpdF9iYWNrZW5kIjp7ImJ1Y2tldCI6Im9uIiwidmVyc2lvbiI6bnVsbH0sInRmd19yZWZzcmNfc2Vzc2lvbiI6eyJidWNrZXQiOiJvbiIsInZlcnNpb24iOm51bGx9LCJ0ZndfZm9zbnJfc29mdF9pbnRlcnZlbnRpb25zX2VuYWJsZWQiOnsiYnVja2V0Ijoib24iLCJ2ZXJzaW9uIjpudWxsfSwidGZ3X21peGVkX21lZGlhXzE1ODk3Ijp7ImJ1Y2tldCI6InRyZWF0bWVudCIsInZlcnNpb24iOm51bGx9LCJ0ZndfZXhwZXJpbWVudHNfY29va2llX2V4cGlyYXRpb24iOnsiYnVja2V0IjoxMjA5NjAwLCJ2ZXJzaW9uIjpudWxsfSwidGZ3X3Nob3dfYmlyZHdhdGNoX3Bpdm90c19lbmFibGVkIjp7ImJ1Y2tldCI6Im9uIiwidmVyc2lvbiI6bnVsbH0sInRmd19kdXBsaWNhdGVfc2NyaWJlc190b19zZXR0aW5ncyI6eyJidWNrZXQiOiJvbiIsInZlcnNpb24iOm51bGx9LCJ0ZndfdXNlX3Byb2ZpbGVfaW1hZ2Vfc2hhcGVfZW5hYmxlZCI6eyJidWNrZXQiOiJvbiIsInZlcnNpb24iOm51bGx9LCJ0ZndfdmlkZW9faGxzX2R5bmFtaWNfbWFuaWZlc3RzXzE1MDgyIjp7ImJ1Y2tldCI6InRydWVfYml0cmF0ZSIsInZlcnNpb24iOm51bGx9LCJ0ZndfbGVnYWN5X3RpbWVsaW5lX3N1bnNldCI6eyJidWNrZXQiOnRydWUsInZlcnNpb24iOm51bGx9LCJ0ZndfdHdlZXRfZWRpdF9mcm9udGVuZCI6eyJidWNrZXQiOiJvbiIsInZlcnNpb24iOm51bGx9fQ%3D%3D&amp;frame=false&amp;hideCard=false&amp;hideThread=false&amp;id=2042923057958842627&amp;lang=cs&amp;origin=https%3A%2F%2Funcutnews.ch%2Fdie-usa-beginnen-mit-der-minenraeumung-in-der-meerenge-als-gefaelligkeit-gegenueber-der-uebrigen-welt-waehrend-der-hormus-kanal-weiterhin-ein-zentraler-streitpunkt-in-den-verhandlun%2F&amp;sessionId=c1cd191700854c2a6c94e114b4768d4ee7948f86&amp;theme=light&amp;widgetsVersion=2615f7e52b7e0%3A1702314776716&amp;width=550px\" frameborder=\"0\" scrolling=\"no\" allowfullscreen=\"allowfullscreen\" data-tweet-id=\"2042923057958842627\" data-mce-fragment=\"1\"><\/iframe><\/div>\n<p><em><strong><span dir=\"auto\">P\u0159eklad \u201eX\u201c<\/span><\/strong><span dir=\"auto\">\u00a0: \u0158ekl jsem @nytimes, \u017ee velikost a slo\u017een\u00ed \u00edr\u00e1nsk\u00e9 delegace ukazuje, \u201e\u017ee nep\u0159i\u0161li blokovat pokrok\u201c, ale jsou tam s plnou autoritou a v\u00e1\u017enost\u00ed, aby dos\u00e1hli dohody se Spojen\u00fdmi st\u00e1ty. Tak velk\u00e1 delegace expert\u016f by byla nasazena pouze v p\u0159\u00edpad\u011b, \u017ee by jedn\u00e1n\u00ed byla v z\u00e1v\u011bre\u010dn\u00fdch f\u00e1z\u00edch dohody, nikoli pro prvn\u00ed opatrn\u00fd test ter\u00e9nu. Teher\u00e1n a Washington mo\u017en\u00e1 v rozhovorech dos\u00e1hly v\u011bt\u0161\u00edho pokroku, ne\u017e je ve\u0159ejn\u011b zn\u00e1mo, a to b\u011bhem zprost\u0159edkov\u00e1n\u00ed ze strany P\u00e1kist\u00e1nu v posledn\u00edch t\u00fddnech.<\/span><\/em><\/p>\n<p><span dir=\"auto\">Izraelsk\u00e9 n\u00e1lety pokra\u010duj\u00ed sporadicky: \u201eLibanonsk\u00e1 tiskov\u00e1 agentura NNA informuje, \u017ee p\u0159i izraelsk\u00e9m n\u00e1letu na m\u011bsto Kfar Sir v okrese Nabatieh byli zabiti \u010dty\u0159i lid\u00e9, v\u010detn\u011b z\u00e1chran\u00e1\u0159e, a \u010dty\u0159i dal\u0161\u00ed byli zran\u011bni,\u201c napsala v sobotu Al Jazeera. \u201eP\u0159i dal\u0161\u00edm izraelsk\u00e9m \u00fatoku na m\u011bsto Zefta, rovn\u011b\u017e v okrese Nabatieh, byli zabiti t\u0159i lid\u00e9, v\u010detn\u011b \u010dlena libanonsk\u00e9 civiln\u00ed obrany, a dva byli zran\u011bni.\u201c Do\u0161lo k t\u0159et\u00edmu \u00fatoku na Toul a Nabatieh, p\u0159i kter\u00e9m byli t\u0159i lid\u00e9 zabiti a n\u011bkolik dal\u0161\u00edch zran\u011bno.<\/span><\/p>\n<h2 class=\"wp-block-heading has-medium-font-size\"><strong><span dir=\"auto\">Trump: \u201eNen\u00ed pot\u0159eba \u017e\u00e1dn\u00fd krizov\u00fd pl\u00e1n\u201c, \u00edr\u00e1nsk\u00e1 arm\u00e1da byla \u201epora\u017eena\u201c<\/span><\/strong><\/h2>\n<p><strong><span dir=\"auto\">\u201eNepot\u0159ebujete \u017e\u00e1dn\u00fd krizov\u00fd pl\u00e1n,\u201c<\/span><\/strong><span dir=\"auto\">\u00a0\u0159ekl Trump v p\u00e1tek novin\u00e1\u0159\u016fm, kdy\u017e se ho, jak informoval\u00a0<\/span><em><span dir=\"auto\">den\u00edk The Hill<\/span><\/em><span dir=\"auto\">\u00a0, ptali na mo\u017en\u00e9 dal\u0161\u00ed kroky v p\u0159\u00edpad\u011b, \u017ee by rozhovory s P\u00e1kist\u00e1nem selhaly.\u00a0<\/span><strong><span dir=\"auto\">\u201eArm\u00e1da je pora\u017eena.\u201c<\/span><\/strong><\/p>\n<p><span dir=\"auto\">\u201eJejich arm\u00e1da je pry\u010d. V podstat\u011b jsme v\u0161echno zastavili,\u201c dodal Trump. Tato slova nazna\u010duj\u00ed, \u017ee m\u00edrov\u00fd proces s P\u00e1kist\u00e1nem pova\u017euje za sch\u016fdnou mo\u017enost. Jak jsme v\u0161ak my i dal\u0161\u00ed informovali, Pentagon v sou\u010dasn\u00e9 dob\u011b zvy\u0161uje svou vojenskou p\u0159\u00edtomnost v regionu. To vyvolalo spekulace, \u017ee by mohl na spadnut\u00ed hrozit velk\u00fd \u00fatok USA a \u017ee summit v Isl\u00e1m\u00e1b\u00e1du slou\u017e\u00ed jako z\u00e1st\u011brka pro prob\u00edhaj\u00edc\u00ed vojensk\u00e9 p\u0159\u00edpravy.<\/span><\/p>\n<div class=\"twitter-tweet twitter-tweet-rendered\"><iframe id=\"twitter-widget-3\" class=\"\" title=\"X Post\" src=\"https:\/\/platform.twitter.com\/embed\/Tweet.html?dnt=false&amp;embedId=twitter-widget-3&amp;features=eyJ0ZndfdGltZWxpbmVfbGlzdCI6eyJidWNrZXQiOltdLCJ2ZXJzaW9uIjpudWxsfSwidGZ3X2ZvbGxvd2VyX2NvdW50X3N1bnNldCI6eyJidWNrZXQiOnRydWUsInZlcnNpb24iOm51bGx9LCJ0ZndfdHdlZXRfZWRpdF9iYWNrZW5kIjp7ImJ1Y2tldCI6Im9uIiwidmVyc2lvbiI6bnVsbH0sInRmd19yZWZzcmNfc2Vzc2lvbiI6eyJidWNrZXQiOiJvbiIsInZlcnNpb24iOm51bGx9LCJ0ZndfZm9zbnJfc29mdF9pbnRlcnZlbnRpb25zX2VuYWJsZWQiOnsiYnVja2V0Ijoib24iLCJ2ZXJzaW9uIjpudWxsfSwidGZ3X21peGVkX21lZGlhXzE1ODk3Ijp7ImJ1Y2tldCI6InRyZWF0bWVudCIsInZlcnNpb24iOm51bGx9LCJ0ZndfZXhwZXJpbWVudHNfY29va2llX2V4cGlyYXRpb24iOnsiYnVja2V0IjoxMjA5NjAwLCJ2ZXJzaW9uIjpudWxsfSwidGZ3X3Nob3dfYmlyZHdhdGNoX3Bpdm90c19lbmFibGVkIjp7ImJ1Y2tldCI6Im9uIiwidmVyc2lvbiI6bnVsbH0sInRmd19kdXBsaWNhdGVfc2NyaWJlc190b19zZXR0aW5ncyI6eyJidWNrZXQiOiJvbiIsInZlcnNpb24iOm51bGx9LCJ0ZndfdXNlX3Byb2ZpbGVfaW1hZ2Vfc2hhcGVfZW5hYmxlZCI6eyJidWNrZXQiOiJvbiIsInZlcnNpb24iOm51bGx9LCJ0ZndfdmlkZW9faGxzX2R5bmFtaWNfbWFuaWZlc3RzXzE1MDgyIjp7ImJ1Y2tldCI6InRydWVfYml0cmF0ZSIsInZlcnNpb24iOm51bGx9LCJ0ZndfbGVnYWN5X3RpbWVsaW5lX3N1bnNldCI6eyJidWNrZXQiOnRydWUsInZlcnNpb24iOm51bGx9LCJ0ZndfdHdlZXRfZWRpdF9mcm9udGVuZCI6eyJidWNrZXQiOiJvbiIsInZlcnNpb24iOm51bGx9fQ%3D%3D&amp;frame=false&amp;hideCard=false&amp;hideThread=false&amp;id=2042690327228879056&amp;lang=cs&amp;origin=https%3A%2F%2Funcutnews.ch%2Fdie-usa-beginnen-mit-der-minenraeumung-in-der-meerenge-als-gefaelligkeit-gegenueber-der-uebrigen-welt-waehrend-der-hormus-kanal-weiterhin-ein-zentraler-streitpunkt-in-den-verhandlun%2F&amp;sessionId=c1cd191700854c2a6c94e114b4768d4ee7948f86&amp;theme=light&amp;widgetsVersion=2615f7e52b7e0%3A1702314776716&amp;width=550px\" frameborder=\"0\" scrolling=\"no\" allowfullscreen=\"allowfullscreen\" data-tweet-id=\"2042690327228879056\" data-mce-fragment=\"1\"><\/iframe><\/div>\n<p><em><strong><span dir=\"auto\">P\u0159eklad \u201eX\u201c<\/span><\/strong><span dir=\"auto\">\u00a0: NOVINKA: Ameri\u010dt\u00ed p\u0159edstavitel\u00e9 sd\u011blili den\u00edku WSJ, \u017ee na Bl\u00edzk\u00fd v\u00fdchod ned\u00e1vno dorazila letadla a v nadch\u00e1zej\u00edc\u00edch dnech by mohlo dorazit 1 500 a\u017e 2 000 voj\u00e1k\u016f z elitn\u00ed 82. v\u00fdsadkov\u00e9 divize arm\u00e1dy spolu s tis\u00edci n\u00e1mo\u0159n\u00edk\u016f a mari\u0148\u00e1k\u016f. \u00dadern\u00e1 skupina letadlov\u00fdch lod\u00ed USS George H.W. Bush a 11. expedi\u010dn\u00ed jednotka n\u00e1mo\u0159n\u00ed p\u011bchoty jsou st\u00e1le na cest\u011b do regionu a jejich p\u0159\u00edlet bude pravd\u011bpodobn\u011b trvat d\u00e9le ne\u017e t\u00fdden.<\/span><\/em><\/p>\n<p><span dir=\"auto\">Realita je v\u0161ak takov\u00e1, \u017ee \u00cdr\u00e1n si udr\u017euje kontrolu nad Hormuzsk\u00fdm pr\u016flivem, kter\u00fdm proplouv\u00e1 jen mal\u00fd proud \u201eprov\u011b\u0159en\u00fdch a schv\u00e1len\u00fdch\u201c lod\u00ed, kter\u00e9 \u00fadajn\u011b plat\u00ed Teher\u00e1nu vysok\u00e9 tranzitn\u00ed poplatky \u2013 p\u0159ed \u010d\u00edm\u017e Trump varoval. \u00cdr\u00e1n po\u017eaduje zru\u0161en\u00ed sankc\u00ed v\u016f\u010di P\u00e1kist\u00e1nu. Pokud by USA vyhov\u011bly, byl by v lep\u0161\u00ed pozici ne\u017e na za\u010d\u00e1tku v\u00e1lky, co\u017e by se rovnalo v\u00edt\u011bzstv\u00ed z konfliktu.<\/span><\/p>\n<p><span dir=\"auto\">**<\/span><\/p>\n<p><strong><span dir=\"auto\"><em>Od Tylera Durdena<\/em><\/span><\/strong><\/p>\n<\/div>\n<\/div>\n<div class=\"elementor-element elementor-element-8c57238 quelle dc-has-condition dc-condition-empty elementor-widget elementor-widget-heading\" data-id=\"8c57238\" data-element_type=\"widget\" data-e-type=\"widget\" data-widget_type=\"heading.default\">\n<div class=\"elementor-widget-container\">\n<h3 class=\"elementor-heading-title elementor-size-default\"><span style=\"font-size: 10pt;\"><a href=\"https:\/\/www.zerohedge.com\/geopolitical\/several-us-warships-reportedly-transit-strait-hormuz-pakistan-talks-led-vance-start\" target=\"_blank\" rel=\"nofollow noopener\"><span dir=\"auto\">Zdroj<\/span><\/a><\/span><\/h3>\n<p>&nbsp;<\/p>\n<\/div>\n<\/div>\n","protected":false},"excerpt":{"rendered":"<p>Rozhovory selhaly, USA se stahuj\u00ed a dal\u0161\u00ed informace se brzy objev\u00ed Shrnut\u00ed: CENTCOM potvrzuje, \u017ee&#8230;<\/p>\n","protected":false},"author":2,"featured_media":101544,"comment_status":"closed","ping_status":"closed","sticky":false,"template":"","format":"standard","meta":[],"categories":[7],"tags":[1042,6382,2405,452],"_links":{"self":[{"href":"https:\/\/www.infokuryr.cz\/n\/wp-json\/wp\/v2\/posts\/104391"}],"collection":[{"href":"https:\/\/www.infokuryr.cz\/n\/wp-json\/wp\/v2\/posts"}],"about":[{"href":"https:\/\/www.infokuryr.cz\/n\/wp-json\/wp\/v2\/types\/post"}],"author":[{"embeddable":true,"href":"https:\/\/www.infokuryr.cz\/n\/wp-json\/wp\/v2\/users\/2"}],"replies":[{"embeddable":true,"href":"https:\/\/www.infokuryr.cz\/n\/wp-json\/wp\/v2\/comments?post=104391"}],"version-history":[{"count":0,"href":"https:\/\/www.infokuryr.cz\/n\/wp-json\/wp\/v2\/posts\/104391\/revisions"}],"wp:featuredmedia":[{"embeddable":true,"href":"https:\/\/www.infokuryr.cz\/n\/wp-json\/wp\/v2\/media\/101544"}],"wp:attachment":[{"href":"https:\/\/www.infokuryr.cz\/n\/wp-json\/wp\/v2\/media?parent=104391"}],"wp:term":[{"taxonomy":"category","embeddable":true,"href":"https:\/\/www.infokuryr.cz\/n\/wp-json\/wp\/v2\/categories?post=104391"},{"taxonomy":"post_tag","embeddable":true,"href":"https:\/\/www.infokuryr.cz\/n\/wp-json\/wp\/v2\/tags?post=104391"}],"curies":[{"name":"wp","href":"https:\/\/api.w.org\/{rel}","templated":true}]}}