{"id":104389,"date":"2026-04-13T00:11:24","date_gmt":"2026-04-12T22:11:24","guid":{"rendered":"https:\/\/www.infokuryr.cz\/n\/?p=104389"},"modified":"2026-04-12T11:25:17","modified_gmt":"2026-04-12T09:25:17","slug":"cast-1-piratstvi-a-podpora-terorismu-na-mori","status":"publish","type":"post","link":"https:\/\/www.infokuryr.cz\/n\/2026\/04\/13\/cast-1-piratstvi-a-podpora-terorismu-na-mori\/","title":{"rendered":"\u010c\u00e1st 1: Pir\u00e1tstv\u00ed a podpora terorismu na mo\u0159i"},"content":{"rendered":"<div id=\"fb-root\"><\/div>\n<p><strong><span dir=\"auto\">Evropsk\u00e9 st\u00e1ty se st\u00e1le \u010dast\u011bji uchyluj\u00ed k pir\u00e1tstv\u00ed, aby naru\u0161ily rusk\u00fd n\u00e1mo\u0159n\u00ed obchod. Podporuj\u00ed tak\u00e9 kyjevsk\u00e9 teroristick\u00e9 \u00fatoky na obchodn\u00ed lod\u011b a bezcitn\u011b akceptuj\u00ed ropn\u00e9 skvrny a dal\u0161\u00ed \u0161kody na \u017eivotn\u00edm prost\u0159ed\u00ed. Nyn\u00ed k tomu existuj\u00ed ofici\u00e1ln\u00ed rusk\u00e1 prohl\u00e1\u0161en\u00ed.<\/span><\/strong><\/p>\n<p><span dir=\"auto\">\u010casto jsem informoval o tom, jak EU vyu\u017e\u00edv\u00e1 pir\u00e1tsk\u00e9 taktiky k naru\u0161en\u00ed rusk\u00e9ho n\u00e1mo\u0159n\u00edho obchodu. EU chce Rusko\u00a0<\/span><a href=\"https:\/\/anti-spiegel.ru\/2026\/wie-die-europaeer-russland-durch-eine-blockade-der-ostsee-wirtschaftlich-erdrosseln-wollen\/\"><u><span dir=\"auto\">ekonomicky u\u0161krtit<\/span><\/u><\/a><span dir=\"auto\">\u00a0a za t\u00edmto \u00fa\u010delem pl\u00e1nuje zablokovat Baltsk\u00e9 mo\u0159e pro obchodn\u00ed lod\u011b sm\u011b\u0159uj\u00edc\u00ed do Petrohradu, co\u017e by Rusko st\u00e1lo 40 procent jeho n\u00e1mo\u0159n\u00edho obchodu. Chronologii t\u011bchto provokac\u00ed EU naleznete\u00a0<\/span><a href=\"https:\/\/anti-spiegel.ru\/2026\/die-chronologie-der-provokationen-der-europaeer-zur-vorbereitung-eines-krieges-gegen-russland\/\"><u><span dir=\"auto\">zde<\/span><\/u><\/a><span dir=\"auto\">\u00a0a jen pro \u00faplnost zmi\u0148uji, \u017ee se jedn\u00e1 o v\u00e1le\u010dn\u00fd akt.<\/span><\/p>\n<p><span dir=\"auto\">Jen v b\u0159eznu evropsk\u00e9 st\u00e1ty zabavily n\u011bkolik obchodn\u00edch lod\u00ed pluj\u00edc\u00edch do Ruska nebo z Ruska, \u010d\u00edm\u017e poru\u0161ily mezin\u00e1rodn\u00ed pr\u00e1vo a svobodu plavby. T\u00e9to svobody plavby se tyto evropsk\u00e9 st\u00e1ty v sou\u010dasnosti dovol\u00e1vaj\u00ed, pokud jde o Hormuzsk\u00fd pr\u016fliv, kter\u00fd \u00cdr\u00e1n zablokoval. A z\u00e1padn\u00ed m\u00e9dia samoz\u0159ejm\u011b pohodln\u011b opom\u00edjej\u00ed fakt, \u017ee Velk\u00e1 Brit\u00e1nie tak\u00e9 zavedla blok\u00e1du Laman\u0161sk\u00e9ho pr\u016flivu na obchodn\u00ed lod\u011b m\u00ed\u0159\u00edc\u00ed do Ruska.<\/span><\/p>\n<p><span dir=\"auto\">Nebezpe\u010d\u00ed t\u00e9to situace ilustroval \u010dl\u00e1nek v britsk\u00e9m den\u00edku Telegraph, kter\u00fd informoval, \u017ee dva tankery z rusk\u00e9 \u201est\u00ednov\u00e9 flotily\u201c ve st\u0159edu p\u0159ekro\u010dily Laman\u0161sk\u00fd pr\u016fliv sm\u011brem na z\u00e1pad, chr\u00e1n\u011bn\u00e9 ruskou v\u00e1le\u010dnou lod\u00ed. Proto Britov\u00e9, na rozd\u00edl od sv\u00e9ho ofici\u00e1ln\u00edho ozn\u00e1men\u00ed, lod\u011b nezajistili. Tankery \u201eUniversal\u201c a \u201eEnigma\u201c byly doprov\u00e1zeny fregatou \u201eAdmir\u00e1l Grigorovi\u010d\u201c rusk\u00e9 \u010cernomo\u0159sk\u00e9 flotily a pod\u00e9l ji\u017en\u00edho britsk\u00e9ho pob\u0159e\u017e\u00ed je n\u00e1sledovala pomocn\u00e1 lo\u010f Kr\u00e1lovsk\u00e9ho n\u00e1mo\u0159nictva \u201eRFA Tideforce\u201c.<\/span><\/p>\n<p><span dir=\"auto\">V ur\u010dit\u00e9m okam\u017eiku tyto provokace ze strany Evropan\u016f nevyhnuteln\u011b povedou k ozbrojen\u00e9mu incidentu, nap\u0159\u00edklad pokud budou na palub\u011b lodi ru\u0161t\u00ed voj\u00e1ci, aby ji chr\u00e1nili, a evropsk\u00e9 st\u00e1ty se pokus\u00ed lo\u010f zmocnit.<\/span><\/p>\n<p><span dir=\"auto\">EU d\u00e1le podporuje teroristick\u00e9 \u00fatoky Kyjeva na obchodn\u00ed lod\u011b, kdy\u017e je Ukrajina napad\u00e1 drony, nap\u0159\u00edklad v \u010cern\u00e9m nebo St\u0159edozemn\u00edm mo\u0159i. Skute\u010dnost, \u017ee je jen ot\u00e1zkou \u010dasu, kdy takov\u00fd \u00fatok na ropn\u00fd nebo plynov\u00fd tanker povede k ekologick\u00e9 katastrof\u011b, EU nevad\u00ed. Mimochodem,\u00a0<\/span><a href=\"https:\/\/www.zdfheute.de\/politik\/ausland\/libyen-angriffe-schattenflotte-ukraine-krieg-russland-100.html\"><u><span dir=\"auto\">ZDF pr\u00e1v\u011b s neskr\u00fdvan\u00fdm nad\u0161en\u00edm informovala<\/span><\/u><\/a><span dir=\"auto\">\u00a0, \u017ee rusk\u00fd LNG tanker, kter\u00fd byl na za\u010d\u00e1tku b\u0159ezna ve St\u0159edozemn\u00edm mo\u0159i v\u00e1\u017en\u011b po\u0161kozen, byl Ukrajinou skute\u010dn\u011b napaden, co\u017e bylo v\u017edy pop\u00edr\u00e1no. Podle zpr\u00e1vy Ukrajina \u00fato\u010d\u00ed na lod\u011b ve St\u0159edozemn\u00edm mo\u0159i drony vypou\u0161t\u011bn\u00fdmi z libyjsk\u00e9ho pob\u0159e\u017e\u00ed.<\/span><\/p>\n<p><span dir=\"auto\">P\u0159ekl\u00e1d\u00e1m zde ofici\u00e1ln\u00ed\u00a0<\/span><a href=\"https:\/\/www.mid.ru\/ru\/press_service\/video\/view\/2092596\/#10\"><u><span dir=\"auto\">prohl\u00e1\u0161en\u00ed<\/span><\/u><\/a><span dir=\"auto\">\u00a0k t\u00e9to z\u00e1le\u017eitosti, kter\u00e9 p\u0159ed n\u011bkolika dny u\u010dinila mluv\u010d\u00ed rusk\u00e9ho ministerstva zahrani\u010d\u00ed Maria Zacharovov\u00e1.<\/span><\/p>\n<p><em><strong><span dir=\"auto\">Za\u010d\u00e1tek p\u0159ekladu:<\/span><\/strong><\/em><\/p>\n<p><span dir=\"auto\">Jak jsem sl\u00edbil na minul\u00e9 tiskov\u00e9 konferenci, p\u0159ipravili jsme samostatnou zpr\u00e1vu o poru\u0161ov\u00e1n\u00ed mezin\u00e1rodn\u00edho n\u00e1mo\u0159n\u00edho pr\u00e1va z\u00e1padn\u00edmi zem\u011bmi.<\/span><\/p>\n<p><span dir=\"auto\">V hybridn\u00ed v\u00e1lce, kterou Z\u00e1pad rozpoutal proti Rusku, se hlavn\u00ed d\u016fraz klade na omezen\u00ed p\u0159\u00edstupu na\u0161\u00ed zem\u011b ke strategick\u00fdm n\u00e1mo\u0159n\u00edm tras\u00e1m pro dod\u00e1vky rusk\u00fdch energetick\u00fdch zdroj\u016f a zv\u00fd\u0161en\u00ed souvisej\u00edc\u00edch p\u0159epravn\u00edch n\u00e1klad\u016f. Zat\u00edmco se podvratn\u00e9 akce Z\u00e1padu zpo\u010d\u00e1tku soust\u0159edily v Baltsk\u00e9m mo\u0159i, po doprovodu civiln\u00edch plavidel rusk\u00fdm n\u00e1mo\u0159nictvem se jeho \u00fasil\u00ed roz\u0161\u00ed\u0159ilo do Laman\u0161sk\u00e9ho pr\u016flivu a St\u0159edozemn\u00edho mo\u0159e.<\/span><\/p>\n<p><span dir=\"auto\">Lod\u011b p\u0159epravuj\u00edc\u00ed rusk\u00e9 energetick\u00e9 komodity jsou v\u0161eobecn\u011b pova\u017eov\u00e1ny za pod\u0159adn\u00e9 a klasifikov\u00e1ny jako sou\u010d\u00e1st \u201est\u00ednov\u00e9 flotily\u201c, p\u0159esto\u017ee je\u0161t\u011b p\u0159ed n\u011bkolika lety byly tyto lod\u011b uzn\u00e1v\u00e1ny jako spl\u0148uj\u00edc\u00ed nejvy\u0161\u0161\u00ed standardy. \u00da\u010delem t\u011bchto spekulac\u00ed kolem pojmu \u201est\u00ednov\u00e1 flotila\u201c, kter\u00fd, jak je t\u0159eba poznamenat, nen\u00ed v mezin\u00e1rodn\u00edm pr\u00e1vu definov\u00e1n, je ospravedlnit diskrimina\u010dn\u00ed opat\u0159en\u00ed v\u016f\u010di t\u011bmto lod\u00edm, v\u010detn\u011b jejich zabaven\u00ed.<\/span><\/p>\n<p><span dir=\"auto\">Pod chatrn\u00fdmi z\u00e1minkami, v\u010detn\u011b poru\u0161ov\u00e1n\u00ed \u00fadajn\u00fdch \u201emezin\u00e1rodn\u00edch\u201c sankc\u00ed, kter\u00e9 jsou samoz\u0159ejm\u011b v\u0161echny vykonstruovan\u00e9 a skute\u010dn\u011b uvalen\u00e9 EU, zem\u011b jako Francie, Belgie, \u0160v\u00e9dsko, Finsko, Estonsko a N\u011bmecko kontroluj\u00ed a zabavuj\u00ed lod\u011b, kter\u00e9 \u2013 to zd\u016fraz\u0148uji \u2013 spl\u0148uj\u00ed v\u0161echna krit\u00e9ria pro volnou a neru\u0161enou plavbu.<\/span><\/p>\n<p><span dir=\"auto\">Ned\u00e1vn\u00e9 incidenty t\u00fdkaj\u00edc\u00ed se tankeru \u201eEtera\u201c, kter\u00fd Belgi\u010dan\u00e9 zabavili ve spolupr\u00e1ci s Francouzi ve v\u00fdlu\u010dn\u00e9 ekonomick\u00e9 z\u00f3n\u011b Belgie, n\u00e1kladn\u00ed lodi \u201eKaffa\u201c a tankeru \u201eSea Owl I\u201c, kter\u00e9 \u0160v\u00e9dov\u00e9 zadr\u017eeli ve sv\u00fdch teritori\u00e1ln\u00edch vod\u00e1ch, a tankeru \u201eDeyna\u201c, kter\u00fd Francouzi zabavili ve spolupr\u00e1ci s Brity na voln\u00e9m mo\u0159i, to jasn\u011b dokazuj\u00ed.<\/span><\/p>\n<p><span dir=\"auto\">Z\u00e1pad se sna\u017e\u00ed ospravedlnit sv\u00e9 jedn\u00e1n\u00ed argumentem, \u017ee lod\u011b bez vlajky nemaj\u00ed pr\u00e1vo na volnou plavbu, a proto mus\u00ed b\u00fdt zabaveny. Je pozoruhodn\u00e9, \u017ee lod\u011b pluj\u00edc\u00ed pod fale\u0161nou vlajkou a operuj\u00edc\u00ed v z\u00e1jmu evropsk\u00fdch st\u00e1t\u016f jsou z n\u011bjak\u00e9ho d\u016fvodu od t\u011bchto omezen\u00ed osvobozeny. Jak nyn\u00ed v\u00edme, nez\u00e1le\u017e\u00ed na vlajce, ale na m\u00edst\u011b ur\u010den\u00ed. Pokud je ropa ur\u010dena pro Evropany, EU nez\u00e1le\u017e\u00ed na tom, kter\u00e1 lo\u010f ji p\u0159epravuje; nebudou existovat \u017e\u00e1dn\u00e9 d\u016fvody pro zabaven\u00ed t\u011bchto plavidel a evropsk\u00e9 org\u00e1ny nenajdou \u017e\u00e1dn\u00e1 poru\u0161en\u00ed \u2013 prost\u011b se o to nestaraj\u00ed. Hlavn\u00ed je, \u017ee dostanou energii, kterou pot\u0159ebuj\u00ed.<\/span><\/p>\n<p><span dir=\"auto\">Na st\u00e1ty vlajky lod\u00ed operuj\u00edc\u00edch v rusk\u00e9m z\u00e1jmu je vyv\u00edjen tlak, aby v p\u0159\u00edpad\u011b inspekce a zabaven\u00ed pop\u0159ely, \u017ee lod\u011b pluj\u00ed pod jejich vlajkou, \u010d\u00edm\u017e se lo\u010f zbavuje sv\u00e9 st\u00e1tn\u00ed p\u0159\u00edslu\u0161nosti a ospravedl\u0148uje se jej\u00ed zabaven\u00ed.<\/span><\/p>\n<p><span dir=\"auto\">Za\u0159azen\u00ed rusk\u00fdch lodn\u00edch spole\u010dnost\u00ed na sank\u010dn\u00ed seznamy, z\u00e1kaz vstupu do p\u0159\u00edstav\u016f pro lod\u011b pluj\u00edc\u00ed pod ruskou vlajkou a ozna\u010den\u00ed zahrani\u010dn\u00edch lod\u00ed p\u0159epravuj\u00edc\u00edch ruskou ropu a plyn za \u201est\u00ednov\u00e9 flotily\u201c \u2013 to v\u0161e p\u0159edstavuje poru\u0161en\u00ed mezin\u00e1rodn\u00edho pr\u00e1va, zejm\u00e9na \u00damluvy OSN o mo\u0159sk\u00e9m pr\u00e1vu z roku 1982.<\/span><\/p>\n<p><span dir=\"auto\">Z\u00e1pad se aktivn\u011b sna\u017e\u00ed p\u0159izp\u016fsobit pr\u00e1vn\u00ed r\u00e1mec sv\u00fdm vlastn\u00edm \u00fa\u010del\u016fm a d\u00e1t sv\u00fdm bezpe\u010dnostn\u00edm sil\u00e1m volnou ruku. N\u011bkolik zem\u00ed s nep\u0159\u00e1telsk\u00fdmi re\u017eimy, v\u010detn\u011b Estonska, Polska, Finska a Nizozemska, navrhuje a schvaluje z\u00e1kony, kter\u00e9 roz\u0161i\u0159uj\u00ed pravomoci p\u0159\u00edslu\u0161n\u00fdch org\u00e1n\u016f odpov\u011bdn\u00fdch za zaji\u0161t\u011bn\u00ed n\u00e1mo\u0159n\u00ed bezpe\u010dnosti. Ve skute\u010dnosti se v\u0161ak tato \u201enov\u00e1\u201c opat\u0159en\u00ed sna\u017e\u00ed omezit svobodu plavby zp\u016fsobem, kter\u00fd je v rozporu s mezin\u00e1rodn\u00edm pr\u00e1vem.<\/span><\/p>\n<p><span dir=\"auto\">Dne 15. prosince 2025 bylo p\u0159ijato prohl\u00e1\u0161en\u00ed EU o \u201eneomezen\u00e9m uplat\u0148ov\u00e1n\u00ed mezin\u00e1rodn\u00edho n\u00e1mo\u0159n\u00edho pr\u00e1va s ohledem na hrozby, kter\u00e9 p\u0159edstavuj\u00ed st\u00ednn\u00e1 lo\u010fstva, a na pot\u0159ebu chr\u00e1nit kritickou podvodn\u00ed infrastrukturu\u201c.<\/span><\/p>\n<p><span dir=\"auto\">Dne 26. ledna leto\u0161n\u00edho roku podepsalo 14 pob\u0159e\u017en\u00edch st\u00e1t\u016f Baltsk\u00e9ho a Severn\u00edho mo\u0159e dopis, v n\u011bm\u017e vyz\u00fdvaj\u00ed mezin\u00e1rodn\u00ed spole\u010denstv\u00ed k respektov\u00e1n\u00ed mezin\u00e1rodn\u00edho n\u00e1mo\u0159n\u00edho pr\u00e1va, v\u010detn\u011b \u00damluvy OSN o mo\u0159sk\u00e9m pr\u00e1vu z roku 1982 a \u00famluv p\u0159ijat\u00fdch pod z\u00e1\u0161titou Mezin\u00e1rodn\u00ed n\u00e1mo\u0159n\u00ed organizace (IMO).<\/span><\/p>\n<p><span dir=\"auto\">Z\u00e1padn\u00ed zem\u011b zjevn\u011b necht\u011bj\u00ed p\u0159ipustit, \u017ee p\u0159\u00ed\u010diny hrozeb uveden\u00fdch v jejich dokumentech \u2013 v\u010detn\u011b hrozeb pro integritu mezin\u00e1rodn\u00edho n\u00e1mo\u0159n\u00edho obchodu a environment\u00e1ln\u00ed bezpe\u010dnost \u2013 jsou zp\u016fsobeny jednostrann\u00fdmi omezuj\u00edc\u00edmi opat\u0159en\u00edmi, kter\u00e1 sami p\u0159ij\u00edmaj\u00ed a kter\u00e1 poru\u0161uj\u00ed mezin\u00e1rodn\u00ed pr\u00e1vo.<\/span><\/p>\n<p><span dir=\"auto\">To v\u0161e ukazuje na neust\u00e1l\u00e9 hled\u00e1n\u00ed z\u00e1minek Z\u00e1padem k naru\u0161en\u00ed svobody plavby. Vzhledem k tomu, \u017ee sou\u010dasn\u00e9 mezin\u00e1rodn\u00ed pr\u00e1vo nenab\u00edz\u00ed \u017e\u00e1dn\u00e9 vhodn\u00e9 \u201erecepty\u201c, jsou Z\u00e1padn\u00ed lid\u00e9 nuceni jednat \u201ekreativn\u011b\u201c \u2013 to je lep\u0161\u00ed vyj\u00e1d\u0159it \u2013 p\u0159izp\u016fsobov\u00e1n\u00edm st\u00e1vaj\u00edc\u00edho r\u00e1mce sv\u00fdm z\u00e1jm\u016fm a opakovan\u00fdm uchylov\u00e1n\u00edm se k nov\u00fdm, neleg\u00e1ln\u00edm metod\u00e1m.<\/span><\/p>\n<p><span dir=\"auto\">Tyto kroky Z\u00e1padu podkop\u00e1vaj\u00ed z\u00e1kladn\u00ed normy mezin\u00e1rodn\u00edho n\u00e1mo\u0159n\u00edho pr\u00e1va, hroz\u00ed vyvol\u00e1n\u00edm dominov\u00e9ho efektu a mohly by prakticky zastavit glob\u00e1ln\u00ed n\u00e1mo\u0159n\u00ed obchod. D\u016fsledky se dotknou v\u0161ech: jak z\u00e1padn\u00edch pachatel\u016f, tak rozvojov\u00fdch zem\u00ed, zejm\u00e9na t\u011bch, pro kter\u00e9 je n\u00e1mo\u0159n\u00ed logistika kl\u00ed\u010dov\u00e1, nemluv\u011b o hrozb\u011b, kterou by tyto akce mohly p\u0159edstavovat pro mezin\u00e1rodn\u00ed m\u00edr a bezpe\u010dnost.<\/span><\/p>\n<p><span dir=\"auto\">Rusk\u00e1 federace vyz\u00fdv\u00e1 mezin\u00e1rodn\u00ed spole\u010denstv\u00ed, aby zaujalo principi\u00e1ln\u00ed postoj podpory \u00damluvy OSN o mo\u0159sk\u00e9m pr\u00e1vu z roku 1982, a st\u00e1ty vlajky, aby se postavily proti neokoloni\u00e1ln\u00edmu dikt\u00e1tu a sjednotily se na ochranu sv\u00fdch legitimn\u00edch z\u00e1jm\u016f a sv\u00e9 n\u00e1mo\u0159n\u00ed plavby. Moskva je p\u0159esv\u011bd\u010dena, \u017ee mezin\u00e1rodn\u00ed spole\u010denstv\u00ed si uv\u011bdomuje v\u0161echny hrozby a rizika spojen\u00e1 s pokusy z\u00e1padn\u00edch zem\u00ed prom\u011bnit mo\u0159e v boji\u0161t\u011b, z\u00edskat v\u00fdhradn\u00ed kontrolu nad n\u00e1mo\u0159n\u00edmi cestami a p\u0159ipravit ostatn\u00ed zem\u011b o jejich prost\u0159edky k rozvoji.<\/span><\/p>\n<p><span dir=\"auto\">Stejn\u011b alarmuj\u00edc\u00ed jsou teroristick\u00e9 \u00fatoky kyjevsk\u00e9ho re\u017eimu na obchodn\u00ed lod\u011b, prov\u00e1d\u011bn\u00e9 s tich\u00fdm a n\u011bkdy i otev\u0159en\u00fdm souhlasem z\u00e1padn\u00edch zem\u00ed, kter\u00e9 tyto incidenty pova\u017euj\u00ed za \u201edo jist\u00e9 m\u00edry p\u0159ijateln\u00e9\u201c v podm\u00ednk\u00e1ch ozbrojen\u00e9ho konfliktu o Ukrajinu. Jedn\u00edm z posledn\u00edch incident\u016f byl \u00fatok dronu na rusk\u00fd LNG tanker \u201eArctic Metagaz\u201c 3. b\u0159ezna leto\u0161n\u00edho roku ve St\u0159edozemn\u00edm mo\u0159i. To ukazuje, \u017ee oblast \u00fatoku se roz\u0161\u00ed\u0159ila za hranice vojensk\u00e9 opera\u010dn\u00ed z\u00f3ny a nad\u00e1le se roz\u0161\u00ed\u0159\u00ed, \u010d\u00edm\u017e ohro\u017euje lodn\u00ed dopravu v r\u016fzn\u00fdch \u010d\u00e1stech sv\u011btov\u00fdch oce\u00e1n\u016f.<\/span><\/p>\n<p><span dir=\"auto\">V d\u016fsledku tohoto \u00fatoku se \u201eArctic Metagaz\u201c stala neovladatelnou a nekontrolovateln\u011b un\u00e1\u0161\u00ed mo\u0159e. Chladnokrevn\u00e9 a metodick\u00e9 pou\u017eit\u00ed n\u011bkolika bezpilotn\u00edch \u010dlun\u016f a dron\u016f proti obchodn\u00ed lodi jasn\u011b dokazuje, \u017ee c\u00edlem \u00fato\u010dn\u00edk\u016f bylo zni\u010den\u00ed lodi a jej\u00ed pos\u00e1dky a tak\u00e9 zp\u016fsoben\u00ed ekologick\u00e9 katastrofy.<\/span><\/p>\n<p><span dir=\"auto\">To je do o\u010d\u00ed bij\u00edc\u00ed poru\u0161en\u00ed mezin\u00e1rodn\u00edho pr\u00e1va. Ani jeden evropsk\u00fd st\u00e1t tyto \u010diny sv\u00fdch ukrajinsk\u00fdch spojenc\u016f neodsoudil. V tomto p\u0159\u00edpad\u011b Evropa nen\u00ed jen tich\u00fdm sv\u011bdkem, ale p\u0159\u00edm\u00fdm spolupachatelem zv\u011brstev sp\u00e1chan\u00fdch kyjevsk\u00fdm re\u017eimem.<\/span><\/p>\n<p><span dir=\"auto\">Zvl\u00e1\u0161t\u011b pozoruhodn\u00e1 je zpr\u00e1va serveru Intelligence Online z 31. b\u0159ezna. Podrobn\u011b popisuje pou\u017eit\u00ed n\u00e1kladn\u00ed lodi ukrajinskou vojenskou zpravodajskou slu\u017ebou a jej\u00ed jednotkou Skupina 13, kter\u00e1 se specializuje na tajn\u00e9 n\u00e1mo\u0159n\u00ed operace, k pron\u00e1sledov\u00e1n\u00ed rusk\u00e9 \u201est\u00ednov\u00e9 flotily\u201c ve St\u0159edomo\u0159\u00ed. Lo\u010f, speci\u00e1ln\u011b vybaven\u00e1 pro nasazen\u00ed n\u00e1mo\u0159n\u00edch dron\u016f, m\u016f\u017ee \u00fato\u010dit na lod\u011b ve St\u0159edomo\u0159\u00ed pou\u017e\u00edvan\u00e9 k v\u00fdvozu rusk\u00fdch energetick\u00fdch komodit. Lo\u010f pluj\u00edc\u00ed pod vlajkou dle vlastn\u00edho uv\u00e1\u017een\u00ed se jev\u00ed jako b\u011b\u017en\u00e1 n\u00e1kladn\u00ed lo\u010f operuj\u00edc\u00ed mezi \u010cern\u00fdm a St\u0159edozemn\u00edm mo\u0159em. Zpr\u00e1va uv\u00e1d\u00ed, \u017ee \u201e\u00fatok na rusk\u00fd tanker s plynem byl prvn\u00ed takovou operac\u00ed mimo \u010cern\u00e9 mo\u0159e a znamenal posun ukrajinsk\u00fdch operac\u00ed sm\u011brem ke St\u0159edomo\u0159\u00ed\u201c, kter\u00e9 se z\u0159ejm\u011b stane nov\u00fdm ohniskem konfliktu.<\/span><\/p>\n<p><span dir=\"auto\">Absence \u0159\u00e1dn\u00e9ho posouzen\u00ed incidentu nepochybn\u011b vede k n\u00e1r\u016fstu ozbrojen\u00fdch \u00fatok\u016f na civiln\u00ed plavidla a k pokra\u010duj\u00edc\u00edmu poru\u0161ov\u00e1n\u00ed mezin\u00e1rodn\u00edho pr\u00e1va zam\u011b\u0159en\u00e9ho na prevenci trestn\u00fdch \u010din\u016f proti bezpe\u010dnosti civiln\u00ed lodn\u00ed dopravy. Aktivn\u00ed diskuse o v\u0161ech incidentech v r\u00e1mci p\u0159\u00edslu\u0161n\u00fdch mezin\u00e1rodn\u00edch organizac\u00ed je nezbytn\u00e1.<\/span><\/p>\n<p><span dir=\"auto\">Mezit\u00edm tyt\u00e9\u017e evropsk\u00e9 st\u00e1ty, zejm\u00e9na Velk\u00e1 Brit\u00e1nie a Francie, pokrytecky propaguj\u00ed na r\u016fzn\u00fdch mezin\u00e1rodn\u00edch f\u00f3rech, v\u010detn\u011b Organizace spojen\u00fdch n\u00e1rod\u016f a Mezin\u00e1rodn\u00ed n\u00e1mo\u0159n\u00ed organizace (IMO), dokumenty odsuzuj\u00edc\u00ed \u00fatoky na obchodn\u00ed lod\u011b v Hormuzsk\u00e9m pr\u016flivu. To je ale dvoj\u00ed metr! Ve dnech 18. a 19. b\u0159ezna svolaly Velk\u00e1 Brit\u00e1nie, Egypt, Katar, Maroko, Spojen\u00e9 arabsk\u00e9 emir\u00e1ty, Sa\u00fadsk\u00e1 Ar\u00e1bie, Filip\u00edny a Francie mimo\u0159\u00e1dn\u00e9 zased\u00e1n\u00ed Rady IMO, aby projednaly situaci v Persk\u00e9m z\u00e1livu, Arabsk\u00e9m mo\u0159i a Om\u00e1nsk\u00e9m z\u00e1livu. Rusk\u00e1 mise p\u0159i IMO vyu\u017eila t\u00e9to p\u0159\u00edle\u017eitosti k upozorn\u011bn\u00ed na bezprecedentn\u00ed \u00fatoky a zabaven\u00ed civiln\u00edch plavidel ve St\u0159edozemn\u00edm mo\u0159i, Baltsk\u00e9m mo\u0159i, \u010cern\u00e9m mo\u0159i a Atlantsk\u00e9m oce\u00e1nu. Zvl\u00e1\u0161tn\u00ed pozornost byla v\u011bnov\u00e1na p\u0159\u00edpadu rusk\u00e9ho tankeru na p\u0159epravu plynu \u201eArctic Metagaz\u201c.<\/span><\/p>\n<p><span dir=\"auto\">Rusko bude i nad\u00e1le upozor\u0148ovat mezin\u00e1rodn\u00ed spole\u010denstv\u00ed na tento probl\u00e9m a aktivn\u011b pracovat na kone\u010dn\u00e9m objasn\u011bn\u00ed, a to jak teoreticky, tak prakticky, jednoduch\u00e9ho principu, \u017ee poru\u0161ov\u00e1n\u00ed mezin\u00e1rodn\u00edho n\u00e1mo\u0159n\u00edho pr\u00e1va je nep\u0159ijateln\u00e9, a to nejen prost\u0159ednictv\u00edm pr\u00e1vn\u00ed terminologie, ale i konkr\u00e9tn\u00edch p\u0159\u00edklad\u016f takov\u00e9ho poru\u0161ov\u00e1n\u00ed. Vyu\u017eijeme v\u0161echny dostupn\u00e9 politick\u00e9, pr\u00e1vn\u00ed a jin\u00e9 prost\u0159edky k zaji\u0161t\u011bn\u00ed dodr\u017eov\u00e1n\u00ed principu svobody plavby.<\/span><\/p>\n<p><em><strong><span dir=\"auto\">Konec p\u0159ekladu<\/span><\/strong><\/em><\/p>\n<h2 class=\"article-meta__title\"><strong><span dir=\"auto\">\u010c\u00e1st 2: Blok\u00e1da Kaliningradu<\/span><\/strong><\/h2>\n<p><strong><span dir=\"auto\">EU a Litva opakovan\u011b hrozily blok\u00e1dou Kaliningradu. O t\u00e9to z\u00e1le\u017eitosti n\u011bmeck\u00e1 m\u00e9dia v\u016fbec neinformuj\u00ed. Nyn\u00ed se k t\u00e9to z\u00e1le\u017eitosti objevila nov\u00e1, ofici\u00e1ln\u00ed rusk\u00e1 prohl\u00e1\u0161en\u00ed.<\/span><\/strong><\/p>\n<p><img decoding=\"async\" loading=\"lazy\" class=\"aligncenter\" src=\"https:\/\/anti-spiegel.ru\/wp-content\/uploads\/2022\/06\/kaliningrad-blockade.jpg\" width=\"705\" height=\"470\" \/><\/p>\n<p><a href=\"https:\/\/anti-spiegel.ru\/2026\/die-chronologie-der-provokationen-der-europaeer-zur-vorbereitung-eines-krieges-gegen-russland\/\"><u><span dir=\"auto\">Pro pravideln\u00e9 \u010dten\u00e1\u0159e Anti-Spiegelu nejsou varov\u00e1n\u00ed, \u017ee EU chce vyprovokovat v\u00e1lku s Ruskem v Baltsk\u00e9m mo\u0159i, ni\u010d\u00edm nov\u00fdm. Ned\u00e1vno jsem chronologicky<\/span><\/u><\/a><span dir=\"auto\">\u00a0shrnul nejd\u016fle\u017eit\u011bj\u0161\u00ed ud\u00e1losti posledn\u00edch n\u011bkolika let\u00a0.<\/span><\/p>\n<p><span dir=\"auto\">EU a jej\u00ed \u010dlensk\u00e9 st\u00e1ty sleduj\u00ed troj\u00ed strategii. Zaprv\u00e9, jejich c\u00edlem\u00a0<\/span><a href=\"https:\/\/anti-spiegel.ru\/2026\/wie-die-europaeer-russland-durch-eine-blockade-der-ostsee-wirtschaftlich-erdrosseln-wollen\/\"><u><span dir=\"auto\">je blok\u00e1da n\u00e1mo\u0159n\u00edho obchodu rusk\u00e9ho p\u0159\u00edstavu Petrohrad<\/span><\/u><\/a><span dir=\"auto\">\u00a0, kter\u00fd p\u0159edstavuje 40 procent rusk\u00e9ho n\u00e1mo\u0159n\u00edho obchodu. Zadruh\u00e9, provokuj\u00ed Rusko svou\u00a0<\/span><a href=\"https:\/\/anti-spiegel.ru\/2026\/das-russische-aussenministerium-reagiert-auf-die-kriegsbeteiligung-der-balten-am-krieg-gegen-russland\/\"><u><span dir=\"auto\">\u00fa\u010dast\u00ed na \u00fatoc\u00edch ukrajinsk\u00fdch dron\u016f<\/span><\/u><\/a><span dir=\"auto\">\u00a0na p\u0159\u00edstavy a rafinerie v oblasti Petrohradu. Zat\u0159et\u00ed,\u00a0<\/span><a href=\"https:\/\/anti-spiegel.ru\/2025\/die-brandgefaehrlichen-provokationen-der-eu-bei-kaliningrad\/\"><u><span dir=\"auto\">opakovan\u011b a otev\u0159en\u011b hroz\u00ed<\/span><\/u><\/a><span dir=\"auto\">\u00a0blok\u00e1dou rusk\u00e9 enkl\u00e1vy Kaliningrad. Ka\u017ed\u00e9 z t\u011bchto opat\u0159en\u00ed samo o sob\u011b p\u0159edstavuje v\u00e1le\u010dn\u00fd akt, ale proto\u017ee se Rusko dosud zdr\u017eelo vyprovokov\u00e1n\u00ed vojensk\u00e9 reakce \u2013 co\u017e je jasn\u00fdm c\u00edlem EU \u2013 EU eskaluje situaci v ka\u017ed\u00e9 z t\u011bchto oblast\u00ed.<\/span><\/p>\n<p><span dir=\"auto\">Pokud by Rusku n\u011bkdy do\u0161la trp\u011blivost, pravd\u011bpodobn\u011b by to znamenalo okam\u017eitou velkou v\u00e1lku, v n\u00ed\u017e by se Evropan\u00e9 pokusili rychle dob\u00fdt Kaliningrad, zat\u00edmco Rusko by se pokusilo dob\u00fdt pobaltsk\u00e9 st\u00e1ty a rychle si zajistit pozemn\u00ed cestu do Kaliningradu. Mimochodem, 45. tankov\u00e1 brig\u00e1da n\u011bmeck\u00e9 arm\u00e1dy, rozm\u00edst\u011bn\u00e1 v Pobalt\u00ed, je um\u00edst\u011bna pr\u00e1v\u011b na tomto kritick\u00e9m bod\u011b, v tzv. Suwalsk\u00e9m koridoru mezi pevninsk\u00fdm Ruskem a Kaliningradem. N\u011bme\u010dt\u00ed voj\u00e1ci by tak od prvn\u00edho dne bojovali s Ruskem, co\u017e by automaticky postavilo N\u011bmecko do v\u00e1lky s Ruskem.<\/span><\/p>\n<p><a href=\"https:\/\/www.mid.ru\/ru\/press_service\/video\/view\/2092596\/#017\"><u><span dir=\"auto\">Mluv\u010d\u00ed rusk\u00e9ho ministerstva zahrani\u010d\u00ed Marije Zacharovov\u00e9 se tento t\u00fdden na sv\u00e9 pravideln\u00e9 tiskov\u00e9 konferenci ptali na provokace EU v okol\u00ed Kaliningradu. Ot\u00e1zku a Zacharovov\u00e9 odpov\u011b\u010f<\/span><\/u><\/a><span dir=\"auto\">\u00a0zde p\u0159ekl\u00e1d\u00e1m\u00a0.<\/span><\/p>\n<p><em><strong><span dir=\"auto\">Za\u010d\u00e1tek p\u0159ekladu:<\/span><\/strong><\/em><\/p>\n<p><strong><span dir=\"auto\">Ot\u00e1zka:<\/span><\/strong><span dir=\"auto\">\u00a0Bl\u00ed\u017e\u00ed se v\u00fdznamn\u00e9 datum. 9. dubna 1945 vojska mar\u0161\u00e1la Vasilevsk\u00e9ho za\u00fato\u010dila na pevnostn\u00ed m\u011bsto K\u00f6nigsberg, hlavn\u00ed m\u011bsto V\u00fdchodn\u00edho Pruska, dne\u0161n\u00edho rusk\u00e9ho Kaliningradu. Na Z\u00e1pad\u011b, v\u010detn\u011b Litvy a Polska, se o tomto regionu \u010dasto diskutuje jako o potenci\u00e1ln\u00ed hrozb\u011b; objevily se dokonce n\u00e1vrhy na jeho p\u0159ejmenov\u00e1n\u00ed a blok\u00e1du. Vn\u00edm\u00e1 to Rusko jako skute\u010dnou hrozbu, nebo to vn\u00edm\u00e1 pouze jako provokaci? M\u00e1 Rusko p\u0159ipraven\u00fd krizov\u00fd pl\u00e1n?<\/span><\/p>\n<p><strong><span dir=\"auto\">Zacharovov\u00e1<\/span><\/strong><span dir=\"auto\">\u00a0: Je t\u0159eba uznat, \u017ee situace v pobaltsk\u00fdch st\u00e1tech se v posledn\u00edch letech vyzna\u010duje trvale vysokou \u00farovn\u00ed nap\u011bt\u00ed. Infrastruktura NATO se systematicky roz\u0161i\u0159uje v bezprost\u0159edn\u00ed bl\u00edzkosti rusk\u00fdch hranic, v\u010detn\u011b okol\u00ed Kaliningradu, posiluj\u00ed se vojensk\u00e9 kontingenty alian\u010dn\u00edch partner\u016f a prob\u00edhaj\u00ed nov\u00e1 rozs\u00e1hl\u00e1 \u00fato\u010dn\u00e1 cvi\u010den\u00ed zam\u011b\u0159en\u00e1 na na\u0161i zemi. A\u010dkoli na\u0161e exkl\u00e1va nep\u0159edstavuje hrozbu pro sousedn\u00ed st\u00e1ty, v sou\u010dasn\u00e9m geopolitick\u00e9m prost\u0159ed\u00ed \u010del\u00ed \u0159ad\u011b v\u00e1\u017en\u00fdch v\u00fdzev.<\/span><\/p>\n<p><span dir=\"auto\">Pod chatrn\u00fdmi z\u00e1minkami se EU a pobaltsk\u00e9 st\u00e1ty \u2013 zejm\u00e9na Litva \u2013 sna\u017e\u00ed naru\u0161it \u017eivotn\u011b d\u016fle\u017eit\u00e9 z\u00e1sobov\u00e1n\u00ed regionu a br\u00e1nit norm\u00e1ln\u00ed n\u00e1kladn\u00ed a osobn\u00ed doprav\u011b. To je v rozporu se z\u00e1vazky a dohodami zakotven\u00fdmi mimo jin\u00e9 v Dohod\u011b o partnerstv\u00ed a spolupr\u00e1ci mezi Ruskem a EU z roku 1994, ve Spole\u010dn\u00e9m prohl\u00e1\u0161en\u00ed Rusk\u00e9 federace a EU o tranzitu mezi Kaliningradskou oblast\u00ed a zbytkem Rusk\u00e9 federace z roku 2002, ve Spole\u010dn\u00e9m prohl\u00e1\u0161en\u00ed o roz\u0161\u00ed\u0159en\u00ed EU a vztaz\u00edch mezi Ruskem a EU z roku 2004 a v mezivl\u00e1dn\u00ed dohod\u011b mezi Ruskem a Litevskou republikou o vyd\u00e1v\u00e1n\u00ed zjednodu\u0161en\u00e9ho dokladu pro \u017eelezni\u010dn\u00ed dopravu z roku 2003.<\/span><\/p>\n<p><span dir=\"auto\">Opakovan\u011b se objevuj\u00ed my\u0161lenky na \u00faplnou blok\u00e1du Kaliningradsk\u00e9 oblasti, v\u010detn\u011b p\u0159\u00edsn\u011bj\u0161\u00edch kontrol lodn\u00ed dopravy v Baltsk\u00e9m mo\u0159i a d\u00e1nsk\u00fdch pr\u016flivech, jako\u017e i vytv\u00e1\u0159en\u00ed p\u0159ek\u00e1\u017eek pro mezin\u00e1rodn\u00ed n\u00e1mo\u0159n\u00ed obchod v regionu. Vzhledem k rapidn\u011b se zhor\u0161uj\u00edc\u00ed soci\u00e1ln\u00ed a ekonomick\u00e9 situaci v pobaltsk\u00fdch st\u00e1tech, jejich\u017e blahobyt dlouhodob\u011b z\u00e1visel na spolupr\u00e1ci s Kaliningradskou oblast\u00ed a Ruskou federac\u00ed jako celkem \u2013 spolupr\u00e1ci, kterou neztratily \u00famyslnou izolac\u00ed ze strany na\u0161\u00ed zem\u011b nebo Kaliningradsk\u00e9 oblasti, ale proto, \u017ee se samy od\u0159\u00edzly \u2013 nen\u00ed divu, \u017ee se n\u011bkte\u0159\u00ed z na\u0161ich b\u00fdval\u00fdch partner\u016f sna\u017e\u00ed zlep\u0161it svou situaci eskalac\u00ed nap\u011bt\u00ed v Pobalt\u00ed. Je mo\u017en\u00e9, \u017ee jeden z re\u017eim\u016f z toho jednodu\u0161e profituje a zaji\u0161\u0165uje si tak sv\u00e9 p\u0159e\u017eit\u00ed.<\/span><\/p>\n<p><span dir=\"auto\">Takov\u00e9 nep\u0159\u00e1telsk\u00e9 akce a prohl\u00e1\u0161en\u00ed bereme velmi v\u00e1\u017en\u011b. Rusko opakovan\u011b deklarovalo svou p\u0159ipravenost garantovat bezpe\u010dnost Kaliningradsk\u00e9 oblasti v\u0161emi dostupn\u00fdmi prost\u0159edky. D\u016fle\u017eit\u00fdm sign\u00e1lem v tomto ohledu bylo varov\u00e1n\u00ed rusk\u00e9ho prezidenta Vladimira Putina b\u011bhem \u201eP\u0159\u00edm\u00e9 linie\u201c v prosinci 2025 p\u0159ed \u201ebezprecedentn\u00ed eskalac\u00ed konfliktu\u201c v p\u0159\u00edpad\u011b pokusu o blok\u00e1du na\u0161\u00ed enkl\u00e1vy.<\/span><\/p>\n<p><span dir=\"auto\">Krom\u011b oslav 81. v\u00fdro\u010d\u00ed dobyt\u00ed K\u00f6nigsbergu 9. dubna si letos p\u0159ipom\u00edn\u00e1me dal\u0161\u00ed d\u016fle\u017eit\u00fd historick\u00fd miln\u00edk: 80. v\u00fdro\u010d\u00ed zalo\u017een\u00ed Kaliningradsk\u00e9 oblasti. Toto v\u00fdro\u010d\u00ed bude oslavov\u00e1no p\u016fsobiv\u00fdmi \u00fasp\u011bchy a region se pro na\u0161i zemi rozvinul ve v\u00fdznamnou ekonomickou, kulturn\u00ed a turistickou atrakci. Navzdory nep\u0159\u00edzniv\u00fdm vn\u011bj\u0161\u00edm okolnostem, \u00famysln\u011b vytvo\u0159en\u00fdm iracion\u00e1ln\u00edmi \u00fa\u0159edn\u00edky EU, hnan\u00fdmi vlastn\u00ed zlomyslnost\u00ed, se region nad\u00e1le dynamicky rozv\u00edj\u00ed a \u00fasp\u011b\u0161n\u011b p\u0159ekon\u00e1v\u00e1 sou\u010dasn\u00e9 obt\u00ed\u017ee. K tomuto v\u00fdro\u010d\u00ed region\u00e1ln\u00ed vl\u00e1da s podporou feder\u00e1ln\u00edch org\u00e1n\u016f napl\u00e1novala p\u0159es 100 kulturn\u00edch, historick\u00fdch, vzd\u011bl\u00e1vac\u00edch a sportovn\u00edch akc\u00ed, v\u010detn\u011b n\u011bkter\u00fdch s mezin\u00e1rodn\u00ed \u00fa\u010dast\u00ed.<\/span><\/p>\n<p><span dir=\"auto\">Jm\u00e9nem Ministerstva zahrani\u010dn\u00edch v\u011bc\u00ed Rusk\u00e9 federace srde\u010dn\u011b blahop\u0159ejeme obyvatel\u016fm a veden\u00ed Kaliningradsk\u00e9 oblasti k tomuto v\u00fdro\u010d\u00ed a p\u0159ejeme jim mnoho \u00fasp\u011bch\u016f v oslav\u00e1ch!<\/span><\/p>\n<p><em><strong><span dir=\"auto\">Konec p\u0159ekladu<\/span><\/strong><\/em><\/p>\n<h2 class=\"article-meta__title\"><strong><span dir=\"auto\">\u010c\u00e1st 3: Ost\u0159elov\u00e1n\u00ed c\u00edl\u016f v Rusku<\/span><\/strong><\/h2>\n<p><strong><span dir=\"auto\">Pobaltsk\u00e9 st\u00e1ty v p\u00e1tek necht\u011bn\u011b potvrdily, \u017ee schvaluj\u00ed p\u0159elety sv\u00e9ho \u00fazem\u00ed ukrajinsk\u00fdmi drony \u00fato\u010d\u00edc\u00edmi na c\u00edle v Rusku.<\/span><\/strong><\/p>\n<p><img decoding=\"async\" loading=\"lazy\" class=\"aligncenter\" src=\"https:\/\/anti-spiegel.ru\/wp-content\/uploads\/2026\/04\/an-196-nachts.jpg\" width=\"693\" height=\"437\" \/><\/p>\n<p><span dir=\"auto\">Od 22. b\u0159ezna doch\u00e1z\u00ed ka\u017edou noc k masivn\u00edm \u00fatok\u016fm dron\u016f na severoz\u00e1padn\u00ed rusk\u00fd region Petrohrad, kter\u00e9 zp\u016fsobuj\u00ed zna\u010dn\u00e9 \u0161kody.\u00a0<\/span><a href=\"https:\/\/anti-spiegel.ru\/2025\/wer-hat-die-raffinerie-bei-petersburg-mit-drohnen-angegriffen\/\"><u><span dir=\"auto\">V l\u00e9t\u011b jsem informoval<\/span><\/u><\/a><span dir=\"auto\">\u00a0, \u017ee drony \u00fato\u010d\u00edc\u00ed na oblast Petrohradu z\u0159ejm\u011b poch\u00e1zej\u00ed z pobaltsk\u00fdch st\u00e1t\u016f, co\u017e by p\u0159edstavovalo jasn\u00e9 vojensk\u00e9 zapojen\u00ed pobaltsk\u00fdch st\u00e1t\u016f, jeliko\u017e umo\u017e\u0148uj\u00ed Ukrajin\u011b vyu\u017e\u00edvat jejich vzdu\u0161n\u00fd prostor k \u00fatok\u016fm na Rusko.<\/span><\/p>\n<p><span dir=\"auto\">Po zah\u00e1jen\u00ed t\u011bchto \u00fatok\u016f 22. b\u0159ezna n\u011bmeck\u00e1 m\u00e9dia tak\u00e9 informovala, \u017ee ukrajinsk\u00e9 drony vyu\u017e\u00edvaj\u00ed vzdu\u0161n\u00fd prostor pobaltsk\u00fdch st\u00e1t\u016f a Finska na cest\u011b do Ruska, jeliko\u017e ukrajinsk\u00e9 drony byly opakovan\u011b spat\u0159eny a havarovaly tam.<\/span><\/p>\n<p><span dir=\"auto\">Skute\u010dnost, \u017ee pobaltsk\u00e9 st\u00e1ty \u2013 a tak\u00e9 Polsko, p\u0159es kter\u00e9 mus\u00ed ukrajinsk\u00e9 drony na cest\u011b do Pobalt\u00ed prolet\u011bt \u2013 neprotestovaly v\u016f\u010di Ukrajin\u011b proti vyu\u017e\u00edv\u00e1n\u00ed jejich vzdu\u0161n\u00e9ho prostoru k \u00fatok\u016fm na Rusko, ukazuje, \u017ee tyto st\u00e1ty ukrajinsk\u00e9 \u00fatoky podporuj\u00ed, co\u017e z nich podle mezin\u00e1rodn\u00edho pr\u00e1va jasn\u011b \u010din\u00ed strany v\u00e1lky, proti kter\u00fdm m\u00e1 Rusko z\u00e1konn\u00e9 pr\u00e1vo podniknout vojensk\u00e9 kroky, aby se t\u011bmto \u00fatok\u016fm br\u00e1nilo.<\/span><\/p>\n<p><span dir=\"auto\">1. dubna se z Estonska objevila\u00a0<\/span><a href=\"https:\/\/anti-spiegel.ru\/2026\/estlands-schwacher-pro-forma-protest-in-kiew-wegen-drohnenueberfluegen\/\"><u><span dir=\"auto\">zpr\u00e1va<\/span><\/u><\/a><span dir=\"auto\">\u00a0, \u017ee ministr zahrani\u010d\u00ed \u201ezaslal Kyjevu zpr\u00e1vu\u201c, \u017ee estonsk\u00fd vzdu\u0161n\u00fd prostor nebyl pro takov\u00e9 \u00fatoky vy\u010di\u0161t\u011bn. Laici by si to mohli vylo\u017eit tak, \u017ee ukrajinsk\u00e9 \u00fatoky nad estonsk\u00fdm vzdu\u0161n\u00fdm prostorem byly prov\u00e1d\u011bny proti v\u016fli estonsk\u00e9 vl\u00e1dy, ale to nen\u00ed pravda.<\/span><\/p>\n<p><span dir=\"auto\">D\u016fvod spo\u010d\u00edv\u00e1 v pravidlech mezin\u00e1rodn\u00ed diplomacie. Pokud chce st\u00e1t v\u00e1\u017en\u011b protestovat proti jedn\u00e1n\u00ed jin\u00e9ho st\u00e1tu, bu\u010f doru\u010d\u00ed ofici\u00e1ln\u00ed protestn\u00ed n\u00f3tu, p\u0159edvol\u00e1 velvyslance druh\u00e9 zem\u011b, nebo ud\u011bl\u00e1 oboj\u00ed. \u00dastn\u011b sd\u011blen\u00e9 \u201esd\u011blen\u00ed\u201c v\u0161ak nem\u00e1 \u017e\u00e1dn\u00fd pr\u00e1vn\u00ed v\u00fdznam; toto prohl\u00e1\u0161en\u00ed estonsk\u00e9 vl\u00e1dy bylo ur\u010deno estonsk\u00e9 ve\u0159ejnosti, kter\u00e1 byla st\u00e1le v\u00edce znepokojena pokra\u010duj\u00edc\u00edmi ukrajinsk\u00fdmi \u00fatoky na Rusko p\u0159es estonsk\u00e9 \u00fazem\u00ed.<\/span><\/p>\n<p><span dir=\"auto\">V p\u00e1tek se uk\u00e1zalo, \u017ee jsem m\u011bl ohledn\u011b t\u00e9to teorie pravdu a \u017ee pobaltsk\u00e9 st\u00e1ty (a tak\u00e9 Polsko) podporuj\u00ed ukrajinsk\u00e9 \u00fatoky.<\/span><\/p>\n<h3 class=\"wp-block-heading\"><span dir=\"auto\">Z\u00e1va\u017en\u00e9 naru\u0161en\u00ed vzdu\u0161n\u00e9ho prostoru\u2026<\/span><\/h3>\n<p><span dir=\"auto\">V p\u00e1tek ve\u010der bylo mezin\u00e1rodn\u00ed leti\u0161t\u011b ve Vilniusu v litevsk\u00e9 metropoli na \u0161est a p\u016fl hodiny uzav\u0159eno kv\u016fli horkovzdu\u0161n\u00fdm bal\u00f3n\u016fm, kter\u00e9 byly pou\u017eity k pa\u0161ov\u00e1n\u00ed cigaret z B\u011bloruska do Litvy. Incident se dotkl v\u00edce ne\u017e 3 000 cestuj\u00edc\u00edch.<\/span><\/p>\n<p><span dir=\"auto\">Litevsk\u00e9 ministerstvo zahrani\u010d\u00ed n\u00e1sledn\u011b\u00a0<\/span><a href=\"https:\/\/tass.ru\/mezhdunarodnaya-panorama\/27069487\"><u><span dir=\"auto\">ozn\u00e1milo<\/span><\/u><\/a><span dir=\"auto\">\u00a0, \u017ee Litva ofici\u00e1ln\u011b protestovala proti naru\u0161en\u00ed sv\u00e9ho vzdu\u0161n\u00e9ho prostoru:<\/span><\/p>\n<p><em><span dir=\"auto\">\u201eZ\u00e1stupce b\u011blorusk\u00e9ho velvyslanectv\u00ed byl p\u0159edvol\u00e1n na ministerstvo zahrani\u010dn\u00edch v\u011bc\u00ed a dostal p\u0159\u00edkaz k okam\u017eit\u00e9mu ukon\u010den\u00ed systematick\u00e9ho naru\u0161ov\u00e1n\u00ed vzdu\u0161n\u00e9ho prostoru a pozemn\u00edch hranic.\u201c<\/span><\/em><\/p>\n<p><span dir=\"auto\">Toto je v\u00e1\u017en\u00fd protest proti naru\u0161en\u00ed vlastn\u00edho vzdu\u0161n\u00e9ho prostoru: P\u0159edvol\u00e1 se velvyslanec druh\u00e9 zem\u011b a vyj\u00e1d\u0159\u00ed se ofici\u00e1ln\u00ed protest \u2013 co\u017e neud\u011blaly ani pobaltsk\u00e9 st\u00e1ty, ani Finsko, ani Polsko pot\u00e9, co ukrajinsk\u00e9 drony naru\u0161ily jejich vzdu\u0161n\u00fd prostor na cest\u011b k c\u00edl\u016fm v Rusku. Ani skute\u010dnost, \u017ee se tam n\u011bkter\u00e9 ukrajinsk\u00e9 drony z\u0159\u00edtily a zp\u016fsobily \u0161kody, nevedla k \u017e\u00e1dn\u00e9mu diplomatick\u00e9mu protestu.<\/span><\/p>\n<h3 class=\"wp-block-heading\"><span dir=\"auto\">&#8230; dobr\u00e9 naru\u0161en\u00ed vzdu\u0161n\u00e9ho prostoru<\/span><\/h3>\n<p><span dir=\"auto\">Kv\u016fli rusk\u00fdm zpr\u00e1v\u00e1m a tak\u00e9 nepokoj\u016fm \u0161\u00ed\u0159\u00edc\u00edm se v pobaltsk\u00fdch st\u00e1tech kv\u016fli vyu\u017e\u00edv\u00e1n\u00ed jejich vzdu\u0161n\u00e9ho prostoru ukrajinsk\u00fdmi drony se pobaltsk\u00e9 st\u00e1ty c\u00edtily nuceny ve stejn\u00fd den vydat spole\u010dn\u00e9 prohl\u00e1\u0161en\u00ed, kter\u00e9 na pozad\u00ed litevsk\u00fdch protest\u016f proti bal\u00f3n\u016fm z B\u011bloruska ne\u00famysln\u011b potvrzuje, \u017ee schvaluj\u00ed ukrajinsk\u00e9 \u00fatoky.<\/span><\/p>\n<p><span dir=\"auto\">V tomto spole\u010dn\u00e9m prohl\u00e1\u0161en\u00ed minist\u0159i zahrani\u010d\u00ed Litvy, Loty\u0161ska a Estonska\u00a0<\/span><a href=\"https:\/\/tass.ru\/mezhdunarodnaya-panorama\/27070233\"><u><span dir=\"auto\">pop\u00edraj\u00ed<\/span><\/u><\/a><span dir=\"auto\">\u00a0, \u017ee by Ukrajin\u011b umo\u017enili vyu\u017e\u00edvat jejich vzdu\u0161n\u00fd prostor k \u00fatok\u016fm na Rusko:<\/span><\/p>\n<p><em><span dir=\"auto\">\u201ePobaltsk\u00e9 st\u00e1ty nikdy nedaly povolen\u00ed k vyu\u017eit\u00ed sv\u00e9ho \u00fazem\u00ed a vzdu\u0161n\u00e9ho prostoru pro \u00fatoky dron\u016f na c\u00edle v Rusku.\u201c<\/span><\/em><\/p>\n<p><span dir=\"auto\">D\u00e1le uvedli, \u017ee Litva, Loty\u0161sko a Estonsko ofici\u00e1ln\u011b informovaly z\u00e1stupce rusk\u00fdch ambas\u00e1d ve sv\u00fdch zem\u00edch.<\/span><\/p>\n<p><span dir=\"auto\">Pobaltsk\u00e9 st\u00e1ty dosud ofici\u00e1ln\u011b neprotestovaly proti vyu\u017e\u00edv\u00e1n\u00ed sv\u00e9ho vzdu\u0161n\u00e9ho prostoru pro \u00fatoky ukrajinsk\u00fdch dron\u016f na c\u00edle v Rusku, p\u0159esto\u017ee k t\u011bmto \u00fatok\u016fm doch\u00e1z\u00ed t\u00e9m\u011b\u0159 denn\u011b ji\u017e t\u00e9m\u011b\u0159 t\u0159i t\u00fddny a poka\u017ed\u00e9 se jich \u00fa\u010dastn\u00ed des\u00edtky dron\u016f. Tyto st\u00e1ty se ani jednou nepokusily zachytit jedin\u00fd ukrajinsk\u00fd dron, a to i p\u0159esto, \u017ee jejich protivzdu\u0161n\u00e1 obrana drony detekovala a dokonce spustila sir\u00e9ny protiletadlov\u00e9 ochrany.<\/span><\/p>\n<p><span dir=\"auto\">Jak d\u016fv\u011bryhodn\u00e9 je tedy spole\u010dn\u00e9 prohl\u00e1\u0161en\u00ed, \u017ee pobaltsk\u00e9 st\u00e1ty \u201enikdy nedaly Ukrajin\u011b povolen\u00ed\u201c k \u201evyu\u017e\u00edv\u00e1n\u00ed jejich \u00fazem\u00ed a vzdu\u0161n\u00e9ho prostoru k \u00fatok\u016fm dron\u016f na c\u00edle v Rusku\u201c?<\/span><\/p>\n<p><a href=\"https:\/\/anti-spiegel.ru\/2026\/teil-3-beschuss-von-zielen-in-russland\/\">Thomas R\u00f6per<\/a><\/p>\n<p><img decoding=\"async\" loading=\"lazy\" class=\"alignnone  wp-image-22016\" src=\"http:\/\/www.infokuryr.cz\/n\/wp-content\/uploads\/2023\/01\/Thomas-Roper-298x300.jpg\" alt=\"\" width=\"157\" height=\"158\" srcset=\"https:\/\/www.infokuryr.cz\/n\/wp-content\/uploads\/2023\/01\/Thomas-Roper-298x300.jpg 298w, https:\/\/www.infokuryr.cz\/n\/wp-content\/uploads\/2023\/01\/Thomas-Roper-150x150.jpg 150w, https:\/\/www.infokuryr.cz\/n\/wp-content\/uploads\/2023\/01\/Thomas-Roper.jpg 596w\" sizes=\"(max-width: 157px) 100vw, 157px\" \/><\/p>\n<p>&nbsp;<\/p>\n<div class=\"shariff shariff-align-flex-start shariff-widget-align-flex-start\"><\/div>\n","protected":false},"excerpt":{"rendered":"<p>Evropsk\u00e9 st\u00e1ty se st\u00e1le \u010dast\u011bji uchyluj\u00ed k pir\u00e1tstv\u00ed, aby naru\u0161ily rusk\u00fd n\u00e1mo\u0159n\u00ed obchod. Podporuj\u00ed tak\u00e9&#8230;<\/p>\n","protected":false},"author":2,"featured_media":104390,"comment_status":"closed","ping_status":"closed","sticky":false,"template":"","format":"standard","meta":[],"categories":[7],"tags":[1042,41,3769,716,22,40],"_links":{"self":[{"href":"https:\/\/www.infokuryr.cz\/n\/wp-json\/wp\/v2\/posts\/104389"}],"collection":[{"href":"https:\/\/www.infokuryr.cz\/n\/wp-json\/wp\/v2\/posts"}],"about":[{"href":"https:\/\/www.infokuryr.cz\/n\/wp-json\/wp\/v2\/types\/post"}],"author":[{"embeddable":true,"href":"https:\/\/www.infokuryr.cz\/n\/wp-json\/wp\/v2\/users\/2"}],"replies":[{"embeddable":true,"href":"https:\/\/www.infokuryr.cz\/n\/wp-json\/wp\/v2\/comments?post=104389"}],"version-history":[{"count":0,"href":"https:\/\/www.infokuryr.cz\/n\/wp-json\/wp\/v2\/posts\/104389\/revisions"}],"wp:featuredmedia":[{"embeddable":true,"href":"https:\/\/www.infokuryr.cz\/n\/wp-json\/wp\/v2\/media\/104390"}],"wp:attachment":[{"href":"https:\/\/www.infokuryr.cz\/n\/wp-json\/wp\/v2\/media?parent=104389"}],"wp:term":[{"taxonomy":"category","embeddable":true,"href":"https:\/\/www.infokuryr.cz\/n\/wp-json\/wp\/v2\/categories?post=104389"},{"taxonomy":"post_tag","embeddable":true,"href":"https:\/\/www.infokuryr.cz\/n\/wp-json\/wp\/v2\/tags?post=104389"}],"curies":[{"name":"wp","href":"https:\/\/api.w.org\/{rel}","templated":true}]}}