{"id":104357,"date":"2026-04-12T00:33:02","date_gmt":"2026-04-11T22:33:02","guid":{"rendered":"https:\/\/www.infokuryr.cz\/n\/?p=104357"},"modified":"2026-04-11T18:23:07","modified_gmt":"2026-04-11T16:23:07","slug":"mnohem-vice-nez-dekrety-prezidenta-republiky-sudetum-prekazi-dohody-viteznych-spojeneckych-mocnosti-z-postupimi-a-reparacni-umluva-z-parize","status":"publish","type":"post","link":"https:\/\/www.infokuryr.cz\/n\/2026\/04\/12\/mnohem-vice-nez-dekrety-prezidenta-republiky-sudetum-prekazi-dohody-viteznych-spojeneckych-mocnosti-z-postupimi-a-reparacni-umluva-z-parize\/","title":{"rendered":"Mnohem v\u00edce ne\u017e dekrety prezidenta republiky sudet\u016fm p\u0159ek\u00e1\u017e\u00ed dohody v\u00edt\u011bzn\u00fdch spojeneck\u00fdch mocnost\u00ed z Postupimi a repara\u010dn\u00ed \u00famluva z Pa\u0159\u00ed\u017ee"},"content":{"rendered":"<div id=\"fb-root\"><\/div>\n<p>Sudeti ji\u017e \u0159adu desetilet\u00ed vedou zlobnou a vytrvalou kampa\u0148 proti prezidentu E. Bene\u0161ovi. Nemohou mu p\u0159ij\u00edt na jm\u00e9no. Usilovn\u011b se sna\u017e\u00ed dehonestovat celou jeho \u010dinnost.\u00a0 Nen\u00e1vist k\u00a0n\u011bmu z\u0159ejm\u011b zd\u011bdili po sv\u00fdch nacistick\u00fdch p\u0159edch\u016fdc\u00edch. Kdysi A. Hitler vyvol\u00e1val do sv\u011bta, \u017ee Bene\u0161 skon\u010dil. Tato jeho p\u0159edpov\u011b\u010f se uk\u00e1zala b\u00fdt, ji\u017e po pouh\u00fdch n\u011bkolika letech, zcela fale\u0161n\u00e1. Proz\u0159etelnost, k\u00a0n\u00ed\u017e se \u201ev\u016fdce\u201c tak \u010dasto odvol\u00e1val, naopak poslala Hitlera do Walhally, zat\u00edmco Edvard Bene\u0161 se stal op\u011bt prezidentem \u010ceskoslovensk\u00e9 republiky.<\/p>\n<p>Nov\u011b sudeti po druh\u00e9 sv\u011btov\u00e9 v\u00e1lce, zcela myln\u011b, obvi\u0148uj\u00ed prezidenta Bene\u0161e z\u00a0vyhn\u00e1n\u00ed z\u00a0vlasti a okraden\u00ed.\u00a0 Dokonce jsme v\u00a0ned\u00e1vn\u00fdch letech m\u011bli takov\u00e9ho ministra zahrani\u010dn\u00edch v\u011bc\u00ed, kter\u00fd ve volebn\u00ed kampani prohla\u0161oval, \u017ee Bene\u0161e s\u00a0celou svou vl\u00e1dou by dnes za sp\u00e1chan\u00e9 zlo\u010diny pat\u0159il p\u0159ed haagsk\u00fd tribun\u00e1l. T\u00edmto v\u00fdrokem pan Karel Schwarzenberg, kter\u00fd\u00a0 kr\u00e1tce p\u0159ed t\u00edm sd\u011blil n\u011bmeck\u00e9 novin\u00e1\u0159ce , \u017ee se nec\u00edt\u00ed b\u00fdt \u010cechem, ale B\u00f6hmem,\u00a0 z\u00edskal velk\u00e9 sympatie \u201esudeton\u011bmeck\u00e9ho landsman\u0161aftu\u201c (SL). V\u00a0t\u00e9to souvislosti bychom m\u011bli na pana K. Schwarzenberga prozradit, \u017ee je velk\u00fdm stoupencem pra\u017esk\u00e9ho \u010desko-n\u011bmeck\u00e9ho Sdru\u017een\u00ed Ackemann-Gemeinde (SAG). To samo o sob\u011b by nem\u011bl b\u00fdt tak velk\u00fd probl\u00e9m. V\u0161e se v\u0161ak za\u010d\u00edn\u00e1 komplikovat, kdy\u017e si uv\u011bdom\u00edme, \u017ee mnichovsk\u00e1 Ackermann-Gemeinde (AG) spole\u010dn\u011b se SAG se sch\u00e1zej\u00ed na tzv. celon\u011bmeck\u00fdch neboli \u0159\u00ed\u0161sk\u00fdch sjezdech, kde vol\u00ed spole\u010dn\u00e9 org\u00e1ny. \u017de AG je jednou ze z\u00e1kladn\u00edch slo\u017eek SL, je obecn\u011b zn\u00e1mou skute\u010dnost\u00ed.\u00a0 V\u00ed to jist\u011b i pan Schwarzenberg a p\u0159esto nap\u0159. sjezd AG a SAG, kter\u00fd\u00a0 prob\u00edhal v\u00a0Budy\u0161\u00edn\u011b, se konal pod jeho z\u00e1\u0161titou.<\/p>\n<p>Sudeti se t\u011b\u0161\u00ed jak d\u00e1vn\u00e9 podpo\u0159e ur\u010dit\u00fdch n\u011bmeck\u00fdch kruh\u016f, Horst Seehofer, bavorsk\u00fd ministersk\u00fd p\u0159edseda, je z\u00a0titulu sv\u00e9 funkce jejich patronem, tak podpo\u0159e \u010desk\u00fdch sudetomil\u016f a \u201e\u010desk\u00fdch sudet\u016f\u201c. V\u00fdrazn\u00e1 p\u00e9\u010de o SL z\u00a0\u010desk\u00e9 strany za\u010dala n\u011bkdy v\u00a0\u00e9\u0159e premi\u00e9ra M. Topol\u00e1nka, pokra\u010dovala v\u00a0dob\u011b P. Ne\u010dase. Dnes s\u00a0podporou zejm\u00e9na sobotkovc\u016f a b\u011blobr\u00e1dkovc\u016f\u00a0 je SL v\u00a0ofenziv\u011b. N\u011bkter\u00e9 sv\u00e9 c\u00edle, o kter\u00fdch desetilet\u00ed snil, se naplnily. SL se stal partnerem vl\u00e1dy \u010cR, kter\u00e1 s\u00a0n\u00edm v\u00a0sou\u010dasnosti ji\u017e p\u0159\u00edmo jedn\u00e1. B. Sobotka dokonce ned\u00e1vno prohl\u00e1sil sudety za na\u0161e spojence. B. Posselt \u201esudeton\u011bmeck\u00e9 ve\u0159ejnosti\u201c sd\u011bluje koncem minul\u00e9ho roku ve V\u00eddni, krom\u011b dal\u0161\u00edho, \u017ee\u00a0<strong>z\u00e1sadn\u00ed je prosadit neplatnost Bene\u0161ov\u00fdch dekret\u016f.\u00a0<\/strong>\u017d\u00e1dn\u00e1 novinka. Snad na ka\u017ed\u00e9m sjezdu SL \u201eBene\u0161ovy dekrety\u201c byly hork\u00fdm t\u00e9matem. Mluv\u00edv\u00e1 se o nich na tzv, Dni vlasti, jak v\u00a0N\u011bmecku, tak v\u00a0Rakousku. Funkcion\u00e1\u0159i i \u010dlenov\u00e9 landsman\u0161aftu je v\u011bt\u0161inov\u011b pova\u017euj\u00ed za jedno z nejd\u016fle\u017eit\u011bj\u0161\u00edch t\u00e9mat. Lze o\u010dek\u00e1vat snad ji\u017e v\u00a0dohledn\u00e9 dob\u011b, dal\u0161\u00ed \u00fastupky vl\u00e1dnouc\u00ed koalice SL. Kam a\u017e tito p\u00e1nov\u00e9 cht\u011bj\u00ed ruku v\u00a0ruce se SL a v\u00a0r\u00e1mci tzv. strategick\u00e9ho dialogu \u010cR a SRN s\u00a0N\u011bmci doj\u00edt. Ji\u017e nyn\u00ed n\u011bkte\u0159\u00ed z\u00a0n\u00e1s mluv\u00ed o tom, \u017ee se st\u00e1v\u00e1me n\u011bmeck\u00fdm protektor\u00e1tem. Ostatn\u011b, co se skr\u00fdv\u00e1 za p\u0159edstavou dr. V. \u0160pidly, \u0161\u00e9fporadce B. Sobotky, o tom, \u010cR se dopracuje na 17. zem\u00ed SRN a on by proti tomu nebyl. V\u00a0r\u00e1mci<\/p>\n<p>\u201esmi\u0159ov\u00e1n\u00ed\u201c se \u201ena\u0161e vl\u00e1dnouc\u00ed elity\u201c st\u00e1le v\u00edce smi\u0159uj\u00ed s\u00a0po\u017eadavky SL a zd\u00e1 se, \u017ee zapom\u00ednaj\u00ed na na\u0161i st\u00e1tnost, na na\u0161e z\u00e1jmy. Z\u0159ejm\u011b jsou i pod tlakem nejen bavorsk\u00e9ho Mnichova, ale tak\u00e9 Berl\u00edna. Kdy\u017e p\u0159ed n\u011bkolika lety na n\u011bkolikahodinov\u00e9 n\u00e1v\u0161t\u011bv\u011b \u010cR \u00a0dlela \u00a0kancl\u00e9\u0159ka A. Merkelov\u00e1 v Praze, na\u0161la si \u010das, aby premi\u00e9ru P. Ne\u010dasovi sd\u011blila z\u00e1jem sudet\u016f na p\u0159\u00edm\u00e9m jedn\u00e1n\u00ed s\u00a0vl\u00e1dou \u010cR.\u00a0 Prost\u0159ednictv\u00edm jej\u00ed kancel\u00e1\u0159e se \u00a0sudeti dozv\u011bd\u011bli, \u017ee\u00a0 takov\u00e9 jedn\u00e1n\u00ed mohou o\u010dek\u00e1vat v\u00a0dohledn\u00e9 dob\u011b. A pak\u00a0 po n\u011bkollka m\u011bs\u00edc\u00edch se vypravil P. Ne\u010das s\u00a0velkou vl\u00e1dn\u00ed delegac\u00ed do bavorsk\u00e9ho Mnichova, aby zde p\u0159ed bavorsk\u00fdm zemsk\u00fdm sn\u011bmem p\u0159ednesl svou podb\u00edzivou \u0159e\u010d, historicky fale\u0161nou, obohacenou v\u0161ak o sliby SL. \u00a0Ti sly\u0161eli, co cht\u011bli sly\u0161et. Ne\u010das sklidil velk\u00fd aplaus. Byla to v\u0161ak jeho labut\u00ed p\u00edse\u0148. V\u00a0nep\u0159\u00edli\u0161 dlouh\u00e9 dob\u011b pot\u00e9, sta\u010dil v\u0161ak je\u0161t\u011b protla\u010dit z\u00e1kon o c\u00edrkevn\u00edch restituc\u00edch, rezignoval s\u00a0celou svou vl\u00e1dou.<\/p>\n<p>O\u010dek\u00e1vali jsme od nov\u00e9 vl\u00e1dy B. Sobotky, \u017ee proces \u201ej\u00edt na ruku\u201c SL p\u0159eru\u0161\u00ed. Brzy jsme se nep\u0159estali divit. V\u0161e jakoby se vracelo do vyjet\u00fdch kolej\u00ed.\u00a0 A op\u011bt jsme se dozv\u011bd\u011bli ze \u201esudeton\u011bmeck\u00fdch zdroj\u016f\u201c, \u017ee nov\u00e1 vl\u00e1da, v\u00a0\u010desko-\u201esudeton\u011bmeck\u00fdch\u201c vztaz\u00edch, \u00a0za\u010dala tam, kde star\u00e1 p\u0159estala. Korunu v\u0161emu pak s\u00e1m B. Sobotka nasadil vyn\u00e1lezem strategick\u00e9ho dialogu mezi \u010cR a SRN. Jaksi zapomn\u011bl, \u017ee nejbli\u017e\u0161\u00edm n\u00e1rodem n\u00e1m byli a jsou Slov\u00e1ci a nikoliv N\u011bmci.<\/p>\n<p>Pozice \u010cR je v\u00a0sou\u010dasnosti\u00a0 zeslabov\u00e1na nejen N\u011bmci, zvl\u00e1\u0161t\u011b pak Bavorskem a SL, ale tak\u00e9 \u010desk\u00fdmi germanofily a sudetofily. V\u00a0sou\u010dasnosti na\u0161i sudetomilov\u00e9\u00a0 veleb\u00ed sudety, jak\u00e9 vst\u0159\u00edcn\u00e9 kroky v\u016f\u010di n\u00e1m d\u011blaj\u00ed, kdy\u017e novelizovali sv\u00e9 stanovy, kde \u00fadajn\u011b vynechali pr\u00e1vo na vlast a na od\u0161kodn\u011bn\u00ed. Pravdou v\u0161ak je, \u017ee posseltovci sice ji\u017e dvakr\u00e1t hlasovali pro uvedenou zm\u011bnu stanov, ale rejst\u0159\u00edkov\u00fd soud\u00a0 registraci novelizovan\u00fdch stanov dosud neprovedl. Tak\u017ee stanovy plat\u00ed v\u00a0p\u016fvodn\u00edm zn\u011bn\u00ed. Takov\u00e9 \u201emali\u010dkosti\u201c B. Sobotka \u010desk\u00e9mu lidu nesd\u011bluje, tak\u017ee ten je i v\u00a0tomto sm\u011bru vystaven ji\u017e dlouhodob\u011b hrub\u011b nepravdiv\u00e9 dezinforma\u010dn\u00ed kampani.<\/p>\n<p>V\u0161ichni v\u0161ak v\u00edme, \u017ee SL m\u00e1 vedle stanov je\u0161t\u011b dal\u0161\u00ed z\u00e1kladn\u00ed dokument, j\u00edm\u017e je jeho program. Pro\u010d se o n\u011bm nemluv\u00ed?\u00a0 Pro\u010d sudeti, kdy\u017e halasn\u011b po cel\u00e9 m\u011bs\u00edce ohla\u0161ovali novelizaci stanov,\u00a0 ne\u0159ekli, \u017ee i program uprav\u00ed. Nikdy o tom, alespo\u0148 pokud v\u00edme, nepadlo ani sl\u016fvko. Ani na\u0161im vl\u00e1dn\u00edm \u010dinitel\u016fm, pro n\u011b\u017e jsou sudeti spojenci, to nevadilo a z\u0159ejm\u011b nevad\u00ed dosud. Ale m\u011blo by! Pod\u00edvejme se n\u011bkter\u00e9 programov\u00e9 c\u00edle SL!<\/p>\n<p>Mus\u00edme v\u0161ak p\u0159edeslat, \u017ee Sudeton\u011bmeck\u00fd program\u00a0 20 bod\u016f je z r. 1961. Ani v\u00a090. letech minul\u00e9ho stolet\u00ed, ani v\u00a0dob\u011b ned\u00e1vn\u00e9 nebyl p\u0159izp\u016fsoben nov\u00e9 situaci. Z\u00a0\u0159ad AG a Seliger-Gemeinde padlo n\u011bkolik zaj\u00edmav\u00fdch rozumn\u00fdch n\u00e1vrh\u016f, ale z\u016fstalo jen u nich. Do programu se nedostaly. Jeho p\u016fvodn\u00ed zn\u011bn\u00ed je tedy st\u00e1le platn\u00e9. Pro informaci uve\u010fme n\u011bkolik jeho bod\u016f nebo jejich \u010d\u00e1st\u00ed.<\/p>\n<p>11. Nejen sudet\u0161t\u00ed N\u011bmci, n\u00fdbr\u017e i n\u011bmeck\u00fd n\u00e1rod vcelku se nikdy nesm\u00ed\u0159\u00ed s\u00a0<strong>vyhn\u00e1n\u00edm sudetsk\u00fdch N\u011bmc\u016f z jejich stalet\u00ed trvaj\u00edc\u00ed vlasti\u2026<\/strong><\/p>\n<p>12. \u2026<strong>nez\u0159ekneme se obnoven\u00ed poru\u0161en\u00e9ho pr\u00e1va a zadostiu\u010din\u011bn\u00ed za \u0161kody zp\u016fsoben\u00e9 vyhn\u00e1n\u00edm<\/strong>.<\/p>\n<p>14. Na\u0161e politick\u00e9 \u00fasil\u00ed se zakl\u00e1d\u00e1 na pr\u00e1vu na domov (&#8222;Heimat&#8220;) a na sebeur\u010dovac\u00edm pr\u00e1vu n\u00e1rod\u016f v r\u00e1mci evropsk\u00e9 integrace, a sice nez\u00e1visIe na sporn\u00e9 mnichovsk\u00e9 dohod\u011b z r. 1938.<\/p>\n<p>15 \u00a0\u2026(pr\u00e1vo na vlast). V na\u0161em p\u0159\u00edpad\u011b t\u00edm rozum\u00edme pr\u00e1vo sudeton\u011bmeck\u00e9 skupiny na n\u00e1vrat do sv\u00e9 vlasti a na neru\u0161en\u00fd \u017eivot pr\u00e1v\u011b zde v souladu s pr\u00e1vem sebeur\u010den\u00ed.<\/p>\n<p>16. Hl\u00e1s\u00edme se k pr\u00e1vu sebeur\u010den\u00ed jako pr\u00e1vu n\u00e1rod\u016f a n\u00e1rodn\u00edch skupin ur\u010dovat si svobodn\u011b sv\u016fj politick\u00fd, hospod\u00e1\u0159sk\u00fd, soci\u00e1ln\u00ed a kulturn\u00ed status.\u00a0<strong>O osudu sudetsk\u00fdch N\u011bmc\u016f a jejich \u00fazem\u00ed m\u016f\u017ee b\u00fdt toti\u017e rozhodov\u00e1no jen s jejich v\u00fdslovn\u00fdm souhlasem.<\/strong><\/p>\n<p><strong>17. M\u00e1me up\u0159\u00edmn\u00e9 p\u0159\u00e1n\u00ed poskytnout \u0159e\u0161en\u00edm sudetsk\u00e9 ot\u00e1zky p\u0159\u00edsp\u011bvek k m\u00edru mezi n\u00e1rody; pova\u017eujeme za evropsk\u00fd \u00fakol p\u0159ekonat n\u011bmecko-\u010desk\u00fd rozpor, kter\u00fd vznikl z nacionalismu 19. stolet\u00ed, a nahradit jej vztahem dobr\u00e9ho p\u0159\u00e1telstv\u00ed. Proto pova\u017eujeme takov\u00e9 \u0159e\u0161en\u00ed jako nejlep\u0161\u00ed, k n\u011bmu\u017e mohou oba n\u00e1rody d\u00e1t souhlas.<\/strong><\/p>\n<p>Realizace v\u00fd\u0161e uveden\u00fdch bod\u016f je ji\u017e na prvn\u00ed pohled v\u00a0rozporu nejen s\u00a0dekrety prezidenta republiky, proto tolik p\u0159ek\u00e1\u017eej\u00ed a proto mus\u00ed b\u00fdt odstran\u011bny, ale p\u0159edev\u0161\u00edm s\u00a0Postupimskou dohodou\u00a0 a s\u00a0Pa\u0159\u00ed\u017eskou repara\u010dn\u00ed \u00famluvou. Nikdy proto nem\u016f\u017eeme souhlasit, pokud budeme h\u00e1jit sv\u00e1 pr\u00e1va a ct\u00edt mezin\u00e1rodn\u00ed pr\u00e1vo, s\u00a0jakoukoliv jejich reviz\u00ed. Vl\u00e1da, kter\u00e1 by na revizionistick\u00e9 po\u017eadavky sudet\u016f p\u0159istoupila, zradila by. A jako se zr\u00e1dcovskou bychom s\u00a0n\u00ed m\u011bli jednat.<\/p>\n<p>Vzhledem k\u00a0tomu, \u017ee jde o mimo\u0159\u00e1dn\u011b d\u016fle\u017eit\u00e9 z\u00e1le\u017eitosti, kter\u00e9 se t\u00fdkaj\u00ed n\u00e1s nejen jako n\u00e1roda, ale i na\u0161\u00ed st\u00e1tnosti v\u00a0sam\u00e9 jej\u00ed podstat\u011b, p\u0159ineseme postupn\u011b n\u011bkolik krat\u0161\u00edch \u010dl\u00e1nk\u016f, kter\u00e9 daj\u00ed do souvislosti programov\u00e9 po\u017eadavky sudet\u016f s\u00a0mezin\u00e1rodn\u00edm pr\u00e1vem.<\/p>\n<p><em><a href=\"https:\/\/ceske-narodni-listy.estranky.cz\/clanky\/prispevky\/mnohem-vice-nez-dekrety-prezidenta-republiky-sudetum-prekazi-dohody-z-postupimi-a-reparacni-umluva-z-parize.html\">J. Skalsk\u00fd<\/a><\/em><\/p>\n<p>&nbsp;<\/p>\n","protected":false},"excerpt":{"rendered":"<p>Sudeti ji\u017e \u0159adu desetilet\u00ed vedou zlobnou a vytrvalou kampa\u0148 proti prezidentu E. Bene\u0161ovi. Nemohou mu&#8230;<\/p>\n","protected":false},"author":2,"featured_media":18397,"comment_status":"closed","ping_status":"closed","sticky":false,"template":"","format":"standard","meta":[],"categories":[6],"tags":[1042,398,5968,429,112],"_links":{"self":[{"href":"https:\/\/www.infokuryr.cz\/n\/wp-json\/wp\/v2\/posts\/104357"}],"collection":[{"href":"https:\/\/www.infokuryr.cz\/n\/wp-json\/wp\/v2\/posts"}],"about":[{"href":"https:\/\/www.infokuryr.cz\/n\/wp-json\/wp\/v2\/types\/post"}],"author":[{"embeddable":true,"href":"https:\/\/www.infokuryr.cz\/n\/wp-json\/wp\/v2\/users\/2"}],"replies":[{"embeddable":true,"href":"https:\/\/www.infokuryr.cz\/n\/wp-json\/wp\/v2\/comments?post=104357"}],"version-history":[{"count":0,"href":"https:\/\/www.infokuryr.cz\/n\/wp-json\/wp\/v2\/posts\/104357\/revisions"}],"wp:featuredmedia":[{"embeddable":true,"href":"https:\/\/www.infokuryr.cz\/n\/wp-json\/wp\/v2\/media\/18397"}],"wp:attachment":[{"href":"https:\/\/www.infokuryr.cz\/n\/wp-json\/wp\/v2\/media?parent=104357"}],"wp:term":[{"taxonomy":"category","embeddable":true,"href":"https:\/\/www.infokuryr.cz\/n\/wp-json\/wp\/v2\/categories?post=104357"},{"taxonomy":"post_tag","embeddable":true,"href":"https:\/\/www.infokuryr.cz\/n\/wp-json\/wp\/v2\/tags?post=104357"}],"curies":[{"name":"wp","href":"https:\/\/api.w.org\/{rel}","templated":true}]}}