{"id":104355,"date":"2026-04-12T00:28:30","date_gmt":"2026-04-11T22:28:30","guid":{"rendered":"https:\/\/www.infokuryr.cz\/n\/?p=104355"},"modified":"2026-04-11T18:18:06","modified_gmt":"2026-04-11T16:18:06","slug":"plany-hromadne-evakuace-deset-evropskych-statu-se-pripravuje-na-velkou-valku","status":"publish","type":"post","link":"https:\/\/www.infokuryr.cz\/n\/2026\/04\/12\/plany-hromadne-evakuace-deset-evropskych-statu-se-pripravuje-na-velkou-valku\/","title":{"rendered":"Pl\u00e1ny hromadn\u00e9 evakuace: Deset evropsk\u00fdch st\u00e1t\u016f se p\u0159ipravuje na velkou v\u00e1lku!"},"content":{"rendered":"<div id=\"fb-root\"><\/div>\n<p><strong><span dir=\"auto\">M\u00edsto sebemen\u0161\u00edho pokusu o zaji\u0161t\u011bn\u00ed m\u00edru na na\u0161em kontinentu diplomatickou cestou se evropsk\u00e1 politick\u00e1 t\u0159\u00edda p\u0159ipravuje na tot\u00e1ln\u00ed zni\u010den\u00ed. Deset zem\u00ed v oblasti Severn\u00edho a Baltsk\u00e9ho mo\u0159e, v\u010detn\u011b samoz\u0159ejm\u011b N\u011bmecka, nyn\u00ed podepsalo dohodu o \u201emasov\u00e9 evakuaci\u201c.<\/span><\/strong><\/p>\n<p><span dir=\"auto\">V\u00e1lkou posedl\u00e1 evropsk\u00e1 politick\u00e1 elita se st\u00e1le v\u00edce zbavuje z\u00e1bran. M\u00edsto aby se Berl\u00edn, Stockholm, Var\u0161ava a sedm dal\u0161\u00edch hlavn\u00edch m\u011bst pokusily o diplomatick\u00e9 \u0159e\u0161en\u00ed ukrajinsk\u00e9ho konfliktu,\u00a0<\/span><a href=\"https:\/\/www.focus.de\/politik\/ausland\/europa-wappnet-sich-fuer-den-ernstfall-10-laender-planen-die-evakuierung-von-millionen-menschen_edc19cc7-85e5-4d97-818e-f6d6537dc35b.html\"><span dir=\"auto\">otev\u0159en\u011b pl\u00e1nuj\u00ed z\u00e1nik zem\u011b<\/span><\/a><span dir=\"auto\">\u00a0. Nov\u00e9 \u201ememorandum\u201c ze severn\u00edch a pobaltsk\u00fdch st\u00e1t\u016f nyn\u00ed upravuje evakuaci milion\u016f evropsk\u00fdch ob\u010dan\u016f. Vzkaz od t\u011bch, kte\u0159\u00ed jsou u moci, n\u00e1m ob\u010dan\u016fm je k\u0159i\u0161\u0165\u00e1lov\u011b jasn\u00fd: V\u011bdom\u011b \u017eeneme tento kontinent do zni\u010duj\u00edc\u00ed v\u00e1lky proti Rusku \u2013 a vy pak budete nuceni uprchnout do katastrofy, kterou jsme zp\u016fsobili, s batohem na 72 hodin.<\/span><\/p>\n<p><span dir=\"auto\">V \u00fanoru \u0160v\u00e9dsko, D\u00e1nsko, N\u011bmecko a Polsko, mimo jin\u00e9, ti\u0161e a tajn\u011b schv\u00e1lily tento dokument. T\u00fdk\u00e1 se hromadn\u00e9ho p\u0159es\u00eddlov\u00e1n\u00ed p\u0159es hranice v p\u0159\u00edpad\u011b \u201enejhor\u0161\u00edho sc\u00e9n\u00e1\u0159e\u201c. Jest\u0159\u00e1bi NATO a brusel\u0161t\u00ed eurokrat\u00e9 ji\u017e dlouho po\u010d\u00edtaj\u00ed s \u00fapln\u00fdm kolapsem evropsk\u00e9ho m\u00edrov\u00e9ho \u0159\u00e1du. Diplomacie a konstruktivn\u00ed rozhovory s Ruskem jsou pro tyto lidi zcela vylou\u010den\u00e9. M\u00edsto toho bezstarostn\u011b nad\u00e1le p\u0159i\u017eivuj\u00ed spir\u00e1lu eskalace st\u00e1le v\u011bt\u0161\u00edmi dod\u00e1vkami zbran\u00ed a hrozbami a z\u00e1rove\u0148 pl\u00e1nuj\u00ed \u00fanikov\u00e9 cesty pro budouc\u00ed ob\u011bti t\u00e9to \u0161\u00edlen\u00e9 politiky.<\/span><\/p>\n<p><span dir=\"auto\">Bezmezn\u00fd cynismus t\u011bchto lid\u00ed je patrn\u00fd v detailech. Chlub\u00ed se t\u00edm, \u017ee v\u011bnuj\u00ed zvl\u00e1\u0161tn\u00ed pozornost \u201ezraniteln\u00fdm skupin\u00e1m\u201c, jako jsou d\u011bti, star\u0161\u00ed lid\u00e9 a ti, kte\u0159\u00ed pot\u0159ebuj\u00ed p\u00e9\u010di. Elity, kter\u00e9 v Evrop\u011b vytv\u00e1\u0159ej\u00ed tuto v\u00e1le\u010dnou atmosf\u00e9ru, se z\u0159ejm\u011b cht\u011bj\u00ed prezentovat jako benevolentn\u00ed spasitel\u00e9, kdy\u017e nech\u00e1vaj\u00ed pacienty v nemocnic\u00edch p\u0159epravovat p\u0159es ho\u0159\u00edc\u00ed Evropu ve speci\u00e1ln\u00edch vozidlech. Zodpov\u011bdn\u00ed politici budou pravd\u011bpodobn\u011b sed\u011bt hluboko ve sv\u00fdch dob\u0159e vybaven\u00fdch vl\u00e1dn\u00edch bunkrech a pop\u00edjet \u0161ampa\u0148sk\u00e9, zat\u00edmco Evropa bude ho\u0159et.<\/span><\/p>\n<p><span dir=\"auto\">Pohled na Polsko ukazuje, jak si p\u0159edstavuj\u00ed ovl\u00e1d\u00e1n\u00ed mas v krizi. Vl\u00e1d\u011b loaj\u00e1ln\u00ed \u00fa\u0159ady tam ji\u017e definuj\u00ed, kter\u00e9 autobusy budou rekv\u00edrov\u00e1ny a kter\u00e1 provizorn\u00ed ubytov\u00e1n\u00ed budou obsazena. P\u0159edev\u0161\u00edm u\u017e vybaluj\u00ed sv\u00e9 totalitn\u00ed n\u00e1stroje: sir\u00e9ny, let\u00e1ky a elektronick\u00e9 zpr\u00e1vy maj\u00ed za c\u00edl uv\u00e9st obyvatelstvo do klidu, aby potla\u010dily \u201ef\u00e1my a c\u00edlenou dezinformaci\u201c. V\u0161ichni v\u00edme, co to znamen\u00e1. Jakmile krize ude\u0159\u00ed, ka\u017ed\u00fd odli\u0161n\u00fd n\u00e1zor, ka\u017ed\u00e1 v\u00fdzva k m\u00edru a ka\u017ed\u00e1 kritika vl\u00e1dn\u00edho postupu bude ozna\u010dena za \u201edezinformaci\u201c a \u201ezradu\u201c. Naprost\u00e1 konformita za naprostou poslu\u0161nost.<\/span><\/p>\n<p><span dir=\"auto\">Pokud by se vl\u00e1dy v N\u011bmecku, Polsku nebo \u0160v\u00e9dsku skute\u010dn\u011b zaj\u00edmaly o blaho sv\u00fdch ob\u010dan\u016f, okam\u017eit\u011b by zm\u011bnily kurz: zastavily by ve\u0161ker\u00e9 v\u00e1le\u010dn\u00e9 \u0161tvan\u00ed, ukon\u010dily by vojenskou eskalaci a okam\u017eit\u011b by podnikly diplomatick\u00e9 m\u00edrov\u00e9 kroky. Ale ne, m\u00edsto toho rad\u00ed obyvatelstvu, aby si sbalilo jen to nejnutn\u011bj\u0161\u00ed na zhruba 72 hodin. 72hodinovou sadu pro p\u0159e\u017eit\u00ed pro pr\u016fm\u011brn\u00e9ho ob\u010dana, kter\u00fd m\u00e1 kv\u016fli geopolitick\u00fdm fantazi\u00edm ciz\u00edch mocnost\u00ed a egu sv\u00fdch vlastn\u00edch politik\u016f p\u0159ij\u00edt o svou vlast.<\/span><\/p>\n<p><span dir=\"auto\">Evropa, kter\u00e1 byla v minul\u00fdch stalet\u00edch tolikr\u00e1t zpusto\u0161ena ni\u010div\u00fdmi v\u00e1lkami, m\u00e1 b\u00fdt z\u0159ejm\u011b znovu srovn\u00e1na se zem\u00ed. Ale k \u010demu jsou takov\u00e9 evakua\u010dn\u00ed pl\u00e1ny nakonec dobr\u00e9, kdy\u017e takov\u00e1 v\u00e1lka proti Rusku povede k pou\u017eit\u00ed taktick\u00fdch jadern\u00fdch raket proti strategick\u00fdm c\u00edl\u016fm v Evrop\u011b? Sedmdes\u00e1t dva hodin letu, jen aby byla stejn\u011b rozdrcena na prach nebo oz\u00e1\u0159ena?<\/span><\/p>\n<p><em><span dir=\"auto\">Koment\u00e1\u0159 <a href=\"https:\/\/report24.news\/massen-evakuierungsplaene-zehn-europaeische-staaten-ruesten-fuer-den-grossen-krieg\/\">Heinze Steinera<\/a><\/span><\/em><\/p>\n<p>&nbsp;<\/p>\n","protected":false},"excerpt":{"rendered":"<p>M\u00edsto sebemen\u0161\u00edho pokusu o zaji\u0161t\u011bn\u00ed m\u00edru na na\u0161em kontinentu diplomatickou cestou se evropsk\u00e1 politick\u00e1 t\u0159\u00edda&#8230;<\/p>\n","protected":false},"author":2,"featured_media":104356,"comment_status":"closed","ping_status":"closed","sticky":false,"template":"","format":"standard","meta":[],"categories":[7],"tags":[283,1503,3769,40],"_links":{"self":[{"href":"https:\/\/www.infokuryr.cz\/n\/wp-json\/wp\/v2\/posts\/104355"}],"collection":[{"href":"https:\/\/www.infokuryr.cz\/n\/wp-json\/wp\/v2\/posts"}],"about":[{"href":"https:\/\/www.infokuryr.cz\/n\/wp-json\/wp\/v2\/types\/post"}],"author":[{"embeddable":true,"href":"https:\/\/www.infokuryr.cz\/n\/wp-json\/wp\/v2\/users\/2"}],"replies":[{"embeddable":true,"href":"https:\/\/www.infokuryr.cz\/n\/wp-json\/wp\/v2\/comments?post=104355"}],"version-history":[{"count":0,"href":"https:\/\/www.infokuryr.cz\/n\/wp-json\/wp\/v2\/posts\/104355\/revisions"}],"wp:featuredmedia":[{"embeddable":true,"href":"https:\/\/www.infokuryr.cz\/n\/wp-json\/wp\/v2\/media\/104356"}],"wp:attachment":[{"href":"https:\/\/www.infokuryr.cz\/n\/wp-json\/wp\/v2\/media?parent=104355"}],"wp:term":[{"taxonomy":"category","embeddable":true,"href":"https:\/\/www.infokuryr.cz\/n\/wp-json\/wp\/v2\/categories?post=104355"},{"taxonomy":"post_tag","embeddable":true,"href":"https:\/\/www.infokuryr.cz\/n\/wp-json\/wp\/v2\/tags?post=104355"}],"curies":[{"name":"wp","href":"https:\/\/api.w.org\/{rel}","templated":true}]}}