{"id":104353,"date":"2026-04-12T00:27:35","date_gmt":"2026-04-11T22:27:35","guid":{"rendered":"https:\/\/www.infokuryr.cz\/n\/?p=104353"},"modified":"2026-04-11T18:16:07","modified_gmt":"2026-04-11T16:16:07","slug":"rekordni-vlna-bankrotu-nejvyssi-pocet-firemnich-insolvenci-od-roku-2005","status":"publish","type":"post","link":"https:\/\/www.infokuryr.cz\/n\/2026\/04\/12\/rekordni-vlna-bankrotu-nejvyssi-pocet-firemnich-insolvenci-od-roku-2005\/","title":{"rendered":"Rekordn\u00ed vlna bankrot\u016f: Nejvy\u0161\u0161\u00ed po\u010det firemn\u00edch insolvenc\u00ed od roku 2005"},"content":{"rendered":"<div id=\"fb-root\"><\/div>\n<p><strong><span dir=\"auto\">V prvn\u00edm \u010dtvrtlet\u00ed se po\u010det bankrot\u016f firem v N\u011bmecku vy\u0161plhal na nejvy\u0161\u0161\u00ed \u00farove\u0148 za t\u00e9m\u011b\u0159 dv\u011b desetilet\u00ed. Mal\u00e9 a st\u0159edn\u00ed podniky (MSP) ve stavebnictv\u00ed a maloobchod\u011b jsou obzvl\u00e1\u0161t\u011b pod obrovsk\u00fdm tlakem. Ekonomi\u010dt\u00ed v\u00fdzkumn\u00edci varuj\u00ed p\u0159ed pokra\u010dov\u00e1n\u00edm tohoto ni\u010div\u00e9ho trendu.<\/span><\/strong><\/p>\n<p><span dir=\"auto\">Nejnov\u011bj\u0161\u00ed data Leibnizova institutu pro ekonomick\u00fd v\u00fdzkum v Halle (IWH)\u00a0<\/span><a href=\"https:\/\/jungefreiheit.de\/wirtschaft\/2026\/firmenpleiten-erreichen-hoechsten-stand-seit-2005\/\"><span dir=\"auto\">vykresluj\u00ed katastrof\u00e1ln\u00ed obraz n\u011bmeck\u00e9 ekonomiky<\/span><\/a><span dir=\"auto\"> . V prvn\u00edch t\u0159ech m\u011bs\u00edc\u00edch leto\u0161n\u00edho roku podalo n\u00e1vrh na insolvenci 4 573 partnerstv\u00ed a korporac\u00ed. Jedn\u00e1 se o historick\u00e9 maximum: sou\u010dasn\u00e1 vlna krach\u016f podnik\u016f nejen\u017ee p\u0159ekra\u010duje ned\u00e1vn\u00e1 o\u010dek\u00e1v\u00e1n\u00ed, ale dokonce p\u0159ekon\u00e1v\u00e1 \u00farovn\u011b zaznamenan\u00e9 b\u011bhem glob\u00e1ln\u00ed finan\u010dn\u00ed krize v roce 2009. Abychom na\u0161li je\u0161t\u011b katastrof\u00e1ln\u011bj\u0161\u00ed \u010d\u00edsla, mus\u00edme se ohl\u00e9dnout t\u00e9m\u011b\u0159 o 20 let zp\u011bt: naposledy byl po\u010det bankrot\u016f spole\u010dnost\u00ed vy\u0161\u0161\u00ed ve t\u0159et\u00edm \u010dtvrtlet\u00ed roku 2005, kdy Feder\u00e1ln\u00ed statistick\u00fd \u00fa\u0159ad zaznamenal 4 771 insolvenc\u00ed.<\/span><\/p>\n<p><span dir=\"auto\">Hospod\u00e1\u0159sk\u00fd pokles se v b\u0159eznu obzvl\u00e1\u0161t\u011b rychle zrychlil. Po\u010det insolvenc\u00ed v minul\u00e9m m\u011bs\u00edci vzrostl o 71 procent nad pr\u016fm\u011br za stejn\u00e9 m\u011bs\u00edce mezi lety 2016 a 2019. Podle \u00fadaj\u016f tento extr\u00e9mn\u00ed n\u00e1r\u016fst obzvl\u00e1\u0161t\u011b tvrd\u011b zasahuje mal\u00e9 podniky, kter\u00e9 tradi\u010dn\u011b tvo\u0159\u00ed p\u00e1te\u0159 n\u011bmeck\u00e9 ekonomiky. Jsou to tak\u00e9 firmy, kter\u00e9 \u0161kol\u00ed u\u010dn\u011b \u2013 a tedy budouc\u00ed kvalifikovan\u00e9 pracovn\u00edky.<\/span><\/p>\n<p><span dir=\"auto\">Nejni\u010div\u011bj\u0161\u00ed dopady trp\u00ed stavebnictv\u00ed a maloobchod \u2013 tato odv\u011btv\u00ed se ji\u017e pot\u00fdkaj\u00ed s vysok\u00fdmi \u00farokov\u00fdmi sazbami, rostouc\u00edmi stavebn\u00edmi n\u00e1klady a masivn\u00ed neochotou spot\u0159ebitel\u016f utr\u00e1cet. Region\u00e1ln\u011b se hospod\u00e1\u0159sk\u00fd pokles soust\u0159ed\u00ed v hlavn\u00edch pr\u016fmyslov\u00fdch centrech zem\u011b: Bavorsko, B\u00e1densko-W\u00fcrttembersko a Severn\u00ed Por\u00fdn\u00ed-Vestf\u00e1lsko za\u017e\u00edvaj\u00ed nejsiln\u011bj\u0161\u00ed n\u00e1r\u016fst insolvenc\u00ed.<\/span><\/p>\n<p><span dir=\"auto\">P\u0159esto\u017ee kv\u016fli fragmentovan\u00e9 struktu\u0159e insolven\u010dn\u00edch spole\u010dnost\u00ed bylo v b\u0159eznu m\u00e9n\u011b zam\u011bstnanc\u016f ohro\u017eeno ztr\u00e1tou zam\u011bstn\u00e1n\u00ed ne\u017e v \u00fanoru nebo ve stejn\u00e9m m\u011bs\u00edci lo\u0148sk\u00e9ho roku, uvoln\u011bn\u00ed kritick\u00e9 situace se v bl\u00edzk\u00e9 budoucnosti ne\u010dek\u00e1. Halle Institute for Economic Research (IWH) m\u00edrn\u00ed ve\u0161ker\u00e9 nad\u011bje na rychl\u00e9 o\u017eiven\u00ed. P\u0159edstihov\u00e9 ukazatele ekonomick\u00fdch v\u00fdzkumn\u00edk\u016f i nad\u00e1le poukazuj\u00ed na trvale vysokou m\u00edru selh\u00e1n\u00ed v n\u011bmeck\u00e9 ekonomice. Steffen M\u00fcller, vedouc\u00ed v\u00fdzkumu insolvence v IWH, nab\u00eddl neradostnou progn\u00f3zu pro nadch\u00e1zej\u00edc\u00ed m\u011bs\u00edce: \u201eJe mo\u017en\u00e9, \u017ee se budou opakovat velmi vysok\u00e1 \u010d\u00edsla z b\u0159ezna.\u201c Masivn\u00ed klesaj\u00edc\u00ed trend N\u011bmecka jako\u017eto lokality pro podnik\u00e1n\u00ed se tak st\u00e1le v\u00edce upev\u0148uje.<\/span><\/p>\n<p><span dir=\"auto\">Finan\u010dn\u00ed \u0161kody zp\u016fsoben\u00e9 lety lockdownu, energetick\u00e1 krize od eskalace na Ukrajin\u011b, katastrof\u00e1ln\u00ed energetick\u00e1 transformace (v\u010detn\u011b exploduj\u00edc\u00edch cen energi\u00ed a neust\u00e1le rostouc\u00edch byrokratick\u00fdch po\u017eadavk\u016f) a neust\u00e1le rostouc\u00ed da\u0148ov\u00e1 a poplatkov\u00e1 z\u00e1t\u011b\u017e zanech\u00e1vaj\u00ed sv\u00e9 ni\u010div\u00e9 stopy. V N\u011bmecku se ji\u017e nejedn\u00e1 o aktivn\u00ed utv\u00e1\u0159en\u00ed budoucnosti, ale pouze o \u0159\u00edzen\u00ed ekonomick\u00e9 b\u00eddy.<\/span><\/p>\n<p><img decoding=\"async\" loading=\"lazy\" class=\"alignnone size-full wp-image-1185\" src=\"http:\/\/www.infokuryr.cz\/n\/wp-content\/uploads\/2021\/04\/kuryr-podpis.png\" alt=\"\" width=\"84\" height=\"24\" \/><\/p>\n<p>&nbsp;<\/p>\n","protected":false},"excerpt":{"rendered":"<p>V prvn\u00edm \u010dtvrtlet\u00ed se po\u010det bankrot\u016f firem v N\u011bmecku vy\u0161plhal na nejvy\u0161\u0161\u00ed \u00farove\u0148 za t\u00e9m\u011b\u0159&#8230;<\/p>\n","protected":false},"author":2,"featured_media":104354,"comment_status":"closed","ping_status":"closed","sticky":false,"template":"","format":"standard","meta":[],"categories":[7],"tags":[6674,59,371,84],"_links":{"self":[{"href":"https:\/\/www.infokuryr.cz\/n\/wp-json\/wp\/v2\/posts\/104353"}],"collection":[{"href":"https:\/\/www.infokuryr.cz\/n\/wp-json\/wp\/v2\/posts"}],"about":[{"href":"https:\/\/www.infokuryr.cz\/n\/wp-json\/wp\/v2\/types\/post"}],"author":[{"embeddable":true,"href":"https:\/\/www.infokuryr.cz\/n\/wp-json\/wp\/v2\/users\/2"}],"replies":[{"embeddable":true,"href":"https:\/\/www.infokuryr.cz\/n\/wp-json\/wp\/v2\/comments?post=104353"}],"version-history":[{"count":0,"href":"https:\/\/www.infokuryr.cz\/n\/wp-json\/wp\/v2\/posts\/104353\/revisions"}],"wp:featuredmedia":[{"embeddable":true,"href":"https:\/\/www.infokuryr.cz\/n\/wp-json\/wp\/v2\/media\/104354"}],"wp:attachment":[{"href":"https:\/\/www.infokuryr.cz\/n\/wp-json\/wp\/v2\/media?parent=104353"}],"wp:term":[{"taxonomy":"category","embeddable":true,"href":"https:\/\/www.infokuryr.cz\/n\/wp-json\/wp\/v2\/categories?post=104353"},{"taxonomy":"post_tag","embeddable":true,"href":"https:\/\/www.infokuryr.cz\/n\/wp-json\/wp\/v2\/tags?post=104353"}],"curies":[{"name":"wp","href":"https:\/\/api.w.org\/{rel}","templated":true}]}}