{"id":104351,"date":"2026-04-12T00:26:09","date_gmt":"2026-04-11T22:26:09","guid":{"rendered":"https:\/\/www.infokuryr.cz\/n\/?p=104351"},"modified":"2026-04-11T18:14:11","modified_gmt":"2026-04-11T16:14:11","slug":"utok-na-transalpsky-ropovod-privedl-jizni-nemecko-na-pokraj-nedostatku-paliva","status":"publish","type":"post","link":"https:\/\/www.infokuryr.cz\/n\/2026\/04\/12\/utok-na-transalpsky-ropovod-privedl-jizni-nemecko-na-pokraj-nedostatku-paliva\/","title":{"rendered":"\u00datok na Transalpsk\u00fd ropovod p\u0159ivedl ji\u017en\u00ed N\u011bmecko na pokraj nedostatku paliva"},"content":{"rendered":"<div id=\"fb-root\"><\/div>\n<p><strong><span dir=\"auto\">C\u00edlen\u00fd sabot\u00e1\u017en\u00ed akt v severn\u00ed It\u00e1lii na konci b\u0159ezna na n\u011bkolik dn\u00ed paralyzoval dod\u00e1vky ropy do velk\u00fdch \u010d\u00e1st\u00ed ji\u017en\u00edho N\u011bmecka. Po t\u0159i dny u\u017e p\u0159es Alpy do N\u011bmecka neteklo \u017e\u00e1dn\u00e9 \u010dern\u00e9 zlato. \u00dapln\u00e9mu zastaven\u00ed v\u00fdroby benzinu a nafty zabr\u00e1nily pouze st\u00e1vaj\u00edc\u00ed m\u00edstn\u00ed rezervy.<\/span><\/strong><\/p>\n<p><span dir=\"auto\">Bez m\u00edstn\u00edch rezerv by pravd\u011bpodobn\u011b na konci b\u0159ezna nebo za\u010d\u00e1tkem dubna do\u0161lo k probl\u00e9m\u016fm se z\u00e1sobov\u00e1n\u00edm \u010derpac\u00edch stanic v ji\u017en\u00edm N\u011bmecku. D\u016fvodem bylo, \u017ee Transalpsk\u00fd ropovod (TAL) se stal ter\u010dem\u00a0<\/span><a href=\"https:\/\/www.politico.eu\/article\/attack-oil-pipeline-italy-threatened-fuel-supplies-across-southern-germany\/\"><span dir=\"auto\">sabot\u00e1\u017en\u00edho \u00fatoku<\/span><\/a><span dir=\"auto\"> . Po t\u0159i dny neproudila p\u0159es Alpy \u017e\u00e1dn\u00e1 ropa do rafineri\u00ed BayernOil v Neustadtu a Vohburgu, stejn\u011b jako do rafinerie Miro pobl\u00ed\u017e Karlsruhe. Ta je nejv\u011bt\u0161\u00ed rafineri\u00ed v N\u011bmecku a pokr\u00fdv\u00e1 p\u0159ibli\u017en\u011b 45 procent prim\u00e1rn\u00edch energetick\u00fdch pot\u0159eb B\u00e1denska-W\u00fcrttemberska.<\/span><\/p>\n<figure class=\"wp-block-embed is-type-rich is-provider-twitter wp-block-embed-twitter\">\n<div class=\"wp-block-embed__wrapper\">\n<div class=\"twitter-tweet twitter-tweet-rendered\"><iframe id=\"twitter-widget-0\" class=\"\" title=\"X P\u0159\u00edsp\u011bvek\" src=\"https:\/\/platform.twitter.com\/embed\/Tweet.html?dnt=true&amp;embedId=twitter-widget-0&amp;features=eyJ0ZndfdGltZWxpbmVfbGlzdCI6eyJidWNrZXQiOltdLCJ2ZXJzaW9uIjpudWxsfSwidGZ3X2ZvbGxvd2VyX2NvdW50X3N1bnNldCI6eyJidWNrZXQiOnRydWUsInZlcnNpb24iOm51bGx9LCJ0ZndfdHdlZXRfZWRpdF9iYWNrZW5kIjp7ImJ1Y2tldCI6Im9uIiwidmVyc2lvbiI6bnVsbH0sInRmd19yZWZzcmNfc2Vzc2lvbiI6eyJidWNrZXQiOiJvbiIsInZlcnNpb24iOm51bGx9LCJ0ZndfZm9zbnJfc29mdF9pbnRlcnZlbnRpb25zX2VuYWJsZWQiOnsiYnVja2V0Ijoib24iLCJ2ZXJzaW9uIjpudWxsfSwidGZ3X21peGVkX21lZGlhXzE1ODk3Ijp7ImJ1Y2tldCI6InRyZWF0bWVudCIsInZlcnNpb24iOm51bGx9LCJ0ZndfZXhwZXJpbWVudHNfY29va2llX2V4cGlyYXRpb24iOnsiYnVja2V0IjoxMjA5NjAwLCJ2ZXJzaW9uIjpudWxsfSwidGZ3X3Nob3dfYmlyZHdhdGNoX3Bpdm90c19lbmFibGVkIjp7ImJ1Y2tldCI6Im9uIiwidmVyc2lvbiI6bnVsbH0sInRmd19kdXBsaWNhdGVfc2NyaWJlc190b19zZXR0aW5ncyI6eyJidWNrZXQiOiJvbiIsInZlcnNpb24iOm51bGx9LCJ0ZndfdXNlX3Byb2ZpbGVfaW1hZ2Vfc2hhcGVfZW5hYmxlZCI6eyJidWNrZXQiOiJvbiIsInZlcnNpb24iOm51bGx9LCJ0ZndfdmlkZW9faGxzX2R5bmFtaWNfbWFuaWZlc3RzXzE1MDgyIjp7ImJ1Y2tldCI6InRydWVfYml0cmF0ZSIsInZlcnNpb24iOm51bGx9LCJ0ZndfbGVnYWN5X3RpbWVsaW5lX3N1bnNldCI6eyJidWNrZXQiOnRydWUsInZlcnNpb24iOm51bGx9LCJ0ZndfdHdlZXRfZWRpdF9mcm9udGVuZCI6eyJidWNrZXQiOiJvbiIsInZlcnNpb24iOm51bGx9fQ%3D%3D&amp;frame=false&amp;hideCard=false&amp;hideThread=false&amp;id=2042637091310346693&amp;lang=cs&amp;origin=https%3A%2F%2Freport24.news%2Fanschlag-auf-transalpine-pipeline-brachte-sueddeutschland-an-den-rand-des-treibstoff-notstands%2F&amp;sessionId=7890a58a2caf1a217fa5b2561c98d65f8515ceb0&amp;theme=light&amp;widgetsVersion=2615f7e52b7e0%3A1702314776716&amp;width=550px\" frameborder=\"0\" scrolling=\"no\" allowfullscreen=\"allowfullscreen\" data-tweet-id=\"2042637091310346693\" data-mce-fragment=\"1\"><\/iframe><\/div>\n<\/div>\n<\/figure>\n<p><span dir=\"auto\">Podle zpr\u00e1v z m\u00e9di\u00ed nezn\u00e1m\u00e9 osoby zni\u010dily nap\u00e1jen\u00ed d\u016fle\u017eit\u00e9 \u010derpac\u00ed stanice pobl\u00ed\u017e italsk\u00e9 alpsk\u00e9 obce Terzo di Tolmezzo. M\u00edstn\u00ed policejn\u00ed stanice v Tolmezzu potvrdila po\u0161kozen\u00ed elektrick\u00e9ho sloupu a vy\u0161et\u0159ov\u00e1n\u00ed prov\u00e1d\u00ed policejn\u00ed \u0159editelstv\u00ed v Udine. V pohotovosti jsou tak\u00e9 n\u011bmeck\u00e9 \u00fa\u0159ady: Feder\u00e1ln\u00ed \u00fa\u0159ad krimin\u00e1ln\u00ed policie (BKA) je v \u00fazk\u00e9m kontaktu s italsk\u00fdmi \u00fa\u0159ady. Mimo jin\u00e9 vy\u0161et\u0159uj\u00ed, zda byl \u00fatok politicky motivovan\u00fd.<\/span><\/p>\n<figure class=\"wp-block-embed is-type-rich is-provider-twitter wp-block-embed-twitter\">\n<div class=\"wp-block-embed__wrapper\">\n<div class=\"twitter-tweet twitter-tweet-rendered\"><iframe id=\"twitter-widget-1\" class=\"\" title=\"X P\u0159\u00edsp\u011bvek\" src=\"https:\/\/platform.twitter.com\/embed\/Tweet.html?dnt=true&amp;embedId=twitter-widget-1&amp;features=eyJ0ZndfdGltZWxpbmVfbGlzdCI6eyJidWNrZXQiOltdLCJ2ZXJzaW9uIjpudWxsfSwidGZ3X2ZvbGxvd2VyX2NvdW50X3N1bnNldCI6eyJidWNrZXQiOnRydWUsInZlcnNpb24iOm51bGx9LCJ0ZndfdHdlZXRfZWRpdF9iYWNrZW5kIjp7ImJ1Y2tldCI6Im9uIiwidmVyc2lvbiI6bnVsbH0sInRmd19yZWZzcmNfc2Vzc2lvbiI6eyJidWNrZXQiOiJvbiIsInZlcnNpb24iOm51bGx9LCJ0ZndfZm9zbnJfc29mdF9pbnRlcnZlbnRpb25zX2VuYWJsZWQiOnsiYnVja2V0Ijoib24iLCJ2ZXJzaW9uIjpudWxsfSwidGZ3X21peGVkX21lZGlhXzE1ODk3Ijp7ImJ1Y2tldCI6InRyZWF0bWVudCIsInZlcnNpb24iOm51bGx9LCJ0ZndfZXhwZXJpbWVudHNfY29va2llX2V4cGlyYXRpb24iOnsiYnVja2V0IjoxMjA5NjAwLCJ2ZXJzaW9uIjpudWxsfSwidGZ3X3Nob3dfYmlyZHdhdGNoX3Bpdm90c19lbmFibGVkIjp7ImJ1Y2tldCI6Im9uIiwidmVyc2lvbiI6bnVsbH0sInRmd19kdXBsaWNhdGVfc2NyaWJlc190b19zZXR0aW5ncyI6eyJidWNrZXQiOiJvbiIsInZlcnNpb24iOm51bGx9LCJ0ZndfdXNlX3Byb2ZpbGVfaW1hZ2Vfc2hhcGVfZW5hYmxlZCI6eyJidWNrZXQiOiJvbiIsInZlcnNpb24iOm51bGx9LCJ0ZndfdmlkZW9faGxzX2R5bmFtaWNfbWFuaWZlc3RzXzE1MDgyIjp7ImJ1Y2tldCI6InRydWVfYml0cmF0ZSIsInZlcnNpb24iOm51bGx9LCJ0ZndfbGVnYWN5X3RpbWVsaW5lX3N1bnNldCI6eyJidWNrZXQiOnRydWUsInZlcnNpb24iOm51bGx9LCJ0ZndfdHdlZXRfZWRpdF9mcm9udGVuZCI6eyJidWNrZXQiOiJvbiIsInZlcnNpb24iOm51bGx9fQ%3D%3D&amp;frame=false&amp;hideCard=false&amp;hideThread=false&amp;id=2042878636374495478&amp;lang=cs&amp;origin=https%3A%2F%2Freport24.news%2Fanschlag-auf-transalpine-pipeline-brachte-sueddeutschland-an-den-rand-des-treibstoff-notstands%2F&amp;sessionId=7890a58a2caf1a217fa5b2561c98d65f8515ceb0&amp;theme=light&amp;widgetsVersion=2615f7e52b7e0%3A1702314776716&amp;width=550px\" frameborder=\"0\" scrolling=\"no\" allowfullscreen=\"allowfullscreen\" data-tweet-id=\"2042878636374495478\" data-mce-fragment=\"1\"><\/iframe><\/div>\n<\/div>\n<\/figure>\n<p><span dir=\"auto\">Vzhledem k tomu, \u017ee N\u011bmecko ji\u017e dov\u00e1\u017e\u00ed zhruba 36 procent sv\u00e9 pot\u0159ebn\u00e9 motorov\u00e9 nafty, proto\u017ee jeho rafinerie nemaj\u00ed dostate\u010dnou kapacitu, je tento akt sabot\u00e1\u017ee varovn\u00fdm v\u00fdst\u0159elem. Stejn\u011b jako \u00fatoky na dod\u00e1vky energie v Berl\u00edn\u011b a dal\u0161\u00edch \u010d\u00e1stech N\u011bmecka, sabot\u00e1\u017e ropovodu Dru\u017eba na Ukrajin\u011b a pokus o bombardov\u00e1n\u00ed ropovodu TurkStream v Srbsku to jasn\u011b ukazuje, \u017ee komplexn\u00ed ochrana kritick\u00e9 energetick\u00e9 infrastruktury v Evrop\u011b je nezbytn\u00e1.<\/span><\/p>\n<p><span dir=\"auto\">P\u0159esto\u017ee pachatel\u00e9 tohoto \u00fatoku jsou st\u00e1le nezn\u00e1m\u00ed, existuj\u00ed ji\u017e teorie. Krom\u011b ukrajinsk\u00fdch sil by za n\u011bj mohli b\u00fdt zodpov\u011bdn\u00ed i radik\u00e1ln\u00ed klimati\u010dt\u00ed aktivist\u00e9. Druh\u00e1 mo\u017enost je v\u0161ak pravd\u011bpodobn\u011bj\u0161\u00ed, zejm\u00e9na proto, \u017ee \u00fatok byl zam\u011b\u0159en na dod\u00e1vky energie, nikoli na samotn\u00e9 dod\u00e1vky ropy. Ropovod, kter\u00fd vede z jadransk\u00e9ho p\u0159\u00edstavu Terst do Rakouska a ji\u017en\u00edho N\u011bmecka a denn\u011b dod\u00e1v\u00e1 v\u00edce ne\u017e 100 000 tun ropy na sever, je snadn\u00fdm c\u00edlem pro extremisty v\u0161eho druhu.<\/span><\/p>\n<p><img decoding=\"async\" loading=\"lazy\" class=\"alignnone size-full wp-image-1185\" src=\"http:\/\/www.infokuryr.cz\/n\/wp-content\/uploads\/2021\/04\/kuryr-podpis.png\" alt=\"\" width=\"84\" height=\"24\" \/><\/p>\n<p>&nbsp;<\/p>\n","protected":false},"excerpt":{"rendered":"<p>C\u00edlen\u00fd sabot\u00e1\u017en\u00ed akt v severn\u00ed It\u00e1lii na konci b\u0159ezna na n\u011bkolik dn\u00ed paralyzoval dod\u00e1vky ropy&#8230;<\/p>\n","protected":false},"author":2,"featured_media":104352,"comment_status":"closed","ping_status":"closed","sticky":false,"template":"","format":"standard","meta":[],"categories":[7],"tags":[10867,3008,3128],"_links":{"self":[{"href":"https:\/\/www.infokuryr.cz\/n\/wp-json\/wp\/v2\/posts\/104351"}],"collection":[{"href":"https:\/\/www.infokuryr.cz\/n\/wp-json\/wp\/v2\/posts"}],"about":[{"href":"https:\/\/www.infokuryr.cz\/n\/wp-json\/wp\/v2\/types\/post"}],"author":[{"embeddable":true,"href":"https:\/\/www.infokuryr.cz\/n\/wp-json\/wp\/v2\/users\/2"}],"replies":[{"embeddable":true,"href":"https:\/\/www.infokuryr.cz\/n\/wp-json\/wp\/v2\/comments?post=104351"}],"version-history":[{"count":0,"href":"https:\/\/www.infokuryr.cz\/n\/wp-json\/wp\/v2\/posts\/104351\/revisions"}],"wp:featuredmedia":[{"embeddable":true,"href":"https:\/\/www.infokuryr.cz\/n\/wp-json\/wp\/v2\/media\/104352"}],"wp:attachment":[{"href":"https:\/\/www.infokuryr.cz\/n\/wp-json\/wp\/v2\/media?parent=104351"}],"wp:term":[{"taxonomy":"category","embeddable":true,"href":"https:\/\/www.infokuryr.cz\/n\/wp-json\/wp\/v2\/categories?post=104351"},{"taxonomy":"post_tag","embeddable":true,"href":"https:\/\/www.infokuryr.cz\/n\/wp-json\/wp\/v2\/tags?post=104351"}],"curies":[{"name":"wp","href":"https:\/\/api.w.org\/{rel}","templated":true}]}}