{"id":104348,"date":"2026-04-12T05:32:56","date_gmt":"2026-04-12T03:32:56","guid":{"rendered":"https:\/\/www.infokuryr.cz\/n\/?p=104348"},"modified":"2026-04-12T05:35:52","modified_gmt":"2026-04-12T03:35:52","slug":"pojdte-a-prijmete-svetlo-v-jeruzaleme-se-na-dnesni-pravoslavne-velikonoce-opet-odehral-zazrak","status":"publish","type":"post","link":"https:\/\/www.infokuryr.cz\/n\/2026\/04\/12\/pojdte-a-prijmete-svetlo-v-jeruzaleme-se-na-dnesni-pravoslavne-velikonoce-opet-odehral-zazrak\/","title":{"rendered":"\u201ePoj\u010fte a p\u0159ijm\u011bte sv\u011btlo\u201c \u2013 V Jeruzal\u00e9m\u011b se na dne\u0161n\u00ed pravoslavn\u00e9 Velikonoce op\u011bt odehr\u00e1l z\u00e1zrak"},"content":{"rendered":"<div id=\"fb-root\"><\/div>\n<p><span dir=\"auto\">S v\u00fdrazn\u011b ni\u017e\u0161\u00edm po\u010dtem poutn\u00edk\u016f ne\u017e obvykle \u2013 p\u0159ipom\u00ednaj\u00edc\u00edm obdob\u00ed COVID-19 \u2013 a za siln\u00e9 policejn\u00ed p\u0159\u00edtomnosti se v sobotu v chr\u00e1mu Bo\u017e\u00edho hrobu v Jeruzal\u00e9m\u011b konal ob\u0159ad Svat\u00e9ho ohn\u011b kv\u016fli prob\u00edhaj\u00edc\u00ed v\u00e1lce v regionu v posledn\u00edch dvou m\u011bs\u00edc\u00edch.<\/span><\/p>\n<p><span dir=\"auto\">Jeruzal\u00e9msk\u00fd patriarcha Theofilos III. vy\u0161el z kostela se zap\u00e1len\u00fdmi pochodn\u011bmi a 33 sv\u00ed\u010dkami, rozd\u00e1val Svat\u00fd ohe\u0148 p\u0159\u00edtomn\u00fdm v\u011b\u0159\u00edc\u00edm a sd\u011bloval poselstv\u00ed nad\u011bje a vzk\u0159\u00ed\u0161en\u00ed.<\/span><\/p>\n<p><strong>Tento z\u00e1zrak sestoupen\u00ed svat\u00e9ho ohn\u011b se odehr\u00e1v\u00e1 pouze na pravoslavn\u00e9 Velikono\u010dn\u00ed sv\u00e1tky, kter\u00e9 v tomto roce p\u0159ipadly na tento v\u00edkend.<\/strong><\/p>\n<p><iframe loading=\"lazy\" src=\"https:\/\/www.facebook.com\/plugins\/post.php?href=https%3A%2F%2Fwww.facebook.com%2FJerusalemPatriarchate%2Fposts%2Fpfbid0svgSxKmxAPdsFzK71TyzzYewH8N15U8aMoWYZcZAMWYYPnvTZjxkNcALCwBBBLSul&amp;show_text=true&amp;width=500\" width=\"500\" height=\"533\" frameborder=\"0\" scrolling=\"no\" allowfullscreen=\"allowfullscreen\" data-mce-fragment=\"1\"><\/iframe><\/p>\n<p><iframe loading=\"lazy\" src=\"https:\/\/www.facebook.com\/plugins\/video.php?height=314&amp;href=https%3A%2F%2Fwww.facebook.com%2Freel%2F1275961544499023%2F&amp;show_text=false&amp;width=560&amp;t=0\" width=\"560\" height=\"314\" frameborder=\"0\" scrolling=\"no\" allowfullscreen=\"allowfullscreen\" data-mce-fragment=\"1\"><\/iframe><\/p>\n<div class=\"jeg_video_container jeg_video_content\"><iframe loading=\"lazy\" title=\"\ud83d\udd34 \u017dIV\u011a \ud83d\udd25 MINUNEA Primirii SFINTEI LUMINI \ud83d\udccd Sf\u00e2ntul Morm\u00e2nt, IERUSALIM 2026 || SVAT\u00dd OHE\u0147 JERUZALIM\" src=\"https:\/\/www.youtube.com\/embed\/KVHK3KdQtJU?feature=oembed\" width=\"500\" height=\"375\" frameborder=\"0\" allowfullscreen=\"allowfullscreen\" data-mce-fragment=\"1\"><\/iframe><\/div>\n<p><img decoding=\"async\" loading=\"lazy\" class=\"wp-image-186234 aligncenter\" src=\"https:\/\/orthodoxtimes.com\/wp-content\/uploads\/2026\/04\/holy-light-11.png\" sizes=\"(max-width: 1024px) 100vw, 1024px\" srcset=\"https:\/\/orthodoxtimes.com\/wp-content\/uploads\/2026\/04\/holy-light-11.png 1024w, https:\/\/orthodoxtimes.com\/wp-content\/uploads\/2026\/04\/holy-light-11-300x150.png 300w, https:\/\/orthodoxtimes.com\/wp-content\/uploads\/2026\/04\/holy-light-11-768x383.png 768w, https:\/\/orthodoxtimes.com\/wp-content\/uploads\/2026\/04\/holy-light-11-360x180.png 360w, https:\/\/orthodoxtimes.com\/wp-content\/uploads\/2026\/04\/holy-light-11-750x374.png 750w\" alt=\"\" width=\"1002\" height=\"500\" data-pin-no-hover=\"true\" \/><img decoding=\"async\" loading=\"lazy\" class=\" wp-image-186235 aligncenter\" src=\"https:\/\/orthodoxtimes.com\/wp-content\/uploads\/2026\/04\/holy-light-12.png\" sizes=\"(max-width: 1024px) 100vw, 1024px\" srcset=\"https:\/\/orthodoxtimes.com\/wp-content\/uploads\/2026\/04\/holy-light-12.png 1024w, https:\/\/orthodoxtimes.com\/wp-content\/uploads\/2026\/04\/holy-light-12-300x140.png 300w, https:\/\/orthodoxtimes.com\/wp-content\/uploads\/2026\/04\/holy-light-12-768x358.png 768w, https:\/\/orthodoxtimes.com\/wp-content\/uploads\/2026\/04\/holy-light-12-750x349.png 750w\" alt=\"\" width=\"988\" height=\"460\" data-pin-no-hover=\"true\" \/><img decoding=\"async\" loading=\"lazy\" class=\" wp-image-186236 aligncenter\" src=\"https:\/\/orthodoxtimes.com\/wp-content\/uploads\/2026\/04\/holy-light-20.png\" sizes=\"(max-width: 1024px) 100vw, 1024px\" srcset=\"https:\/\/orthodoxtimes.com\/wp-content\/uploads\/2026\/04\/holy-light-20.png 1024w, https:\/\/orthodoxtimes.com\/wp-content\/uploads\/2026\/04\/holy-light-20-300x150.png 300w, https:\/\/orthodoxtimes.com\/wp-content\/uploads\/2026\/04\/holy-light-20-768x385.png 768w, https:\/\/orthodoxtimes.com\/wp-content\/uploads\/2026\/04\/holy-light-20-360x180.png 360w, https:\/\/orthodoxtimes.com\/wp-content\/uploads\/2026\/04\/holy-light-20-750x376.png 750w\" alt=\"\" width=\"986\" height=\"494\" data-pin-no-hover=\"true\" \/><span dir=\"auto\">O dva dny d\u0159\u00edve znovu otev\u0159el chr\u00e1m Bo\u017e\u00edho hrobu sv\u00e9 br\u00e1ny po 40 dnech uzav\u0159en\u00ed, b\u011bhem nich\u017e z\u016fstal zav\u0159en\u00fd kv\u016fli omezuj\u00edc\u00edm opat\u0159en\u00edm zaveden\u00fdm uprost\u0159ed konfliktu.<\/span><\/p>\n<p><span dir=\"auto\">Tento v\u00fdvoj n\u00e1sledoval po revizi sm\u011brnic pro m\u00edsta bohoslu\u017eeb v Jeruzal\u00e9m\u011b izraelskou polici\u00ed.<\/span><\/p>\n<p><span dir=\"auto\">V ofici\u00e1ln\u00edm prohl\u00e1\u0161en\u00ed izraelsk\u00e1 policie ozn\u00e1mila, \u017ee po zm\u011bn\u00e1ch obrann\u00e9 politiky a aktualizovan\u00fdch sm\u011brnic Velitelstv\u00ed dom\u00e1c\u00ed fronty izraelsk\u00e9 arm\u00e1dy se v d\u016fsledku p\u0159\u00edm\u011b\u0159\u00ed s \u00cdr\u00e1nem znovu otev\u0159ela ve\u0159ejnosti svat\u00e1 m\u00edsta v Jeruzal\u00e9m\u011b, a to jak pro n\u00e1v\u0161t\u011bvy, tak pro modlitby.<\/span><\/p>\n<p><span dir=\"auto\">Pat\u0159\u00ed mezi n\u011b Ze\u010f n\u00e1\u0159k\u016f, Chr\u00e1m Bo\u017e\u00edho hrobu a Chr\u00e1mov\u00e1 hora. \u00da\u0159ady uvedly, \u017ee vzhledem k o\u010dek\u00e1van\u00e9mu n\u00e1r\u016fstu n\u00e1v\u0161t\u011bvnosti na\u0159\u00eddil velitel jeruzal\u00e9msk\u00e9ho obvodu zv\u00fd\u0161enou opera\u010dn\u00ed pohotovost. V d\u016fsledku toho byly po cel\u00e9m m\u011bst\u011b rozm\u00edst\u011bny stovky policist\u016f, pohrani\u010dn\u00edk\u016f a dobrovoln\u00edk\u016f, kte\u0159\u00ed dohl\u00ed\u017eej\u00ed na hlavn\u00ed silnice, Star\u00e9 M\u011bsto a svat\u00e1 m\u00edsta.<\/span><\/p>\n<p><span dir=\"auto\">Podle stejn\u00e9ho ozn\u00e1men\u00ed je hlavn\u00edm c\u00edlem zajistit bezpe\u010dn\u00fd p\u0159\u00edstup pro v\u011b\u0159\u00edc\u00ed a n\u00e1v\u0161t\u011bvn\u00edky a z\u00e1rove\u0148 chr\u00e1nit svobodu vyzn\u00e1n\u00ed a udr\u017eovat p\u0159\u00edsn\u00fd ve\u0159ejn\u00fd po\u0159\u00e1dek a bezpe\u010dnost.<\/span><\/p>\n<p><span dir=\"auto\">P\u0159ipom\u00edn\u00e1 se, \u017ee podle p\u0159edchoz\u00edho rozhodnut\u00ed je b\u011bhem ob\u0159adu uvnit\u0159 chr\u00e1mu povolen pouze patriarcha a 15 \u010dlen\u016f Bratrstva Bo\u017e\u00edho hrobu. Byla tak\u00e9 zaji\u0161t\u011bna p\u0159\u00edtomnost n\u00e1m\u011bstka ministra zahrani\u010d\u00ed, kter\u00fd p\u0159ijme Svat\u00fd ohe\u0148 a bude jej p\u0159epraven do \u0158ecka.<\/span><\/p>\n<div class=\"jeg_video_container jeg_video_content\"><iframe loading=\"lazy\" title=\"\u03a4\u0395\u039b\u0395\u03a4\u0397 \u0391\u03a6\u0397\u03a3 \u0391\u0393\u0399\u039f\u03a5 \u03a6\u03a9\u03a4\u039f\u03a3 2026 | \u0399\u03b5\u03c1\u03bf\u03c3\u03cc\u03bb\u03c5\u03bc\u03b1 | Jeruzal\u00e9msk\u00fd ob\u0159ad svat\u00e9ho ohn\u011b | Velikonoce 2026\" src=\"https:\/\/www.youtube.com\/embed\/R7mW5hu5wLY?feature=oembed\" width=\"500\" height=\"281\" frameborder=\"0\" allowfullscreen=\"allowfullscreen\" data-mce-fragment=\"1\"><\/iframe><\/div>\n<p><img decoding=\"async\" loading=\"lazy\" class=\"aligncenter wp-image-583801\" src=\"https:\/\/www.orthodoxtimes.gr\/wp-content\/uploads\/2026\/04\/agios_fos_ierosolyma_2026-1.jpg\" alt=\"\" width=\"983\" height=\"425\" data-pin-no-hover=\"true\" \/><\/p>\n<p><img decoding=\"async\" loading=\"lazy\" class=\"aligncenter wp-image-583802\" src=\"https:\/\/www.orthodoxtimes.gr\/wp-content\/uploads\/2026\/04\/agios_fos_ierosolyma_2026-2.jpg\" alt=\"\" width=\"987\" height=\"417\" data-pin-no-hover=\"true\" \/><\/p>\n<p><img decoding=\"async\" loading=\"lazy\" class=\"aligncenter wp-image-583803\" src=\"https:\/\/www.orthodoxtimes.gr\/wp-content\/uploads\/2026\/04\/agios_fos_ierosolyma_2026-3.jpg\" alt=\"\" width=\"1001\" height=\"650\" data-pin-no-hover=\"true\" \/><\/p>\n<p><img decoding=\"async\" loading=\"lazy\" class=\"aligncenter wp-image-583808\" src=\"https:\/\/www.orthodoxtimes.gr\/wp-content\/uploads\/2026\/04\/agios_fos_ierosolyma_2026-8.jpg\" alt=\"\" width=\"914\" height=\"389\" data-pin-no-hover=\"true\" \/><\/p>\n<p><img decoding=\"async\" loading=\"lazy\" class=\"aligncenter wp-image-583807\" src=\"https:\/\/www.orthodoxtimes.gr\/wp-content\/uploads\/2026\/04\/agios_fos_ierosolyma_2026-7.jpg\" alt=\"\" width=\"911\" height=\"391\" data-pin-no-hover=\"true\" \/><\/p>\n<p><img decoding=\"async\" loading=\"lazy\" class=\"aligncenter wp-image-583806\" src=\"https:\/\/www.orthodoxtimes.gr\/wp-content\/uploads\/2026\/04\/agios_fos_ierosolyma_2026-6.jpg\" alt=\"\" width=\"937\" height=\"471\" data-pin-no-hover=\"true\" \/><\/p>\n<p><img decoding=\"async\" loading=\"lazy\" class=\"aligncenter wp-image-583800\" src=\"https:\/\/www.orthodoxtimes.gr\/wp-content\/uploads\/2026\/04\/agios_fos_ierosolyma_2026-9.jpg\" alt=\"\" width=\"935\" height=\"463\" data-pin-no-hover=\"true\" \/><\/p>\n<p><img decoding=\"async\" loading=\"lazy\" class=\"alignnone size-full wp-image-1185\" src=\"http:\/\/www.infokuryr.cz\/n\/wp-content\/uploads\/2021\/04\/kuryr-podpis.png\" alt=\"\" width=\"84\" height=\"24\" \/><\/p>\n<p>&nbsp;<\/p>\n","protected":false},"excerpt":{"rendered":"<p>S v\u00fdrazn\u011b ni\u017e\u0161\u00edm po\u010dtem poutn\u00edk\u016f ne\u017e obvykle \u2013 p\u0159ipom\u00ednaj\u00edc\u00edm obdob\u00ed COVID-19 \u2013 a za siln\u00e9&#8230;<\/p>\n","protected":false},"author":2,"featured_media":104349,"comment_status":"closed","ping_status":"closed","sticky":false,"template":"","format":"standard","meta":[],"categories":[7],"tags":[2210,250,7241,2272],"_links":{"self":[{"href":"https:\/\/www.infokuryr.cz\/n\/wp-json\/wp\/v2\/posts\/104348"}],"collection":[{"href":"https:\/\/www.infokuryr.cz\/n\/wp-json\/wp\/v2\/posts"}],"about":[{"href":"https:\/\/www.infokuryr.cz\/n\/wp-json\/wp\/v2\/types\/post"}],"author":[{"embeddable":true,"href":"https:\/\/www.infokuryr.cz\/n\/wp-json\/wp\/v2\/users\/2"}],"replies":[{"embeddable":true,"href":"https:\/\/www.infokuryr.cz\/n\/wp-json\/wp\/v2\/comments?post=104348"}],"version-history":[{"count":1,"href":"https:\/\/www.infokuryr.cz\/n\/wp-json\/wp\/v2\/posts\/104348\/revisions"}],"predecessor-version":[{"id":104350,"href":"https:\/\/www.infokuryr.cz\/n\/wp-json\/wp\/v2\/posts\/104348\/revisions\/104350"}],"wp:featuredmedia":[{"embeddable":true,"href":"https:\/\/www.infokuryr.cz\/n\/wp-json\/wp\/v2\/media\/104349"}],"wp:attachment":[{"href":"https:\/\/www.infokuryr.cz\/n\/wp-json\/wp\/v2\/media?parent=104348"}],"wp:term":[{"taxonomy":"category","embeddable":true,"href":"https:\/\/www.infokuryr.cz\/n\/wp-json\/wp\/v2\/categories?post=104348"},{"taxonomy":"post_tag","embeddable":true,"href":"https:\/\/www.infokuryr.cz\/n\/wp-json\/wp\/v2\/tags?post=104348"}],"curies":[{"name":"wp","href":"https:\/\/api.w.org\/{rel}","templated":true}]}}